{"id":3096,"date":"2022-07-17T12:04:42","date_gmt":"2022-07-17T15:04:42","guid":{"rendered":"https:\/\/nahuelproducciones.com.ar\/radioquijano\/?p=3096"},"modified":"2022-07-17T12:04:43","modified_gmt":"2022-07-17T15:04:43","slug":"planifican-acciones-a-fin-de-disminuir-delitos-en-el-valle-de-lerma","status":"publish","type":"post","link":"https:\/\/nahuelproducciones.com.ar\/radioquijano\/planifican-acciones-a-fin-de-disminuir-delitos-en-el-valle-de-lerma\/","title":{"rendered":"Planifican acciones a fin de disminuir delitos en el Valle de Lerma."},"content":{"rendered":"\n<p><em style=\"\"><b>Del encuentro participaron la Fiscal\u00eda Penal de Rosario de Lerma, jefes policiales y GIS82 del Valle de Lerma. Se <\/b><\/em><strong><em>llevar\u00e1n adelante tareas de prevenci\u00f3n y acci\u00f3n en base al an\u00e1lisis de los hechos delictivos.<\/em><\/strong><\/p>\n\n\n\n<p>Este viernes tuvo lugar una reuni\u00f3n de trabajo en la que intervino el&nbsp;<strong>fiscal penal de Rosario de Lerma, Daniel Escalante,<\/strong>&nbsp;en representaci\u00f3n del&nbsp;<strong>Ministerio P\u00fablico Fiscal,<\/strong>&nbsp;junto a autoridades policiales, con el fin de coordinar tareas, tendientes a disminuir diferentes delitos que se producen en la zona del Valle de Lerma.<\/p>\n\n\n\n<p>En la oportunidad se abord\u00f3 la forma de articulaci\u00f3n de trabajo entre la Fiscal\u00eda, las dependencias policiales y el Grupo Investigativo Sector 82, se analiz\u00f3 la cuadr\u00edcula de hechos delictivos, se estudi\u00f3 el perfil de los delincuentes y acusados y su \u201cmodus operandi\u201d.<\/p>\n\n\n\n<p>El fiscal Escalante, junto a los representantes de las dependencias de la zona, se aboc\u00f3 adem\u00e1s, a la planificaci\u00f3n y diagramaci\u00f3n de diferentes operativos, tanto de prevenci\u00f3n como de acci\u00f3n, que logren contrarrestar futuros hechos delictivos.<\/p>\n\n\n\n<p>Estuvieron presentes en el encuentro de trabajo, el coordinador, comisario Mayor Ramiro Santos Corimayo, junto a los jefes del sector; la comisar\u00eda. insp. Hilda Urmilla; el comisario. insp. Jos\u00e9 Luis L\u00f3pez; el comisario H\u00e9ctor Figueroa; el comisario Rodrigo Correa; el sub comisario David Castillo; el oficial principal Jes\u00fas Tapia y la oficial principal Lorena Canedo.<\/p>\n\n\n\n<p>Fuente: MINISTERIO P\u00daBLICO FISCAL DE SALTA<\/p>\n\n\n\n<p><a href=\"https:\/\/nahuelproducciones.com.ar\/index.php\/rq999\" target=\"_blank\" rel=\"noreferrer noopener\">#RQ99.9Mhz<\/a>\u00a0<a href=\"https:\/\/nahuelproducciones.com.ar\/\" target=\"_blank\" rel=\"noreferrer noopener\">#CAMPOQUIJANO<\/a>\u00a0<a href=\"http:\/\/nahuelproducciones.com.ar\/radioquijano\/\" target=\"_blank\" rel=\"noreferrer noopener\">#RadioQuijano<\/a><\/p>\n","protected":false},"excerpt":{"rendered":"<p>Del encuentro participaron la Fiscal\u00eda Penal de Rosario de Lerma, jefes policiales y GIS82 del Valle de Lerma. Se llevar\u00e1n adelante tareas de prevenci\u00f3n y acci\u00f3n en base al an\u00e1lisis de los hechos delictivos. Este viernes tuvo lugar una reuni\u00f3n de trabajo en la que intervino el&nbsp;fiscal penal de Rosario de Lerma, Daniel Escalante,&nbsp;en representaci\u00f3n [&hellip;]<\/p>\n","protected":false},"author":8,"featured_media":3097,"comment_status":"open","ping_status":"open","sticky":false,"template":"","format":"standard","meta":{"_monsterinsights_skip_tracking":false,"_monsterinsights_sitenote_active":false,"_monsterinsights_sitenote_note":"","_monsterinsights_sitenote_category":0,"footnotes":""},"categories":[16],"tags":[568,71,405],"class_list":["post-3096","post","type-post","status-publish","format-standard","has-post-thumbnail","hentry","category-noticias","tag-fiscalia-penal-de-rosario-de-lerma","tag-municipalidad-de-campo-quijano","tag-valle-de-lerma"],"yoast_head":"<!-- This site is optimized with the Yoast SEO plugin v20.8 - https:\/\/yoast.com\/wordpress\/plugins\/seo\/ -->\n<title>Planifican acciones a fin de disminuir delitos en el Valle de Lerma. - RQ 99.9<\/title>\n<meta name=\"description\" content=\"Se llevar\u00e1n adelante tareas de prevenci\u00f3n y acci\u00f3n en base al an\u00e1lisis de los hechos delictivos.\" \/>\n<meta name=\"robots\" content=\"index, follow, max-snippet:-1, max-image-preview:large, max-video-preview:-1\" \/>\n<link rel=\"canonical\" href=\"https:\/\/nahuelproducciones.com.ar\/radioquijano\/planifican-acciones-a-fin-de-disminuir-delitos-en-el-valle-de-lerma\/\" \/>\n<meta property=\"og:locale\" content=\"es_ES\" \/>\n<meta property=\"og:type\" content=\"article\" \/>\n<meta property=\"og:title\" content=\"Planifican acciones a fin de disminuir delitos en el Valle de Lerma. - RQ 99.9\" \/>\n<meta property=\"og:description\" content=\"Se llevar\u00e1n adelante tareas de prevenci\u00f3n y acci\u00f3n en base al an\u00e1lisis de los hechos delictivos.\" \/>\n<meta property=\"og:url\" content=\"https:\/\/nahuelproducciones.com.ar\/radioquijano\/planifican-acciones-a-fin-de-disminuir-delitos-en-el-valle-de-lerma\/\" \/>\n<meta property=\"og:site_name\" content=\"RQ 99.9\" \/>\n<meta property=\"article:publisher\" content=\"https:\/\/www.facebook.com\/nahuelproducciones999\/\" \/>\n<meta property=\"article:published_time\" content=\"2022-07-17T15:04:42+00:00\" \/>\n<meta property=\"article:modified_time\" content=\"2022-07-17T15:04:43+00:00\" \/>\n<meta property=\"og:image\" content=\"https:\/\/nahuelproducciones.com.ar\/radioquijano\/wp-content\/uploads\/2022\/07\/seguridad-en-valle-de-lermA.jpeg\" \/>\n\t<meta property=\"og:image:width\" content=\"570\" \/>\n\t<meta property=\"og:image:height\" content=\"463\" \/>\n\t<meta property=\"og:image:type\" content=\"image\/jpeg\" \/>\n<meta name=\"author\" content=\"Cecilia Pastrana\" \/>\n<meta name=\"twitter:card\" content=\"summary_large_image\" \/>\n<meta name=\"twitter:creator\" content=\"@nahuproduciones\" \/>\n<meta name=\"twitter:site\" content=\"@nahuproduciones\" \/>\n<meta name=\"twitter:label1\" content=\"Escrito por\" \/>\n\t<meta name=\"twitter:data1\" content=\"Cecilia Pastrana\" \/>\n\t<meta name=\"twitter:label2\" content=\"Tiempo de lectura\" \/>\n\t<meta name=\"twitter:data2\" content=\"2 minutos\" \/>\n<script type=\"application\/ld+json\" class=\"yoast-schema-graph\">{\"@context\":\"https:\/\/schema.org\",\"@graph\":[{\"@type\":\"WebPage\",\"@id\":\"https:\/\/nahuelproducciones.com.ar\/radioquijano\/planifican-acciones-a-fin-de-disminuir-delitos-en-el-valle-de-lerma\/\",\"url\":\"https:\/\/nahuelproducciones.com.ar\/radioquijano\/planifican-acciones-a-fin-de-disminuir-delitos-en-el-valle-de-lerma\/\",\"name\":\"Planifican acciones a fin de disminuir delitos en el Valle de Lerma. - RQ 99.9\",\"isPartOf\":{\"@id\":\"https:\/\/nahuelproducciones.com.ar\/radioquijano\/#website\"},\"datePublished\":\"2022-07-17T15:04:42+00:00\",\"dateModified\":\"2022-07-17T15:04:43+00:00\",\"author\":{\"@id\":\"https:\/\/nahuelproducciones.com.ar\/radioquijano\/#\/schema\/person\/e8a4f939e2cb487fe6d0c54042c9d32c\"},\"description\":\"Se llevar\u00e1n adelante tareas de prevenci\u00f3n y acci\u00f3n en base al an\u00e1lisis de los hechos delictivos.\",\"breadcrumb\":{\"@id\":\"https:\/\/nahuelproducciones.com.ar\/radioquijano\/planifican-acciones-a-fin-de-disminuir-delitos-en-el-valle-de-lerma\/#breadcrumb\"},\"inLanguage\":\"es\",\"potentialAction\":[{\"@type\":\"ReadAction\",\"target\":[\"https:\/\/nahuelproducciones.com.ar\/radioquijano\/planifican-acciones-a-fin-de-disminuir-delitos-en-el-valle-de-lerma\/\"]}]},{\"@type\":\"BreadcrumbList\",\"@id\":\"https:\/\/nahuelproducciones.com.ar\/radioquijano\/planifican-acciones-a-fin-de-disminuir-delitos-en-el-valle-de-lerma\/#breadcrumb\",\"itemListElement\":[{\"@type\":\"ListItem\",\"position\":1,\"name\":\"Portada\",\"item\":\"https:\/\/nahuelproducciones.com.ar\/radioquijano\/\"},{\"@type\":\"ListItem\",\"position\":2,\"name\":\"Planifican acciones a fin de disminuir delitos en el Valle de Lerma.\"}]},{\"@type\":\"WebSite\",\"@id\":\"https:\/\/nahuelproducciones.com.ar\/radioquijano\/#website\",\"url\":\"https:\/\/nahuelproducciones.com.ar\/radioquijano\/\",\"name\":\"RQ 99.9\",\"description\":\"Radio Quijano 99.9 MHz\",\"potentialAction\":[{\"@type\":\"SearchAction\",\"target\":{\"@type\":\"EntryPoint\",\"urlTemplate\":\"https:\/\/nahuelproducciones.com.ar\/radioquijano\/?s={search_term_string}\"},\"query-input\":\"required name=search_term_string\"}],\"inLanguage\":\"es\"},{\"@type\":\"Person\",\"@id\":\"https:\/\/nahuelproducciones.com.ar\/radioquijano\/#\/schema\/person\/e8a4f939e2cb487fe6d0c54042c9d32c\",\"name\":\"Cecilia Pastrana\",\"image\":{\"@type\":\"ImageObject\",\"inLanguage\":\"es\",\"@id\":\"https:\/\/nahuelproducciones.com.ar\/radioquijano\/#\/schema\/person\/image\/\",\"url\":\"https:\/\/secure.gravatar.com\/avatar\/661a3ef63a8488d4f2794ed44af8cf71420f7e106f3072c40125114df5157749?s=96&d=mm&r=g\",\"contentUrl\":\"https:\/\/secure.gravatar.com\/avatar\/661a3ef63a8488d4f2794ed44af8cf71420f7e106f3072c40125114df5157749?s=96&d=mm&r=g\",\"caption\":\"Cecilia Pastrana\"},\"sameAs\":[\"cecy\"],\"url\":\"https:\/\/nahuelproducciones.com.ar\/radioquijano\/author\/cecy\/\"}]}<\/script>\n<!-- \/ Yoast SEO plugin. -->","yoast_head_json":{"title":"Planifican acciones a fin de disminuir delitos en el Valle de Lerma. - RQ 99.9","description":"Se llevar\u00e1n adelante tareas de prevenci\u00f3n y acci\u00f3n en base al an\u00e1lisis de los hechos delictivos.","robots":{"index":"index","follow":"follow","max-snippet":"max-snippet:-1","max-image-preview":"max-image-preview:large","max-video-preview":"max-video-preview:-1"},"canonical":"https:\/\/nahuelproducciones.com.ar\/radioquijano\/planifican-acciones-a-fin-de-disminuir-delitos-en-el-valle-de-lerma\/","og_locale":"es_ES","og_type":"article","og_title":"Planifican acciones a fin de disminuir delitos en el Valle de Lerma. - RQ 99.9","og_description":"Se llevar\u00e1n adelante tareas de prevenci\u00f3n y acci\u00f3n en base al an\u00e1lisis de los hechos delictivos.","og_url":"https:\/\/nahuelproducciones.com.ar\/radioquijano\/planifican-acciones-a-fin-de-disminuir-delitos-en-el-valle-de-lerma\/","og_site_name":"RQ 99.9","article_publisher":"https:\/\/www.facebook.com\/nahuelproducciones999\/","article_published_time":"2022-07-17T15:04:42+00:00","article_modified_time":"2022-07-17T15:04:43+00:00","og_image":[{"width":570,"height":463,"url":"https:\/\/nahuelproducciones.com.ar\/radioquijano\/wp-content\/uploads\/2022\/07\/seguridad-en-valle-de-lermA.jpeg","type":"image\/jpeg"}],"author":"Cecilia Pastrana","twitter_card":"summary_large_image","twitter_creator":"@nahuproduciones","twitter_site":"@nahuproduciones","twitter_misc":{"Escrito por":"Cecilia Pastrana","Tiempo de lectura":"2 minutos"},"schema":{"@context":"https:\/\/schema.org","@graph":[{"@type":"WebPage","@id":"https:\/\/nahuelproducciones.com.ar\/radioquijano\/planifican-acciones-a-fin-de-disminuir-delitos-en-el-valle-de-lerma\/","url":"https:\/\/nahuelproducciones.com.ar\/radioquijano\/planifican-acciones-a-fin-de-disminuir-delitos-en-el-valle-de-lerma\/","name":"Planifican acciones a fin de disminuir delitos en el Valle de Lerma. - RQ 99.9","isPartOf":{"@id":"https:\/\/nahuelproducciones.com.ar\/radioquijano\/#website"},"datePublished":"2022-07-17T15:04:42+00:00","dateModified":"2022-07-17T15:04:43+00:00","author":{"@id":"https:\/\/nahuelproducciones.com.ar\/radioquijano\/#\/schema\/person\/e8a4f939e2cb487fe6d0c54042c9d32c"},"description":"Se llevar\u00e1n adelante tareas de prevenci\u00f3n y acci\u00f3n en base al an\u00e1lisis de los hechos delictivos.","breadcrumb":{"@id":"https:\/\/nahuelproducciones.com.ar\/radioquijano\/planifican-acciones-a-fin-de-disminuir-delitos-en-el-valle-de-lerma\/#breadcrumb"},"inLanguage":"es","potentialAction":[{"@type":"ReadAction","target":["https:\/\/nahuelproducciones.com.ar\/radioquijano\/planifican-acciones-a-fin-de-disminuir-delitos-en-el-valle-de-lerma\/"]}]},{"@type":"BreadcrumbList","@id":"https:\/\/nahuelproducciones.com.ar\/radioquijano\/planifican-acciones-a-fin-de-disminuir-delitos-en-el-valle-de-lerma\/#breadcrumb","itemListElement":[{"@type":"ListItem","position":1,"name":"Portada","item":"https:\/\/nahuelproducciones.com.ar\/radioquijano\/"},{"@type":"ListItem","position":2,"name":"Planifican acciones a fin de disminuir delitos en el Valle de Lerma."}]},{"@type":"WebSite","@id":"https:\/\/nahuelproducciones.com.ar\/radioquijano\/#website","url":"https:\/\/nahuelproducciones.com.ar\/radioquijano\/","name":"RQ 99.9","description":"Radio Quijano 99.9 MHz","potentialAction":[{"@type":"SearchAction","target":{"@type":"EntryPoint","urlTemplate":"https:\/\/nahuelproducciones.com.ar\/radioquijano\/?s={search_term_string}"},"query-input":"required name=search_term_string"}],"inLanguage":"es"},{"@type":"Person","@id":"https:\/\/nahuelproducciones.com.ar\/radioquijano\/#\/schema\/person\/e8a4f939e2cb487fe6d0c54042c9d32c","name":"Cecilia Pastrana","image":{"@type":"ImageObject","inLanguage":"es","@id":"https:\/\/nahuelproducciones.com.ar\/radioquijano\/#\/schema\/person\/image\/","url":"https:\/\/secure.gravatar.com\/avatar\/661a3ef63a8488d4f2794ed44af8cf71420f7e106f3072c40125114df5157749?s=96&d=mm&r=g","contentUrl":"https:\/\/secure.gravatar.com\/avatar\/661a3ef63a8488d4f2794ed44af8cf71420f7e106f3072c40125114df5157749?s=96&d=mm&r=g","caption":"Cecilia Pastrana"},"sameAs":["cecy"],"url":"https:\/\/nahuelproducciones.com.ar\/radioquijano\/author\/cecy\/"}]}},"_links":{"self":[{"href":"https:\/\/nahuelproducciones.com.ar\/radioquijano\/wp-json\/wp\/v2\/posts\/3096","targetHints":{"allow":["GET"]}}],"collection":[{"href":"https:\/\/nahuelproducciones.com.ar\/radioquijano\/wp-json\/wp\/v2\/posts"}],"about":[{"href":"https:\/\/nahuelproducciones.com.ar\/radioquijano\/wp-json\/wp\/v2\/types\/post"}],"author":[{"embeddable":true,"href":"https:\/\/nahuelproducciones.com.ar\/radioquijano\/wp-json\/wp\/v2\/users\/8"}],"replies":[{"embeddable":true,"href":"https:\/\/nahuelproducciones.com.ar\/radioquijano\/wp-json\/wp\/v2\/comments?post=3096"}],"version-history":[{"count":1,"href":"https:\/\/nahuelproducciones.com.ar\/radioquijano\/wp-json\/wp\/v2\/posts\/3096\/revisions"}],"predecessor-version":[{"id":3098,"href":"https:\/\/nahuelproducciones.com.ar\/radioquijano\/wp-json\/wp\/v2\/posts\/3096\/revisions\/3098"}],"wp:featuredmedia":[{"embeddable":true,"href":"https:\/\/nahuelproducciones.com.ar\/radioquijano\/wp-json\/wp\/v2\/media\/3097"}],"wp:attachment":[{"href":"https:\/\/nahuelproducciones.com.ar\/radioquijano\/wp-json\/wp\/v2\/media?parent=3096"}],"wp:term":[{"taxonomy":"category","embeddable":true,"href":"https:\/\/nahuelproducciones.com.ar\/radioquijano\/wp-json\/wp\/v2\/categories?post=3096"},{"taxonomy":"post_tag","embeddable":true,"href":"https:\/\/nahuelproducciones.com.ar\/radioquijano\/wp-json\/wp\/v2\/tags?post=3096"}],"curies":[{"name":"wp","href":"https:\/\/api.w.org\/{rel}","templated":true}]}}