{"id":3107,"date":"2022-07-18T08:46:01","date_gmt":"2022-07-18T11:46:01","guid":{"rendered":"https:\/\/nahuelproducciones.com.ar\/radioquijano\/?p=3107"},"modified":"2022-07-18T08:46:02","modified_gmt":"2022-07-18T11:46:02","slug":"hoy-la-amt-convoca-a-una-audiencia-publica-para-una-readecuacion-tarifaria-del-servicio-brindado-por-saeta-s-a","status":"publish","type":"post","link":"https:\/\/nahuelproducciones.com.ar\/radioquijano\/hoy-la-amt-convoca-a-una-audiencia-publica-para-una-readecuacion-tarifaria-del-servicio-brindado-por-saeta-s-a\/","title":{"rendered":"Hoy la AMT convoca a una audiencia p\u00fablica para una readecuaci\u00f3n tarifaria del servicio brindado por Saeta S.A."},"content":{"rendered":"\n<p>La Autoridad Metropolitana de Transporte (AMT) convoca a una Audiencia P\u00fablica con el objeto de dar tratamiento a la propuesta presentada por SAETA S.A., respecto de la&nbsp;<strong>readecuaci\u00f3n del Cuadro Tarifario del Servicio de Transporte Masivo de la Regi\u00f3n Metropolitana de Salta.<\/strong><\/p>\n\n\n\n<blockquote class=\"wp-block-quote is-layout-flow wp-block-quote-is-layout-flow\"><p>La audiencia p\u00fablica tendr\u00e1 lugar hoy lunes a partir de las 8, en el Sindicato del Cuero, sito en calle Bernardino Rivadavia N\u00ba 375, del municipio de Rosario de Lerma.<\/p><cite>SAETA fundament\u00f3 la readecuaci\u00f3n tarifaria en el<strong>\u00a0aumento salarial<\/strong>, en el que consideran habr\u00e1 una variaci\u00f3n del 50% hasta agosto; el costo del gasoil que tuvo una variaci\u00f3n de enero a junio del 87,53%, que se suma a su escasez; y al aumento de los repuestos y automotores.<br><br>Se\u00f1alan que los subsidios nacionales se mantienen sin suba, lo que implica que el Gobierno provincial debe hacerse cargo del 60% del sistema de transporte. Por \u00faltimo, en el escrito que elevaron a la Autoridad Metropolitana del Transporte (AMT) manifestaron que mantendr\u00e1n la\u00a0<strong>gratuidad a estudiantes y jubilados.\u00a0<\/strong><br><br>Cabe recordar que este aumento ser\u00e1 el segundo del a\u00f1o, pues ya en enero pasado hubo una suba del 28%, que elev\u00f3 el valor del viaje en Salta de $32 a los actuales $41.\u00a0<\/cite><\/blockquote>\n\n\n\n<p><a href=\"https:\/\/nahuelproducciones.com.ar\/index.php\/rq999\" target=\"_blank\" rel=\"noreferrer noopener\">#RQ99.9Mhz<\/a>\u00a0<a href=\"https:\/\/nahuelproducciones.com.ar\/\" target=\"_blank\" rel=\"noreferrer noopener\">#CAMPOQUIJANO<\/a>\u00a0<a href=\"http:\/\/nahuelproducciones.com.ar\/radioquijano\/\" target=\"_blank\" rel=\"noreferrer noopener\">#RadioQuijano<\/a><\/p>\n","protected":false},"excerpt":{"rendered":"<p>La Autoridad Metropolitana de Transporte (AMT) convoca a una Audiencia P\u00fablica con el objeto de dar tratamiento a la propuesta presentada por SAETA S.A., respecto de la&nbsp;readecuaci\u00f3n del Cuadro Tarifario del Servicio de Transporte Masivo de la Regi\u00f3n Metropolitana de Salta. La audiencia p\u00fablica tendr\u00e1 lugar hoy lunes a partir de las 8, en el [&hellip;]<\/p>\n","protected":false},"author":8,"featured_media":3108,"comment_status":"open","ping_status":"open","sticky":false,"template":"","format":"standard","meta":{"_monsterinsights_skip_tracking":false,"_monsterinsights_sitenote_active":false,"_monsterinsights_sitenote_note":"","_monsterinsights_sitenote_category":0,"footnotes":""},"categories":[16],"tags":[573,570,571,71,572,404,28],"class_list":["post-3107","post","type-post","status-publish","format-standard","has-post-thumbnail","hentry","category-noticias","tag-amt","tag-audiencias","tag-aumento-del-boleto","tag-municipalidad-de-campo-quijano","tag-municipio-rosario-de-lerma","tag-saeta","tag-salta"],"yoast_head":"<!-- This site is optimized with the Yoast SEO plugin v20.8 - https:\/\/yoast.com\/wordpress\/plugins\/seo\/ -->\n<title>Hoy la AMT convoca a una audiencia p\u00fablica para una readecuaci\u00f3n tarifaria del servicio brindado por Saeta S.A. - RQ 99.9<\/title>\n<meta name=\"description\" content=\"La audiencia p\u00fablica tendr\u00e1 lugar hoy lunes a partir de las 8, en el Sindicato del Cuero, sito en calle Bernardino Rivadavia N\u00ba 375, del municipio de Rosario de Lerma.\" \/>\n<meta name=\"robots\" content=\"index, follow, max-snippet:-1, max-image-preview:large, max-video-preview:-1\" \/>\n<link rel=\"canonical\" href=\"https:\/\/nahuelproducciones.com.ar\/radioquijano\/hoy-la-amt-convoca-a-una-audiencia-publica-para-una-readecuacion-tarifaria-del-servicio-brindado-por-saeta-s-a\/\" \/>\n<meta property=\"og:locale\" content=\"es_ES\" \/>\n<meta property=\"og:type\" content=\"article\" \/>\n<meta property=\"og:title\" content=\"Hoy la AMT convoca a una audiencia p\u00fablica para una readecuaci\u00f3n tarifaria del servicio brindado por Saeta S.A. - RQ 99.9\" \/>\n<meta property=\"og:description\" content=\"La audiencia p\u00fablica tendr\u00e1 lugar hoy lunes a partir de las 8, en el Sindicato del Cuero, sito en calle Bernardino Rivadavia N\u00ba 375, del municipio de Rosario de Lerma.\" \/>\n<meta property=\"og:url\" content=\"https:\/\/nahuelproducciones.com.ar\/radioquijano\/hoy-la-amt-convoca-a-una-audiencia-publica-para-una-readecuacion-tarifaria-del-servicio-brindado-por-saeta-s-a\/\" \/>\n<meta property=\"og:site_name\" content=\"RQ 99.9\" \/>\n<meta property=\"article:publisher\" content=\"https:\/\/www.facebook.com\/nahuelproducciones999\/\" \/>\n<meta property=\"article:published_time\" content=\"2022-07-18T11:46:01+00:00\" \/>\n<meta property=\"article:modified_time\" content=\"2022-07-18T11:46:02+00:00\" \/>\n<meta property=\"og:image\" content=\"https:\/\/nahuelproducciones.com.ar\/radioquijano\/wp-content\/uploads\/2022\/07\/aumentode-colectivos.jpg\" \/>\n\t<meta property=\"og:image:width\" content=\"528\" \/>\n\t<meta property=\"og:image:height\" content=\"342\" \/>\n\t<meta property=\"og:image:type\" content=\"image\/jpeg\" \/>\n<meta name=\"author\" content=\"Cecilia Pastrana\" \/>\n<meta name=\"twitter:card\" content=\"summary_large_image\" \/>\n<meta name=\"twitter:creator\" content=\"@nahuproduciones\" \/>\n<meta name=\"twitter:site\" content=\"@nahuproduciones\" \/>\n<meta name=\"twitter:label1\" content=\"Escrito por\" \/>\n\t<meta name=\"twitter:data1\" content=\"Cecilia Pastrana\" \/>\n\t<meta name=\"twitter:label2\" content=\"Tiempo de lectura\" \/>\n\t<meta name=\"twitter:data2\" content=\"1 minuto\" \/>\n<script type=\"application\/ld+json\" class=\"yoast-schema-graph\">{\"@context\":\"https:\/\/schema.org\",\"@graph\":[{\"@type\":\"WebPage\",\"@id\":\"https:\/\/nahuelproducciones.com.ar\/radioquijano\/hoy-la-amt-convoca-a-una-audiencia-publica-para-una-readecuacion-tarifaria-del-servicio-brindado-por-saeta-s-a\/\",\"url\":\"https:\/\/nahuelproducciones.com.ar\/radioquijano\/hoy-la-amt-convoca-a-una-audiencia-publica-para-una-readecuacion-tarifaria-del-servicio-brindado-por-saeta-s-a\/\",\"name\":\"Hoy la AMT convoca a una audiencia p\u00fablica para una readecuaci\u00f3n tarifaria del servicio brindado por Saeta S.A. - RQ 99.9\",\"isPartOf\":{\"@id\":\"https:\/\/nahuelproducciones.com.ar\/radioquijano\/#website\"},\"datePublished\":\"2022-07-18T11:46:01+00:00\",\"dateModified\":\"2022-07-18T11:46:02+00:00\",\"author\":{\"@id\":\"https:\/\/nahuelproducciones.com.ar\/radioquijano\/#\/schema\/person\/e8a4f939e2cb487fe6d0c54042c9d32c\"},\"description\":\"La audiencia p\u00fablica tendr\u00e1 lugar hoy lunes a partir de las 8, en el Sindicato del Cuero, sito en calle Bernardino Rivadavia N\u00ba 375, del municipio de Rosario de Lerma.\",\"breadcrumb\":{\"@id\":\"https:\/\/nahuelproducciones.com.ar\/radioquijano\/hoy-la-amt-convoca-a-una-audiencia-publica-para-una-readecuacion-tarifaria-del-servicio-brindado-por-saeta-s-a\/#breadcrumb\"},\"inLanguage\":\"es\",\"potentialAction\":[{\"@type\":\"ReadAction\",\"target\":[\"https:\/\/nahuelproducciones.com.ar\/radioquijano\/hoy-la-amt-convoca-a-una-audiencia-publica-para-una-readecuacion-tarifaria-del-servicio-brindado-por-saeta-s-a\/\"]}]},{\"@type\":\"BreadcrumbList\",\"@id\":\"https:\/\/nahuelproducciones.com.ar\/radioquijano\/hoy-la-amt-convoca-a-una-audiencia-publica-para-una-readecuacion-tarifaria-del-servicio-brindado-por-saeta-s-a\/#breadcrumb\",\"itemListElement\":[{\"@type\":\"ListItem\",\"position\":1,\"name\":\"Portada\",\"item\":\"https:\/\/nahuelproducciones.com.ar\/radioquijano\/\"},{\"@type\":\"ListItem\",\"position\":2,\"name\":\"Hoy la AMT convoca a una audiencia p\u00fablica para una readecuaci\u00f3n tarifaria del servicio brindado por Saeta S.A.\"}]},{\"@type\":\"WebSite\",\"@id\":\"https:\/\/nahuelproducciones.com.ar\/radioquijano\/#website\",\"url\":\"https:\/\/nahuelproducciones.com.ar\/radioquijano\/\",\"name\":\"RQ 99.9\",\"description\":\"Radio Quijano 99.9 MHz\",\"potentialAction\":[{\"@type\":\"SearchAction\",\"target\":{\"@type\":\"EntryPoint\",\"urlTemplate\":\"https:\/\/nahuelproducciones.com.ar\/radioquijano\/?s={search_term_string}\"},\"query-input\":\"required name=search_term_string\"}],\"inLanguage\":\"es\"},{\"@type\":\"Person\",\"@id\":\"https:\/\/nahuelproducciones.com.ar\/radioquijano\/#\/schema\/person\/e8a4f939e2cb487fe6d0c54042c9d32c\",\"name\":\"Cecilia Pastrana\",\"image\":{\"@type\":\"ImageObject\",\"inLanguage\":\"es\",\"@id\":\"https:\/\/nahuelproducciones.com.ar\/radioquijano\/#\/schema\/person\/image\/\",\"url\":\"https:\/\/secure.gravatar.com\/avatar\/661a3ef63a8488d4f2794ed44af8cf71420f7e106f3072c40125114df5157749?s=96&d=mm&r=g\",\"contentUrl\":\"https:\/\/secure.gravatar.com\/avatar\/661a3ef63a8488d4f2794ed44af8cf71420f7e106f3072c40125114df5157749?s=96&d=mm&r=g\",\"caption\":\"Cecilia Pastrana\"},\"sameAs\":[\"cecy\"],\"url\":\"https:\/\/nahuelproducciones.com.ar\/radioquijano\/author\/cecy\/\"}]}<\/script>\n<!-- \/ Yoast SEO plugin. -->","yoast_head_json":{"title":"Hoy la AMT convoca a una audiencia p\u00fablica para una readecuaci\u00f3n tarifaria del servicio brindado por Saeta S.A. - RQ 99.9","description":"La audiencia p\u00fablica tendr\u00e1 lugar hoy lunes a partir de las 8, en el Sindicato del Cuero, sito en calle Bernardino Rivadavia N\u00ba 375, del municipio de Rosario de Lerma.","robots":{"index":"index","follow":"follow","max-snippet":"max-snippet:-1","max-image-preview":"max-image-preview:large","max-video-preview":"max-video-preview:-1"},"canonical":"https:\/\/nahuelproducciones.com.ar\/radioquijano\/hoy-la-amt-convoca-a-una-audiencia-publica-para-una-readecuacion-tarifaria-del-servicio-brindado-por-saeta-s-a\/","og_locale":"es_ES","og_type":"article","og_title":"Hoy la AMT convoca a una audiencia p\u00fablica para una readecuaci\u00f3n tarifaria del servicio brindado por Saeta S.A. - RQ 99.9","og_description":"La audiencia p\u00fablica tendr\u00e1 lugar hoy lunes a partir de las 8, en el Sindicato del Cuero, sito en calle Bernardino Rivadavia N\u00ba 375, del municipio de Rosario de Lerma.","og_url":"https:\/\/nahuelproducciones.com.ar\/radioquijano\/hoy-la-amt-convoca-a-una-audiencia-publica-para-una-readecuacion-tarifaria-del-servicio-brindado-por-saeta-s-a\/","og_site_name":"RQ 99.9","article_publisher":"https:\/\/www.facebook.com\/nahuelproducciones999\/","article_published_time":"2022-07-18T11:46:01+00:00","article_modified_time":"2022-07-18T11:46:02+00:00","og_image":[{"width":528,"height":342,"url":"https:\/\/nahuelproducciones.com.ar\/radioquijano\/wp-content\/uploads\/2022\/07\/aumentode-colectivos.jpg","type":"image\/jpeg"}],"author":"Cecilia Pastrana","twitter_card":"summary_large_image","twitter_creator":"@nahuproduciones","twitter_site":"@nahuproduciones","twitter_misc":{"Escrito por":"Cecilia Pastrana","Tiempo de lectura":"1 minuto"},"schema":{"@context":"https:\/\/schema.org","@graph":[{"@type":"WebPage","@id":"https:\/\/nahuelproducciones.com.ar\/radioquijano\/hoy-la-amt-convoca-a-una-audiencia-publica-para-una-readecuacion-tarifaria-del-servicio-brindado-por-saeta-s-a\/","url":"https:\/\/nahuelproducciones.com.ar\/radioquijano\/hoy-la-amt-convoca-a-una-audiencia-publica-para-una-readecuacion-tarifaria-del-servicio-brindado-por-saeta-s-a\/","name":"Hoy la AMT convoca a una audiencia p\u00fablica para una readecuaci\u00f3n tarifaria del servicio brindado por Saeta S.A. - RQ 99.9","isPartOf":{"@id":"https:\/\/nahuelproducciones.com.ar\/radioquijano\/#website"},"datePublished":"2022-07-18T11:46:01+00:00","dateModified":"2022-07-18T11:46:02+00:00","author":{"@id":"https:\/\/nahuelproducciones.com.ar\/radioquijano\/#\/schema\/person\/e8a4f939e2cb487fe6d0c54042c9d32c"},"description":"La audiencia p\u00fablica tendr\u00e1 lugar hoy lunes a partir de las 8, en el Sindicato del Cuero, sito en calle Bernardino Rivadavia N\u00ba 375, del municipio de Rosario de Lerma.","breadcrumb":{"@id":"https:\/\/nahuelproducciones.com.ar\/radioquijano\/hoy-la-amt-convoca-a-una-audiencia-publica-para-una-readecuacion-tarifaria-del-servicio-brindado-por-saeta-s-a\/#breadcrumb"},"inLanguage":"es","potentialAction":[{"@type":"ReadAction","target":["https:\/\/nahuelproducciones.com.ar\/radioquijano\/hoy-la-amt-convoca-a-una-audiencia-publica-para-una-readecuacion-tarifaria-del-servicio-brindado-por-saeta-s-a\/"]}]},{"@type":"BreadcrumbList","@id":"https:\/\/nahuelproducciones.com.ar\/radioquijano\/hoy-la-amt-convoca-a-una-audiencia-publica-para-una-readecuacion-tarifaria-del-servicio-brindado-por-saeta-s-a\/#breadcrumb","itemListElement":[{"@type":"ListItem","position":1,"name":"Portada","item":"https:\/\/nahuelproducciones.com.ar\/radioquijano\/"},{"@type":"ListItem","position":2,"name":"Hoy la AMT convoca a una audiencia p\u00fablica para una readecuaci\u00f3n tarifaria del servicio brindado por Saeta S.A."}]},{"@type":"WebSite","@id":"https:\/\/nahuelproducciones.com.ar\/radioquijano\/#website","url":"https:\/\/nahuelproducciones.com.ar\/radioquijano\/","name":"RQ 99.9","description":"Radio Quijano 99.9 MHz","potentialAction":[{"@type":"SearchAction","target":{"@type":"EntryPoint","urlTemplate":"https:\/\/nahuelproducciones.com.ar\/radioquijano\/?s={search_term_string}"},"query-input":"required name=search_term_string"}],"inLanguage":"es"},{"@type":"Person","@id":"https:\/\/nahuelproducciones.com.ar\/radioquijano\/#\/schema\/person\/e8a4f939e2cb487fe6d0c54042c9d32c","name":"Cecilia Pastrana","image":{"@type":"ImageObject","inLanguage":"es","@id":"https:\/\/nahuelproducciones.com.ar\/radioquijano\/#\/schema\/person\/image\/","url":"https:\/\/secure.gravatar.com\/avatar\/661a3ef63a8488d4f2794ed44af8cf71420f7e106f3072c40125114df5157749?s=96&d=mm&r=g","contentUrl":"https:\/\/secure.gravatar.com\/avatar\/661a3ef63a8488d4f2794ed44af8cf71420f7e106f3072c40125114df5157749?s=96&d=mm&r=g","caption":"Cecilia Pastrana"},"sameAs":["cecy"],"url":"https:\/\/nahuelproducciones.com.ar\/radioquijano\/author\/cecy\/"}]}},"_links":{"self":[{"href":"https:\/\/nahuelproducciones.com.ar\/radioquijano\/wp-json\/wp\/v2\/posts\/3107","targetHints":{"allow":["GET"]}}],"collection":[{"href":"https:\/\/nahuelproducciones.com.ar\/radioquijano\/wp-json\/wp\/v2\/posts"}],"about":[{"href":"https:\/\/nahuelproducciones.com.ar\/radioquijano\/wp-json\/wp\/v2\/types\/post"}],"author":[{"embeddable":true,"href":"https:\/\/nahuelproducciones.com.ar\/radioquijano\/wp-json\/wp\/v2\/users\/8"}],"replies":[{"embeddable":true,"href":"https:\/\/nahuelproducciones.com.ar\/radioquijano\/wp-json\/wp\/v2\/comments?post=3107"}],"version-history":[{"count":1,"href":"https:\/\/nahuelproducciones.com.ar\/radioquijano\/wp-json\/wp\/v2\/posts\/3107\/revisions"}],"predecessor-version":[{"id":3109,"href":"https:\/\/nahuelproducciones.com.ar\/radioquijano\/wp-json\/wp\/v2\/posts\/3107\/revisions\/3109"}],"wp:featuredmedia":[{"embeddable":true,"href":"https:\/\/nahuelproducciones.com.ar\/radioquijano\/wp-json\/wp\/v2\/media\/3108"}],"wp:attachment":[{"href":"https:\/\/nahuelproducciones.com.ar\/radioquijano\/wp-json\/wp\/v2\/media?parent=3107"}],"wp:term":[{"taxonomy":"category","embeddable":true,"href":"https:\/\/nahuelproducciones.com.ar\/radioquijano\/wp-json\/wp\/v2\/categories?post=3107"},{"taxonomy":"post_tag","embeddable":true,"href":"https:\/\/nahuelproducciones.com.ar\/radioquijano\/wp-json\/wp\/v2\/tags?post=3107"}],"curies":[{"name":"wp","href":"https:\/\/api.w.org\/{rel}","templated":true}]}}