{"id":3127,"date":"2022-07-23T03:01:40","date_gmt":"2022-07-23T06:01:40","guid":{"rendered":"https:\/\/nahuelproducciones.com.ar\/radioquijano\/?p=3127"},"modified":"2022-07-23T03:05:33","modified_gmt":"2022-07-23T06:05:33","slug":"concejo-deliberante-de-campo-quijano-solicita-el-desafuero-del-senador-sergio-topo-ramos","status":"publish","type":"post","link":"https:\/\/nahuelproducciones.com.ar\/radioquijano\/concejo-deliberante-de-campo-quijano-solicita-el-desafuero-del-senador-sergio-topo-ramos\/","title":{"rendered":"Concejo deliberante de Campo Quijano solicita el desafuero del senador Sergio \u00abTopo\u00bb Ramos"},"content":{"rendered":"\n<p>Se trata de un proyecto de declaraci\u00f3n presentado por el presidente del cuerpo Ariel Antonio Gallardo, el mismo solicita la aprobaci\u00f3n del legislativo local y en sesi\u00f3n ordinaria.<\/p>\n\n\n\n<blockquote class=\"wp-block-quote is-layout-flow wp-block-quote-is-layout-flow\"><p>Punto 11 &#8211; Expte. N\u00b0 417\/2022 \u2013  Sesi\u00f3n Ordinaria de fecha19\/07\/2022<br>Proyecto de Declaraci\u00f3n: \u201cSolicitar a la Honorable C\u00e1mara de Senadores de la Provincia de Salta, apruebe el desafuero del Senador Sergio Omar Ramos\u201d. (Autor: Concejal Gallardo Ariel) (El proyecto fue rechazado por la banca oficialista).<\/p><\/blockquote>\n\n\n\n<p>En este sentido el senador anticip\u00f3 que Gallardo solo esta tirando una cortina de humo para tapar ciertos temas que son de p\u00fablico conocimiento y que solo esta haciendo uso de su derechos como legislador al referirse al pedido de desafuero de tanto por parte de la justicia como del concejal Gallardo.<\/p>\n\n\n\n<p>Entre otros temas tambi\u00e9n se refiri\u00f3 al tema miner\u00eda en Campo Quijano con respecto a la instalaci\u00f3n de una empresa de apoyo log\u00edstico a la miner\u00eda.<\/p>\n\n\n\n<p>Escucha la entrevista<\/p>\n\n\n\n<figure class=\"wp-block-audio\"><audio controls src=\"https:\/\/nahuelproducciones.com.ar\/radioquijano\/wp-content\/uploads\/2022\/07\/19-07-2022-SENADOR-RAMOS-EXPLICA-EL-PEDIDO-DE-DESAFUERO-Y-TEMA-MINERIA.mp3\"><\/audio><\/figure>\n\n\n\n<p><\/p>\n\n\n\n<p><\/p>\n","protected":false},"excerpt":{"rendered":"<p>Se trata de un proyecto de declaraci\u00f3n presentado por el presidente del cuerpo Ariel Antonio Gallardo, el mismo solicita la aprobaci\u00f3n del legislativo local y en sesi\u00f3n ordinaria. Punto 11 &#8211; Expte. N\u00b0 417\/2022 \u2013 Sesi\u00f3n Ordinaria de fecha19\/07\/2022Proyecto de Declaraci\u00f3n: \u201cSolicitar a la Honorable C\u00e1mara de Senadores de la Provincia de Salta, apruebe el [&hellip;]<\/p>\n","protected":false},"author":6,"featured_media":1131,"comment_status":"open","ping_status":"open","sticky":false,"template":"","format":"standard","meta":{"_monsterinsights_skip_tracking":false,"_monsterinsights_sitenote_active":false,"_monsterinsights_sitenote_note":"","_monsterinsights_sitenote_category":0,"footnotes":""},"categories":[8,16],"tags":[73,36,58,75,84,71,100,47,62],"class_list":["post-3127","post","type-post","status-publish","format-standard","has-post-thumbnail","hentry","category-blog-de-sapito","category-noticias","tag-ariel-gallardo","tag-campo-quijano","tag-carlos-folloni","tag-concejo-deliberante-de-campo-quijano","tag-manuel-cornejo","tag-municipalidad-de-campo-quijano","tag-municipio-de-campo-quijano","tag-rosario-de-lerma","tag-topo-ramos"],"yoast_head":"<!-- This site is optimized with the Yoast SEO plugin v20.8 - https:\/\/yoast.com\/wordpress\/plugins\/seo\/ -->\n<title>Concejo deliberante de Campo Quijano solicita el desafuero del senador Sergio &quot;Topo&quot; Ramos - RQ 99.9<\/title>\n<meta name=\"robots\" content=\"index, follow, max-snippet:-1, max-image-preview:large, max-video-preview:-1\" \/>\n<link rel=\"canonical\" href=\"https:\/\/nahuelproducciones.com.ar\/radioquijano\/concejo-deliberante-de-campo-quijano-solicita-el-desafuero-del-senador-sergio-topo-ramos\/\" \/>\n<meta property=\"og:locale\" content=\"es_ES\" \/>\n<meta property=\"og:type\" content=\"article\" \/>\n<meta property=\"og:title\" content=\"Concejo deliberante de Campo Quijano solicita el desafuero del senador Sergio &quot;Topo&quot; Ramos - RQ 99.9\" \/>\n<meta property=\"og:description\" content=\"Se trata de un proyecto de declaraci\u00f3n presentado por el presidente del cuerpo Ariel Antonio Gallardo, el mismo solicita la aprobaci\u00f3n del legislativo local y en sesi\u00f3n ordinaria. Punto 11 &#8211; Expte. N\u00b0 417\/2022 \u2013 Sesi\u00f3n Ordinaria de fecha19\/07\/2022Proyecto de Declaraci\u00f3n: \u201cSolicitar a la Honorable C\u00e1mara de Senadores de la Provincia de Salta, apruebe el [&hellip;]\" \/>\n<meta property=\"og:url\" content=\"https:\/\/nahuelproducciones.com.ar\/radioquijano\/concejo-deliberante-de-campo-quijano-solicita-el-desafuero-del-senador-sergio-topo-ramos\/\" \/>\n<meta property=\"og:site_name\" content=\"RQ 99.9\" \/>\n<meta property=\"article:publisher\" content=\"https:\/\/www.facebook.com\/nahuelproducciones999\/\" \/>\n<meta property=\"article:published_time\" content=\"2022-07-23T06:01:40+00:00\" \/>\n<meta property=\"article:modified_time\" content=\"2022-07-23T06:05:33+00:00\" \/>\n<meta property=\"og:image\" content=\"https:\/\/nahuelproducciones.com.ar\/radioquijano\/wp-content\/uploads\/2021\/06\/17-TOPO-RAMOS.jpg\" \/>\n\t<meta property=\"og:image:width\" content=\"700\" \/>\n\t<meta property=\"og:image:height\" content=\"350\" \/>\n\t<meta property=\"og:image:type\" content=\"image\/jpeg\" \/>\n<meta name=\"author\" content=\"Ricardo Guzman\" \/>\n<meta name=\"twitter:card\" content=\"summary_large_image\" \/>\n<meta name=\"twitter:creator\" content=\"@nahuproduciones\" \/>\n<meta name=\"twitter:site\" content=\"@nahuproduciones\" \/>\n<meta name=\"twitter:label1\" content=\"Escrito por\" \/>\n\t<meta name=\"twitter:data1\" content=\"Ricardo Guzman\" \/>\n\t<meta name=\"twitter:label2\" content=\"Tiempo de lectura\" \/>\n\t<meta name=\"twitter:data2\" content=\"1 minuto\" \/>\n<script type=\"application\/ld+json\" class=\"yoast-schema-graph\">{\"@context\":\"https:\/\/schema.org\",\"@graph\":[{\"@type\":\"WebPage\",\"@id\":\"https:\/\/nahuelproducciones.com.ar\/radioquijano\/concejo-deliberante-de-campo-quijano-solicita-el-desafuero-del-senador-sergio-topo-ramos\/\",\"url\":\"https:\/\/nahuelproducciones.com.ar\/radioquijano\/concejo-deliberante-de-campo-quijano-solicita-el-desafuero-del-senador-sergio-topo-ramos\/\",\"name\":\"Concejo deliberante de Campo Quijano solicita el desafuero del senador Sergio \\\"Topo\\\" Ramos - RQ 99.9\",\"isPartOf\":{\"@id\":\"https:\/\/nahuelproducciones.com.ar\/radioquijano\/#website\"},\"datePublished\":\"2022-07-23T06:01:40+00:00\",\"dateModified\":\"2022-07-23T06:05:33+00:00\",\"author\":{\"@id\":\"https:\/\/nahuelproducciones.com.ar\/radioquijano\/#\/schema\/person\/b9b81a110cbdf07949e2cd02d478ab9d\"},\"breadcrumb\":{\"@id\":\"https:\/\/nahuelproducciones.com.ar\/radioquijano\/concejo-deliberante-de-campo-quijano-solicita-el-desafuero-del-senador-sergio-topo-ramos\/#breadcrumb\"},\"inLanguage\":\"es\",\"potentialAction\":[{\"@type\":\"ReadAction\",\"target\":[\"https:\/\/nahuelproducciones.com.ar\/radioquijano\/concejo-deliberante-de-campo-quijano-solicita-el-desafuero-del-senador-sergio-topo-ramos\/\"]}]},{\"@type\":\"BreadcrumbList\",\"@id\":\"https:\/\/nahuelproducciones.com.ar\/radioquijano\/concejo-deliberante-de-campo-quijano-solicita-el-desafuero-del-senador-sergio-topo-ramos\/#breadcrumb\",\"itemListElement\":[{\"@type\":\"ListItem\",\"position\":1,\"name\":\"Portada\",\"item\":\"https:\/\/nahuelproducciones.com.ar\/radioquijano\/\"},{\"@type\":\"ListItem\",\"position\":2,\"name\":\"Concejo deliberante de Campo Quijano solicita el desafuero del senador Sergio \u00abTopo\u00bb Ramos\"}]},{\"@type\":\"WebSite\",\"@id\":\"https:\/\/nahuelproducciones.com.ar\/radioquijano\/#website\",\"url\":\"https:\/\/nahuelproducciones.com.ar\/radioquijano\/\",\"name\":\"RQ 99.9\",\"description\":\"Radio Quijano 99.9 MHz\",\"potentialAction\":[{\"@type\":\"SearchAction\",\"target\":{\"@type\":\"EntryPoint\",\"urlTemplate\":\"https:\/\/nahuelproducciones.com.ar\/radioquijano\/?s={search_term_string}\"},\"query-input\":\"required name=search_term_string\"}],\"inLanguage\":\"es\"},{\"@type\":\"Person\",\"@id\":\"https:\/\/nahuelproducciones.com.ar\/radioquijano\/#\/schema\/person\/b9b81a110cbdf07949e2cd02d478ab9d\",\"name\":\"Ricardo Guzman\",\"image\":{\"@type\":\"ImageObject\",\"inLanguage\":\"es\",\"@id\":\"https:\/\/nahuelproducciones.com.ar\/radioquijano\/#\/schema\/person\/image\/\",\"url\":\"https:\/\/secure.gravatar.com\/avatar\/a5d582deda251f95dc882b72fc6e7b4854f88bb25c3154519210afffa7d706e8?s=96&d=mm&r=g\",\"contentUrl\":\"https:\/\/secure.gravatar.com\/avatar\/a5d582deda251f95dc882b72fc6e7b4854f88bb25c3154519210afffa7d706e8?s=96&d=mm&r=g\",\"caption\":\"Ricardo Guzman\"},\"url\":\"https:\/\/nahuelproducciones.com.ar\/radioquijano\/author\/cady\/\"}]}<\/script>\n<!-- \/ Yoast SEO plugin. -->","yoast_head_json":{"title":"Concejo deliberante de Campo Quijano solicita el desafuero del senador Sergio \"Topo\" Ramos - RQ 99.9","robots":{"index":"index","follow":"follow","max-snippet":"max-snippet:-1","max-image-preview":"max-image-preview:large","max-video-preview":"max-video-preview:-1"},"canonical":"https:\/\/nahuelproducciones.com.ar\/radioquijano\/concejo-deliberante-de-campo-quijano-solicita-el-desafuero-del-senador-sergio-topo-ramos\/","og_locale":"es_ES","og_type":"article","og_title":"Concejo deliberante de Campo Quijano solicita el desafuero del senador Sergio \"Topo\" Ramos - RQ 99.9","og_description":"Se trata de un proyecto de declaraci\u00f3n presentado por el presidente del cuerpo Ariel Antonio Gallardo, el mismo solicita la aprobaci\u00f3n del legislativo local y en sesi\u00f3n ordinaria. Punto 11 &#8211; Expte. N\u00b0 417\/2022 \u2013 Sesi\u00f3n Ordinaria de fecha19\/07\/2022Proyecto de Declaraci\u00f3n: \u201cSolicitar a la Honorable C\u00e1mara de Senadores de la Provincia de Salta, apruebe el [&hellip;]","og_url":"https:\/\/nahuelproducciones.com.ar\/radioquijano\/concejo-deliberante-de-campo-quijano-solicita-el-desafuero-del-senador-sergio-topo-ramos\/","og_site_name":"RQ 99.9","article_publisher":"https:\/\/www.facebook.com\/nahuelproducciones999\/","article_published_time":"2022-07-23T06:01:40+00:00","article_modified_time":"2022-07-23T06:05:33+00:00","og_image":[{"width":700,"height":350,"url":"https:\/\/nahuelproducciones.com.ar\/radioquijano\/wp-content\/uploads\/2021\/06\/17-TOPO-RAMOS.jpg","type":"image\/jpeg"}],"author":"Ricardo Guzman","twitter_card":"summary_large_image","twitter_creator":"@nahuproduciones","twitter_site":"@nahuproduciones","twitter_misc":{"Escrito por":"Ricardo Guzman","Tiempo de lectura":"1 minuto"},"schema":{"@context":"https:\/\/schema.org","@graph":[{"@type":"WebPage","@id":"https:\/\/nahuelproducciones.com.ar\/radioquijano\/concejo-deliberante-de-campo-quijano-solicita-el-desafuero-del-senador-sergio-topo-ramos\/","url":"https:\/\/nahuelproducciones.com.ar\/radioquijano\/concejo-deliberante-de-campo-quijano-solicita-el-desafuero-del-senador-sergio-topo-ramos\/","name":"Concejo deliberante de Campo Quijano solicita el desafuero del senador Sergio \"Topo\" Ramos - RQ 99.9","isPartOf":{"@id":"https:\/\/nahuelproducciones.com.ar\/radioquijano\/#website"},"datePublished":"2022-07-23T06:01:40+00:00","dateModified":"2022-07-23T06:05:33+00:00","author":{"@id":"https:\/\/nahuelproducciones.com.ar\/radioquijano\/#\/schema\/person\/b9b81a110cbdf07949e2cd02d478ab9d"},"breadcrumb":{"@id":"https:\/\/nahuelproducciones.com.ar\/radioquijano\/concejo-deliberante-de-campo-quijano-solicita-el-desafuero-del-senador-sergio-topo-ramos\/#breadcrumb"},"inLanguage":"es","potentialAction":[{"@type":"ReadAction","target":["https:\/\/nahuelproducciones.com.ar\/radioquijano\/concejo-deliberante-de-campo-quijano-solicita-el-desafuero-del-senador-sergio-topo-ramos\/"]}]},{"@type":"BreadcrumbList","@id":"https:\/\/nahuelproducciones.com.ar\/radioquijano\/concejo-deliberante-de-campo-quijano-solicita-el-desafuero-del-senador-sergio-topo-ramos\/#breadcrumb","itemListElement":[{"@type":"ListItem","position":1,"name":"Portada","item":"https:\/\/nahuelproducciones.com.ar\/radioquijano\/"},{"@type":"ListItem","position":2,"name":"Concejo deliberante de Campo Quijano solicita el desafuero del senador Sergio \u00abTopo\u00bb Ramos"}]},{"@type":"WebSite","@id":"https:\/\/nahuelproducciones.com.ar\/radioquijano\/#website","url":"https:\/\/nahuelproducciones.com.ar\/radioquijano\/","name":"RQ 99.9","description":"Radio Quijano 99.9 MHz","potentialAction":[{"@type":"SearchAction","target":{"@type":"EntryPoint","urlTemplate":"https:\/\/nahuelproducciones.com.ar\/radioquijano\/?s={search_term_string}"},"query-input":"required name=search_term_string"}],"inLanguage":"es"},{"@type":"Person","@id":"https:\/\/nahuelproducciones.com.ar\/radioquijano\/#\/schema\/person\/b9b81a110cbdf07949e2cd02d478ab9d","name":"Ricardo Guzman","image":{"@type":"ImageObject","inLanguage":"es","@id":"https:\/\/nahuelproducciones.com.ar\/radioquijano\/#\/schema\/person\/image\/","url":"https:\/\/secure.gravatar.com\/avatar\/a5d582deda251f95dc882b72fc6e7b4854f88bb25c3154519210afffa7d706e8?s=96&d=mm&r=g","contentUrl":"https:\/\/secure.gravatar.com\/avatar\/a5d582deda251f95dc882b72fc6e7b4854f88bb25c3154519210afffa7d706e8?s=96&d=mm&r=g","caption":"Ricardo Guzman"},"url":"https:\/\/nahuelproducciones.com.ar\/radioquijano\/author\/cady\/"}]}},"_links":{"self":[{"href":"https:\/\/nahuelproducciones.com.ar\/radioquijano\/wp-json\/wp\/v2\/posts\/3127","targetHints":{"allow":["GET"]}}],"collection":[{"href":"https:\/\/nahuelproducciones.com.ar\/radioquijano\/wp-json\/wp\/v2\/posts"}],"about":[{"href":"https:\/\/nahuelproducciones.com.ar\/radioquijano\/wp-json\/wp\/v2\/types\/post"}],"author":[{"embeddable":true,"href":"https:\/\/nahuelproducciones.com.ar\/radioquijano\/wp-json\/wp\/v2\/users\/6"}],"replies":[{"embeddable":true,"href":"https:\/\/nahuelproducciones.com.ar\/radioquijano\/wp-json\/wp\/v2\/comments?post=3127"}],"version-history":[{"count":2,"href":"https:\/\/nahuelproducciones.com.ar\/radioquijano\/wp-json\/wp\/v2\/posts\/3127\/revisions"}],"predecessor-version":[{"id":3131,"href":"https:\/\/nahuelproducciones.com.ar\/radioquijano\/wp-json\/wp\/v2\/posts\/3127\/revisions\/3131"}],"wp:featuredmedia":[{"embeddable":true,"href":"https:\/\/nahuelproducciones.com.ar\/radioquijano\/wp-json\/wp\/v2\/media\/1131"}],"wp:attachment":[{"href":"https:\/\/nahuelproducciones.com.ar\/radioquijano\/wp-json\/wp\/v2\/media?parent=3127"}],"wp:term":[{"taxonomy":"category","embeddable":true,"href":"https:\/\/nahuelproducciones.com.ar\/radioquijano\/wp-json\/wp\/v2\/categories?post=3127"},{"taxonomy":"post_tag","embeddable":true,"href":"https:\/\/nahuelproducciones.com.ar\/radioquijano\/wp-json\/wp\/v2\/tags?post=3127"}],"curies":[{"name":"wp","href":"https:\/\/api.w.org\/{rel}","templated":true}]}}