{"id":3151,"date":"2022-07-25T01:19:51","date_gmt":"2022-07-25T04:19:51","guid":{"rendered":"https:\/\/nahuelproducciones.com.ar\/radioquijano\/?p=3151"},"modified":"2022-07-25T01:19:52","modified_gmt":"2022-07-25T04:19:52","slug":"fiestas-patronales-en-honor-a-santiago-apostol","status":"publish","type":"post","link":"https:\/\/nahuelproducciones.com.ar\/radioquijano\/fiestas-patronales-en-honor-a-santiago-apostol\/","title":{"rendered":"Fiestas Patronales en honor a Santiago Ap\u00f3stol"},"content":{"rendered":"\n<p>Bajo el Lema \u00a1Sal de tu tierra! \u00a1El Ap\u00f3stol Santiago te espera! iniciar\u00e1 el D\u00eda lit\u00fargico \u00abSolemnidad de Santiago Ap\u00f3stol\u00bb, con el siguiente cronograma:<\/p>\n\n\n\n<p><br>10 hs Misa del peregrino y promesantes.<br>19:30 hs Misa y procesi\u00f3n penitencial con la visita del Arzobispo de Salta Monse\u00f1or Mario Antonio Cargnello a la Parroquia Santiago Ap\u00f3stol.<\/p>\n\n\n\n<p>La procesi\u00f3n se realizar\u00e1 el 31 de julio recorriendo tambi\u00e9n las calles del Pueblo. Una vez terminadas las actividades ese mismo d\u00eda, desde el balc\u00f3n de la iglesia se asoma Santiago Ap\u00f3stol y bendice desde lo alto a todos los que llegaron a su encuentro.<\/p>\n\n\n\n<figure class=\"wp-block-image\"><img decoding=\"async\" src=\"https:\/\/nahuelproducciones.com.ar\/radioquijano\/wp-content\/uploads\/2022\/07\/santiago-apostol-programa1-1024x792.jpg\" alt=\"\"\/><figcaption><img decoding=\"async\" src=\"https:\/\/nahuelproducciones.com.ar\/radioquijano\/wp-content\/uploads\/2022\/07\/santiago-apostol-programa2-1024x791.jpg\"><\/figcaption><\/figure>\n\n\n\n<p>Todas las actividades se transmitir\u00e1n por el Facebook:\u00a0<a href=\"https:\/\/www.facebook.com\/risenanf\/\">https:\/\/www.facebook.com\/risenanf\/<\/a>, asimismo se sumar\u00e1n radioemisoras del pueblo.<\/p>\n\n\n\n<p><a href=\"https:\/\/nahuelproducciones.com.ar\/index.php\/rq999\" target=\"_blank\" rel=\"noreferrer noopener\">#RQ99.9Mhz<\/a>\u00a0<a href=\"https:\/\/nahuelproducciones.com.ar\/\" target=\"_blank\" rel=\"noreferrer noopener\">#CAMPOQUIJANO<\/a>\u00a0<a href=\"http:\/\/nahuelproducciones.com.ar\/radioquijano\/\" target=\"_blank\" rel=\"noreferrer noopener\">#RadioQuijano<\/a><\/p>\n","protected":false},"excerpt":{"rendered":"<p>Bajo el Lema \u00a1Sal de tu tierra! \u00a1El Ap\u00f3stol Santiago te espera! iniciar\u00e1 el D\u00eda lit\u00fargico \u00abSolemnidad de Santiago Ap\u00f3stol\u00bb, con el siguiente cronograma: 10 hs Misa del peregrino y promesantes.19:30 hs Misa y procesi\u00f3n penitencial con la visita del Arzobispo de Salta Monse\u00f1or Mario Antonio Cargnello a la Parroquia Santiago Ap\u00f3stol. La procesi\u00f3n se [&hellip;]<\/p>\n","protected":false},"author":8,"featured_media":3082,"comment_status":"open","ping_status":"open","sticky":false,"template":"","format":"standard","meta":{"_monsterinsights_skip_tracking":false,"_monsterinsights_sitenote_active":false,"_monsterinsights_sitenote_note":"","_monsterinsights_sitenote_category":0,"footnotes":""},"categories":[16],"tags":[36,129,288,231],"class_list":["post-3151","post","type-post","status-publish","format-standard","has-post-thumbnail","hentry","category-noticias","tag-campo-quijano","tag-fiesta-patronal-de-santiago-apostol","tag-parroquia-santiago-apostol","tag-santiago-apostol"],"yoast_head":"<!-- This site is optimized with the Yoast SEO plugin v20.8 - https:\/\/yoast.com\/wordpress\/plugins\/seo\/ -->\n<title>Fiestas Patronales en honor a Santiago Ap\u00f3stol - RQ 99.9<\/title>\n<meta name=\"description\" content=\"19:30 hs Misa y procesi\u00f3n penitencial con la visita del Arzobispo de Salta Monse\u00f1or Mario Antonio Cargnello a la Parroquia Santiago Ap\u00f3stol.\" \/>\n<meta name=\"robots\" content=\"index, follow, max-snippet:-1, max-image-preview:large, max-video-preview:-1\" \/>\n<link rel=\"canonical\" href=\"https:\/\/nahuelproducciones.com.ar\/radioquijano\/fiestas-patronales-en-honor-a-santiago-apostol\/\" \/>\n<meta property=\"og:locale\" content=\"es_ES\" \/>\n<meta property=\"og:type\" content=\"article\" \/>\n<meta property=\"og:title\" content=\"Fiestas Patronales en honor a Santiago Ap\u00f3stol - RQ 99.9\" \/>\n<meta property=\"og:description\" content=\"19:30 hs Misa y procesi\u00f3n penitencial con la visita del Arzobispo de Salta Monse\u00f1or Mario Antonio Cargnello a la Parroquia Santiago Ap\u00f3stol.\" \/>\n<meta property=\"og:url\" content=\"https:\/\/nahuelproducciones.com.ar\/radioquijano\/fiestas-patronales-en-honor-a-santiago-apostol\/\" \/>\n<meta property=\"og:site_name\" content=\"RQ 99.9\" \/>\n<meta property=\"article:publisher\" content=\"https:\/\/www.facebook.com\/nahuelproducciones999\/\" \/>\n<meta property=\"article:published_time\" content=\"2022-07-25T04:19:51+00:00\" \/>\n<meta property=\"article:modified_time\" content=\"2022-07-25T04:19:52+00:00\" \/>\n<meta property=\"og:image\" content=\"https:\/\/nahuelproducciones.com.ar\/radioquijano\/wp-content\/uploads\/2022\/07\/santiago-apostol-1.jpg\" \/>\n\t<meta property=\"og:image:width\" content=\"658\" \/>\n\t<meta property=\"og:image:height\" content=\"968\" \/>\n\t<meta property=\"og:image:type\" content=\"image\/jpeg\" \/>\n<meta name=\"author\" content=\"Cecilia Pastrana\" \/>\n<meta name=\"twitter:card\" content=\"summary_large_image\" \/>\n<meta name=\"twitter:creator\" content=\"@nahuproduciones\" \/>\n<meta name=\"twitter:site\" content=\"@nahuproduciones\" \/>\n<meta name=\"twitter:label1\" content=\"Escrito por\" \/>\n\t<meta name=\"twitter:data1\" content=\"Cecilia Pastrana\" \/>\n\t<meta name=\"twitter:label2\" content=\"Tiempo de lectura\" \/>\n\t<meta name=\"twitter:data2\" content=\"1 minuto\" \/>\n<script type=\"application\/ld+json\" class=\"yoast-schema-graph\">{\"@context\":\"https:\/\/schema.org\",\"@graph\":[{\"@type\":\"WebPage\",\"@id\":\"https:\/\/nahuelproducciones.com.ar\/radioquijano\/fiestas-patronales-en-honor-a-santiago-apostol\/\",\"url\":\"https:\/\/nahuelproducciones.com.ar\/radioquijano\/fiestas-patronales-en-honor-a-santiago-apostol\/\",\"name\":\"Fiestas Patronales en honor a Santiago Ap\u00f3stol - RQ 99.9\",\"isPartOf\":{\"@id\":\"https:\/\/nahuelproducciones.com.ar\/radioquijano\/#website\"},\"datePublished\":\"2022-07-25T04:19:51+00:00\",\"dateModified\":\"2022-07-25T04:19:52+00:00\",\"author\":{\"@id\":\"https:\/\/nahuelproducciones.com.ar\/radioquijano\/#\/schema\/person\/e8a4f939e2cb487fe6d0c54042c9d32c\"},\"description\":\"19:30 hs Misa y procesi\u00f3n penitencial con la visita del Arzobispo de Salta Monse\u00f1or Mario Antonio Cargnello a la Parroquia Santiago Ap\u00f3stol.\",\"breadcrumb\":{\"@id\":\"https:\/\/nahuelproducciones.com.ar\/radioquijano\/fiestas-patronales-en-honor-a-santiago-apostol\/#breadcrumb\"},\"inLanguage\":\"es\",\"potentialAction\":[{\"@type\":\"ReadAction\",\"target\":[\"https:\/\/nahuelproducciones.com.ar\/radioquijano\/fiestas-patronales-en-honor-a-santiago-apostol\/\"]}]},{\"@type\":\"BreadcrumbList\",\"@id\":\"https:\/\/nahuelproducciones.com.ar\/radioquijano\/fiestas-patronales-en-honor-a-santiago-apostol\/#breadcrumb\",\"itemListElement\":[{\"@type\":\"ListItem\",\"position\":1,\"name\":\"Portada\",\"item\":\"https:\/\/nahuelproducciones.com.ar\/radioquijano\/\"},{\"@type\":\"ListItem\",\"position\":2,\"name\":\"Fiestas Patronales en honor a Santiago Ap\u00f3stol\"}]},{\"@type\":\"WebSite\",\"@id\":\"https:\/\/nahuelproducciones.com.ar\/radioquijano\/#website\",\"url\":\"https:\/\/nahuelproducciones.com.ar\/radioquijano\/\",\"name\":\"RQ 99.9\",\"description\":\"Radio Quijano 99.9 MHz\",\"potentialAction\":[{\"@type\":\"SearchAction\",\"target\":{\"@type\":\"EntryPoint\",\"urlTemplate\":\"https:\/\/nahuelproducciones.com.ar\/radioquijano\/?s={search_term_string}\"},\"query-input\":\"required name=search_term_string\"}],\"inLanguage\":\"es\"},{\"@type\":\"Person\",\"@id\":\"https:\/\/nahuelproducciones.com.ar\/radioquijano\/#\/schema\/person\/e8a4f939e2cb487fe6d0c54042c9d32c\",\"name\":\"Cecilia Pastrana\",\"image\":{\"@type\":\"ImageObject\",\"inLanguage\":\"es\",\"@id\":\"https:\/\/nahuelproducciones.com.ar\/radioquijano\/#\/schema\/person\/image\/\",\"url\":\"https:\/\/secure.gravatar.com\/avatar\/661a3ef63a8488d4f2794ed44af8cf71420f7e106f3072c40125114df5157749?s=96&d=mm&r=g\",\"contentUrl\":\"https:\/\/secure.gravatar.com\/avatar\/661a3ef63a8488d4f2794ed44af8cf71420f7e106f3072c40125114df5157749?s=96&d=mm&r=g\",\"caption\":\"Cecilia Pastrana\"},\"sameAs\":[\"cecy\"],\"url\":\"https:\/\/nahuelproducciones.com.ar\/radioquijano\/author\/cecy\/\"}]}<\/script>\n<!-- \/ Yoast SEO plugin. -->","yoast_head_json":{"title":"Fiestas Patronales en honor a Santiago Ap\u00f3stol - RQ 99.9","description":"19:30 hs Misa y procesi\u00f3n penitencial con la visita del Arzobispo de Salta Monse\u00f1or Mario Antonio Cargnello a la Parroquia Santiago Ap\u00f3stol.","robots":{"index":"index","follow":"follow","max-snippet":"max-snippet:-1","max-image-preview":"max-image-preview:large","max-video-preview":"max-video-preview:-1"},"canonical":"https:\/\/nahuelproducciones.com.ar\/radioquijano\/fiestas-patronales-en-honor-a-santiago-apostol\/","og_locale":"es_ES","og_type":"article","og_title":"Fiestas Patronales en honor a Santiago Ap\u00f3stol - RQ 99.9","og_description":"19:30 hs Misa y procesi\u00f3n penitencial con la visita del Arzobispo de Salta Monse\u00f1or Mario Antonio Cargnello a la Parroquia Santiago Ap\u00f3stol.","og_url":"https:\/\/nahuelproducciones.com.ar\/radioquijano\/fiestas-patronales-en-honor-a-santiago-apostol\/","og_site_name":"RQ 99.9","article_publisher":"https:\/\/www.facebook.com\/nahuelproducciones999\/","article_published_time":"2022-07-25T04:19:51+00:00","article_modified_time":"2022-07-25T04:19:52+00:00","og_image":[{"width":658,"height":968,"url":"https:\/\/nahuelproducciones.com.ar\/radioquijano\/wp-content\/uploads\/2022\/07\/santiago-apostol-1.jpg","type":"image\/jpeg"}],"author":"Cecilia Pastrana","twitter_card":"summary_large_image","twitter_creator":"@nahuproduciones","twitter_site":"@nahuproduciones","twitter_misc":{"Escrito por":"Cecilia Pastrana","Tiempo de lectura":"1 minuto"},"schema":{"@context":"https:\/\/schema.org","@graph":[{"@type":"WebPage","@id":"https:\/\/nahuelproducciones.com.ar\/radioquijano\/fiestas-patronales-en-honor-a-santiago-apostol\/","url":"https:\/\/nahuelproducciones.com.ar\/radioquijano\/fiestas-patronales-en-honor-a-santiago-apostol\/","name":"Fiestas Patronales en honor a Santiago Ap\u00f3stol - RQ 99.9","isPartOf":{"@id":"https:\/\/nahuelproducciones.com.ar\/radioquijano\/#website"},"datePublished":"2022-07-25T04:19:51+00:00","dateModified":"2022-07-25T04:19:52+00:00","author":{"@id":"https:\/\/nahuelproducciones.com.ar\/radioquijano\/#\/schema\/person\/e8a4f939e2cb487fe6d0c54042c9d32c"},"description":"19:30 hs Misa y procesi\u00f3n penitencial con la visita del Arzobispo de Salta Monse\u00f1or Mario Antonio Cargnello a la Parroquia Santiago Ap\u00f3stol.","breadcrumb":{"@id":"https:\/\/nahuelproducciones.com.ar\/radioquijano\/fiestas-patronales-en-honor-a-santiago-apostol\/#breadcrumb"},"inLanguage":"es","potentialAction":[{"@type":"ReadAction","target":["https:\/\/nahuelproducciones.com.ar\/radioquijano\/fiestas-patronales-en-honor-a-santiago-apostol\/"]}]},{"@type":"BreadcrumbList","@id":"https:\/\/nahuelproducciones.com.ar\/radioquijano\/fiestas-patronales-en-honor-a-santiago-apostol\/#breadcrumb","itemListElement":[{"@type":"ListItem","position":1,"name":"Portada","item":"https:\/\/nahuelproducciones.com.ar\/radioquijano\/"},{"@type":"ListItem","position":2,"name":"Fiestas Patronales en honor a Santiago Ap\u00f3stol"}]},{"@type":"WebSite","@id":"https:\/\/nahuelproducciones.com.ar\/radioquijano\/#website","url":"https:\/\/nahuelproducciones.com.ar\/radioquijano\/","name":"RQ 99.9","description":"Radio Quijano 99.9 MHz","potentialAction":[{"@type":"SearchAction","target":{"@type":"EntryPoint","urlTemplate":"https:\/\/nahuelproducciones.com.ar\/radioquijano\/?s={search_term_string}"},"query-input":"required name=search_term_string"}],"inLanguage":"es"},{"@type":"Person","@id":"https:\/\/nahuelproducciones.com.ar\/radioquijano\/#\/schema\/person\/e8a4f939e2cb487fe6d0c54042c9d32c","name":"Cecilia Pastrana","image":{"@type":"ImageObject","inLanguage":"es","@id":"https:\/\/nahuelproducciones.com.ar\/radioquijano\/#\/schema\/person\/image\/","url":"https:\/\/secure.gravatar.com\/avatar\/661a3ef63a8488d4f2794ed44af8cf71420f7e106f3072c40125114df5157749?s=96&d=mm&r=g","contentUrl":"https:\/\/secure.gravatar.com\/avatar\/661a3ef63a8488d4f2794ed44af8cf71420f7e106f3072c40125114df5157749?s=96&d=mm&r=g","caption":"Cecilia Pastrana"},"sameAs":["cecy"],"url":"https:\/\/nahuelproducciones.com.ar\/radioquijano\/author\/cecy\/"}]}},"_links":{"self":[{"href":"https:\/\/nahuelproducciones.com.ar\/radioquijano\/wp-json\/wp\/v2\/posts\/3151","targetHints":{"allow":["GET"]}}],"collection":[{"href":"https:\/\/nahuelproducciones.com.ar\/radioquijano\/wp-json\/wp\/v2\/posts"}],"about":[{"href":"https:\/\/nahuelproducciones.com.ar\/radioquijano\/wp-json\/wp\/v2\/types\/post"}],"author":[{"embeddable":true,"href":"https:\/\/nahuelproducciones.com.ar\/radioquijano\/wp-json\/wp\/v2\/users\/8"}],"replies":[{"embeddable":true,"href":"https:\/\/nahuelproducciones.com.ar\/radioquijano\/wp-json\/wp\/v2\/comments?post=3151"}],"version-history":[{"count":1,"href":"https:\/\/nahuelproducciones.com.ar\/radioquijano\/wp-json\/wp\/v2\/posts\/3151\/revisions"}],"predecessor-version":[{"id":3152,"href":"https:\/\/nahuelproducciones.com.ar\/radioquijano\/wp-json\/wp\/v2\/posts\/3151\/revisions\/3152"}],"wp:featuredmedia":[{"embeddable":true,"href":"https:\/\/nahuelproducciones.com.ar\/radioquijano\/wp-json\/wp\/v2\/media\/3082"}],"wp:attachment":[{"href":"https:\/\/nahuelproducciones.com.ar\/radioquijano\/wp-json\/wp\/v2\/media?parent=3151"}],"wp:term":[{"taxonomy":"category","embeddable":true,"href":"https:\/\/nahuelproducciones.com.ar\/radioquijano\/wp-json\/wp\/v2\/categories?post=3151"},{"taxonomy":"post_tag","embeddable":true,"href":"https:\/\/nahuelproducciones.com.ar\/radioquijano\/wp-json\/wp\/v2\/tags?post=3151"}],"curies":[{"name":"wp","href":"https:\/\/api.w.org\/{rel}","templated":true}]}}