{"id":3165,"date":"2022-07-26T22:42:42","date_gmt":"2022-07-27T01:42:42","guid":{"rendered":"https:\/\/nahuelproducciones.com.ar\/radioquijano\/?p=3165"},"modified":"2022-07-26T22:42:43","modified_gmt":"2022-07-27T01:42:43","slug":"salud-capacito-sobre-crianza-positiva-en-campo-quijano","status":"publish","type":"post","link":"https:\/\/nahuelproducciones.com.ar\/radioquijano\/salud-capacito-sobre-crianza-positiva-en-campo-quijano\/","title":{"rendered":"Salud capacit\u00f3 sobre crianza positiva en Campo Quijano"},"content":{"rendered":"\n<p>La Direcci\u00f3n de Redes Sanitarias y Comunitarias de la Secretar\u00eda de Salud Mental y Adicciones, realiz\u00f3 la segunda de cuatro jornadas de capacitaci\u00f3n sobre factores protectores en salud mental.<\/p>\n\n\n\n<p>La misma se llev\u00f3 a cabo en la Casa de la Cultura de Campo Quijano y concentr\u00f3 a referentes comunitarios que forman parte de la red socio-sanitaria del municipio y al equipo de salud del hospital \u201cDr. Francisco Herrera\u201d.<\/p>\n\n\n\n<p>Los asistentes recibieron informaci\u00f3n sobre crianza positiva y las caracter\u00edsticas del neurodesarrollo, presi\u00f3n de grupo, autoestima, toma de decisiones, socializaci\u00f3n en la familia y en el espacio educativo.<\/p>\n\n\n\n<p>Adem\u00e1s, se trabaj\u00f3 en la transversalizaci\u00f3n de desarrollo del ni\u00f1o y preadolescente en los \u00e1mbitos, personal, familiar, educativo y social.<\/p>\n\n\n\n<p>Los encuentros se desarrollan con la finalidad de potenciar los factores de protecci\u00f3n en la poblaci\u00f3n, para fortalecer los lazos y abordar las problem\u00e1ticas de salud mental y adicciones que se visualizan en los diferentes escenarios sociales.<\/p>\n\n\n\n<p>La pr\u00f3xima jornada est\u00e1 prevista para el viernes 29 de julio -en el mismo lugar- donde se trabajar\u00e1 sobre consumos problem\u00e1ticos.<\/p>\n\n\n\n<p><strong>Sobre la crianza positiva<\/strong><\/p>\n\n\n\n<p>Es el conjunto de pr\u00e1cticas de cuidado, protecci\u00f3n, formaci\u00f3n y gu\u00eda que ayudan al desarrollo, bienestar y crecimiento saludable y armonioso de las ni\u00f1as, ni\u00f1os y adolescentes, y toma en cuenta la evoluci\u00f3n de las facultades de los ni\u00f1os, ni\u00f1as o adolescentes y la edad en la que se encuentran.<\/p>\n\n\n\n<p>Fuente:\u00a0Secretar\u00eda de Prensa y Comunicaci\u00f3n<\/p>\n\n\n\n<p><a href=\"https:\/\/nahuelproducciones.com.ar\/index.php\/rq999\" target=\"_blank\" rel=\"noreferrer noopener\">#RQ99.9Mhz<\/a>\u00a0<a href=\"https:\/\/nahuelproducciones.com.ar\/\" target=\"_blank\" rel=\"noreferrer noopener\">#CAMPOQUIJANO<\/a>\u00a0<a href=\"http:\/\/nahuelproducciones.com.ar\/radioquijano\/\" target=\"_blank\" rel=\"noreferrer noopener\">#RadioQuijano<\/a><\/p>\n","protected":false},"excerpt":{"rendered":"<p>La Direcci\u00f3n de Redes Sanitarias y Comunitarias de la Secretar\u00eda de Salud Mental y Adicciones, realiz\u00f3 la segunda de cuatro jornadas de capacitaci\u00f3n sobre factores protectores en salud mental. La misma se llev\u00f3 a cabo en la Casa de la Cultura de Campo Quijano y concentr\u00f3 a referentes comunitarios que forman parte de la red [&hellip;]<\/p>\n","protected":false},"author":8,"featured_media":3166,"comment_status":"open","ping_status":"open","sticky":false,"template":"","format":"standard","meta":{"_monsterinsights_skip_tracking":false,"_monsterinsights_sitenote_active":false,"_monsterinsights_sitenote_note":"","_monsterinsights_sitenote_category":0,"footnotes":""},"categories":[16],"tags":[471,586,71],"class_list":["post-3165","post","type-post","status-publish","format-standard","has-post-thumbnail","hentry","category-noticias","tag-hospital-dr-francisco-herrera-2","tag-la-direccion-de-redes-sanitarias-y-comunitarias-de-la-secretaria-de-salud-mental-y-adicciones","tag-municipalidad-de-campo-quijano"],"yoast_head":"<!-- This site is optimized with the Yoast SEO plugin v20.8 - https:\/\/yoast.com\/wordpress\/plugins\/seo\/ -->\n<title>Salud capacit\u00f3 sobre crianza positiva en Campo Quijano - RQ 99.9<\/title>\n<meta name=\"description\" content=\"Se abordaron temas relacionados al neurodesarrollo y a la socializaci\u00f3n del ni\u00f1o y preadolescente en diversos \u00e1mbitos. La actividad se llev\u00f3 a cabo en la Casa de la Cultura de ese municipio La actividad se llev\u00f3 a cabo en la Casa de la Cultura de ese municipio.\" \/>\n<meta name=\"robots\" content=\"index, follow, max-snippet:-1, max-image-preview:large, max-video-preview:-1\" \/>\n<link rel=\"canonical\" href=\"https:\/\/nahuelproducciones.com.ar\/radioquijano\/salud-capacito-sobre-crianza-positiva-en-campo-quijano\/\" \/>\n<meta property=\"og:locale\" content=\"es_ES\" \/>\n<meta property=\"og:type\" content=\"article\" \/>\n<meta property=\"og:title\" content=\"Salud capacit\u00f3 sobre crianza positiva en Campo Quijano - RQ 99.9\" \/>\n<meta property=\"og:description\" content=\"Se abordaron temas relacionados al neurodesarrollo y a la socializaci\u00f3n del ni\u00f1o y preadolescente en diversos \u00e1mbitos. La actividad se llev\u00f3 a cabo en la Casa de la Cultura de ese municipio La actividad se llev\u00f3 a cabo en la Casa de la Cultura de ese municipio.\" \/>\n<meta property=\"og:url\" content=\"https:\/\/nahuelproducciones.com.ar\/radioquijano\/salud-capacito-sobre-crianza-positiva-en-campo-quijano\/\" \/>\n<meta property=\"og:site_name\" content=\"RQ 99.9\" \/>\n<meta property=\"article:publisher\" content=\"https:\/\/www.facebook.com\/nahuelproducciones999\/\" \/>\n<meta property=\"article:published_time\" content=\"2022-07-27T01:42:42+00:00\" \/>\n<meta property=\"article:modified_time\" content=\"2022-07-27T01:42:43+00:00\" \/>\n<meta property=\"og:image\" content=\"https:\/\/nahuelproducciones.com.ar\/radioquijano\/wp-content\/uploads\/2022\/07\/83827-salud-capacito-sobre-crianza-positiva-en-campo-quijano.jpg\" \/>\n\t<meta property=\"og:image:width\" content=\"560\" \/>\n\t<meta property=\"og:image:height\" content=\"370\" \/>\n\t<meta property=\"og:image:type\" content=\"image\/jpeg\" \/>\n<meta name=\"author\" content=\"Cecilia Pastrana\" \/>\n<meta name=\"twitter:card\" content=\"summary_large_image\" \/>\n<meta name=\"twitter:creator\" content=\"@nahuproduciones\" \/>\n<meta name=\"twitter:site\" content=\"@nahuproduciones\" \/>\n<meta name=\"twitter:label1\" content=\"Escrito por\" \/>\n\t<meta name=\"twitter:data1\" content=\"Cecilia Pastrana\" \/>\n\t<meta name=\"twitter:label2\" content=\"Tiempo de lectura\" \/>\n\t<meta name=\"twitter:data2\" content=\"2 minutos\" \/>\n<script type=\"application\/ld+json\" class=\"yoast-schema-graph\">{\"@context\":\"https:\/\/schema.org\",\"@graph\":[{\"@type\":\"WebPage\",\"@id\":\"https:\/\/nahuelproducciones.com.ar\/radioquijano\/salud-capacito-sobre-crianza-positiva-en-campo-quijano\/\",\"url\":\"https:\/\/nahuelproducciones.com.ar\/radioquijano\/salud-capacito-sobre-crianza-positiva-en-campo-quijano\/\",\"name\":\"Salud capacit\u00f3 sobre crianza positiva en Campo Quijano - RQ 99.9\",\"isPartOf\":{\"@id\":\"https:\/\/nahuelproducciones.com.ar\/radioquijano\/#website\"},\"datePublished\":\"2022-07-27T01:42:42+00:00\",\"dateModified\":\"2022-07-27T01:42:43+00:00\",\"author\":{\"@id\":\"https:\/\/nahuelproducciones.com.ar\/radioquijano\/#\/schema\/person\/e8a4f939e2cb487fe6d0c54042c9d32c\"},\"description\":\"Se abordaron temas relacionados al neurodesarrollo y a la socializaci\u00f3n del ni\u00f1o y preadolescente en diversos \u00e1mbitos. La actividad se llev\u00f3 a cabo en la Casa de la Cultura de ese municipio La actividad se llev\u00f3 a cabo en la Casa de la Cultura de ese municipio.\",\"breadcrumb\":{\"@id\":\"https:\/\/nahuelproducciones.com.ar\/radioquijano\/salud-capacito-sobre-crianza-positiva-en-campo-quijano\/#breadcrumb\"},\"inLanguage\":\"es\",\"potentialAction\":[{\"@type\":\"ReadAction\",\"target\":[\"https:\/\/nahuelproducciones.com.ar\/radioquijano\/salud-capacito-sobre-crianza-positiva-en-campo-quijano\/\"]}]},{\"@type\":\"BreadcrumbList\",\"@id\":\"https:\/\/nahuelproducciones.com.ar\/radioquijano\/salud-capacito-sobre-crianza-positiva-en-campo-quijano\/#breadcrumb\",\"itemListElement\":[{\"@type\":\"ListItem\",\"position\":1,\"name\":\"Portada\",\"item\":\"https:\/\/nahuelproducciones.com.ar\/radioquijano\/\"},{\"@type\":\"ListItem\",\"position\":2,\"name\":\"Salud capacit\u00f3 sobre crianza positiva en Campo Quijano\"}]},{\"@type\":\"WebSite\",\"@id\":\"https:\/\/nahuelproducciones.com.ar\/radioquijano\/#website\",\"url\":\"https:\/\/nahuelproducciones.com.ar\/radioquijano\/\",\"name\":\"RQ 99.9\",\"description\":\"Radio Quijano 99.9 MHz\",\"potentialAction\":[{\"@type\":\"SearchAction\",\"target\":{\"@type\":\"EntryPoint\",\"urlTemplate\":\"https:\/\/nahuelproducciones.com.ar\/radioquijano\/?s={search_term_string}\"},\"query-input\":\"required name=search_term_string\"}],\"inLanguage\":\"es\"},{\"@type\":\"Person\",\"@id\":\"https:\/\/nahuelproducciones.com.ar\/radioquijano\/#\/schema\/person\/e8a4f939e2cb487fe6d0c54042c9d32c\",\"name\":\"Cecilia Pastrana\",\"image\":{\"@type\":\"ImageObject\",\"inLanguage\":\"es\",\"@id\":\"https:\/\/nahuelproducciones.com.ar\/radioquijano\/#\/schema\/person\/image\/\",\"url\":\"https:\/\/secure.gravatar.com\/avatar\/661a3ef63a8488d4f2794ed44af8cf71420f7e106f3072c40125114df5157749?s=96&d=mm&r=g\",\"contentUrl\":\"https:\/\/secure.gravatar.com\/avatar\/661a3ef63a8488d4f2794ed44af8cf71420f7e106f3072c40125114df5157749?s=96&d=mm&r=g\",\"caption\":\"Cecilia Pastrana\"},\"sameAs\":[\"cecy\"],\"url\":\"https:\/\/nahuelproducciones.com.ar\/radioquijano\/author\/cecy\/\"}]}<\/script>\n<!-- \/ Yoast SEO plugin. -->","yoast_head_json":{"title":"Salud capacit\u00f3 sobre crianza positiva en Campo Quijano - RQ 99.9","description":"Se abordaron temas relacionados al neurodesarrollo y a la socializaci\u00f3n del ni\u00f1o y preadolescente en diversos \u00e1mbitos. La actividad se llev\u00f3 a cabo en la Casa de la Cultura de ese municipio La actividad se llev\u00f3 a cabo en la Casa de la Cultura de ese municipio.","robots":{"index":"index","follow":"follow","max-snippet":"max-snippet:-1","max-image-preview":"max-image-preview:large","max-video-preview":"max-video-preview:-1"},"canonical":"https:\/\/nahuelproducciones.com.ar\/radioquijano\/salud-capacito-sobre-crianza-positiva-en-campo-quijano\/","og_locale":"es_ES","og_type":"article","og_title":"Salud capacit\u00f3 sobre crianza positiva en Campo Quijano - RQ 99.9","og_description":"Se abordaron temas relacionados al neurodesarrollo y a la socializaci\u00f3n del ni\u00f1o y preadolescente en diversos \u00e1mbitos. La actividad se llev\u00f3 a cabo en la Casa de la Cultura de ese municipio La actividad se llev\u00f3 a cabo en la Casa de la Cultura de ese municipio.","og_url":"https:\/\/nahuelproducciones.com.ar\/radioquijano\/salud-capacito-sobre-crianza-positiva-en-campo-quijano\/","og_site_name":"RQ 99.9","article_publisher":"https:\/\/www.facebook.com\/nahuelproducciones999\/","article_published_time":"2022-07-27T01:42:42+00:00","article_modified_time":"2022-07-27T01:42:43+00:00","og_image":[{"width":560,"height":370,"url":"https:\/\/nahuelproducciones.com.ar\/radioquijano\/wp-content\/uploads\/2022\/07\/83827-salud-capacito-sobre-crianza-positiva-en-campo-quijano.jpg","type":"image\/jpeg"}],"author":"Cecilia Pastrana","twitter_card":"summary_large_image","twitter_creator":"@nahuproduciones","twitter_site":"@nahuproduciones","twitter_misc":{"Escrito por":"Cecilia Pastrana","Tiempo de lectura":"2 minutos"},"schema":{"@context":"https:\/\/schema.org","@graph":[{"@type":"WebPage","@id":"https:\/\/nahuelproducciones.com.ar\/radioquijano\/salud-capacito-sobre-crianza-positiva-en-campo-quijano\/","url":"https:\/\/nahuelproducciones.com.ar\/radioquijano\/salud-capacito-sobre-crianza-positiva-en-campo-quijano\/","name":"Salud capacit\u00f3 sobre crianza positiva en Campo Quijano - RQ 99.9","isPartOf":{"@id":"https:\/\/nahuelproducciones.com.ar\/radioquijano\/#website"},"datePublished":"2022-07-27T01:42:42+00:00","dateModified":"2022-07-27T01:42:43+00:00","author":{"@id":"https:\/\/nahuelproducciones.com.ar\/radioquijano\/#\/schema\/person\/e8a4f939e2cb487fe6d0c54042c9d32c"},"description":"Se abordaron temas relacionados al neurodesarrollo y a la socializaci\u00f3n del ni\u00f1o y preadolescente en diversos \u00e1mbitos. La actividad se llev\u00f3 a cabo en la Casa de la Cultura de ese municipio La actividad se llev\u00f3 a cabo en la Casa de la Cultura de ese municipio.","breadcrumb":{"@id":"https:\/\/nahuelproducciones.com.ar\/radioquijano\/salud-capacito-sobre-crianza-positiva-en-campo-quijano\/#breadcrumb"},"inLanguage":"es","potentialAction":[{"@type":"ReadAction","target":["https:\/\/nahuelproducciones.com.ar\/radioquijano\/salud-capacito-sobre-crianza-positiva-en-campo-quijano\/"]}]},{"@type":"BreadcrumbList","@id":"https:\/\/nahuelproducciones.com.ar\/radioquijano\/salud-capacito-sobre-crianza-positiva-en-campo-quijano\/#breadcrumb","itemListElement":[{"@type":"ListItem","position":1,"name":"Portada","item":"https:\/\/nahuelproducciones.com.ar\/radioquijano\/"},{"@type":"ListItem","position":2,"name":"Salud capacit\u00f3 sobre crianza positiva en Campo Quijano"}]},{"@type":"WebSite","@id":"https:\/\/nahuelproducciones.com.ar\/radioquijano\/#website","url":"https:\/\/nahuelproducciones.com.ar\/radioquijano\/","name":"RQ 99.9","description":"Radio Quijano 99.9 MHz","potentialAction":[{"@type":"SearchAction","target":{"@type":"EntryPoint","urlTemplate":"https:\/\/nahuelproducciones.com.ar\/radioquijano\/?s={search_term_string}"},"query-input":"required name=search_term_string"}],"inLanguage":"es"},{"@type":"Person","@id":"https:\/\/nahuelproducciones.com.ar\/radioquijano\/#\/schema\/person\/e8a4f939e2cb487fe6d0c54042c9d32c","name":"Cecilia Pastrana","image":{"@type":"ImageObject","inLanguage":"es","@id":"https:\/\/nahuelproducciones.com.ar\/radioquijano\/#\/schema\/person\/image\/","url":"https:\/\/secure.gravatar.com\/avatar\/661a3ef63a8488d4f2794ed44af8cf71420f7e106f3072c40125114df5157749?s=96&d=mm&r=g","contentUrl":"https:\/\/secure.gravatar.com\/avatar\/661a3ef63a8488d4f2794ed44af8cf71420f7e106f3072c40125114df5157749?s=96&d=mm&r=g","caption":"Cecilia Pastrana"},"sameAs":["cecy"],"url":"https:\/\/nahuelproducciones.com.ar\/radioquijano\/author\/cecy\/"}]}},"_links":{"self":[{"href":"https:\/\/nahuelproducciones.com.ar\/radioquijano\/wp-json\/wp\/v2\/posts\/3165","targetHints":{"allow":["GET"]}}],"collection":[{"href":"https:\/\/nahuelproducciones.com.ar\/radioquijano\/wp-json\/wp\/v2\/posts"}],"about":[{"href":"https:\/\/nahuelproducciones.com.ar\/radioquijano\/wp-json\/wp\/v2\/types\/post"}],"author":[{"embeddable":true,"href":"https:\/\/nahuelproducciones.com.ar\/radioquijano\/wp-json\/wp\/v2\/users\/8"}],"replies":[{"embeddable":true,"href":"https:\/\/nahuelproducciones.com.ar\/radioquijano\/wp-json\/wp\/v2\/comments?post=3165"}],"version-history":[{"count":1,"href":"https:\/\/nahuelproducciones.com.ar\/radioquijano\/wp-json\/wp\/v2\/posts\/3165\/revisions"}],"predecessor-version":[{"id":3167,"href":"https:\/\/nahuelproducciones.com.ar\/radioquijano\/wp-json\/wp\/v2\/posts\/3165\/revisions\/3167"}],"wp:featuredmedia":[{"embeddable":true,"href":"https:\/\/nahuelproducciones.com.ar\/radioquijano\/wp-json\/wp\/v2\/media\/3166"}],"wp:attachment":[{"href":"https:\/\/nahuelproducciones.com.ar\/radioquijano\/wp-json\/wp\/v2\/media?parent=3165"}],"wp:term":[{"taxonomy":"category","embeddable":true,"href":"https:\/\/nahuelproducciones.com.ar\/radioquijano\/wp-json\/wp\/v2\/categories?post=3165"},{"taxonomy":"post_tag","embeddable":true,"href":"https:\/\/nahuelproducciones.com.ar\/radioquijano\/wp-json\/wp\/v2\/tags?post=3165"}],"curies":[{"name":"wp","href":"https:\/\/api.w.org\/{rel}","templated":true}]}}