{"id":3173,"date":"2022-07-27T00:19:25","date_gmt":"2022-07-27T03:19:25","guid":{"rendered":"https:\/\/nahuelproducciones.com.ar\/radioquijano\/?p=3173"},"modified":"2022-07-27T00:19:36","modified_gmt":"2022-07-27T03:19:36","slug":"taller-sobre-diabetes-invita-el-hospital-dr-francisco-herrera","status":"publish","type":"post","link":"https:\/\/nahuelproducciones.com.ar\/radioquijano\/taller-sobre-diabetes-invita-el-hospital-dr-francisco-herrera\/","title":{"rendered":"Taller sobre diabetes, invita el Hospital Dr Francisco Herrera."},"content":{"rendered":"\n<p>El Prop\u00f3sito del taller es proporcionar conocimientos que sirvan de ayuda a la persona con diabetes, familiares, amigos y mejorar con ello su calidad de vida.<\/p>\n\n\n\n<p>\u00a0La invitaci\u00f3n al taller la realizan en RQ99.9Mhz  las practicantes de Lic. en nutrici\u00f3n, Paola Arjona y Liliana Quispe confirmando que se desarrollar\u00e1 en el Puesto Sanitario \u00abEl Portal\u00bb con la participaci\u00f3n tambi\u00e9n de Lic. en enfermer\u00eda y Agentes Sanitarios el d\u00eda 27 de julio de 14:00hs a 16:00hs.<\/p>\n\n\n\n<p>Entre las actividades se pondr\u00e1 el acento en los alimentos y comidas variadas que pueden consumir las personas diab\u00e9ticas, para aprender de una forma interactiva las distintas formas de cocinar de forma saludable.<\/p>\n\n\n\n<p>Gran parte de los casos y sus complicaciones podr\u00edan prevenirse:\u00a0Una forma de educaci\u00f3n y prevenci\u00f3n tiene que ver con lo que la persona \u201celige comer\u201d,\u00a0 ya que constituye uno de los factores clave en el tratamiento de las personas con diabetes.<\/p>\n\n\n\n<p>\u00a0Hay que recordar que los factores de riesgo m\u00e1s importantes son el sobrepeso, la obesidad, el sedentarismo y la mala alimentaci\u00f3n.<\/p>\n\n\n\n<p>Temas a tratar:<\/p>\n\n\n\n<p>\u2022 \u00cdndice gluc\u00e9mico<\/p>\n\n\n\n<p>\u2022 Clasificaci\u00f3n del indice gluc\u00e9mico en alimentos<\/p>\n\n\n\n<p>\u2022 Preparaci\u00f3n saludable<\/p>\n\n\n\n<p>Recuerden que la cita es en el Puesto Sanitario \u00abEl Portal\u00bb el d\u00eda 27 de julio de 14:00hs a 16:00hs. <\/p>\n\n\n\n<p>En entrevista con RQ99Mhz , las estudiantes en Lic. en Nutrici\u00f3n,se refirieron al Taller y a otros temas consultado. Le compartimos el audio.<audio src=\"https:\/\/nahuelproducciones.com.ar\/radioquijano\/wp-content\/uploads\/2022\/07\/26-07-2022-Ariel-Gaallardo-denuncia-a-folloni-Malv-de-fondos-y-incumpl-de-deber-de-funcionario.mp3\"><\/p>\n\n\n\n<p><\/p>\n\n\n\n<figure class=\"wp-block-audio\"><audio controls src=\"https:\/\/nahuelproducciones.com.ar\/radioquijano\/wp-content\/uploads\/2022\/07\/19-07-2022-Paola-Arjona-liliana-Quispe-TALLERES-DE-NUTRICION-E-HIPERTENSION.mp3\"><\/audio><\/figure>\n\n\n\n<p><a href=\"https:\/\/nahuelproducciones.com.ar\/index.php\/rq999\" target=\"_blank\" rel=\"noreferrer noopener\">#RQ99.9Mhz<\/a>\u00a0<a href=\"https:\/\/nahuelproducciones.com.ar\/\" target=\"_blank\" rel=\"noreferrer noopener\">#CAMPOQUIJANO<\/a>\u00a0<a href=\"http:\/\/nahuelproducciones.com.ar\/radioquijano\/\" target=\"_blank\" rel=\"noreferrer noopener\">#RadioQuijano<\/a><\/p>\n","protected":false},"excerpt":{"rendered":"<p>El Prop\u00f3sito del taller es proporcionar conocimientos que sirvan de ayuda a la persona con diabetes, familiares, amigos y mejorar con ello su calidad de vida. \u00a0La invitaci\u00f3n al taller la realizan en RQ99.9Mhz las practicantes de Lic. en nutrici\u00f3n, Paola Arjona y Liliana Quispe confirmando que se desarrollar\u00e1 en el Puesto Sanitario \u00abEl Portal\u00bb [&hellip;]<\/p>\n","protected":false},"author":8,"featured_media":3174,"comment_status":"open","ping_status":"open","sticky":false,"template":"","format":"standard","meta":{"_monsterinsights_skip_tracking":false,"_monsterinsights_sitenote_active":false,"_monsterinsights_sitenote_note":"","_monsterinsights_sitenote_category":0,"footnotes":""},"categories":[8,16],"tags":[36,471,591,590,559],"class_list":["post-3173","post","type-post","status-publish","format-standard","has-post-thumbnail","hentry","category-blog-de-sapito","category-noticias","tag-campo-quijano","tag-hospital-dr-francisco-herrera-2","tag-liliana-quispe","tag-paola-arjona","tag-taller-de-diabetes"],"yoast_head":"<!-- This site is optimized with the Yoast SEO plugin v20.8 - https:\/\/yoast.com\/wordpress\/plugins\/seo\/ -->\n<title>Taller sobre diabetes, invita el Hospital Dr Francisco Herrera. - RQ 99.9<\/title>\n<meta name=\"description\" content=\"Recuerden que la cita es en el Puesto Sanitario &quot;El Portal&quot; el d\u00eda 27 de julio de 14:00hs a 16:00hs.\" \/>\n<meta name=\"robots\" content=\"index, follow, max-snippet:-1, max-image-preview:large, max-video-preview:-1\" \/>\n<link rel=\"canonical\" href=\"https:\/\/nahuelproducciones.com.ar\/radioquijano\/taller-sobre-diabetes-invita-el-hospital-dr-francisco-herrera\/\" \/>\n<meta property=\"og:locale\" content=\"es_ES\" \/>\n<meta property=\"og:type\" content=\"article\" \/>\n<meta property=\"og:title\" content=\"Taller sobre diabetes, invita el Hospital Dr Francisco Herrera. - RQ 99.9\" \/>\n<meta property=\"og:description\" content=\"Recuerden que la cita es en el Puesto Sanitario &quot;El Portal&quot; el d\u00eda 27 de julio de 14:00hs a 16:00hs.\" \/>\n<meta property=\"og:url\" content=\"https:\/\/nahuelproducciones.com.ar\/radioquijano\/taller-sobre-diabetes-invita-el-hospital-dr-francisco-herrera\/\" \/>\n<meta property=\"og:site_name\" content=\"RQ 99.9\" \/>\n<meta property=\"article:publisher\" content=\"https:\/\/www.facebook.com\/nahuelproducciones999\/\" \/>\n<meta property=\"article:published_time\" content=\"2022-07-27T03:19:25+00:00\" \/>\n<meta property=\"article:modified_time\" content=\"2022-07-27T03:19:36+00:00\" \/>\n<meta property=\"og:image\" content=\"https:\/\/nahuelproducciones.com.ar\/radioquijano\/wp-content\/uploads\/2022\/07\/taller-de-diabetes.jpg\" \/>\n\t<meta property=\"og:image:width\" content=\"720\" \/>\n\t<meta property=\"og:image:height\" content=\"1020\" \/>\n\t<meta property=\"og:image:type\" content=\"image\/jpeg\" \/>\n<meta name=\"author\" content=\"Cecilia Pastrana\" \/>\n<meta name=\"twitter:card\" content=\"summary_large_image\" \/>\n<meta name=\"twitter:creator\" content=\"@nahuproduciones\" \/>\n<meta name=\"twitter:site\" content=\"@nahuproduciones\" \/>\n<meta name=\"twitter:label1\" content=\"Escrito por\" \/>\n\t<meta name=\"twitter:data1\" content=\"Cecilia Pastrana\" \/>\n\t<meta name=\"twitter:label2\" content=\"Tiempo de lectura\" \/>\n\t<meta name=\"twitter:data2\" content=\"2 minutos\" \/>\n<script type=\"application\/ld+json\" class=\"yoast-schema-graph\">{\"@context\":\"https:\/\/schema.org\",\"@graph\":[{\"@type\":\"WebPage\",\"@id\":\"https:\/\/nahuelproducciones.com.ar\/radioquijano\/taller-sobre-diabetes-invita-el-hospital-dr-francisco-herrera\/\",\"url\":\"https:\/\/nahuelproducciones.com.ar\/radioquijano\/taller-sobre-diabetes-invita-el-hospital-dr-francisco-herrera\/\",\"name\":\"Taller sobre diabetes, invita el Hospital Dr Francisco Herrera. - RQ 99.9\",\"isPartOf\":{\"@id\":\"https:\/\/nahuelproducciones.com.ar\/radioquijano\/#website\"},\"datePublished\":\"2022-07-27T03:19:25+00:00\",\"dateModified\":\"2022-07-27T03:19:36+00:00\",\"author\":{\"@id\":\"https:\/\/nahuelproducciones.com.ar\/radioquijano\/#\/schema\/person\/e8a4f939e2cb487fe6d0c54042c9d32c\"},\"description\":\"Recuerden que la cita es en el Puesto Sanitario \\\"El Portal\\\" el d\u00eda 27 de julio de 14:00hs a 16:00hs.\",\"breadcrumb\":{\"@id\":\"https:\/\/nahuelproducciones.com.ar\/radioquijano\/taller-sobre-diabetes-invita-el-hospital-dr-francisco-herrera\/#breadcrumb\"},\"inLanguage\":\"es\",\"potentialAction\":[{\"@type\":\"ReadAction\",\"target\":[\"https:\/\/nahuelproducciones.com.ar\/radioquijano\/taller-sobre-diabetes-invita-el-hospital-dr-francisco-herrera\/\"]}]},{\"@type\":\"BreadcrumbList\",\"@id\":\"https:\/\/nahuelproducciones.com.ar\/radioquijano\/taller-sobre-diabetes-invita-el-hospital-dr-francisco-herrera\/#breadcrumb\",\"itemListElement\":[{\"@type\":\"ListItem\",\"position\":1,\"name\":\"Portada\",\"item\":\"https:\/\/nahuelproducciones.com.ar\/radioquijano\/\"},{\"@type\":\"ListItem\",\"position\":2,\"name\":\"Taller sobre diabetes, invita el Hospital Dr Francisco Herrera.\"}]},{\"@type\":\"WebSite\",\"@id\":\"https:\/\/nahuelproducciones.com.ar\/radioquijano\/#website\",\"url\":\"https:\/\/nahuelproducciones.com.ar\/radioquijano\/\",\"name\":\"RQ 99.9\",\"description\":\"Radio Quijano 99.9 MHz\",\"potentialAction\":[{\"@type\":\"SearchAction\",\"target\":{\"@type\":\"EntryPoint\",\"urlTemplate\":\"https:\/\/nahuelproducciones.com.ar\/radioquijano\/?s={search_term_string}\"},\"query-input\":\"required name=search_term_string\"}],\"inLanguage\":\"es\"},{\"@type\":\"Person\",\"@id\":\"https:\/\/nahuelproducciones.com.ar\/radioquijano\/#\/schema\/person\/e8a4f939e2cb487fe6d0c54042c9d32c\",\"name\":\"Cecilia Pastrana\",\"image\":{\"@type\":\"ImageObject\",\"inLanguage\":\"es\",\"@id\":\"https:\/\/nahuelproducciones.com.ar\/radioquijano\/#\/schema\/person\/image\/\",\"url\":\"https:\/\/secure.gravatar.com\/avatar\/661a3ef63a8488d4f2794ed44af8cf71420f7e106f3072c40125114df5157749?s=96&d=mm&r=g\",\"contentUrl\":\"https:\/\/secure.gravatar.com\/avatar\/661a3ef63a8488d4f2794ed44af8cf71420f7e106f3072c40125114df5157749?s=96&d=mm&r=g\",\"caption\":\"Cecilia Pastrana\"},\"sameAs\":[\"cecy\"],\"url\":\"https:\/\/nahuelproducciones.com.ar\/radioquijano\/author\/cecy\/\"}]}<\/script>\n<!-- \/ Yoast SEO plugin. -->","yoast_head_json":{"title":"Taller sobre diabetes, invita el Hospital Dr Francisco Herrera. - RQ 99.9","description":"Recuerden que la cita es en el Puesto Sanitario \"El Portal\" el d\u00eda 27 de julio de 14:00hs a 16:00hs.","robots":{"index":"index","follow":"follow","max-snippet":"max-snippet:-1","max-image-preview":"max-image-preview:large","max-video-preview":"max-video-preview:-1"},"canonical":"https:\/\/nahuelproducciones.com.ar\/radioquijano\/taller-sobre-diabetes-invita-el-hospital-dr-francisco-herrera\/","og_locale":"es_ES","og_type":"article","og_title":"Taller sobre diabetes, invita el Hospital Dr Francisco Herrera. - RQ 99.9","og_description":"Recuerden que la cita es en el Puesto Sanitario \"El Portal\" el d\u00eda 27 de julio de 14:00hs a 16:00hs.","og_url":"https:\/\/nahuelproducciones.com.ar\/radioquijano\/taller-sobre-diabetes-invita-el-hospital-dr-francisco-herrera\/","og_site_name":"RQ 99.9","article_publisher":"https:\/\/www.facebook.com\/nahuelproducciones999\/","article_published_time":"2022-07-27T03:19:25+00:00","article_modified_time":"2022-07-27T03:19:36+00:00","og_image":[{"width":720,"height":1020,"url":"https:\/\/nahuelproducciones.com.ar\/radioquijano\/wp-content\/uploads\/2022\/07\/taller-de-diabetes.jpg","type":"image\/jpeg"}],"author":"Cecilia Pastrana","twitter_card":"summary_large_image","twitter_creator":"@nahuproduciones","twitter_site":"@nahuproduciones","twitter_misc":{"Escrito por":"Cecilia Pastrana","Tiempo de lectura":"2 minutos"},"schema":{"@context":"https:\/\/schema.org","@graph":[{"@type":"WebPage","@id":"https:\/\/nahuelproducciones.com.ar\/radioquijano\/taller-sobre-diabetes-invita-el-hospital-dr-francisco-herrera\/","url":"https:\/\/nahuelproducciones.com.ar\/radioquijano\/taller-sobre-diabetes-invita-el-hospital-dr-francisco-herrera\/","name":"Taller sobre diabetes, invita el Hospital Dr Francisco Herrera. - RQ 99.9","isPartOf":{"@id":"https:\/\/nahuelproducciones.com.ar\/radioquijano\/#website"},"datePublished":"2022-07-27T03:19:25+00:00","dateModified":"2022-07-27T03:19:36+00:00","author":{"@id":"https:\/\/nahuelproducciones.com.ar\/radioquijano\/#\/schema\/person\/e8a4f939e2cb487fe6d0c54042c9d32c"},"description":"Recuerden que la cita es en el Puesto Sanitario \"El Portal\" el d\u00eda 27 de julio de 14:00hs a 16:00hs.","breadcrumb":{"@id":"https:\/\/nahuelproducciones.com.ar\/radioquijano\/taller-sobre-diabetes-invita-el-hospital-dr-francisco-herrera\/#breadcrumb"},"inLanguage":"es","potentialAction":[{"@type":"ReadAction","target":["https:\/\/nahuelproducciones.com.ar\/radioquijano\/taller-sobre-diabetes-invita-el-hospital-dr-francisco-herrera\/"]}]},{"@type":"BreadcrumbList","@id":"https:\/\/nahuelproducciones.com.ar\/radioquijano\/taller-sobre-diabetes-invita-el-hospital-dr-francisco-herrera\/#breadcrumb","itemListElement":[{"@type":"ListItem","position":1,"name":"Portada","item":"https:\/\/nahuelproducciones.com.ar\/radioquijano\/"},{"@type":"ListItem","position":2,"name":"Taller sobre diabetes, invita el Hospital Dr Francisco Herrera."}]},{"@type":"WebSite","@id":"https:\/\/nahuelproducciones.com.ar\/radioquijano\/#website","url":"https:\/\/nahuelproducciones.com.ar\/radioquijano\/","name":"RQ 99.9","description":"Radio Quijano 99.9 MHz","potentialAction":[{"@type":"SearchAction","target":{"@type":"EntryPoint","urlTemplate":"https:\/\/nahuelproducciones.com.ar\/radioquijano\/?s={search_term_string}"},"query-input":"required name=search_term_string"}],"inLanguage":"es"},{"@type":"Person","@id":"https:\/\/nahuelproducciones.com.ar\/radioquijano\/#\/schema\/person\/e8a4f939e2cb487fe6d0c54042c9d32c","name":"Cecilia Pastrana","image":{"@type":"ImageObject","inLanguage":"es","@id":"https:\/\/nahuelproducciones.com.ar\/radioquijano\/#\/schema\/person\/image\/","url":"https:\/\/secure.gravatar.com\/avatar\/661a3ef63a8488d4f2794ed44af8cf71420f7e106f3072c40125114df5157749?s=96&d=mm&r=g","contentUrl":"https:\/\/secure.gravatar.com\/avatar\/661a3ef63a8488d4f2794ed44af8cf71420f7e106f3072c40125114df5157749?s=96&d=mm&r=g","caption":"Cecilia Pastrana"},"sameAs":["cecy"],"url":"https:\/\/nahuelproducciones.com.ar\/radioquijano\/author\/cecy\/"}]}},"_links":{"self":[{"href":"https:\/\/nahuelproducciones.com.ar\/radioquijano\/wp-json\/wp\/v2\/posts\/3173","targetHints":{"allow":["GET"]}}],"collection":[{"href":"https:\/\/nahuelproducciones.com.ar\/radioquijano\/wp-json\/wp\/v2\/posts"}],"about":[{"href":"https:\/\/nahuelproducciones.com.ar\/radioquijano\/wp-json\/wp\/v2\/types\/post"}],"author":[{"embeddable":true,"href":"https:\/\/nahuelproducciones.com.ar\/radioquijano\/wp-json\/wp\/v2\/users\/8"}],"replies":[{"embeddable":true,"href":"https:\/\/nahuelproducciones.com.ar\/radioquijano\/wp-json\/wp\/v2\/comments?post=3173"}],"version-history":[{"count":1,"href":"https:\/\/nahuelproducciones.com.ar\/radioquijano\/wp-json\/wp\/v2\/posts\/3173\/revisions"}],"predecessor-version":[{"id":3177,"href":"https:\/\/nahuelproducciones.com.ar\/radioquijano\/wp-json\/wp\/v2\/posts\/3173\/revisions\/3177"}],"wp:featuredmedia":[{"embeddable":true,"href":"https:\/\/nahuelproducciones.com.ar\/radioquijano\/wp-json\/wp\/v2\/media\/3174"}],"wp:attachment":[{"href":"https:\/\/nahuelproducciones.com.ar\/radioquijano\/wp-json\/wp\/v2\/media?parent=3173"}],"wp:term":[{"taxonomy":"category","embeddable":true,"href":"https:\/\/nahuelproducciones.com.ar\/radioquijano\/wp-json\/wp\/v2\/categories?post=3173"},{"taxonomy":"post_tag","embeddable":true,"href":"https:\/\/nahuelproducciones.com.ar\/radioquijano\/wp-json\/wp\/v2\/tags?post=3173"}],"curies":[{"name":"wp","href":"https:\/\/api.w.org\/{rel}","templated":true}]}}