{"id":3178,"date":"2022-07-27T23:51:55","date_gmt":"2022-07-28T02:51:55","guid":{"rendered":"https:\/\/nahuelproducciones.com.ar\/radioquijano\/?p=3178"},"modified":"2022-07-27T23:51:56","modified_gmt":"2022-07-28T02:51:56","slug":"donar-sangre-es-donar-vida-hoy-fue-por-perla-mercedes-estopinan","status":"publish","type":"post","link":"https:\/\/nahuelproducciones.com.ar\/radioquijano\/donar-sangre-es-donar-vida-hoy-fue-por-perla-mercedes-estopinan\/","title":{"rendered":"Donar Sangre es Donar vida, hoy fue por Perla Mercedes Estopi\u00f1\u00e1n."},"content":{"rendered":"\n<p> En la ma\u00f1ana del 27 de julio desde las 09:00hs hastas las 14:00 hs el Centro Regional de hemoterapia lleg\u00f3 para recordar la importancia de donar sangre y atendi\u00f3 a muchas personas que durante la jornada acudieron a la cita.<\/p>\n\n\n\n<p>La familia y amigos de Mercedes estuvieron acompa\u00f1ando con una mesa de desayuno para los asistentes y agradeciendo a cada uno.<\/p>\n\n\n\n<p>Recordamos que puede donar sangre cualquier persona sana, mayor de 18 a\u00f1os, con un peso m\u00ednimo de 50 kilos y que no haya padecido ni padezca enfermedades transmisible por v\u00eda sangu\u00ednea. Los hombres pueden donar cuatro veces al a\u00f1o y las mujeres tres, siempre que entre cada donaci\u00f3n pase un tiempo m\u00ednimo de dos meses.<\/p>\n\n\n\n<p>RQ99.9Mhz converso con la Lic. Carina Estopi\u00f1an y cont\u00f3 c\u00f3mo se llev\u00f3 adelante la jornada de donaci\u00f3n agradeciendo a los voluntarios que  concurrieron .Le compartimos el audio.<\/p>\n\n\n\n<p><\/p>\n\n\n\n<figure class=\"wp-block-audio\"><audio controls src=\"https:\/\/nahuelproducciones.com.ar\/radioquijano\/wp-content\/uploads\/2022\/07\/27-07-2022-lic-Karina-Estopinan-donacion-de-sangre-para-Perla.mp3\"><\/audio><figcaption><br><\/figcaption><\/figure>\n\n\n\n<div class=\"wp-block-columns is-layout-flex wp-container-core-columns-is-layout-9d6595d7 wp-block-columns-is-layout-flex\">\n<div class=\"wp-block-column is-layout-flow wp-block-column-is-layout-flow\" style=\"flex-basis:100%\">\n<figure class=\"wp-block-gallery columns-3 is-cropped wp-block-gallery-1 is-layout-flex wp-block-gallery-is-layout-flex\"><ul class=\"blocks-gallery-grid\"><li class=\"blocks-gallery-item\"><figure><img loading=\"lazy\" decoding=\"async\" width=\"550\" height=\"765\" src=\"https:\/\/nahuelproducciones.com.ar\/radioquijano\/wp-content\/uploads\/2022\/07\/WhatsApp-Image-2022-07-27-at-11.43.56-AM.jpeg\" alt=\"\" data-id=\"3180\" data-link=\"https:\/\/nahuelproducciones.com.ar\/radioquijano\/?attachment_id=3180\" class=\"wp-image-3180\" srcset=\"https:\/\/nahuelproducciones.com.ar\/radioquijano\/wp-content\/uploads\/2022\/07\/WhatsApp-Image-2022-07-27-at-11.43.56-AM.jpeg 550w, https:\/\/nahuelproducciones.com.ar\/radioquijano\/wp-content\/uploads\/2022\/07\/WhatsApp-Image-2022-07-27-at-11.43.56-AM-216x300.jpeg 216w, https:\/\/nahuelproducciones.com.ar\/radioquijano\/wp-content\/uploads\/2022\/07\/WhatsApp-Image-2022-07-27-at-11.43.56-AM-150x209.jpeg 150w\" sizes=\"auto, (max-width: 550px) 100vw, 550px\" \/><\/figure><\/li><li class=\"blocks-gallery-item\"><figure><img loading=\"lazy\" decoding=\"async\" width=\"1024\" height=\"576\" src=\"https:\/\/nahuelproducciones.com.ar\/radioquijano\/wp-content\/uploads\/2022\/07\/WhatsApp-Image-2022-07-27-at-10.32.22-AM-1024x576.jpeg\" alt=\"\" data-id=\"3181\" data-link=\"https:\/\/nahuelproducciones.com.ar\/radioquijano\/?attachment_id=3181\" class=\"wp-image-3181\" srcset=\"https:\/\/nahuelproducciones.com.ar\/radioquijano\/wp-content\/uploads\/2022\/07\/WhatsApp-Image-2022-07-27-at-10.32.22-AM-1024x576.jpeg 1024w, https:\/\/nahuelproducciones.com.ar\/radioquijano\/wp-content\/uploads\/2022\/07\/WhatsApp-Image-2022-07-27-at-10.32.22-AM-300x169.jpeg 300w, https:\/\/nahuelproducciones.com.ar\/radioquijano\/wp-content\/uploads\/2022\/07\/WhatsApp-Image-2022-07-27-at-10.32.22-AM-768x432.jpeg 768w, https:\/\/nahuelproducciones.com.ar\/radioquijano\/wp-content\/uploads\/2022\/07\/WhatsApp-Image-2022-07-27-at-10.32.22-AM-150x84.jpeg 150w, https:\/\/nahuelproducciones.com.ar\/radioquijano\/wp-content\/uploads\/2022\/07\/WhatsApp-Image-2022-07-27-at-10.32.22-AM.jpeg 1280w\" sizes=\"auto, (max-width: 1024px) 100vw, 1024px\" \/><\/figure><\/li><li class=\"blocks-gallery-item\"><figure><img loading=\"lazy\" decoding=\"async\" width=\"576\" height=\"1024\" src=\"https:\/\/nahuelproducciones.com.ar\/radioquijano\/wp-content\/uploads\/2022\/07\/WhatsApp-Image-2022-07-27-at-12.01.56-PM-576x1024.jpeg\" alt=\"\" data-id=\"3182\" data-link=\"https:\/\/nahuelproducciones.com.ar\/radioquijano\/?attachment_id=3182\" class=\"wp-image-3182\" srcset=\"https:\/\/nahuelproducciones.com.ar\/radioquijano\/wp-content\/uploads\/2022\/07\/WhatsApp-Image-2022-07-27-at-12.01.56-PM-576x1024.jpeg 576w, https:\/\/nahuelproducciones.com.ar\/radioquijano\/wp-content\/uploads\/2022\/07\/WhatsApp-Image-2022-07-27-at-12.01.56-PM-169x300.jpeg 169w, https:\/\/nahuelproducciones.com.ar\/radioquijano\/wp-content\/uploads\/2022\/07\/WhatsApp-Image-2022-07-27-at-12.01.56-PM-150x267.jpeg 150w, https:\/\/nahuelproducciones.com.ar\/radioquijano\/wp-content\/uploads\/2022\/07\/WhatsApp-Image-2022-07-27-at-12.01.56-PM.jpeg 720w\" sizes=\"auto, (max-width: 576px) 100vw, 576px\" \/><\/figure><\/li><li class=\"blocks-gallery-item\"><figure><img loading=\"lazy\" decoding=\"async\" width=\"720\" height=\"651\" src=\"https:\/\/nahuelproducciones.com.ar\/radioquijano\/wp-content\/uploads\/2022\/07\/WhatsApp-Image-2022-07-27-at-11.45.23-AM.jpeg\" alt=\"\" data-id=\"3183\" data-link=\"https:\/\/nahuelproducciones.com.ar\/radioquijano\/?attachment_id=3183\" class=\"wp-image-3183\" srcset=\"https:\/\/nahuelproducciones.com.ar\/radioquijano\/wp-content\/uploads\/2022\/07\/WhatsApp-Image-2022-07-27-at-11.45.23-AM.jpeg 720w, https:\/\/nahuelproducciones.com.ar\/radioquijano\/wp-content\/uploads\/2022\/07\/WhatsApp-Image-2022-07-27-at-11.45.23-AM-300x271.jpeg 300w, https:\/\/nahuelproducciones.com.ar\/radioquijano\/wp-content\/uploads\/2022\/07\/WhatsApp-Image-2022-07-27-at-11.45.23-AM-150x136.jpeg 150w\" sizes=\"auto, (max-width: 720px) 100vw, 720px\" \/><\/figure><\/li><li class=\"blocks-gallery-item\"><figure><img loading=\"lazy\" decoding=\"async\" width=\"720\" height=\"699\" src=\"https:\/\/nahuelproducciones.com.ar\/radioquijano\/wp-content\/uploads\/2022\/07\/WhatsApp-Image-2022-07-27-at-11.44.27-AM.jpeg\" alt=\"\" data-id=\"3184\" data-link=\"https:\/\/nahuelproducciones.com.ar\/radioquijano\/?attachment_id=3184\" class=\"wp-image-3184\" srcset=\"https:\/\/nahuelproducciones.com.ar\/radioquijano\/wp-content\/uploads\/2022\/07\/WhatsApp-Image-2022-07-27-at-11.44.27-AM.jpeg 720w, https:\/\/nahuelproducciones.com.ar\/radioquijano\/wp-content\/uploads\/2022\/07\/WhatsApp-Image-2022-07-27-at-11.44.27-AM-300x291.jpeg 300w, https:\/\/nahuelproducciones.com.ar\/radioquijano\/wp-content\/uploads\/2022\/07\/WhatsApp-Image-2022-07-27-at-11.44.27-AM-150x146.jpeg 150w\" sizes=\"auto, (max-width: 720px) 100vw, 720px\" \/><\/figure><\/li><li class=\"blocks-gallery-item\"><figure><img loading=\"lazy\" decoding=\"async\" width=\"720\" height=\"772\" src=\"https:\/\/nahuelproducciones.com.ar\/radioquijano\/wp-content\/uploads\/2022\/07\/WhatsApp-Image-2022-07-27-at-11.44.15-AM.jpeg\" alt=\"\" data-id=\"3185\" data-link=\"https:\/\/nahuelproducciones.com.ar\/radioquijano\/?attachment_id=3185\" class=\"wp-image-3185\" srcset=\"https:\/\/nahuelproducciones.com.ar\/radioquijano\/wp-content\/uploads\/2022\/07\/WhatsApp-Image-2022-07-27-at-11.44.15-AM.jpeg 720w, https:\/\/nahuelproducciones.com.ar\/radioquijano\/wp-content\/uploads\/2022\/07\/WhatsApp-Image-2022-07-27-at-11.44.15-AM-280x300.jpeg 280w, https:\/\/nahuelproducciones.com.ar\/radioquijano\/wp-content\/uploads\/2022\/07\/WhatsApp-Image-2022-07-27-at-11.44.15-AM-150x161.jpeg 150w\" sizes=\"auto, (max-width: 720px) 100vw, 720px\" \/><\/figure><\/li><li class=\"blocks-gallery-item\"><figure><img loading=\"lazy\" decoding=\"async\" width=\"576\" height=\"1024\" src=\"https:\/\/nahuelproducciones.com.ar\/radioquijano\/wp-content\/uploads\/2022\/07\/WhatsApp-Image-2022-07-27-at-11.44.05-AM-576x1024.jpeg\" alt=\"\" data-id=\"3186\" data-full-url=\"https:\/\/nahuelproducciones.com.ar\/radioquijano\/wp-content\/uploads\/2022\/07\/WhatsApp-Image-2022-07-27-at-11.44.05-AM.jpeg\" data-link=\"https:\/\/nahuelproducciones.com.ar\/radioquijano\/?attachment_id=3186\" class=\"wp-image-3186\" srcset=\"https:\/\/nahuelproducciones.com.ar\/radioquijano\/wp-content\/uploads\/2022\/07\/WhatsApp-Image-2022-07-27-at-11.44.05-AM-576x1024.jpeg 576w, https:\/\/nahuelproducciones.com.ar\/radioquijano\/wp-content\/uploads\/2022\/07\/WhatsApp-Image-2022-07-27-at-11.44.05-AM-169x300.jpeg 169w, https:\/\/nahuelproducciones.com.ar\/radioquijano\/wp-content\/uploads\/2022\/07\/WhatsApp-Image-2022-07-27-at-11.44.05-AM-150x267.jpeg 150w, https:\/\/nahuelproducciones.com.ar\/radioquijano\/wp-content\/uploads\/2022\/07\/WhatsApp-Image-2022-07-27-at-11.44.05-AM.jpeg 720w\" sizes=\"auto, (max-width: 576px) 100vw, 576px\" \/><\/figure><\/li><\/ul><\/figure>\n<\/div>\n<\/div>\n\n\n\n<p>Trasladamos el agradecimiento a todas las personas que se acercaron a donar sangre al Centro de Jubilados y Pensionados de Campo Quijano y ayudar\u00e1n con su gesto a muchas personas enfermas.<\/p>\n\n\n\n<p><a href=\"https:\/\/nahuelproducciones.com.ar\/index.php\/rq999\" target=\"_blank\" rel=\"noreferrer noopener\">#RQ99.9Mhz<\/a>\u00a0<a href=\"https:\/\/nahuelproducciones.com.ar\/\" target=\"_blank\" rel=\"noreferrer noopener\">#CAMPOQUIJANO<\/a>\u00a0<a href=\"http:\/\/nahuelproducciones.com.ar\/radioquijano\/\" target=\"_blank\" rel=\"noreferrer noopener\">#RadioQuijano<\/a><\/p>\n","protected":false},"excerpt":{"rendered":"<p>En la ma\u00f1ana del 27 de julio desde las 09:00hs hastas las 14:00 hs el Centro Regional de hemoterapia lleg\u00f3 para recordar la importancia de donar sangre y atendi\u00f3 a muchas personas que durante la jornada acudieron a la cita. La familia y amigos de Mercedes estuvieron acompa\u00f1ando con una mesa de desayuno para los [&hellip;]<\/p>\n","protected":false},"author":8,"featured_media":3180,"comment_status":"open","ping_status":"open","sticky":false,"template":"","format":"standard","meta":{"_monsterinsights_skip_tracking":false,"_monsterinsights_sitenote_active":false,"_monsterinsights_sitenote_note":"","_monsterinsights_sitenote_category":0,"footnotes":""},"categories":[16],"tags":[592,593,71,594],"class_list":["post-3178","post","type-post","status-publish","format-standard","has-post-thumbnail","hentry","category-noticias","tag-campana-de-donacion-de-sangre","tag-lic-carina-estopinan","tag-municipalidad-de-campo-quijano","tag-perla-mercedes-estopinan"],"yoast_head":"<!-- This site is optimized with the Yoast SEO plugin v20.8 - https:\/\/yoast.com\/wordpress\/plugins\/seo\/ -->\n<title>Donar Sangre es Donar vida, hoy fue por Perla Mercedes Estopi\u00f1\u00e1n. - RQ 99.9<\/title>\n<meta name=\"description\" content=\"La familia y amigos de Mercedes estuvieron acompa\u00f1ando con una mesa de desayuno para los asistentes y agradeciendo a cada uno.\" \/>\n<meta name=\"robots\" content=\"index, follow, max-snippet:-1, max-image-preview:large, max-video-preview:-1\" \/>\n<link rel=\"canonical\" href=\"https:\/\/nahuelproducciones.com.ar\/radioquijano\/donar-sangre-es-donar-vida-hoy-fue-por-perla-mercedes-estopinan\/\" \/>\n<meta property=\"og:locale\" content=\"es_ES\" \/>\n<meta property=\"og:type\" content=\"article\" \/>\n<meta property=\"og:title\" content=\"Donar Sangre es Donar vida, hoy fue por Perla Mercedes Estopi\u00f1\u00e1n. - RQ 99.9\" \/>\n<meta property=\"og:description\" content=\"La familia y amigos de Mercedes estuvieron acompa\u00f1ando con una mesa de desayuno para los asistentes y agradeciendo a cada uno.\" \/>\n<meta property=\"og:url\" content=\"https:\/\/nahuelproducciones.com.ar\/radioquijano\/donar-sangre-es-donar-vida-hoy-fue-por-perla-mercedes-estopinan\/\" \/>\n<meta property=\"og:site_name\" content=\"RQ 99.9\" \/>\n<meta property=\"article:publisher\" content=\"https:\/\/www.facebook.com\/nahuelproducciones999\/\" \/>\n<meta property=\"article:published_time\" content=\"2022-07-28T02:51:55+00:00\" \/>\n<meta property=\"article:modified_time\" content=\"2022-07-28T02:51:56+00:00\" \/>\n<meta property=\"og:image\" content=\"https:\/\/nahuelproducciones.com.ar\/radioquijano\/wp-content\/uploads\/2022\/07\/WhatsApp-Image-2022-07-27-at-11.43.56-AM.jpeg\" \/>\n\t<meta property=\"og:image:width\" content=\"550\" \/>\n\t<meta property=\"og:image:height\" content=\"765\" \/>\n\t<meta property=\"og:image:type\" content=\"image\/jpeg\" \/>\n<meta name=\"author\" content=\"Cecilia Pastrana\" \/>\n<meta name=\"twitter:card\" content=\"summary_large_image\" \/>\n<meta name=\"twitter:creator\" content=\"@nahuproduciones\" \/>\n<meta name=\"twitter:site\" content=\"@nahuproduciones\" \/>\n<meta name=\"twitter:label1\" content=\"Escrito por\" \/>\n\t<meta name=\"twitter:data1\" content=\"Cecilia Pastrana\" \/>\n\t<meta name=\"twitter:label2\" content=\"Tiempo de lectura\" \/>\n\t<meta name=\"twitter:data2\" content=\"3 minutos\" \/>\n<script type=\"application\/ld+json\" class=\"yoast-schema-graph\">{\"@context\":\"https:\/\/schema.org\",\"@graph\":[{\"@type\":\"WebPage\",\"@id\":\"https:\/\/nahuelproducciones.com.ar\/radioquijano\/donar-sangre-es-donar-vida-hoy-fue-por-perla-mercedes-estopinan\/\",\"url\":\"https:\/\/nahuelproducciones.com.ar\/radioquijano\/donar-sangre-es-donar-vida-hoy-fue-por-perla-mercedes-estopinan\/\",\"name\":\"Donar Sangre es Donar vida, hoy fue por Perla Mercedes Estopi\u00f1\u00e1n. - RQ 99.9\",\"isPartOf\":{\"@id\":\"https:\/\/nahuelproducciones.com.ar\/radioquijano\/#website\"},\"datePublished\":\"2022-07-28T02:51:55+00:00\",\"dateModified\":\"2022-07-28T02:51:56+00:00\",\"author\":{\"@id\":\"https:\/\/nahuelproducciones.com.ar\/radioquijano\/#\/schema\/person\/e8a4f939e2cb487fe6d0c54042c9d32c\"},\"description\":\"La familia y amigos de Mercedes estuvieron acompa\u00f1ando con una mesa de desayuno para los asistentes y agradeciendo a cada uno.\",\"breadcrumb\":{\"@id\":\"https:\/\/nahuelproducciones.com.ar\/radioquijano\/donar-sangre-es-donar-vida-hoy-fue-por-perla-mercedes-estopinan\/#breadcrumb\"},\"inLanguage\":\"es\",\"potentialAction\":[{\"@type\":\"ReadAction\",\"target\":[\"https:\/\/nahuelproducciones.com.ar\/radioquijano\/donar-sangre-es-donar-vida-hoy-fue-por-perla-mercedes-estopinan\/\"]}]},{\"@type\":\"BreadcrumbList\",\"@id\":\"https:\/\/nahuelproducciones.com.ar\/radioquijano\/donar-sangre-es-donar-vida-hoy-fue-por-perla-mercedes-estopinan\/#breadcrumb\",\"itemListElement\":[{\"@type\":\"ListItem\",\"position\":1,\"name\":\"Portada\",\"item\":\"https:\/\/nahuelproducciones.com.ar\/radioquijano\/\"},{\"@type\":\"ListItem\",\"position\":2,\"name\":\"Donar Sangre es Donar vida, hoy fue por Perla Mercedes Estopi\u00f1\u00e1n.\"}]},{\"@type\":\"WebSite\",\"@id\":\"https:\/\/nahuelproducciones.com.ar\/radioquijano\/#website\",\"url\":\"https:\/\/nahuelproducciones.com.ar\/radioquijano\/\",\"name\":\"RQ 99.9\",\"description\":\"Radio Quijano 99.9 MHz\",\"potentialAction\":[{\"@type\":\"SearchAction\",\"target\":{\"@type\":\"EntryPoint\",\"urlTemplate\":\"https:\/\/nahuelproducciones.com.ar\/radioquijano\/?s={search_term_string}\"},\"query-input\":\"required name=search_term_string\"}],\"inLanguage\":\"es\"},{\"@type\":\"Person\",\"@id\":\"https:\/\/nahuelproducciones.com.ar\/radioquijano\/#\/schema\/person\/e8a4f939e2cb487fe6d0c54042c9d32c\",\"name\":\"Cecilia Pastrana\",\"image\":{\"@type\":\"ImageObject\",\"inLanguage\":\"es\",\"@id\":\"https:\/\/nahuelproducciones.com.ar\/radioquijano\/#\/schema\/person\/image\/\",\"url\":\"https:\/\/secure.gravatar.com\/avatar\/661a3ef63a8488d4f2794ed44af8cf71420f7e106f3072c40125114df5157749?s=96&d=mm&r=g\",\"contentUrl\":\"https:\/\/secure.gravatar.com\/avatar\/661a3ef63a8488d4f2794ed44af8cf71420f7e106f3072c40125114df5157749?s=96&d=mm&r=g\",\"caption\":\"Cecilia Pastrana\"},\"sameAs\":[\"cecy\"],\"url\":\"https:\/\/nahuelproducciones.com.ar\/radioquijano\/author\/cecy\/\"}]}<\/script>\n<!-- \/ Yoast SEO plugin. -->","yoast_head_json":{"title":"Donar Sangre es Donar vida, hoy fue por Perla Mercedes Estopi\u00f1\u00e1n. - RQ 99.9","description":"La familia y amigos de Mercedes estuvieron acompa\u00f1ando con una mesa de desayuno para los asistentes y agradeciendo a cada uno.","robots":{"index":"index","follow":"follow","max-snippet":"max-snippet:-1","max-image-preview":"max-image-preview:large","max-video-preview":"max-video-preview:-1"},"canonical":"https:\/\/nahuelproducciones.com.ar\/radioquijano\/donar-sangre-es-donar-vida-hoy-fue-por-perla-mercedes-estopinan\/","og_locale":"es_ES","og_type":"article","og_title":"Donar Sangre es Donar vida, hoy fue por Perla Mercedes Estopi\u00f1\u00e1n. - RQ 99.9","og_description":"La familia y amigos de Mercedes estuvieron acompa\u00f1ando con una mesa de desayuno para los asistentes y agradeciendo a cada uno.","og_url":"https:\/\/nahuelproducciones.com.ar\/radioquijano\/donar-sangre-es-donar-vida-hoy-fue-por-perla-mercedes-estopinan\/","og_site_name":"RQ 99.9","article_publisher":"https:\/\/www.facebook.com\/nahuelproducciones999\/","article_published_time":"2022-07-28T02:51:55+00:00","article_modified_time":"2022-07-28T02:51:56+00:00","og_image":[{"width":550,"height":765,"url":"https:\/\/nahuelproducciones.com.ar\/radioquijano\/wp-content\/uploads\/2022\/07\/WhatsApp-Image-2022-07-27-at-11.43.56-AM.jpeg","type":"image\/jpeg"}],"author":"Cecilia Pastrana","twitter_card":"summary_large_image","twitter_creator":"@nahuproduciones","twitter_site":"@nahuproduciones","twitter_misc":{"Escrito por":"Cecilia Pastrana","Tiempo de lectura":"3 minutos"},"schema":{"@context":"https:\/\/schema.org","@graph":[{"@type":"WebPage","@id":"https:\/\/nahuelproducciones.com.ar\/radioquijano\/donar-sangre-es-donar-vida-hoy-fue-por-perla-mercedes-estopinan\/","url":"https:\/\/nahuelproducciones.com.ar\/radioquijano\/donar-sangre-es-donar-vida-hoy-fue-por-perla-mercedes-estopinan\/","name":"Donar Sangre es Donar vida, hoy fue por Perla Mercedes Estopi\u00f1\u00e1n. - RQ 99.9","isPartOf":{"@id":"https:\/\/nahuelproducciones.com.ar\/radioquijano\/#website"},"datePublished":"2022-07-28T02:51:55+00:00","dateModified":"2022-07-28T02:51:56+00:00","author":{"@id":"https:\/\/nahuelproducciones.com.ar\/radioquijano\/#\/schema\/person\/e8a4f939e2cb487fe6d0c54042c9d32c"},"description":"La familia y amigos de Mercedes estuvieron acompa\u00f1ando con una mesa de desayuno para los asistentes y agradeciendo a cada uno.","breadcrumb":{"@id":"https:\/\/nahuelproducciones.com.ar\/radioquijano\/donar-sangre-es-donar-vida-hoy-fue-por-perla-mercedes-estopinan\/#breadcrumb"},"inLanguage":"es","potentialAction":[{"@type":"ReadAction","target":["https:\/\/nahuelproducciones.com.ar\/radioquijano\/donar-sangre-es-donar-vida-hoy-fue-por-perla-mercedes-estopinan\/"]}]},{"@type":"BreadcrumbList","@id":"https:\/\/nahuelproducciones.com.ar\/radioquijano\/donar-sangre-es-donar-vida-hoy-fue-por-perla-mercedes-estopinan\/#breadcrumb","itemListElement":[{"@type":"ListItem","position":1,"name":"Portada","item":"https:\/\/nahuelproducciones.com.ar\/radioquijano\/"},{"@type":"ListItem","position":2,"name":"Donar Sangre es Donar vida, hoy fue por Perla Mercedes Estopi\u00f1\u00e1n."}]},{"@type":"WebSite","@id":"https:\/\/nahuelproducciones.com.ar\/radioquijano\/#website","url":"https:\/\/nahuelproducciones.com.ar\/radioquijano\/","name":"RQ 99.9","description":"Radio Quijano 99.9 MHz","potentialAction":[{"@type":"SearchAction","target":{"@type":"EntryPoint","urlTemplate":"https:\/\/nahuelproducciones.com.ar\/radioquijano\/?s={search_term_string}"},"query-input":"required name=search_term_string"}],"inLanguage":"es"},{"@type":"Person","@id":"https:\/\/nahuelproducciones.com.ar\/radioquijano\/#\/schema\/person\/e8a4f939e2cb487fe6d0c54042c9d32c","name":"Cecilia Pastrana","image":{"@type":"ImageObject","inLanguage":"es","@id":"https:\/\/nahuelproducciones.com.ar\/radioquijano\/#\/schema\/person\/image\/","url":"https:\/\/secure.gravatar.com\/avatar\/661a3ef63a8488d4f2794ed44af8cf71420f7e106f3072c40125114df5157749?s=96&d=mm&r=g","contentUrl":"https:\/\/secure.gravatar.com\/avatar\/661a3ef63a8488d4f2794ed44af8cf71420f7e106f3072c40125114df5157749?s=96&d=mm&r=g","caption":"Cecilia Pastrana"},"sameAs":["cecy"],"url":"https:\/\/nahuelproducciones.com.ar\/radioquijano\/author\/cecy\/"}]}},"_links":{"self":[{"href":"https:\/\/nahuelproducciones.com.ar\/radioquijano\/wp-json\/wp\/v2\/posts\/3178","targetHints":{"allow":["GET"]}}],"collection":[{"href":"https:\/\/nahuelproducciones.com.ar\/radioquijano\/wp-json\/wp\/v2\/posts"}],"about":[{"href":"https:\/\/nahuelproducciones.com.ar\/radioquijano\/wp-json\/wp\/v2\/types\/post"}],"author":[{"embeddable":true,"href":"https:\/\/nahuelproducciones.com.ar\/radioquijano\/wp-json\/wp\/v2\/users\/8"}],"replies":[{"embeddable":true,"href":"https:\/\/nahuelproducciones.com.ar\/radioquijano\/wp-json\/wp\/v2\/comments?post=3178"}],"version-history":[{"count":1,"href":"https:\/\/nahuelproducciones.com.ar\/radioquijano\/wp-json\/wp\/v2\/posts\/3178\/revisions"}],"predecessor-version":[{"id":3187,"href":"https:\/\/nahuelproducciones.com.ar\/radioquijano\/wp-json\/wp\/v2\/posts\/3178\/revisions\/3187"}],"wp:featuredmedia":[{"embeddable":true,"href":"https:\/\/nahuelproducciones.com.ar\/radioquijano\/wp-json\/wp\/v2\/media\/3180"}],"wp:attachment":[{"href":"https:\/\/nahuelproducciones.com.ar\/radioquijano\/wp-json\/wp\/v2\/media?parent=3178"}],"wp:term":[{"taxonomy":"category","embeddable":true,"href":"https:\/\/nahuelproducciones.com.ar\/radioquijano\/wp-json\/wp\/v2\/categories?post=3178"},{"taxonomy":"post_tag","embeddable":true,"href":"https:\/\/nahuelproducciones.com.ar\/radioquijano\/wp-json\/wp\/v2\/tags?post=3178"}],"curies":[{"name":"wp","href":"https:\/\/api.w.org\/{rel}","templated":true}]}}