{"id":3189,"date":"2022-08-03T08:05:04","date_gmt":"2022-08-03T11:05:04","guid":{"rendered":"https:\/\/nahuelproducciones.com.ar\/radioquijano\/?p=3189"},"modified":"2022-08-03T11:53:55","modified_gmt":"2022-08-03T14:53:55","slug":"43o-fiesta-de-la-madre-tierra-pachamama-en-campo-quijano","status":"publish","type":"post","link":"https:\/\/nahuelproducciones.com.ar\/radioquijano\/43o-fiesta-de-la-madre-tierra-pachamama-en-campo-quijano\/","title":{"rendered":"46\u00ba Fiesta de la Madre Tierra Pachamama en Campo Quijano."},"content":{"rendered":"\n<p>Agrupaci\u00f3n Gauchos de G\u00fcemes \u201cRodeo Antenor S\u00e1nchez\u201d&nbsp;como todos los a\u00f1os,  nos invita a participar de la Fiesta en homenaje a la Pacha.<\/p>\n\n\n\n<p>Se realizar\u00e1 el 14 de agosto  en el Picadero Santiago Ap\u00f3stol de Campo Quijano desde las 13:00 hs, con la Ofrenda a la MADRE TIERRA PACHAMAMA.<\/p>\n\n\n\n<p>A las 14:00 hs se har\u00e1 la Ronda de pialadas y a las 15:30 hs las carreras de tambores.<\/p>\n\n\n\n<p>En la oportunidad se realizar\u00e1n importantes reconocimientos a las categor\u00edas mayor y menor.<\/p>\n\n\n\n<p>A las 18:30 hs llegar\u00e1 el Gran baile popular con grandes artistas en vivo y la conducci\u00f3n del \u00abOrejano\u00bb Ariel Arjona.<\/p>\n\n\n\n<p>Estar\u00e1n presentes las fondas, las empanadas,choripan y el locro. No se pueden perder el mate con tortillas.<\/p>\n\n\n\n<p>Entradas anticipadas $500.-<\/p>\n\n\n\n<p>Mayor informaci\u00f3n: Agrupaci\u00f3n Gauchos de G\u00fcemes \u201cRodeo Antenor S\u00e1nchez\u201d \u2013 Presidente Pedro Bautista+54 9 2942 47-6924  \u2013 Marcos Vilte +54 9 3874 13-9133<\/p>\n\n\n\n<figure class=\"wp-block-video\"><video controls src=\"https:\/\/nahuelproducciones.com.ar\/radioquijano\/wp-content\/uploads\/2022\/08\/WhatsApp-Video-2022-08-03-at-2.00.17-AM.mp4\"><\/video><\/figure>\n\n\n\n\n\n<p><a href=\"https:\/\/nahuelproducciones.com.ar\/index.php\/rq999\" target=\"_blank\" rel=\"noreferrer noopener\">#RQ99.9Mhz<\/a>&nbsp;<a href=\"https:\/\/nahuelproducciones.com.ar\/\" target=\"_blank\" rel=\"noreferrer noopener\">#CAMPOQUIJANO<\/a>&nbsp;<a href=\"http:\/\/nahuelproducciones.com.ar\/radioquijano\/\" target=\"_blank\" rel=\"noreferrer noopener\">#RadioQuijano<\/a><\/p>\n","protected":false},"excerpt":{"rendered":"<p>Agrupaci\u00f3n Gauchos de G\u00fcemes \u201cRodeo Antenor S\u00e1nchez\u201d&nbsp;como todos los a\u00f1os, nos invita a participar de la Fiesta en homenaje a la Pacha. Se realizar\u00e1 el 14 de agosto en el Picadero Santiago Ap\u00f3stol de Campo Quijano desde las 13:00 hs, con la Ofrenda a la MADRE TIERRA PACHAMAMA. A las 14:00 hs se har\u00e1 la [&hellip;]<\/p>\n","protected":false},"author":8,"featured_media":3191,"comment_status":"open","ping_status":"open","sticky":false,"template":"","format":"standard","meta":{"_monsterinsights_skip_tracking":false,"_monsterinsights_sitenote_active":false,"_monsterinsights_sitenote_note":"","_monsterinsights_sitenote_category":0,"footnotes":""},"categories":[16],"tags":[595,240,36,236,235],"class_list":["post-3189","post","type-post","status-publish","format-standard","has-post-thumbnail","hentry","category-noticias","tag-43fiesta-de-la-pachamama","tag-agrupacion-de-gauchos-de-guemes-rodeo-antenor-sanchez","tag-campo-quijano","tag-marcos-vilte","tag-pedro-bautista"],"yoast_head":"<!-- This site is optimized with the Yoast SEO plugin v20.8 - https:\/\/yoast.com\/wordpress\/plugins\/seo\/ -->\n<title>46\u00ba Fiesta de la Madre Tierra Pachamama en Campo Quijano. - RQ 99.9<\/title>\n<meta name=\"description\" content=\"Se realizar\u00e1 el 14 de agosto en el Picadero Santiago Ap\u00f3stol de Campo Quijano desde las 13 hs, con la Ofrenda a la MADRE TIERRA PACHAMAMA.\" \/>\n<meta name=\"robots\" content=\"index, follow, max-snippet:-1, max-image-preview:large, max-video-preview:-1\" \/>\n<link rel=\"canonical\" href=\"https:\/\/nahuelproducciones.com.ar\/radioquijano\/43o-fiesta-de-la-madre-tierra-pachamama-en-campo-quijano\/\" \/>\n<meta property=\"og:locale\" content=\"es_ES\" \/>\n<meta property=\"og:type\" content=\"article\" \/>\n<meta property=\"og:title\" content=\"46\u00ba Fiesta de la Madre Tierra Pachamama en Campo Quijano. - RQ 99.9\" \/>\n<meta property=\"og:description\" content=\"Se realizar\u00e1 el 14 de agosto en el Picadero Santiago Ap\u00f3stol de Campo Quijano desde las 13 hs, con la Ofrenda a la MADRE TIERRA PACHAMAMA.\" \/>\n<meta property=\"og:url\" content=\"https:\/\/nahuelproducciones.com.ar\/radioquijano\/43o-fiesta-de-la-madre-tierra-pachamama-en-campo-quijano\/\" \/>\n<meta property=\"og:site_name\" content=\"RQ 99.9\" \/>\n<meta property=\"article:publisher\" content=\"https:\/\/www.facebook.com\/nahuelproducciones999\/\" \/>\n<meta property=\"article:published_time\" content=\"2022-08-03T11:05:04+00:00\" \/>\n<meta property=\"article:modified_time\" content=\"2022-08-03T14:53:55+00:00\" \/>\n<meta property=\"og:image\" content=\"https:\/\/nahuelproducciones.com.ar\/radioquijano\/wp-content\/uploads\/2022\/08\/WhatsApp-Image-2022-08-03-at-7.56.28-AM.jpeg\" \/>\n\t<meta property=\"og:image:width\" content=\"698\" \/>\n\t<meta property=\"og:image:height\" content=\"376\" \/>\n\t<meta property=\"og:image:type\" content=\"image\/jpeg\" \/>\n<meta name=\"author\" content=\"Cecilia Pastrana\" \/>\n<meta name=\"twitter:card\" content=\"summary_large_image\" \/>\n<meta name=\"twitter:creator\" content=\"@nahuproduciones\" \/>\n<meta name=\"twitter:site\" content=\"@nahuproduciones\" \/>\n<meta name=\"twitter:label1\" content=\"Escrito por\" \/>\n\t<meta name=\"twitter:data1\" content=\"Cecilia Pastrana\" \/>\n\t<meta name=\"twitter:label2\" content=\"Tiempo de lectura\" \/>\n\t<meta name=\"twitter:data2\" content=\"1 minuto\" \/>\n<script type=\"application\/ld+json\" class=\"yoast-schema-graph\">{\"@context\":\"https:\/\/schema.org\",\"@graph\":[{\"@type\":\"WebPage\",\"@id\":\"https:\/\/nahuelproducciones.com.ar\/radioquijano\/43o-fiesta-de-la-madre-tierra-pachamama-en-campo-quijano\/\",\"url\":\"https:\/\/nahuelproducciones.com.ar\/radioquijano\/43o-fiesta-de-la-madre-tierra-pachamama-en-campo-quijano\/\",\"name\":\"46\u00ba Fiesta de la Madre Tierra Pachamama en Campo Quijano. - RQ 99.9\",\"isPartOf\":{\"@id\":\"https:\/\/nahuelproducciones.com.ar\/radioquijano\/#website\"},\"datePublished\":\"2022-08-03T11:05:04+00:00\",\"dateModified\":\"2022-08-03T14:53:55+00:00\",\"author\":{\"@id\":\"https:\/\/nahuelproducciones.com.ar\/radioquijano\/#\/schema\/person\/e8a4f939e2cb487fe6d0c54042c9d32c\"},\"description\":\"Se realizar\u00e1 el 14 de agosto en el Picadero Santiago Ap\u00f3stol de Campo Quijano desde las 13 hs, con la Ofrenda a la MADRE TIERRA PACHAMAMA.\",\"breadcrumb\":{\"@id\":\"https:\/\/nahuelproducciones.com.ar\/radioquijano\/43o-fiesta-de-la-madre-tierra-pachamama-en-campo-quijano\/#breadcrumb\"},\"inLanguage\":\"es\",\"potentialAction\":[{\"@type\":\"ReadAction\",\"target\":[\"https:\/\/nahuelproducciones.com.ar\/radioquijano\/43o-fiesta-de-la-madre-tierra-pachamama-en-campo-quijano\/\"]}]},{\"@type\":\"BreadcrumbList\",\"@id\":\"https:\/\/nahuelproducciones.com.ar\/radioquijano\/43o-fiesta-de-la-madre-tierra-pachamama-en-campo-quijano\/#breadcrumb\",\"itemListElement\":[{\"@type\":\"ListItem\",\"position\":1,\"name\":\"Portada\",\"item\":\"https:\/\/nahuelproducciones.com.ar\/radioquijano\/\"},{\"@type\":\"ListItem\",\"position\":2,\"name\":\"46\u00ba Fiesta de la Madre Tierra Pachamama en Campo Quijano.\"}]},{\"@type\":\"WebSite\",\"@id\":\"https:\/\/nahuelproducciones.com.ar\/radioquijano\/#website\",\"url\":\"https:\/\/nahuelproducciones.com.ar\/radioquijano\/\",\"name\":\"RQ 99.9\",\"description\":\"Radio Quijano 99.9 MHz\",\"potentialAction\":[{\"@type\":\"SearchAction\",\"target\":{\"@type\":\"EntryPoint\",\"urlTemplate\":\"https:\/\/nahuelproducciones.com.ar\/radioquijano\/?s={search_term_string}\"},\"query-input\":\"required name=search_term_string\"}],\"inLanguage\":\"es\"},{\"@type\":\"Person\",\"@id\":\"https:\/\/nahuelproducciones.com.ar\/radioquijano\/#\/schema\/person\/e8a4f939e2cb487fe6d0c54042c9d32c\",\"name\":\"Cecilia Pastrana\",\"image\":{\"@type\":\"ImageObject\",\"inLanguage\":\"es\",\"@id\":\"https:\/\/nahuelproducciones.com.ar\/radioquijano\/#\/schema\/person\/image\/\",\"url\":\"https:\/\/secure.gravatar.com\/avatar\/661a3ef63a8488d4f2794ed44af8cf71420f7e106f3072c40125114df5157749?s=96&d=mm&r=g\",\"contentUrl\":\"https:\/\/secure.gravatar.com\/avatar\/661a3ef63a8488d4f2794ed44af8cf71420f7e106f3072c40125114df5157749?s=96&d=mm&r=g\",\"caption\":\"Cecilia Pastrana\"},\"sameAs\":[\"cecy\"],\"url\":\"https:\/\/nahuelproducciones.com.ar\/radioquijano\/author\/cecy\/\"}]}<\/script>\n<!-- \/ Yoast SEO plugin. -->","yoast_head_json":{"title":"46\u00ba Fiesta de la Madre Tierra Pachamama en Campo Quijano. - RQ 99.9","description":"Se realizar\u00e1 el 14 de agosto en el Picadero Santiago Ap\u00f3stol de Campo Quijano desde las 13 hs, con la Ofrenda a la MADRE TIERRA PACHAMAMA.","robots":{"index":"index","follow":"follow","max-snippet":"max-snippet:-1","max-image-preview":"max-image-preview:large","max-video-preview":"max-video-preview:-1"},"canonical":"https:\/\/nahuelproducciones.com.ar\/radioquijano\/43o-fiesta-de-la-madre-tierra-pachamama-en-campo-quijano\/","og_locale":"es_ES","og_type":"article","og_title":"46\u00ba Fiesta de la Madre Tierra Pachamama en Campo Quijano. - RQ 99.9","og_description":"Se realizar\u00e1 el 14 de agosto en el Picadero Santiago Ap\u00f3stol de Campo Quijano desde las 13 hs, con la Ofrenda a la MADRE TIERRA PACHAMAMA.","og_url":"https:\/\/nahuelproducciones.com.ar\/radioquijano\/43o-fiesta-de-la-madre-tierra-pachamama-en-campo-quijano\/","og_site_name":"RQ 99.9","article_publisher":"https:\/\/www.facebook.com\/nahuelproducciones999\/","article_published_time":"2022-08-03T11:05:04+00:00","article_modified_time":"2022-08-03T14:53:55+00:00","og_image":[{"width":698,"height":376,"url":"https:\/\/nahuelproducciones.com.ar\/radioquijano\/wp-content\/uploads\/2022\/08\/WhatsApp-Image-2022-08-03-at-7.56.28-AM.jpeg","type":"image\/jpeg"}],"author":"Cecilia Pastrana","twitter_card":"summary_large_image","twitter_creator":"@nahuproduciones","twitter_site":"@nahuproduciones","twitter_misc":{"Escrito por":"Cecilia Pastrana","Tiempo de lectura":"1 minuto"},"schema":{"@context":"https:\/\/schema.org","@graph":[{"@type":"WebPage","@id":"https:\/\/nahuelproducciones.com.ar\/radioquijano\/43o-fiesta-de-la-madre-tierra-pachamama-en-campo-quijano\/","url":"https:\/\/nahuelproducciones.com.ar\/radioquijano\/43o-fiesta-de-la-madre-tierra-pachamama-en-campo-quijano\/","name":"46\u00ba Fiesta de la Madre Tierra Pachamama en Campo Quijano. - RQ 99.9","isPartOf":{"@id":"https:\/\/nahuelproducciones.com.ar\/radioquijano\/#website"},"datePublished":"2022-08-03T11:05:04+00:00","dateModified":"2022-08-03T14:53:55+00:00","author":{"@id":"https:\/\/nahuelproducciones.com.ar\/radioquijano\/#\/schema\/person\/e8a4f939e2cb487fe6d0c54042c9d32c"},"description":"Se realizar\u00e1 el 14 de agosto en el Picadero Santiago Ap\u00f3stol de Campo Quijano desde las 13 hs, con la Ofrenda a la MADRE TIERRA PACHAMAMA.","breadcrumb":{"@id":"https:\/\/nahuelproducciones.com.ar\/radioquijano\/43o-fiesta-de-la-madre-tierra-pachamama-en-campo-quijano\/#breadcrumb"},"inLanguage":"es","potentialAction":[{"@type":"ReadAction","target":["https:\/\/nahuelproducciones.com.ar\/radioquijano\/43o-fiesta-de-la-madre-tierra-pachamama-en-campo-quijano\/"]}]},{"@type":"BreadcrumbList","@id":"https:\/\/nahuelproducciones.com.ar\/radioquijano\/43o-fiesta-de-la-madre-tierra-pachamama-en-campo-quijano\/#breadcrumb","itemListElement":[{"@type":"ListItem","position":1,"name":"Portada","item":"https:\/\/nahuelproducciones.com.ar\/radioquijano\/"},{"@type":"ListItem","position":2,"name":"46\u00ba Fiesta de la Madre Tierra Pachamama en Campo Quijano."}]},{"@type":"WebSite","@id":"https:\/\/nahuelproducciones.com.ar\/radioquijano\/#website","url":"https:\/\/nahuelproducciones.com.ar\/radioquijano\/","name":"RQ 99.9","description":"Radio Quijano 99.9 MHz","potentialAction":[{"@type":"SearchAction","target":{"@type":"EntryPoint","urlTemplate":"https:\/\/nahuelproducciones.com.ar\/radioquijano\/?s={search_term_string}"},"query-input":"required name=search_term_string"}],"inLanguage":"es"},{"@type":"Person","@id":"https:\/\/nahuelproducciones.com.ar\/radioquijano\/#\/schema\/person\/e8a4f939e2cb487fe6d0c54042c9d32c","name":"Cecilia Pastrana","image":{"@type":"ImageObject","inLanguage":"es","@id":"https:\/\/nahuelproducciones.com.ar\/radioquijano\/#\/schema\/person\/image\/","url":"https:\/\/secure.gravatar.com\/avatar\/661a3ef63a8488d4f2794ed44af8cf71420f7e106f3072c40125114df5157749?s=96&d=mm&r=g","contentUrl":"https:\/\/secure.gravatar.com\/avatar\/661a3ef63a8488d4f2794ed44af8cf71420f7e106f3072c40125114df5157749?s=96&d=mm&r=g","caption":"Cecilia Pastrana"},"sameAs":["cecy"],"url":"https:\/\/nahuelproducciones.com.ar\/radioquijano\/author\/cecy\/"}]}},"_links":{"self":[{"href":"https:\/\/nahuelproducciones.com.ar\/radioquijano\/wp-json\/wp\/v2\/posts\/3189","targetHints":{"allow":["GET"]}}],"collection":[{"href":"https:\/\/nahuelproducciones.com.ar\/radioquijano\/wp-json\/wp\/v2\/posts"}],"about":[{"href":"https:\/\/nahuelproducciones.com.ar\/radioquijano\/wp-json\/wp\/v2\/types\/post"}],"author":[{"embeddable":true,"href":"https:\/\/nahuelproducciones.com.ar\/radioquijano\/wp-json\/wp\/v2\/users\/8"}],"replies":[{"embeddable":true,"href":"https:\/\/nahuelproducciones.com.ar\/radioquijano\/wp-json\/wp\/v2\/comments?post=3189"}],"version-history":[{"count":5,"href":"https:\/\/nahuelproducciones.com.ar\/radioquijano\/wp-json\/wp\/v2\/posts\/3189\/revisions"}],"predecessor-version":[{"id":3201,"href":"https:\/\/nahuelproducciones.com.ar\/radioquijano\/wp-json\/wp\/v2\/posts\/3189\/revisions\/3201"}],"wp:featuredmedia":[{"embeddable":true,"href":"https:\/\/nahuelproducciones.com.ar\/radioquijano\/wp-json\/wp\/v2\/media\/3191"}],"wp:attachment":[{"href":"https:\/\/nahuelproducciones.com.ar\/radioquijano\/wp-json\/wp\/v2\/media?parent=3189"}],"wp:term":[{"taxonomy":"category","embeddable":true,"href":"https:\/\/nahuelproducciones.com.ar\/radioquijano\/wp-json\/wp\/v2\/categories?post=3189"},{"taxonomy":"post_tag","embeddable":true,"href":"https:\/\/nahuelproducciones.com.ar\/radioquijano\/wp-json\/wp\/v2\/tags?post=3189"}],"curies":[{"name":"wp","href":"https:\/\/api.w.org\/{rel}","templated":true}]}}