{"id":3248,"date":"2022-08-11T23:50:08","date_gmt":"2022-08-12T02:50:08","guid":{"rendered":"https:\/\/nahuelproducciones.com.ar\/radioquijano\/?p=3248"},"modified":"2022-08-11T23:50:09","modified_gmt":"2022-08-12T02:50:09","slug":"en-paraje-el-alfarcito-se-capacita-en-instalacion-y-mantenimiento-de-paneles-solares","status":"publish","type":"post","link":"https:\/\/nahuelproducciones.com.ar\/radioquijano\/en-paraje-el-alfarcito-se-capacita-en-instalacion-y-mantenimiento-de-paneles-solares\/","title":{"rendered":"En paraje \u00abEl Alfarcito\u00bb se capacita en instalaci\u00f3n y mantenimiento de paneles solares"},"content":{"rendered":"\n<p>El Ministerio de Educaci\u00f3n contin\u00faa fotaleciendo y apliando la oferta de formaci\u00f3n para el trabajo seg\u00fan las necesidades del sector productivo y de servicios. Esto es parte de la pol\u00edtica p\u00fablica que lleva adelante el Gobierno de la Provincia, que adem\u00e1s consiste en la articulaci\u00f3n del sector p\u00fablico y privado.<\/p>\n\n\n\n<p>En ese marco se firm\u00f3 un Convenio de Cooperaci\u00f3n mutua entre el Ministerio de Educaci\u00f3n y la empresa EDESA S.A., que prev\u00e9 actividades de capacitaci\u00f3n y formaci\u00f3n profesional. Como resultado de esa r\u00fabrica se desarrolla en el paraje El Alfarcito, departamento de Rosario de Lerma, el curso \u00abOperador de Mantenimiento de Paneles Fotovolc\u00e1nicos\u00bb.<\/p>\n\n\n\n<p>El ministro&nbsp;<strong>Mat\u00edas C\u00e1nepa<\/strong>&nbsp;estuvo en el lugar para ver c\u00f3mo se capacitan los alumnos y aprovech\u00f3 la visita para acercarse al Colegio Secundario de Monta\u00f1a Alfarcito y a la escuela N\u00ba 4.765 del Paraje y reconoci\u00f3 la gran labor que all\u00ed se realiza.<\/p>\n\n\n\n<div class=\"wp-block-image\"><figure class=\"aligncenter is-resized\"><a href=\"https:\/\/www.salta.gob.ar\/public\/images\/noticias\/contenidos\/3703-en-alfarcito-jovenes-se-capacitan-en-instalacion-y-mantenimiento-de-paneles-solares.jpg\"><img loading=\"lazy\" decoding=\"async\" src=\"https:\/\/www.salta.gob.ar\/public\/images\/noticias\/contenidos\/3703-en-alfarcito-jovenes-se-capacitan-en-instalacion-y-mantenimiento-de-paneles-solares.jpg\" alt=\"En Alfarcito j\u00f3venes se capacitan en instalaci\u00f3n y mantenimiento de paneles solares\" width=\"544\" height=\"340\"\/><\/a><\/figure><\/div>\n\n\n\n<p><strong>Sobre el curso<\/strong><\/p>\n\n\n\n<p>Gracias a la articulaci\u00f3n p\u00fablico privada se pudo concretar este curso con el objeto de formar mano de obra calificada para la operaci\u00f3n y mantenimiento de sistemas solares fotovolc\u00e1nicos en regiones en las que existen sistemas el\u00e9ctricos dispersos.<\/p>\n\n\n\n<p>Este curso consta de tres m\u00f3dulos con una carga horario de 180 horas reloj. El curso contempla clases te\u00f3ricas y pr\u00e1cticas que se desarrollan en las instalaciones del Secundario de Monta\u00f1a y en viviendas particulares de los asistentes que cuentan con este sistema fotovolc\u00e1nico.<\/p>\n\n\n\n<p>Durante el cursado los alumnos aprenden a conocer las partes de los paneles, funciones de los componentes y las tareas de mantenimiento correspondientes.<\/p>\n\n\n\n<p>Al finalizar cada operario estar\u00e1 capacitado para prestar servicios relacionados a la instalaci\u00f3n de sistemas de energ\u00eda solar fotovolc\u00e1nica para viviendas, locales comerciales, espacios administrativos y en espacios rurales o aislados (galpones, criaderos, garitas de seguridad, entre otros).<\/p>\n\n\n\n<p>Fuente:\u00a0<strong>Secretar\u00eda de Prensa y Comunicaci\u00f3n<\/strong><\/p>\n\n\n\n<p><a href=\"https:\/\/nahuelproducciones.com.ar\/index.php\/rq999\" target=\"_blank\" rel=\"noreferrer noopener\">#RQ99.9Mhz<\/a>\u00a0<a href=\"https:\/\/nahuelproducciones.com.ar\/\" target=\"_blank\" rel=\"noreferrer noopener\">#CAMPOQUIJANO<\/a>\u00a0<a href=\"http:\/\/nahuelproducciones.com.ar\/radioquijano\/\" target=\"_blank\" rel=\"noreferrer noopener\">#RadioQuijano<\/a><\/p>\n","protected":false},"excerpt":{"rendered":"<p>El Ministerio de Educaci\u00f3n contin\u00faa fotaleciendo y apliando la oferta de formaci\u00f3n para el trabajo seg\u00fan las necesidades del sector productivo y de servicios. Esto es parte de la pol\u00edtica p\u00fablica que lleva adelante el Gobierno de la Provincia, que adem\u00e1s consiste en la articulaci\u00f3n del sector p\u00fablico y privado. En ese marco se firm\u00f3 [&hellip;]<\/p>\n","protected":false},"author":8,"featured_media":3249,"comment_status":"open","ping_status":"open","sticky":false,"template":"","format":"standard","meta":{"_monsterinsights_skip_tracking":false,"_monsterinsights_sitenote_active":false,"_monsterinsights_sitenote_note":"","_monsterinsights_sitenote_category":0,"footnotes":""},"categories":[16],"tags":[605,609,607,608,610,603,606],"class_list":["post-3248","post","type-post","status-publish","format-standard","has-post-thumbnail","hentry","category-noticias","tag-alfarcito","tag-colegio-secundario-de-montana-alfarcito","tag-convenio-de-cooperacion","tag-empresa-edesa-s-a","tag-escuela-no-4-765-del-paraje","tag-ministerio-de-educacion","tag-paneles-solares"],"yoast_head":"<!-- This site is optimized with the Yoast SEO plugin v20.8 - https:\/\/yoast.com\/wordpress\/plugins\/seo\/ -->\n<title>En paraje &quot;El Alfarcito&quot; se capacita en instalaci\u00f3n y mantenimiento de paneles solares - RQ 99.9<\/title>\n<meta name=\"description\" content=\"Con esta formaci\u00f3n los estudiantes quedar\u00e1n habilitados para brindar el servicio t\u00e9cnico de mantenimiento de paneles solares\" \/>\n<meta name=\"robots\" content=\"index, follow, max-snippet:-1, max-image-preview:large, max-video-preview:-1\" \/>\n<link rel=\"canonical\" href=\"https:\/\/nahuelproducciones.com.ar\/radioquijano\/en-paraje-el-alfarcito-se-capacita-en-instalacion-y-mantenimiento-de-paneles-solares\/\" \/>\n<meta property=\"og:locale\" content=\"es_ES\" \/>\n<meta property=\"og:type\" content=\"article\" \/>\n<meta property=\"og:title\" content=\"En paraje &quot;El Alfarcito&quot; se capacita en instalaci\u00f3n y mantenimiento de paneles solares - RQ 99.9\" \/>\n<meta property=\"og:description\" content=\"Con esta formaci\u00f3n los estudiantes quedar\u00e1n habilitados para brindar el servicio t\u00e9cnico de mantenimiento de paneles solares\" \/>\n<meta property=\"og:url\" content=\"https:\/\/nahuelproducciones.com.ar\/radioquijano\/en-paraje-el-alfarcito-se-capacita-en-instalacion-y-mantenimiento-de-paneles-solares\/\" \/>\n<meta property=\"og:site_name\" content=\"RQ 99.9\" \/>\n<meta property=\"article:publisher\" content=\"https:\/\/www.facebook.com\/nahuelproducciones999\/\" \/>\n<meta property=\"article:published_time\" content=\"2022-08-12T02:50:08+00:00\" \/>\n<meta property=\"article:modified_time\" content=\"2022-08-12T02:50:09+00:00\" \/>\n<meta property=\"og:image\" content=\"https:\/\/nahuelproducciones.com.ar\/radioquijano\/wp-content\/uploads\/2022\/08\/84157-en-alfarcito-jovenes-se-capacitan-en-instalacion-y-mantenimiento-de-paneles-solares.jpg\" \/>\n\t<meta property=\"og:image:width\" content=\"560\" \/>\n\t<meta property=\"og:image:height\" content=\"350\" \/>\n\t<meta property=\"og:image:type\" content=\"image\/jpeg\" \/>\n<meta name=\"author\" content=\"Cecilia Pastrana\" \/>\n<meta name=\"twitter:card\" content=\"summary_large_image\" \/>\n<meta name=\"twitter:creator\" content=\"@nahuproduciones\" \/>\n<meta name=\"twitter:site\" content=\"@nahuproduciones\" \/>\n<meta name=\"twitter:label1\" content=\"Escrito por\" \/>\n\t<meta name=\"twitter:data1\" content=\"Cecilia Pastrana\" \/>\n\t<meta name=\"twitter:label2\" content=\"Tiempo de lectura\" \/>\n\t<meta name=\"twitter:data2\" content=\"2 minutos\" \/>\n<script type=\"application\/ld+json\" class=\"yoast-schema-graph\">{\"@context\":\"https:\/\/schema.org\",\"@graph\":[{\"@type\":\"WebPage\",\"@id\":\"https:\/\/nahuelproducciones.com.ar\/radioquijano\/en-paraje-el-alfarcito-se-capacita-en-instalacion-y-mantenimiento-de-paneles-solares\/\",\"url\":\"https:\/\/nahuelproducciones.com.ar\/radioquijano\/en-paraje-el-alfarcito-se-capacita-en-instalacion-y-mantenimiento-de-paneles-solares\/\",\"name\":\"En paraje \\\"El Alfarcito\\\" se capacita en instalaci\u00f3n y mantenimiento de paneles solares - RQ 99.9\",\"isPartOf\":{\"@id\":\"https:\/\/nahuelproducciones.com.ar\/radioquijano\/#website\"},\"datePublished\":\"2022-08-12T02:50:08+00:00\",\"dateModified\":\"2022-08-12T02:50:09+00:00\",\"author\":{\"@id\":\"https:\/\/nahuelproducciones.com.ar\/radioquijano\/#\/schema\/person\/e8a4f939e2cb487fe6d0c54042c9d32c\"},\"description\":\"Con esta formaci\u00f3n los estudiantes quedar\u00e1n habilitados para brindar el servicio t\u00e9cnico de mantenimiento de paneles solares\",\"breadcrumb\":{\"@id\":\"https:\/\/nahuelproducciones.com.ar\/radioquijano\/en-paraje-el-alfarcito-se-capacita-en-instalacion-y-mantenimiento-de-paneles-solares\/#breadcrumb\"},\"inLanguage\":\"es\",\"potentialAction\":[{\"@type\":\"ReadAction\",\"target\":[\"https:\/\/nahuelproducciones.com.ar\/radioquijano\/en-paraje-el-alfarcito-se-capacita-en-instalacion-y-mantenimiento-de-paneles-solares\/\"]}]},{\"@type\":\"BreadcrumbList\",\"@id\":\"https:\/\/nahuelproducciones.com.ar\/radioquijano\/en-paraje-el-alfarcito-se-capacita-en-instalacion-y-mantenimiento-de-paneles-solares\/#breadcrumb\",\"itemListElement\":[{\"@type\":\"ListItem\",\"position\":1,\"name\":\"Portada\",\"item\":\"https:\/\/nahuelproducciones.com.ar\/radioquijano\/\"},{\"@type\":\"ListItem\",\"position\":2,\"name\":\"En paraje \u00abEl Alfarcito\u00bb se capacita en instalaci\u00f3n y mantenimiento de paneles solares\"}]},{\"@type\":\"WebSite\",\"@id\":\"https:\/\/nahuelproducciones.com.ar\/radioquijano\/#website\",\"url\":\"https:\/\/nahuelproducciones.com.ar\/radioquijano\/\",\"name\":\"RQ 99.9\",\"description\":\"Radio Quijano 99.9 MHz\",\"potentialAction\":[{\"@type\":\"SearchAction\",\"target\":{\"@type\":\"EntryPoint\",\"urlTemplate\":\"https:\/\/nahuelproducciones.com.ar\/radioquijano\/?s={search_term_string}\"},\"query-input\":\"required name=search_term_string\"}],\"inLanguage\":\"es\"},{\"@type\":\"Person\",\"@id\":\"https:\/\/nahuelproducciones.com.ar\/radioquijano\/#\/schema\/person\/e8a4f939e2cb487fe6d0c54042c9d32c\",\"name\":\"Cecilia Pastrana\",\"image\":{\"@type\":\"ImageObject\",\"inLanguage\":\"es\",\"@id\":\"https:\/\/nahuelproducciones.com.ar\/radioquijano\/#\/schema\/person\/image\/\",\"url\":\"https:\/\/secure.gravatar.com\/avatar\/661a3ef63a8488d4f2794ed44af8cf71420f7e106f3072c40125114df5157749?s=96&d=mm&r=g\",\"contentUrl\":\"https:\/\/secure.gravatar.com\/avatar\/661a3ef63a8488d4f2794ed44af8cf71420f7e106f3072c40125114df5157749?s=96&d=mm&r=g\",\"caption\":\"Cecilia Pastrana\"},\"sameAs\":[\"cecy\"],\"url\":\"https:\/\/nahuelproducciones.com.ar\/radioquijano\/author\/cecy\/\"}]}<\/script>\n<!-- \/ Yoast SEO plugin. -->","yoast_head_json":{"title":"En paraje \"El Alfarcito\" se capacita en instalaci\u00f3n y mantenimiento de paneles solares - RQ 99.9","description":"Con esta formaci\u00f3n los estudiantes quedar\u00e1n habilitados para brindar el servicio t\u00e9cnico de mantenimiento de paneles solares","robots":{"index":"index","follow":"follow","max-snippet":"max-snippet:-1","max-image-preview":"max-image-preview:large","max-video-preview":"max-video-preview:-1"},"canonical":"https:\/\/nahuelproducciones.com.ar\/radioquijano\/en-paraje-el-alfarcito-se-capacita-en-instalacion-y-mantenimiento-de-paneles-solares\/","og_locale":"es_ES","og_type":"article","og_title":"En paraje \"El Alfarcito\" se capacita en instalaci\u00f3n y mantenimiento de paneles solares - RQ 99.9","og_description":"Con esta formaci\u00f3n los estudiantes quedar\u00e1n habilitados para brindar el servicio t\u00e9cnico de mantenimiento de paneles solares","og_url":"https:\/\/nahuelproducciones.com.ar\/radioquijano\/en-paraje-el-alfarcito-se-capacita-en-instalacion-y-mantenimiento-de-paneles-solares\/","og_site_name":"RQ 99.9","article_publisher":"https:\/\/www.facebook.com\/nahuelproducciones999\/","article_published_time":"2022-08-12T02:50:08+00:00","article_modified_time":"2022-08-12T02:50:09+00:00","og_image":[{"width":560,"height":350,"url":"https:\/\/nahuelproducciones.com.ar\/radioquijano\/wp-content\/uploads\/2022\/08\/84157-en-alfarcito-jovenes-se-capacitan-en-instalacion-y-mantenimiento-de-paneles-solares.jpg","type":"image\/jpeg"}],"author":"Cecilia Pastrana","twitter_card":"summary_large_image","twitter_creator":"@nahuproduciones","twitter_site":"@nahuproduciones","twitter_misc":{"Escrito por":"Cecilia Pastrana","Tiempo de lectura":"2 minutos"},"schema":{"@context":"https:\/\/schema.org","@graph":[{"@type":"WebPage","@id":"https:\/\/nahuelproducciones.com.ar\/radioquijano\/en-paraje-el-alfarcito-se-capacita-en-instalacion-y-mantenimiento-de-paneles-solares\/","url":"https:\/\/nahuelproducciones.com.ar\/radioquijano\/en-paraje-el-alfarcito-se-capacita-en-instalacion-y-mantenimiento-de-paneles-solares\/","name":"En paraje \"El Alfarcito\" se capacita en instalaci\u00f3n y mantenimiento de paneles solares - RQ 99.9","isPartOf":{"@id":"https:\/\/nahuelproducciones.com.ar\/radioquijano\/#website"},"datePublished":"2022-08-12T02:50:08+00:00","dateModified":"2022-08-12T02:50:09+00:00","author":{"@id":"https:\/\/nahuelproducciones.com.ar\/radioquijano\/#\/schema\/person\/e8a4f939e2cb487fe6d0c54042c9d32c"},"description":"Con esta formaci\u00f3n los estudiantes quedar\u00e1n habilitados para brindar el servicio t\u00e9cnico de mantenimiento de paneles solares","breadcrumb":{"@id":"https:\/\/nahuelproducciones.com.ar\/radioquijano\/en-paraje-el-alfarcito-se-capacita-en-instalacion-y-mantenimiento-de-paneles-solares\/#breadcrumb"},"inLanguage":"es","potentialAction":[{"@type":"ReadAction","target":["https:\/\/nahuelproducciones.com.ar\/radioquijano\/en-paraje-el-alfarcito-se-capacita-en-instalacion-y-mantenimiento-de-paneles-solares\/"]}]},{"@type":"BreadcrumbList","@id":"https:\/\/nahuelproducciones.com.ar\/radioquijano\/en-paraje-el-alfarcito-se-capacita-en-instalacion-y-mantenimiento-de-paneles-solares\/#breadcrumb","itemListElement":[{"@type":"ListItem","position":1,"name":"Portada","item":"https:\/\/nahuelproducciones.com.ar\/radioquijano\/"},{"@type":"ListItem","position":2,"name":"En paraje \u00abEl Alfarcito\u00bb se capacita en instalaci\u00f3n y mantenimiento de paneles solares"}]},{"@type":"WebSite","@id":"https:\/\/nahuelproducciones.com.ar\/radioquijano\/#website","url":"https:\/\/nahuelproducciones.com.ar\/radioquijano\/","name":"RQ 99.9","description":"Radio Quijano 99.9 MHz","potentialAction":[{"@type":"SearchAction","target":{"@type":"EntryPoint","urlTemplate":"https:\/\/nahuelproducciones.com.ar\/radioquijano\/?s={search_term_string}"},"query-input":"required name=search_term_string"}],"inLanguage":"es"},{"@type":"Person","@id":"https:\/\/nahuelproducciones.com.ar\/radioquijano\/#\/schema\/person\/e8a4f939e2cb487fe6d0c54042c9d32c","name":"Cecilia Pastrana","image":{"@type":"ImageObject","inLanguage":"es","@id":"https:\/\/nahuelproducciones.com.ar\/radioquijano\/#\/schema\/person\/image\/","url":"https:\/\/secure.gravatar.com\/avatar\/661a3ef63a8488d4f2794ed44af8cf71420f7e106f3072c40125114df5157749?s=96&d=mm&r=g","contentUrl":"https:\/\/secure.gravatar.com\/avatar\/661a3ef63a8488d4f2794ed44af8cf71420f7e106f3072c40125114df5157749?s=96&d=mm&r=g","caption":"Cecilia Pastrana"},"sameAs":["cecy"],"url":"https:\/\/nahuelproducciones.com.ar\/radioquijano\/author\/cecy\/"}]}},"_links":{"self":[{"href":"https:\/\/nahuelproducciones.com.ar\/radioquijano\/wp-json\/wp\/v2\/posts\/3248","targetHints":{"allow":["GET"]}}],"collection":[{"href":"https:\/\/nahuelproducciones.com.ar\/radioquijano\/wp-json\/wp\/v2\/posts"}],"about":[{"href":"https:\/\/nahuelproducciones.com.ar\/radioquijano\/wp-json\/wp\/v2\/types\/post"}],"author":[{"embeddable":true,"href":"https:\/\/nahuelproducciones.com.ar\/radioquijano\/wp-json\/wp\/v2\/users\/8"}],"replies":[{"embeddable":true,"href":"https:\/\/nahuelproducciones.com.ar\/radioquijano\/wp-json\/wp\/v2\/comments?post=3248"}],"version-history":[{"count":1,"href":"https:\/\/nahuelproducciones.com.ar\/radioquijano\/wp-json\/wp\/v2\/posts\/3248\/revisions"}],"predecessor-version":[{"id":3250,"href":"https:\/\/nahuelproducciones.com.ar\/radioquijano\/wp-json\/wp\/v2\/posts\/3248\/revisions\/3250"}],"wp:featuredmedia":[{"embeddable":true,"href":"https:\/\/nahuelproducciones.com.ar\/radioquijano\/wp-json\/wp\/v2\/media\/3249"}],"wp:attachment":[{"href":"https:\/\/nahuelproducciones.com.ar\/radioquijano\/wp-json\/wp\/v2\/media?parent=3248"}],"wp:term":[{"taxonomy":"category","embeddable":true,"href":"https:\/\/nahuelproducciones.com.ar\/radioquijano\/wp-json\/wp\/v2\/categories?post=3248"},{"taxonomy":"post_tag","embeddable":true,"href":"https:\/\/nahuelproducciones.com.ar\/radioquijano\/wp-json\/wp\/v2\/tags?post=3248"}],"curies":[{"name":"wp","href":"https:\/\/api.w.org\/{rel}","templated":true}]}}