{"id":3374,"date":"2022-08-28T22:43:23","date_gmt":"2022-08-29T01:43:23","guid":{"rendered":"https:\/\/nahuelproducciones.com.ar\/radioquijano\/?p=3374"},"modified":"2022-08-28T23:58:25","modified_gmt":"2022-08-29T02:58:25","slug":"carlos-lupy-cruz-casi-17-anos-de-gestion","status":"publish","type":"post","link":"https:\/\/nahuelproducciones.com.ar\/radioquijano\/carlos-lupy-cruz-casi-17-anos-de-gestion\/","title":{"rendered":"Carlos \u00abLupy\u00bb Cruz: casi 17 a\u00f1os de gesti\u00f3n&#8230;"},"content":{"rendered":"\n<p>Se trata del concejal con m\u00e1s a\u00f1os de gesti\u00f3n en el municipio de Campo Quijano, por lo tanto se podr\u00eda considerar como un avezado no solo en la gesti\u00f3n legislativa sino tambi\u00e9n en la formulaci\u00f3n de proyectos.<\/p>\n\n\n\n<p>Pero lo que mostramos a continuaci\u00f3n replantea toda consideraci\u00f3n al respecto, pues deja al descubierto no solo horrores ortogr\u00e1ficos y gramaticales, sino tambi\u00e9n el desconocimiento de toda normativa que rige nuestra vida comunal.<\/p>\n\n\n\n<p>No ser\u00eda tan contundente la observaci\u00f3n que realizamos si solo fuera un edil en su inicio legislativo, que a pesar de ello habr\u00eda que reclamarle el conocimiento de toda normativa y la permanente formulaci\u00f3n de proyectos.<\/p>\n\n\n\n<p>Pero la posici\u00f3n adoptada por Cruz deviene de otras pr\u00e1cticas similares como por ejemplo en la intendencia de Manuel Cornejo, que como todos saben todav\u00eda la justicia no ha tomado en serio las denuncias por m\u00e1s de 84 millones de pesos.<\/p>\n\n\n\n<p>Es cierto que Cruz oficiaba de cuasi escribano en el legislativo comunal mientras transcurr\u00eda la gesti\u00f3n de Cornejo, como tambi\u00e9n es cierto que responde al equipo que integran los diputados Lino Yonar, Nacho Jarsun, el senador \u00abTopo\u00bb Ramos todos al mando del intendente Carlos Folloni.<\/p>\n\n\n\n<p>Si esto no fuera as\u00ed, como se entiende que el concejal Cruz pretenda hacer aprobar una ordenanza para que el ejecutivo comunal \u00ab<strong>comercialice<\/strong>\u00bb al menos as\u00ed se lee en el proyecto, todo veh\u00edculo en desuso y todo \u00ab<strong>material ferroso<\/strong>\u00ab. Claro, con el control de 3 ediles elegidos por sorteo&#8230;<br><\/p>\n\n\n\n<p>Analizando, Cruz \u00ab<strong>autoriza<\/strong>\u00bb aunque el intendente no haya solicitado el permiso para \u00ab<strong>comercializar<\/strong>\u00bb veh\u00edculos en desuso y materiales ferrosos. El control sobre el ejecutivo municipal debe realizarse mediante el cumplimiento de la Ley de municipalidades N\u00b0 8126 y mediante la formulaci\u00f3n y respuesta a los pedidos de informes y no como pretende en el presente proyecto.<\/p>\n\n\n\n<div class=\"wp-block-image\"><figure class=\"aligncenter size-full is-resized\"><img loading=\"lazy\" decoding=\"async\" src=\"https:\/\/nahuelproducciones.com.ar\/radioquijano\/wp-content\/uploads\/2022\/08\/proyecto-de-ordenanza-cruz-1.png\" alt=\"\" class=\"wp-image-3375\" width=\"760\" height=\"718\" srcset=\"https:\/\/nahuelproducciones.com.ar\/radioquijano\/wp-content\/uploads\/2022\/08\/proyecto-de-ordenanza-cruz-1.png 610w, https:\/\/nahuelproducciones.com.ar\/radioquijano\/wp-content\/uploads\/2022\/08\/proyecto-de-ordenanza-cruz-1-300x283.png 300w, https:\/\/nahuelproducciones.com.ar\/radioquijano\/wp-content\/uploads\/2022\/08\/proyecto-de-ordenanza-cruz-1-150x142.png 150w\" sizes=\"auto, (max-width: 760px) 100vw, 760px\" \/><\/figure><\/div>\n\n\n\n<div class=\"wp-block-image\"><figure class=\"aligncenter size-full is-resized\"><img loading=\"lazy\" decoding=\"async\" src=\"https:\/\/nahuelproducciones.com.ar\/radioquijano\/wp-content\/uploads\/2022\/08\/proyecto-de-ordenanza-cruz-2.png\" alt=\"\" class=\"wp-image-3376\" width=\"756\" height=\"656\" srcset=\"https:\/\/nahuelproducciones.com.ar\/radioquijano\/wp-content\/uploads\/2022\/08\/proyecto-de-ordenanza-cruz-2.png 663w, https:\/\/nahuelproducciones.com.ar\/radioquijano\/wp-content\/uploads\/2022\/08\/proyecto-de-ordenanza-cruz-2-300x261.png 300w, https:\/\/nahuelproducciones.com.ar\/radioquijano\/wp-content\/uploads\/2022\/08\/proyecto-de-ordenanza-cruz-2-150x130.png 150w\" sizes=\"auto, (max-width: 756px) 100vw, 756px\" \/><\/figure><\/div>\n\n\n\n<p><strong>P\/D TAMBI\u00c9N ES PRESIDENTE DEL CONCEJO DELIBERANTE Y DE LAS COMISIONES.<\/strong><\/p>\n","protected":false},"excerpt":{"rendered":"<p>Se trata del concejal con m\u00e1s a\u00f1os de gesti\u00f3n en el municipio de Campo Quijano, por lo tanto se podr\u00eda considerar como un avezado no solo en la gesti\u00f3n legislativa sino tambi\u00e9n en la formulaci\u00f3n de proyectos. Pero lo que mostramos a continuaci\u00f3n replantea toda consideraci\u00f3n al respecto, pues deja al descubierto no solo horrores [&hellip;]<\/p>\n","protected":false},"author":6,"featured_media":3381,"comment_status":"open","ping_status":"open","sticky":false,"template":"","format":"standard","meta":{"_monsterinsights_skip_tracking":false,"_monsterinsights_sitenote_active":false,"_monsterinsights_sitenote_note":"","_monsterinsights_sitenote_category":0,"footnotes":""},"categories":[6,16],"tags":[73,36,58,75,65,63,84,71,100,47,62],"class_list":["post-3374","post","type-post","status-publish","format-standard","has-post-thumbnail","hentry","category-editorial","category-noticias","tag-ariel-gallardo","tag-campo-quijano","tag-carlos-folloni","tag-concejo-deliberante-de-campo-quijano","tag-gustavo-saenz","tag-lino-yonar","tag-manuel-cornejo","tag-municipalidad-de-campo-quijano","tag-municipio-de-campo-quijano","tag-rosario-de-lerma","tag-topo-ramos"],"yoast_head":"<!-- This site is optimized with the Yoast SEO plugin v20.8 - https:\/\/yoast.com\/wordpress\/plugins\/seo\/ -->\n<title>Carlos &quot;Lupy&quot; Cruz: casi 17 a\u00f1os de gesti\u00f3n... - RQ 99.9<\/title>\n<meta name=\"description\" content=\"Carlos Lupy Cruz: casi 17 a\u00f1os de gesti\u00f3n\" \/>\n<meta name=\"robots\" content=\"index, follow, max-snippet:-1, max-image-preview:large, max-video-preview:-1\" \/>\n<link rel=\"canonical\" href=\"https:\/\/nahuelproducciones.com.ar\/radioquijano\/carlos-lupy-cruz-casi-17-anos-de-gestion\/\" \/>\n<meta property=\"og:locale\" content=\"es_ES\" \/>\n<meta property=\"og:type\" content=\"article\" \/>\n<meta property=\"og:title\" content=\"Carlos &quot;Lupy&quot; Cruz: casi 17 a\u00f1os de gesti\u00f3n... - RQ 99.9\" \/>\n<meta property=\"og:description\" content=\"Carlos Lupy Cruz: casi 17 a\u00f1os de gesti\u00f3n\" \/>\n<meta property=\"og:url\" content=\"https:\/\/nahuelproducciones.com.ar\/radioquijano\/carlos-lupy-cruz-casi-17-anos-de-gestion\/\" \/>\n<meta property=\"og:site_name\" content=\"RQ 99.9\" \/>\n<meta property=\"article:publisher\" content=\"https:\/\/www.facebook.com\/nahuelproducciones999\/\" \/>\n<meta property=\"article:published_time\" content=\"2022-08-29T01:43:23+00:00\" \/>\n<meta property=\"article:modified_time\" content=\"2022-08-29T02:58:25+00:00\" \/>\n<meta property=\"og:image\" content=\"https:\/\/nahuelproducciones.com.ar\/radioquijano\/wp-content\/uploads\/2022\/08\/55825-concejales-de-quijano-aprobaron-un-impuestazo-del-200.jpeg\" \/>\n\t<meta property=\"og:image:width\" content=\"700\" \/>\n\t<meta property=\"og:image:height\" content=\"350\" \/>\n\t<meta property=\"og:image:type\" content=\"image\/jpeg\" \/>\n<meta name=\"author\" content=\"Ricardo Guzman\" \/>\n<meta name=\"twitter:card\" content=\"summary_large_image\" \/>\n<meta name=\"twitter:creator\" content=\"@nahuproduciones\" \/>\n<meta name=\"twitter:site\" content=\"@nahuproduciones\" \/>\n<meta name=\"twitter:label1\" content=\"Escrito por\" \/>\n\t<meta name=\"twitter:data1\" content=\"Ricardo Guzman\" \/>\n\t<meta name=\"twitter:label2\" content=\"Tiempo de lectura\" \/>\n\t<meta name=\"twitter:data2\" content=\"2 minutos\" \/>\n<script type=\"application\/ld+json\" class=\"yoast-schema-graph\">{\"@context\":\"https:\/\/schema.org\",\"@graph\":[{\"@type\":\"WebPage\",\"@id\":\"https:\/\/nahuelproducciones.com.ar\/radioquijano\/carlos-lupy-cruz-casi-17-anos-de-gestion\/\",\"url\":\"https:\/\/nahuelproducciones.com.ar\/radioquijano\/carlos-lupy-cruz-casi-17-anos-de-gestion\/\",\"name\":\"Carlos \\\"Lupy\\\" Cruz: casi 17 a\u00f1os de gesti\u00f3n... - RQ 99.9\",\"isPartOf\":{\"@id\":\"https:\/\/nahuelproducciones.com.ar\/radioquijano\/#website\"},\"datePublished\":\"2022-08-29T01:43:23+00:00\",\"dateModified\":\"2022-08-29T02:58:25+00:00\",\"author\":{\"@id\":\"https:\/\/nahuelproducciones.com.ar\/radioquijano\/#\/schema\/person\/b9b81a110cbdf07949e2cd02d478ab9d\"},\"description\":\"Carlos Lupy Cruz: casi 17 a\u00f1os de gesti\u00f3n\",\"breadcrumb\":{\"@id\":\"https:\/\/nahuelproducciones.com.ar\/radioquijano\/carlos-lupy-cruz-casi-17-anos-de-gestion\/#breadcrumb\"},\"inLanguage\":\"es\",\"potentialAction\":[{\"@type\":\"ReadAction\",\"target\":[\"https:\/\/nahuelproducciones.com.ar\/radioquijano\/carlos-lupy-cruz-casi-17-anos-de-gestion\/\"]}]},{\"@type\":\"BreadcrumbList\",\"@id\":\"https:\/\/nahuelproducciones.com.ar\/radioquijano\/carlos-lupy-cruz-casi-17-anos-de-gestion\/#breadcrumb\",\"itemListElement\":[{\"@type\":\"ListItem\",\"position\":1,\"name\":\"Portada\",\"item\":\"https:\/\/nahuelproducciones.com.ar\/radioquijano\/\"},{\"@type\":\"ListItem\",\"position\":2,\"name\":\"Carlos \u00abLupy\u00bb Cruz: casi 17 a\u00f1os de gesti\u00f3n&#8230;\"}]},{\"@type\":\"WebSite\",\"@id\":\"https:\/\/nahuelproducciones.com.ar\/radioquijano\/#website\",\"url\":\"https:\/\/nahuelproducciones.com.ar\/radioquijano\/\",\"name\":\"RQ 99.9\",\"description\":\"Radio Quijano 99.9 MHz\",\"potentialAction\":[{\"@type\":\"SearchAction\",\"target\":{\"@type\":\"EntryPoint\",\"urlTemplate\":\"https:\/\/nahuelproducciones.com.ar\/radioquijano\/?s={search_term_string}\"},\"query-input\":\"required name=search_term_string\"}],\"inLanguage\":\"es\"},{\"@type\":\"Person\",\"@id\":\"https:\/\/nahuelproducciones.com.ar\/radioquijano\/#\/schema\/person\/b9b81a110cbdf07949e2cd02d478ab9d\",\"name\":\"Ricardo Guzman\",\"image\":{\"@type\":\"ImageObject\",\"inLanguage\":\"es\",\"@id\":\"https:\/\/nahuelproducciones.com.ar\/radioquijano\/#\/schema\/person\/image\/\",\"url\":\"https:\/\/secure.gravatar.com\/avatar\/a5d582deda251f95dc882b72fc6e7b4854f88bb25c3154519210afffa7d706e8?s=96&d=mm&r=g\",\"contentUrl\":\"https:\/\/secure.gravatar.com\/avatar\/a5d582deda251f95dc882b72fc6e7b4854f88bb25c3154519210afffa7d706e8?s=96&d=mm&r=g\",\"caption\":\"Ricardo Guzman\"},\"url\":\"https:\/\/nahuelproducciones.com.ar\/radioquijano\/author\/cady\/\"}]}<\/script>\n<!-- \/ Yoast SEO plugin. -->","yoast_head_json":{"title":"Carlos \"Lupy\" Cruz: casi 17 a\u00f1os de gesti\u00f3n... - RQ 99.9","description":"Carlos Lupy Cruz: casi 17 a\u00f1os de gesti\u00f3n","robots":{"index":"index","follow":"follow","max-snippet":"max-snippet:-1","max-image-preview":"max-image-preview:large","max-video-preview":"max-video-preview:-1"},"canonical":"https:\/\/nahuelproducciones.com.ar\/radioquijano\/carlos-lupy-cruz-casi-17-anos-de-gestion\/","og_locale":"es_ES","og_type":"article","og_title":"Carlos \"Lupy\" Cruz: casi 17 a\u00f1os de gesti\u00f3n... - RQ 99.9","og_description":"Carlos Lupy Cruz: casi 17 a\u00f1os de gesti\u00f3n","og_url":"https:\/\/nahuelproducciones.com.ar\/radioquijano\/carlos-lupy-cruz-casi-17-anos-de-gestion\/","og_site_name":"RQ 99.9","article_publisher":"https:\/\/www.facebook.com\/nahuelproducciones999\/","article_published_time":"2022-08-29T01:43:23+00:00","article_modified_time":"2022-08-29T02:58:25+00:00","og_image":[{"width":700,"height":350,"url":"https:\/\/nahuelproducciones.com.ar\/radioquijano\/wp-content\/uploads\/2022\/08\/55825-concejales-de-quijano-aprobaron-un-impuestazo-del-200.jpeg","type":"image\/jpeg"}],"author":"Ricardo Guzman","twitter_card":"summary_large_image","twitter_creator":"@nahuproduciones","twitter_site":"@nahuproduciones","twitter_misc":{"Escrito por":"Ricardo Guzman","Tiempo de lectura":"2 minutos"},"schema":{"@context":"https:\/\/schema.org","@graph":[{"@type":"WebPage","@id":"https:\/\/nahuelproducciones.com.ar\/radioquijano\/carlos-lupy-cruz-casi-17-anos-de-gestion\/","url":"https:\/\/nahuelproducciones.com.ar\/radioquijano\/carlos-lupy-cruz-casi-17-anos-de-gestion\/","name":"Carlos \"Lupy\" Cruz: casi 17 a\u00f1os de gesti\u00f3n... - RQ 99.9","isPartOf":{"@id":"https:\/\/nahuelproducciones.com.ar\/radioquijano\/#website"},"datePublished":"2022-08-29T01:43:23+00:00","dateModified":"2022-08-29T02:58:25+00:00","author":{"@id":"https:\/\/nahuelproducciones.com.ar\/radioquijano\/#\/schema\/person\/b9b81a110cbdf07949e2cd02d478ab9d"},"description":"Carlos Lupy Cruz: casi 17 a\u00f1os de gesti\u00f3n","breadcrumb":{"@id":"https:\/\/nahuelproducciones.com.ar\/radioquijano\/carlos-lupy-cruz-casi-17-anos-de-gestion\/#breadcrumb"},"inLanguage":"es","potentialAction":[{"@type":"ReadAction","target":["https:\/\/nahuelproducciones.com.ar\/radioquijano\/carlos-lupy-cruz-casi-17-anos-de-gestion\/"]}]},{"@type":"BreadcrumbList","@id":"https:\/\/nahuelproducciones.com.ar\/radioquijano\/carlos-lupy-cruz-casi-17-anos-de-gestion\/#breadcrumb","itemListElement":[{"@type":"ListItem","position":1,"name":"Portada","item":"https:\/\/nahuelproducciones.com.ar\/radioquijano\/"},{"@type":"ListItem","position":2,"name":"Carlos \u00abLupy\u00bb Cruz: casi 17 a\u00f1os de gesti\u00f3n&#8230;"}]},{"@type":"WebSite","@id":"https:\/\/nahuelproducciones.com.ar\/radioquijano\/#website","url":"https:\/\/nahuelproducciones.com.ar\/radioquijano\/","name":"RQ 99.9","description":"Radio Quijano 99.9 MHz","potentialAction":[{"@type":"SearchAction","target":{"@type":"EntryPoint","urlTemplate":"https:\/\/nahuelproducciones.com.ar\/radioquijano\/?s={search_term_string}"},"query-input":"required name=search_term_string"}],"inLanguage":"es"},{"@type":"Person","@id":"https:\/\/nahuelproducciones.com.ar\/radioquijano\/#\/schema\/person\/b9b81a110cbdf07949e2cd02d478ab9d","name":"Ricardo Guzman","image":{"@type":"ImageObject","inLanguage":"es","@id":"https:\/\/nahuelproducciones.com.ar\/radioquijano\/#\/schema\/person\/image\/","url":"https:\/\/secure.gravatar.com\/avatar\/a5d582deda251f95dc882b72fc6e7b4854f88bb25c3154519210afffa7d706e8?s=96&d=mm&r=g","contentUrl":"https:\/\/secure.gravatar.com\/avatar\/a5d582deda251f95dc882b72fc6e7b4854f88bb25c3154519210afffa7d706e8?s=96&d=mm&r=g","caption":"Ricardo Guzman"},"url":"https:\/\/nahuelproducciones.com.ar\/radioquijano\/author\/cady\/"}]}},"_links":{"self":[{"href":"https:\/\/nahuelproducciones.com.ar\/radioquijano\/wp-json\/wp\/v2\/posts\/3374","targetHints":{"allow":["GET"]}}],"collection":[{"href":"https:\/\/nahuelproducciones.com.ar\/radioquijano\/wp-json\/wp\/v2\/posts"}],"about":[{"href":"https:\/\/nahuelproducciones.com.ar\/radioquijano\/wp-json\/wp\/v2\/types\/post"}],"author":[{"embeddable":true,"href":"https:\/\/nahuelproducciones.com.ar\/radioquijano\/wp-json\/wp\/v2\/users\/6"}],"replies":[{"embeddable":true,"href":"https:\/\/nahuelproducciones.com.ar\/radioquijano\/wp-json\/wp\/v2\/comments?post=3374"}],"version-history":[{"count":3,"href":"https:\/\/nahuelproducciones.com.ar\/radioquijano\/wp-json\/wp\/v2\/posts\/3374\/revisions"}],"predecessor-version":[{"id":3382,"href":"https:\/\/nahuelproducciones.com.ar\/radioquijano\/wp-json\/wp\/v2\/posts\/3374\/revisions\/3382"}],"wp:featuredmedia":[{"embeddable":true,"href":"https:\/\/nahuelproducciones.com.ar\/radioquijano\/wp-json\/wp\/v2\/media\/3381"}],"wp:attachment":[{"href":"https:\/\/nahuelproducciones.com.ar\/radioquijano\/wp-json\/wp\/v2\/media?parent=3374"}],"wp:term":[{"taxonomy":"category","embeddable":true,"href":"https:\/\/nahuelproducciones.com.ar\/radioquijano\/wp-json\/wp\/v2\/categories?post=3374"},{"taxonomy":"post_tag","embeddable":true,"href":"https:\/\/nahuelproducciones.com.ar\/radioquijano\/wp-json\/wp\/v2\/tags?post=3374"}],"curies":[{"name":"wp","href":"https:\/\/api.w.org\/{rel}","templated":true}]}}