{"id":3444,"date":"2022-09-30T10:39:25","date_gmt":"2022-09-30T13:39:25","guid":{"rendered":"https:\/\/nahuelproducciones.com.ar\/radioquijano\/?p=3444"},"modified":"2022-09-30T10:39:26","modified_gmt":"2022-09-30T13:39:26","slug":"dia-historico-para-salta-iniciaron-las-obras-en-la-rn51-anuncio-saenz","status":"publish","type":"post","link":"https:\/\/nahuelproducciones.com.ar\/radioquijano\/dia-historico-para-salta-iniciaron-las-obras-en-la-rn51-anuncio-saenz\/","title":{"rendered":"D\u00eda hist\u00f3rico para Salta: iniciaron las obras en la RN51, anunci\u00f3 S\u00e1enz"},"content":{"rendered":"\n<p>Comenzaron las tareas iniciales para la pavimentaci\u00f3n de 15,6 Km del tramo Alto Chorrillos-Campo Amarillo. Es una obra vial que los salte\u00f1os esperan hace muchos a\u00f1os y de las primeras que gestion\u00f3 el Gobernador ya que es parte central del Corredor Bioce\u00e1nico al potenciar las econom\u00edas regionales y el comercio internacional.<\/p>\n\n\n\n<p>El gobernador&nbsp;<strong>Gustavo S\u00e1enz<\/strong>&nbsp;anunci\u00f3 que comenzaron las tareas iniciales para los trabajos de pavimentaci\u00f3n de la Secci\u00f3n III de la RN-51 Tramo Alto Chorrillos-Campo Amarillo, con una longitud de 15,6 Km.<\/p>\n\n\n\n<p>Es una obra vial que los salte\u00f1os esperan hace muchos a\u00f1os y de las primeras que gestion\u00f3 el Gobernador ya que es parte central del Corredor Bioce\u00e1nico que se dirige hacia el Paso Sico, vinculando Argentina con Chile y por ello hoy es un d\u00eda hist\u00f3rico.<\/p>\n\n\n\n<p>Su concreci\u00f3n potenciar\u00e1 las econom\u00edas regionales, el comercio internacional y promover\u00e1 a la provincia de Salta como corredor log\u00edstico del NOA, reduciendo los tiempos de viaje y protegiendo la integridad tanto de los vecinos del lugar como la de los veh\u00edculos.<\/p>\n\n\n\n<p>Esta secci\u00f3n de la ruta nacional 51 es parte de los cinco convenios para pavimentar entre San Antonio de los Cobres y el Paso de Sico.&nbsp;<\/p>\n\n\n\n<p>Por su vinculaci\u00f3n con el sector minero, tiene un gran potencial comercial e industrial.<\/p>\n\n\n\n<hr class=\"wp-block-separator\"\/>\n\n\n\n<p>Fuente:\u00a0<strong>Secretar\u00eda de Prensa y Comunicaci\u00f3n<\/strong><\/p>\n\n\n\n<p>   <a href=\"https:\/\/nahuelproducciones.com.ar\/index.php\/rq999\" target=\"_blank\" rel=\"noreferrer noopener\">#RQ99.9Mhz<\/a>\u00a0<a href=\"https:\/\/nahuelproducciones.com.ar\/\" target=\"_blank\" rel=\"noreferrer noopener\">#CAMPOQUIJANO<\/a>\u00a0<a href=\"http:\/\/nahuelproducciones.com.ar\/radioquijano\/\" target=\"_blank\" rel=\"noreferrer noopener\">#RadioQuijano<\/a>   <\/p>\n\n\n\n<p><a href=\"https:\/\/www.salta.gob.ar\/public\/images\/noticias\/85208-hoy-es-un-dia-historico-para-salta-iniciaron-las-obras-en-la-rn51-anuncio-saenz.jpeg\"><\/a><\/p>\n","protected":false},"excerpt":{"rendered":"<p>Comenzaron las tareas iniciales para la pavimentaci\u00f3n de 15,6 Km del tramo Alto Chorrillos-Campo Amarillo. Es una obra vial que los salte\u00f1os esperan hace muchos a\u00f1os y de las primeras que gestion\u00f3 el Gobernador ya que es parte central del Corredor Bioce\u00e1nico al potenciar las econom\u00edas regionales y el comercio internacional. El gobernador&nbsp;Gustavo S\u00e1enz&nbsp;anunci\u00f3 que [&hellip;]<\/p>\n","protected":false},"author":8,"featured_media":3445,"comment_status":"open","ping_status":"open","sticky":false,"template":"","format":"standard","meta":{"_monsterinsights_skip_tracking":false,"_monsterinsights_sitenote_active":false,"_monsterinsights_sitenote_note":"","_monsterinsights_sitenote_category":0,"footnotes":""},"categories":[16],"tags":[654,656,102,653],"class_list":["post-3444","post","type-post","status-publish","format-standard","has-post-thumbnail","hentry","category-noticias","tag-alto-chorrillos-campo-amarillo","tag-el-gobernador-gustavo-saenz-anuncio-que-comenzaron-las-tareas-iniciales-para-los-trabajos-de-pavimentacion-de-la-seccion-iii-de-la-rn-51-tramo-alto-chorrillos-campo-amarillo","tag-gustavo-saenzsalta","tag-rn51"],"yoast_head":"<!-- This site is optimized with the Yoast SEO plugin v20.8 - https:\/\/yoast.com\/wordpress\/plugins\/seo\/ -->\n<title>D\u00eda hist\u00f3rico para Salta: iniciaron las obras en la RN51, anunci\u00f3 S\u00e1enz - RQ 99.9<\/title>\n<meta name=\"description\" content=\"Comenzaron las tareas iniciales para los trabajos de pavimentaci\u00f3n de la Secci\u00f3n III de la RN-51 Tramo Alto Chorrillos-Campo Amarillo, con una longitud de 15,6 Km.\" \/>\n<meta name=\"robots\" content=\"index, follow, max-snippet:-1, max-image-preview:large, max-video-preview:-1\" \/>\n<link rel=\"canonical\" href=\"https:\/\/nahuelproducciones.com.ar\/radioquijano\/dia-historico-para-salta-iniciaron-las-obras-en-la-rn51-anuncio-saenz\/\" \/>\n<meta property=\"og:locale\" content=\"es_ES\" \/>\n<meta property=\"og:type\" content=\"article\" \/>\n<meta property=\"og:title\" content=\"D\u00eda hist\u00f3rico para Salta: iniciaron las obras en la RN51, anunci\u00f3 S\u00e1enz - RQ 99.9\" \/>\n<meta property=\"og:description\" content=\"Comenzaron las tareas iniciales para los trabajos de pavimentaci\u00f3n de la Secci\u00f3n III de la RN-51 Tramo Alto Chorrillos-Campo Amarillo, con una longitud de 15,6 Km.\" \/>\n<meta property=\"og:url\" content=\"https:\/\/nahuelproducciones.com.ar\/radioquijano\/dia-historico-para-salta-iniciaron-las-obras-en-la-rn51-anuncio-saenz\/\" \/>\n<meta property=\"og:site_name\" content=\"RQ 99.9\" \/>\n<meta property=\"article:publisher\" content=\"https:\/\/www.facebook.com\/nahuelproducciones999\/\" \/>\n<meta property=\"article:published_time\" content=\"2022-09-30T13:39:25+00:00\" \/>\n<meta property=\"article:modified_time\" content=\"2022-09-30T13:39:26+00:00\" \/>\n<meta property=\"og:image\" content=\"https:\/\/nahuelproducciones.com.ar\/radioquijano\/wp-content\/uploads\/2022\/09\/85208-hoy-es-un-dia-historico-para-salta-iniciaron-las-obras-en-la-rn51-anuncio-saenz.jpeg\" \/>\n\t<meta property=\"og:image:width\" content=\"560\" \/>\n\t<meta property=\"og:image:height\" content=\"315\" \/>\n\t<meta property=\"og:image:type\" content=\"image\/jpeg\" \/>\n<meta name=\"author\" content=\"Cecilia Pastrana\" \/>\n<meta name=\"twitter:card\" content=\"summary_large_image\" \/>\n<meta name=\"twitter:creator\" content=\"@nahuproduciones\" \/>\n<meta name=\"twitter:site\" content=\"@nahuproduciones\" \/>\n<meta name=\"twitter:label1\" content=\"Escrito por\" \/>\n\t<meta name=\"twitter:data1\" content=\"Cecilia Pastrana\" \/>\n\t<meta name=\"twitter:label2\" content=\"Tiempo de lectura\" \/>\n\t<meta name=\"twitter:data2\" content=\"2 minutos\" \/>\n<script type=\"application\/ld+json\" class=\"yoast-schema-graph\">{\"@context\":\"https:\/\/schema.org\",\"@graph\":[{\"@type\":\"WebPage\",\"@id\":\"https:\/\/nahuelproducciones.com.ar\/radioquijano\/dia-historico-para-salta-iniciaron-las-obras-en-la-rn51-anuncio-saenz\/\",\"url\":\"https:\/\/nahuelproducciones.com.ar\/radioquijano\/dia-historico-para-salta-iniciaron-las-obras-en-la-rn51-anuncio-saenz\/\",\"name\":\"D\u00eda hist\u00f3rico para Salta: iniciaron las obras en la RN51, anunci\u00f3 S\u00e1enz - RQ 99.9\",\"isPartOf\":{\"@id\":\"https:\/\/nahuelproducciones.com.ar\/radioquijano\/#website\"},\"datePublished\":\"2022-09-30T13:39:25+00:00\",\"dateModified\":\"2022-09-30T13:39:26+00:00\",\"author\":{\"@id\":\"https:\/\/nahuelproducciones.com.ar\/radioquijano\/#\/schema\/person\/e8a4f939e2cb487fe6d0c54042c9d32c\"},\"description\":\"Comenzaron las tareas iniciales para los trabajos de pavimentaci\u00f3n de la Secci\u00f3n III de la RN-51 Tramo Alto Chorrillos-Campo Amarillo, con una longitud de 15,6 Km.\",\"breadcrumb\":{\"@id\":\"https:\/\/nahuelproducciones.com.ar\/radioquijano\/dia-historico-para-salta-iniciaron-las-obras-en-la-rn51-anuncio-saenz\/#breadcrumb\"},\"inLanguage\":\"es\",\"potentialAction\":[{\"@type\":\"ReadAction\",\"target\":[\"https:\/\/nahuelproducciones.com.ar\/radioquijano\/dia-historico-para-salta-iniciaron-las-obras-en-la-rn51-anuncio-saenz\/\"]}]},{\"@type\":\"BreadcrumbList\",\"@id\":\"https:\/\/nahuelproducciones.com.ar\/radioquijano\/dia-historico-para-salta-iniciaron-las-obras-en-la-rn51-anuncio-saenz\/#breadcrumb\",\"itemListElement\":[{\"@type\":\"ListItem\",\"position\":1,\"name\":\"Portada\",\"item\":\"https:\/\/nahuelproducciones.com.ar\/radioquijano\/\"},{\"@type\":\"ListItem\",\"position\":2,\"name\":\"D\u00eda hist\u00f3rico para Salta: iniciaron las obras en la RN51, anunci\u00f3 S\u00e1enz\"}]},{\"@type\":\"WebSite\",\"@id\":\"https:\/\/nahuelproducciones.com.ar\/radioquijano\/#website\",\"url\":\"https:\/\/nahuelproducciones.com.ar\/radioquijano\/\",\"name\":\"RQ 99.9\",\"description\":\"Radio Quijano 99.9 MHz\",\"potentialAction\":[{\"@type\":\"SearchAction\",\"target\":{\"@type\":\"EntryPoint\",\"urlTemplate\":\"https:\/\/nahuelproducciones.com.ar\/radioquijano\/?s={search_term_string}\"},\"query-input\":\"required name=search_term_string\"}],\"inLanguage\":\"es\"},{\"@type\":\"Person\",\"@id\":\"https:\/\/nahuelproducciones.com.ar\/radioquijano\/#\/schema\/person\/e8a4f939e2cb487fe6d0c54042c9d32c\",\"name\":\"Cecilia Pastrana\",\"image\":{\"@type\":\"ImageObject\",\"inLanguage\":\"es\",\"@id\":\"https:\/\/nahuelproducciones.com.ar\/radioquijano\/#\/schema\/person\/image\/\",\"url\":\"https:\/\/secure.gravatar.com\/avatar\/661a3ef63a8488d4f2794ed44af8cf71420f7e106f3072c40125114df5157749?s=96&d=mm&r=g\",\"contentUrl\":\"https:\/\/secure.gravatar.com\/avatar\/661a3ef63a8488d4f2794ed44af8cf71420f7e106f3072c40125114df5157749?s=96&d=mm&r=g\",\"caption\":\"Cecilia Pastrana\"},\"sameAs\":[\"cecy\"],\"url\":\"https:\/\/nahuelproducciones.com.ar\/radioquijano\/author\/cecy\/\"}]}<\/script>\n<!-- \/ Yoast SEO plugin. -->","yoast_head_json":{"title":"D\u00eda hist\u00f3rico para Salta: iniciaron las obras en la RN51, anunci\u00f3 S\u00e1enz - RQ 99.9","description":"Comenzaron las tareas iniciales para los trabajos de pavimentaci\u00f3n de la Secci\u00f3n III de la RN-51 Tramo Alto Chorrillos-Campo Amarillo, con una longitud de 15,6 Km.","robots":{"index":"index","follow":"follow","max-snippet":"max-snippet:-1","max-image-preview":"max-image-preview:large","max-video-preview":"max-video-preview:-1"},"canonical":"https:\/\/nahuelproducciones.com.ar\/radioquijano\/dia-historico-para-salta-iniciaron-las-obras-en-la-rn51-anuncio-saenz\/","og_locale":"es_ES","og_type":"article","og_title":"D\u00eda hist\u00f3rico para Salta: iniciaron las obras en la RN51, anunci\u00f3 S\u00e1enz - RQ 99.9","og_description":"Comenzaron las tareas iniciales para los trabajos de pavimentaci\u00f3n de la Secci\u00f3n III de la RN-51 Tramo Alto Chorrillos-Campo Amarillo, con una longitud de 15,6 Km.","og_url":"https:\/\/nahuelproducciones.com.ar\/radioquijano\/dia-historico-para-salta-iniciaron-las-obras-en-la-rn51-anuncio-saenz\/","og_site_name":"RQ 99.9","article_publisher":"https:\/\/www.facebook.com\/nahuelproducciones999\/","article_published_time":"2022-09-30T13:39:25+00:00","article_modified_time":"2022-09-30T13:39:26+00:00","og_image":[{"width":560,"height":315,"url":"https:\/\/nahuelproducciones.com.ar\/radioquijano\/wp-content\/uploads\/2022\/09\/85208-hoy-es-un-dia-historico-para-salta-iniciaron-las-obras-en-la-rn51-anuncio-saenz.jpeg","type":"image\/jpeg"}],"author":"Cecilia Pastrana","twitter_card":"summary_large_image","twitter_creator":"@nahuproduciones","twitter_site":"@nahuproduciones","twitter_misc":{"Escrito por":"Cecilia Pastrana","Tiempo de lectura":"2 minutos"},"schema":{"@context":"https:\/\/schema.org","@graph":[{"@type":"WebPage","@id":"https:\/\/nahuelproducciones.com.ar\/radioquijano\/dia-historico-para-salta-iniciaron-las-obras-en-la-rn51-anuncio-saenz\/","url":"https:\/\/nahuelproducciones.com.ar\/radioquijano\/dia-historico-para-salta-iniciaron-las-obras-en-la-rn51-anuncio-saenz\/","name":"D\u00eda hist\u00f3rico para Salta: iniciaron las obras en la RN51, anunci\u00f3 S\u00e1enz - RQ 99.9","isPartOf":{"@id":"https:\/\/nahuelproducciones.com.ar\/radioquijano\/#website"},"datePublished":"2022-09-30T13:39:25+00:00","dateModified":"2022-09-30T13:39:26+00:00","author":{"@id":"https:\/\/nahuelproducciones.com.ar\/radioquijano\/#\/schema\/person\/e8a4f939e2cb487fe6d0c54042c9d32c"},"description":"Comenzaron las tareas iniciales para los trabajos de pavimentaci\u00f3n de la Secci\u00f3n III de la RN-51 Tramo Alto Chorrillos-Campo Amarillo, con una longitud de 15,6 Km.","breadcrumb":{"@id":"https:\/\/nahuelproducciones.com.ar\/radioquijano\/dia-historico-para-salta-iniciaron-las-obras-en-la-rn51-anuncio-saenz\/#breadcrumb"},"inLanguage":"es","potentialAction":[{"@type":"ReadAction","target":["https:\/\/nahuelproducciones.com.ar\/radioquijano\/dia-historico-para-salta-iniciaron-las-obras-en-la-rn51-anuncio-saenz\/"]}]},{"@type":"BreadcrumbList","@id":"https:\/\/nahuelproducciones.com.ar\/radioquijano\/dia-historico-para-salta-iniciaron-las-obras-en-la-rn51-anuncio-saenz\/#breadcrumb","itemListElement":[{"@type":"ListItem","position":1,"name":"Portada","item":"https:\/\/nahuelproducciones.com.ar\/radioquijano\/"},{"@type":"ListItem","position":2,"name":"D\u00eda hist\u00f3rico para Salta: iniciaron las obras en la RN51, anunci\u00f3 S\u00e1enz"}]},{"@type":"WebSite","@id":"https:\/\/nahuelproducciones.com.ar\/radioquijano\/#website","url":"https:\/\/nahuelproducciones.com.ar\/radioquijano\/","name":"RQ 99.9","description":"Radio Quijano 99.9 MHz","potentialAction":[{"@type":"SearchAction","target":{"@type":"EntryPoint","urlTemplate":"https:\/\/nahuelproducciones.com.ar\/radioquijano\/?s={search_term_string}"},"query-input":"required name=search_term_string"}],"inLanguage":"es"},{"@type":"Person","@id":"https:\/\/nahuelproducciones.com.ar\/radioquijano\/#\/schema\/person\/e8a4f939e2cb487fe6d0c54042c9d32c","name":"Cecilia Pastrana","image":{"@type":"ImageObject","inLanguage":"es","@id":"https:\/\/nahuelproducciones.com.ar\/radioquijano\/#\/schema\/person\/image\/","url":"https:\/\/secure.gravatar.com\/avatar\/661a3ef63a8488d4f2794ed44af8cf71420f7e106f3072c40125114df5157749?s=96&d=mm&r=g","contentUrl":"https:\/\/secure.gravatar.com\/avatar\/661a3ef63a8488d4f2794ed44af8cf71420f7e106f3072c40125114df5157749?s=96&d=mm&r=g","caption":"Cecilia Pastrana"},"sameAs":["cecy"],"url":"https:\/\/nahuelproducciones.com.ar\/radioquijano\/author\/cecy\/"}]}},"_links":{"self":[{"href":"https:\/\/nahuelproducciones.com.ar\/radioquijano\/wp-json\/wp\/v2\/posts\/3444","targetHints":{"allow":["GET"]}}],"collection":[{"href":"https:\/\/nahuelproducciones.com.ar\/radioquijano\/wp-json\/wp\/v2\/posts"}],"about":[{"href":"https:\/\/nahuelproducciones.com.ar\/radioquijano\/wp-json\/wp\/v2\/types\/post"}],"author":[{"embeddable":true,"href":"https:\/\/nahuelproducciones.com.ar\/radioquijano\/wp-json\/wp\/v2\/users\/8"}],"replies":[{"embeddable":true,"href":"https:\/\/nahuelproducciones.com.ar\/radioquijano\/wp-json\/wp\/v2\/comments?post=3444"}],"version-history":[{"count":1,"href":"https:\/\/nahuelproducciones.com.ar\/radioquijano\/wp-json\/wp\/v2\/posts\/3444\/revisions"}],"predecessor-version":[{"id":3446,"href":"https:\/\/nahuelproducciones.com.ar\/radioquijano\/wp-json\/wp\/v2\/posts\/3444\/revisions\/3446"}],"wp:featuredmedia":[{"embeddable":true,"href":"https:\/\/nahuelproducciones.com.ar\/radioquijano\/wp-json\/wp\/v2\/media\/3445"}],"wp:attachment":[{"href":"https:\/\/nahuelproducciones.com.ar\/radioquijano\/wp-json\/wp\/v2\/media?parent=3444"}],"wp:term":[{"taxonomy":"category","embeddable":true,"href":"https:\/\/nahuelproducciones.com.ar\/radioquijano\/wp-json\/wp\/v2\/categories?post=3444"},{"taxonomy":"post_tag","embeddable":true,"href":"https:\/\/nahuelproducciones.com.ar\/radioquijano\/wp-json\/wp\/v2\/tags?post=3444"}],"curies":[{"name":"wp","href":"https:\/\/api.w.org\/{rel}","templated":true}]}}