{"id":3447,"date":"2022-10-03T11:23:03","date_gmt":"2022-10-03T14:23:03","guid":{"rendered":"https:\/\/nahuelproducciones.com.ar\/radioquijano\/?p=3447"},"modified":"2022-10-03T11:23:04","modified_gmt":"2022-10-03T14:23:04","slug":"los-atractivos-turisticos-de-la-provincia-se-muestran-al-mundo-en-la-feria-internacional-de-turismo","status":"publish","type":"post","link":"https:\/\/nahuelproducciones.com.ar\/radioquijano\/los-atractivos-turisticos-de-la-provincia-se-muestran-al-mundo-en-la-feria-internacional-de-turismo\/","title":{"rendered":"Los atractivos tur\u00edsticos de la Provincia se muestran al mundo en la Feria Internacional de Turismo."},"content":{"rendered":"\n<p>M\u00e1s de 100 mil visitantes recorrer\u00e1n la feria tur\u00edstica m\u00e1s importante de Am\u00e9rica Latina, donde adem\u00e1s se reunir\u00e1n hasta el martes 30 mil profesionales de la industria.<\/p>\n\n\n\n<p>Una vez m\u00e1s la Provincia est\u00e1 presente en la feria de turismo m\u00e1s importante de Latinoam\u00e9rica que se desarrolla hasta el martes 4 de octubre en CABA. Durante el s\u00e1bado y el domingo el p\u00fablico presente podr\u00e1 disfrutar de distintos juegos interactivos y conocer toda la oferta tur\u00edstica de la provincia con propuestas innovadoras.<\/p>\n\n\n\n<p>La comitiva, encabezada por el ministro de Turismo y Deportes,<strong>\u00a0Mario Pe\u00f1<\/strong>a est\u00e1 integrada por 24 representantes del sector privado y 11 municipios de la Provincia que cuentan con un sector donde muestran los atractivos naturales, culturales, gastron\u00f3micos e hist\u00f3ricos de Salta.<\/p>\n\n\n\n<p>\u201cHemos visto un primer d\u00eda muy bueno para todo el equipo del destino Salta que han venido en buen n\u00famero a esta nueva edici\u00f3n de FIT. En paralelo estamos llevando adelante una agenda enfocada en la construcci\u00f3n de alianzas que le permitan seguir creciendo a la industria tur\u00edstica y fortalezcan la decisi\u00f3n del Gobernador S\u00e1enz de potenciar los efectos positivos que esta actividad genera\u00bb<\/p>\n\n\n\n<p>El stand de la provincia est\u00e1 ubicado en un espacio destinado al Norte argentino. Salta tiene destinado 300 m2, donde el equipo de promoci\u00f3n nacional del Ministerio de Turismo de Salta organiz\u00f3 distintas actividades, como degustaci\u00f3n de comidas regionales, shows en vivo, y juegos interactivos; que est\u00e1n destinadas al trade y al p\u00fablico que asista a la Feria.<\/p>\n\n\n\n<p>El equipo Salta estuvo integrado por el presidente de la C\u00e1mara de Turismo de Salta, Gustavo Di M\u00e9cola; por el presidente del Bur\u00f3 Salta, Daniel Astorga; de la C\u00e1mara Hotelera y Gastron\u00f3mica de Salta, Juan Lucero; y el titular de Adopta, Federico Ochoa.<\/p>\n\n\n\n<p>\u00abLa FIT adem\u00e1s de ser una muestra de los destinos mas importantes, es un espacio de negocios, comercializaci\u00f3n y generaci\u00f3n de oportunidades para un sector privado en crecimiento como lo es el salte\u00f1o\u00bb, se\u00f1al\u00f3 el titular de la C\u00e1mara de Turismo de Salta.<\/p>\n\n\n\n<p>Tambi\u00e9n representantes tur\u00edsticos de San Lorenzo, Tolar Grande, El Galp\u00f3n, Coronel Moldes, La Poma, San Antonio de los Cobres, Campo Quijano, Cachi, Rosario de la Frontera, San Jos\u00e9 de Met\u00e1n y Chicoana.<\/p>\n\n\n\n<p>La apertura oficial de la Feria se realiz\u00f3 este s\u00e1bado, encabezada por el ministro de Turismo y Deportes de la Naci\u00f3n Mat\u00edas Lammens y el presidente de la C\u00e1mara Argentina de Turismo y titular de la FIT 2022, Gustavo Hani. Ambos coincidieron en la importancia de la recuperaci\u00f3n del sector luego de la pandemia, principalmente con el programa Previaje; adem\u00e1s dieron a conocer datos que reflejan la incidencia de la industria tur\u00edstica en la econom\u00eda nacional: representa el 6% del empleo formal, rubro que se estima crecer\u00e1 en los pr\u00f3ximos a\u00f1os con 530 mil nuevos empleos.<\/p>\n\n\n\n<p>En la apertura tambi\u00e9n participaron la secretaria de Promoci\u00f3n Nacional Yanina Mart\u00ednez, el presidente de Inprotur Ricardo Sosa, el presidente del Consejo Federal de Turismo Sebasti\u00e1n Giobelina, gobernadores y ministros provinciales.<\/p>\n\n\n\n<p><strong>Calendario de verano<\/strong><\/p>\n\n\n\n<p>Asimismo se program\u00f3 una agenda de conferencias para operadores y medios de prensa. El lunes 3 se brindar\u00e1n detalles del calendario de verano organizado en conjunto entre el Gobierno de la Provincia y las distintas localidades de la Provincia; y el martes 4 se realizar\u00e1 la presentaci\u00f3n municipios \u201cexperiencias que enamoran\u201d.<\/p>\n\n\n\n<p>Cabe destacar que la presencia de Salta en una de las ferias de turismo m\u00e1s importantes de Latinoam\u00e9rica le permitir\u00e1 continuar consolidando su negocio en mercados internacionales y regionales, renovando su oferta y exhibiendo sus productos ante profesionales calificados en b\u00fasqueda de recuperar contactos y acuerdos.<\/p>\n\n\n\n<div class=\"wp-block-image\"><figure class=\"aligncenter\"><img decoding=\"async\" src=\"https:\/\/www.salta.gob.ar\/public\/images\/noticias\/fotos\/thumbs\/1624-salta-en-la-feria-internacional-de-turismo.jpg\" alt=\"Salta en la Feria Internacional de Turismo.\"\/><\/figure><\/div>\n\n\n\n<div class=\"wp-block-image\"><figure class=\"aligncenter is-resized\"><a href=\"https:\/\/www.salta.gob.ar\/public\/images\/noticias\/contenidos\/4312-salta-en-la-feria-internacional-de-turismo.jpg\"><img loading=\"lazy\" decoding=\"async\" src=\"https:\/\/www.salta.gob.ar\/public\/images\/noticias\/contenidos\/4312-salta-en-la-feria-internacional-de-turismo.jpg\" alt=\"Salta en la Feria Internacional de Turismo.\" width=\"560\" height=\"372\"\/><\/a><\/figure><\/div>\n\n\n\n<p>Fuente:\u00a0<strong>Secretar\u00eda de Prensa y Comunicaci\u00f3n<\/strong><\/p>\n\n\n\n<p>  <a href=\"https:\/\/nahuelproducciones.com.ar\/index.php\/rq999\" target=\"_blank\" rel=\"noreferrer noopener\">#RQ99.9Mhz<\/a>\u00a0<a href=\"https:\/\/nahuelproducciones.com.ar\/\" target=\"_blank\" rel=\"noreferrer noopener\">#CAMPOQUIJANO<\/a>\u00a0<a href=\"http:\/\/nahuelproducciones.com.ar\/radioquijano\/\" target=\"_blank\" rel=\"noreferrer noopener\">#RadioQuijano<\/a>   <\/p>\n","protected":false},"excerpt":{"rendered":"<p>M\u00e1s de 100 mil visitantes recorrer\u00e1n la feria tur\u00edstica m\u00e1s importante de Am\u00e9rica Latina, donde adem\u00e1s se reunir\u00e1n hasta el martes 30 mil profesionales de la industria. Una vez m\u00e1s la Provincia est\u00e1 presente en la feria de turismo m\u00e1s importante de Latinoam\u00e9rica que se desarrolla hasta el martes 4 de octubre en CABA. Durante [&hellip;]<\/p>\n","protected":false},"author":8,"featured_media":3448,"comment_status":"open","ping_status":"open","sticky":false,"template":"","format":"standard","meta":{"_monsterinsights_skip_tracking":false,"_monsterinsights_sitenote_active":false,"_monsterinsights_sitenote_note":"","_monsterinsights_sitenote_category":0,"footnotes":""},"categories":[16],"tags":[36,659,658,657],"class_list":["post-3447","post","type-post","status-publish","format-standard","has-post-thumbnail","hentry","category-noticias","tag-campo-quijano","tag-feria-internacional-de-turismo","tag-fit","tag-provincia-de-salta"],"yoast_head":"<!-- This site is optimized with the Yoast SEO plugin v20.8 - https:\/\/yoast.com\/wordpress\/plugins\/seo\/ -->\n<title>Los atractivos tur\u00edsticos de la Provincia se muestran al mundo en la Feria Internacional de Turismo. - RQ 99.9<\/title>\n<meta name=\"description\" content=\"Tambi\u00e9n estuvieron representantes tur\u00edsticos de San Lorenzo, Tolar Grande, El Galp\u00f3n, Coronel Moldes, La Poma, San Antonio de los Cobres, Campo Quijano, Cachi, Rosario de la Frontera, San Jos\u00e9 de Met\u00e1n y Chicoana.\" \/>\n<meta name=\"robots\" content=\"index, follow, max-snippet:-1, max-image-preview:large, max-video-preview:-1\" \/>\n<link rel=\"canonical\" href=\"https:\/\/nahuelproducciones.com.ar\/radioquijano\/los-atractivos-turisticos-de-la-provincia-se-muestran-al-mundo-en-la-feria-internacional-de-turismo\/\" \/>\n<meta property=\"og:locale\" content=\"es_ES\" \/>\n<meta property=\"og:type\" content=\"article\" \/>\n<meta property=\"og:title\" content=\"Los atractivos tur\u00edsticos de la Provincia se muestran al mundo en la Feria Internacional de Turismo. - RQ 99.9\" \/>\n<meta property=\"og:description\" content=\"Tambi\u00e9n estuvieron representantes tur\u00edsticos de San Lorenzo, Tolar Grande, El Galp\u00f3n, Coronel Moldes, La Poma, San Antonio de los Cobres, Campo Quijano, Cachi, Rosario de la Frontera, San Jos\u00e9 de Met\u00e1n y Chicoana.\" \/>\n<meta property=\"og:url\" content=\"https:\/\/nahuelproducciones.com.ar\/radioquijano\/los-atractivos-turisticos-de-la-provincia-se-muestran-al-mundo-en-la-feria-internacional-de-turismo\/\" \/>\n<meta property=\"og:site_name\" content=\"RQ 99.9\" \/>\n<meta property=\"article:publisher\" content=\"https:\/\/www.facebook.com\/nahuelproducciones999\/\" \/>\n<meta property=\"article:published_time\" content=\"2022-10-03T14:23:03+00:00\" \/>\n<meta property=\"article:modified_time\" content=\"2022-10-03T14:23:04+00:00\" \/>\n<meta property=\"og:image\" content=\"https:\/\/nahuelproducciones.com.ar\/radioquijano\/wp-content\/uploads\/2022\/10\/4311-salta-en-la-feria-internacional-de-turismo-e1664806888733.jpg\" \/>\n\t<meta property=\"og:image:width\" content=\"700\" \/>\n\t<meta property=\"og:image:height\" content=\"467\" \/>\n\t<meta property=\"og:image:type\" content=\"image\/jpeg\" \/>\n<meta name=\"author\" content=\"Cecilia Pastrana\" \/>\n<meta name=\"twitter:card\" content=\"summary_large_image\" \/>\n<meta name=\"twitter:creator\" content=\"@nahuproduciones\" \/>\n<meta name=\"twitter:site\" content=\"@nahuproduciones\" \/>\n<meta name=\"twitter:label1\" content=\"Escrito por\" \/>\n\t<meta name=\"twitter:data1\" content=\"Cecilia Pastrana\" \/>\n\t<meta name=\"twitter:label2\" content=\"Tiempo de lectura\" \/>\n\t<meta name=\"twitter:data2\" content=\"4 minutos\" \/>\n<script type=\"application\/ld+json\" class=\"yoast-schema-graph\">{\"@context\":\"https:\/\/schema.org\",\"@graph\":[{\"@type\":\"WebPage\",\"@id\":\"https:\/\/nahuelproducciones.com.ar\/radioquijano\/los-atractivos-turisticos-de-la-provincia-se-muestran-al-mundo-en-la-feria-internacional-de-turismo\/\",\"url\":\"https:\/\/nahuelproducciones.com.ar\/radioquijano\/los-atractivos-turisticos-de-la-provincia-se-muestran-al-mundo-en-la-feria-internacional-de-turismo\/\",\"name\":\"Los atractivos tur\u00edsticos de la Provincia se muestran al mundo en la Feria Internacional de Turismo. - RQ 99.9\",\"isPartOf\":{\"@id\":\"https:\/\/nahuelproducciones.com.ar\/radioquijano\/#website\"},\"datePublished\":\"2022-10-03T14:23:03+00:00\",\"dateModified\":\"2022-10-03T14:23:04+00:00\",\"author\":{\"@id\":\"https:\/\/nahuelproducciones.com.ar\/radioquijano\/#\/schema\/person\/e8a4f939e2cb487fe6d0c54042c9d32c\"},\"description\":\"Tambi\u00e9n estuvieron representantes tur\u00edsticos de San Lorenzo, Tolar Grande, El Galp\u00f3n, Coronel Moldes, La Poma, San Antonio de los Cobres, Campo Quijano, Cachi, Rosario de la Frontera, San Jos\u00e9 de Met\u00e1n y Chicoana.\",\"breadcrumb\":{\"@id\":\"https:\/\/nahuelproducciones.com.ar\/radioquijano\/los-atractivos-turisticos-de-la-provincia-se-muestran-al-mundo-en-la-feria-internacional-de-turismo\/#breadcrumb\"},\"inLanguage\":\"es\",\"potentialAction\":[{\"@type\":\"ReadAction\",\"target\":[\"https:\/\/nahuelproducciones.com.ar\/radioquijano\/los-atractivos-turisticos-de-la-provincia-se-muestran-al-mundo-en-la-feria-internacional-de-turismo\/\"]}]},{\"@type\":\"BreadcrumbList\",\"@id\":\"https:\/\/nahuelproducciones.com.ar\/radioquijano\/los-atractivos-turisticos-de-la-provincia-se-muestran-al-mundo-en-la-feria-internacional-de-turismo\/#breadcrumb\",\"itemListElement\":[{\"@type\":\"ListItem\",\"position\":1,\"name\":\"Portada\",\"item\":\"https:\/\/nahuelproducciones.com.ar\/radioquijano\/\"},{\"@type\":\"ListItem\",\"position\":2,\"name\":\"Los atractivos tur\u00edsticos de la Provincia se muestran al mundo en la Feria Internacional de Turismo.\"}]},{\"@type\":\"WebSite\",\"@id\":\"https:\/\/nahuelproducciones.com.ar\/radioquijano\/#website\",\"url\":\"https:\/\/nahuelproducciones.com.ar\/radioquijano\/\",\"name\":\"RQ 99.9\",\"description\":\"Radio Quijano 99.9 MHz\",\"potentialAction\":[{\"@type\":\"SearchAction\",\"target\":{\"@type\":\"EntryPoint\",\"urlTemplate\":\"https:\/\/nahuelproducciones.com.ar\/radioquijano\/?s={search_term_string}\"},\"query-input\":\"required name=search_term_string\"}],\"inLanguage\":\"es\"},{\"@type\":\"Person\",\"@id\":\"https:\/\/nahuelproducciones.com.ar\/radioquijano\/#\/schema\/person\/e8a4f939e2cb487fe6d0c54042c9d32c\",\"name\":\"Cecilia Pastrana\",\"image\":{\"@type\":\"ImageObject\",\"inLanguage\":\"es\",\"@id\":\"https:\/\/nahuelproducciones.com.ar\/radioquijano\/#\/schema\/person\/image\/\",\"url\":\"https:\/\/secure.gravatar.com\/avatar\/661a3ef63a8488d4f2794ed44af8cf71420f7e106f3072c40125114df5157749?s=96&d=mm&r=g\",\"contentUrl\":\"https:\/\/secure.gravatar.com\/avatar\/661a3ef63a8488d4f2794ed44af8cf71420f7e106f3072c40125114df5157749?s=96&d=mm&r=g\",\"caption\":\"Cecilia Pastrana\"},\"sameAs\":[\"cecy\"],\"url\":\"https:\/\/nahuelproducciones.com.ar\/radioquijano\/author\/cecy\/\"}]}<\/script>\n<!-- \/ Yoast SEO plugin. -->","yoast_head_json":{"title":"Los atractivos tur\u00edsticos de la Provincia se muestran al mundo en la Feria Internacional de Turismo. - RQ 99.9","description":"Tambi\u00e9n estuvieron representantes tur\u00edsticos de San Lorenzo, Tolar Grande, El Galp\u00f3n, Coronel Moldes, La Poma, San Antonio de los Cobres, Campo Quijano, Cachi, Rosario de la Frontera, San Jos\u00e9 de Met\u00e1n y Chicoana.","robots":{"index":"index","follow":"follow","max-snippet":"max-snippet:-1","max-image-preview":"max-image-preview:large","max-video-preview":"max-video-preview:-1"},"canonical":"https:\/\/nahuelproducciones.com.ar\/radioquijano\/los-atractivos-turisticos-de-la-provincia-se-muestran-al-mundo-en-la-feria-internacional-de-turismo\/","og_locale":"es_ES","og_type":"article","og_title":"Los atractivos tur\u00edsticos de la Provincia se muestran al mundo en la Feria Internacional de Turismo. - RQ 99.9","og_description":"Tambi\u00e9n estuvieron representantes tur\u00edsticos de San Lorenzo, Tolar Grande, El Galp\u00f3n, Coronel Moldes, La Poma, San Antonio de los Cobres, Campo Quijano, Cachi, Rosario de la Frontera, San Jos\u00e9 de Met\u00e1n y Chicoana.","og_url":"https:\/\/nahuelproducciones.com.ar\/radioquijano\/los-atractivos-turisticos-de-la-provincia-se-muestran-al-mundo-en-la-feria-internacional-de-turismo\/","og_site_name":"RQ 99.9","article_publisher":"https:\/\/www.facebook.com\/nahuelproducciones999\/","article_published_time":"2022-10-03T14:23:03+00:00","article_modified_time":"2022-10-03T14:23:04+00:00","og_image":[{"width":700,"height":467,"url":"https:\/\/nahuelproducciones.com.ar\/radioquijano\/wp-content\/uploads\/2022\/10\/4311-salta-en-la-feria-internacional-de-turismo-e1664806888733.jpg","type":"image\/jpeg"}],"author":"Cecilia Pastrana","twitter_card":"summary_large_image","twitter_creator":"@nahuproduciones","twitter_site":"@nahuproduciones","twitter_misc":{"Escrito por":"Cecilia Pastrana","Tiempo de lectura":"4 minutos"},"schema":{"@context":"https:\/\/schema.org","@graph":[{"@type":"WebPage","@id":"https:\/\/nahuelproducciones.com.ar\/radioquijano\/los-atractivos-turisticos-de-la-provincia-se-muestran-al-mundo-en-la-feria-internacional-de-turismo\/","url":"https:\/\/nahuelproducciones.com.ar\/radioquijano\/los-atractivos-turisticos-de-la-provincia-se-muestran-al-mundo-en-la-feria-internacional-de-turismo\/","name":"Los atractivos tur\u00edsticos de la Provincia se muestran al mundo en la Feria Internacional de Turismo. - RQ 99.9","isPartOf":{"@id":"https:\/\/nahuelproducciones.com.ar\/radioquijano\/#website"},"datePublished":"2022-10-03T14:23:03+00:00","dateModified":"2022-10-03T14:23:04+00:00","author":{"@id":"https:\/\/nahuelproducciones.com.ar\/radioquijano\/#\/schema\/person\/e8a4f939e2cb487fe6d0c54042c9d32c"},"description":"Tambi\u00e9n estuvieron representantes tur\u00edsticos de San Lorenzo, Tolar Grande, El Galp\u00f3n, Coronel Moldes, La Poma, San Antonio de los Cobres, Campo Quijano, Cachi, Rosario de la Frontera, San Jos\u00e9 de Met\u00e1n y Chicoana.","breadcrumb":{"@id":"https:\/\/nahuelproducciones.com.ar\/radioquijano\/los-atractivos-turisticos-de-la-provincia-se-muestran-al-mundo-en-la-feria-internacional-de-turismo\/#breadcrumb"},"inLanguage":"es","potentialAction":[{"@type":"ReadAction","target":["https:\/\/nahuelproducciones.com.ar\/radioquijano\/los-atractivos-turisticos-de-la-provincia-se-muestran-al-mundo-en-la-feria-internacional-de-turismo\/"]}]},{"@type":"BreadcrumbList","@id":"https:\/\/nahuelproducciones.com.ar\/radioquijano\/los-atractivos-turisticos-de-la-provincia-se-muestran-al-mundo-en-la-feria-internacional-de-turismo\/#breadcrumb","itemListElement":[{"@type":"ListItem","position":1,"name":"Portada","item":"https:\/\/nahuelproducciones.com.ar\/radioquijano\/"},{"@type":"ListItem","position":2,"name":"Los atractivos tur\u00edsticos de la Provincia se muestran al mundo en la Feria Internacional de Turismo."}]},{"@type":"WebSite","@id":"https:\/\/nahuelproducciones.com.ar\/radioquijano\/#website","url":"https:\/\/nahuelproducciones.com.ar\/radioquijano\/","name":"RQ 99.9","description":"Radio Quijano 99.9 MHz","potentialAction":[{"@type":"SearchAction","target":{"@type":"EntryPoint","urlTemplate":"https:\/\/nahuelproducciones.com.ar\/radioquijano\/?s={search_term_string}"},"query-input":"required name=search_term_string"}],"inLanguage":"es"},{"@type":"Person","@id":"https:\/\/nahuelproducciones.com.ar\/radioquijano\/#\/schema\/person\/e8a4f939e2cb487fe6d0c54042c9d32c","name":"Cecilia Pastrana","image":{"@type":"ImageObject","inLanguage":"es","@id":"https:\/\/nahuelproducciones.com.ar\/radioquijano\/#\/schema\/person\/image\/","url":"https:\/\/secure.gravatar.com\/avatar\/661a3ef63a8488d4f2794ed44af8cf71420f7e106f3072c40125114df5157749?s=96&d=mm&r=g","contentUrl":"https:\/\/secure.gravatar.com\/avatar\/661a3ef63a8488d4f2794ed44af8cf71420f7e106f3072c40125114df5157749?s=96&d=mm&r=g","caption":"Cecilia Pastrana"},"sameAs":["cecy"],"url":"https:\/\/nahuelproducciones.com.ar\/radioquijano\/author\/cecy\/"}]}},"_links":{"self":[{"href":"https:\/\/nahuelproducciones.com.ar\/radioquijano\/wp-json\/wp\/v2\/posts\/3447","targetHints":{"allow":["GET"]}}],"collection":[{"href":"https:\/\/nahuelproducciones.com.ar\/radioquijano\/wp-json\/wp\/v2\/posts"}],"about":[{"href":"https:\/\/nahuelproducciones.com.ar\/radioquijano\/wp-json\/wp\/v2\/types\/post"}],"author":[{"embeddable":true,"href":"https:\/\/nahuelproducciones.com.ar\/radioquijano\/wp-json\/wp\/v2\/users\/8"}],"replies":[{"embeddable":true,"href":"https:\/\/nahuelproducciones.com.ar\/radioquijano\/wp-json\/wp\/v2\/comments?post=3447"}],"version-history":[{"count":1,"href":"https:\/\/nahuelproducciones.com.ar\/radioquijano\/wp-json\/wp\/v2\/posts\/3447\/revisions"}],"predecessor-version":[{"id":3449,"href":"https:\/\/nahuelproducciones.com.ar\/radioquijano\/wp-json\/wp\/v2\/posts\/3447\/revisions\/3449"}],"wp:featuredmedia":[{"embeddable":true,"href":"https:\/\/nahuelproducciones.com.ar\/radioquijano\/wp-json\/wp\/v2\/media\/3448"}],"wp:attachment":[{"href":"https:\/\/nahuelproducciones.com.ar\/radioquijano\/wp-json\/wp\/v2\/media?parent=3447"}],"wp:term":[{"taxonomy":"category","embeddable":true,"href":"https:\/\/nahuelproducciones.com.ar\/radioquijano\/wp-json\/wp\/v2\/categories?post=3447"},{"taxonomy":"post_tag","embeddable":true,"href":"https:\/\/nahuelproducciones.com.ar\/radioquijano\/wp-json\/wp\/v2\/tags?post=3447"}],"curies":[{"name":"wp","href":"https:\/\/api.w.org\/{rel}","templated":true}]}}