{"id":3450,"date":"2022-10-05T07:38:51","date_gmt":"2022-10-05T10:38:51","guid":{"rendered":"https:\/\/nahuelproducciones.com.ar\/radioquijano\/?p=3450"},"modified":"2022-10-05T09:57:44","modified_gmt":"2022-10-05T12:57:44","slug":"continua-la-campana-de-vacunacion-triple-viral","status":"publish","type":"post","link":"https:\/\/nahuelproducciones.com.ar\/radioquijano\/continua-la-campana-de-vacunacion-triple-viral\/","title":{"rendered":"Contin\u00faa la campa\u00f1a de vacunaci\u00f3n triple viral."},"content":{"rendered":"\n<p>Comenz\u00f3&nbsp;el 1\u00b0 de octubre y las vacunas se aplicar\u00e1n hasta el 13 de noviembre de 2022.<\/p>\n\n\n\n<p>Con el objetivo de reforzar la protecci\u00f3n de la poblaci\u00f3n frente al sarampi\u00f3n, rub\u00e9ola, paperas y poliomielitis, y sostener su eliminaci\u00f3n en el pa\u00eds, el ministerio de Salud de la Naci\u00f3n lanz\u00f3 bajo el lema \u201cActiv\u00e1 vacunas\u201d la Campa\u00f1a Nacional de Vacunaci\u00f3n 2022, dirigida a ni\u00f1as y ni\u00f1os de entre 13 meses y 4 a\u00f1os de edad, con el apoyo de la Organizaci\u00f3n Panamericana de la Salud (OPS).<\/p>\n\n\n\n<p><strong>La expectativa de la campa\u00f1a es lograr un 90% de cobertura de la poblaci\u00f3n objetivo<\/strong>. Son 45 d\u00edas y en ese lapso se  espera vacunar al 100% de la poblaci\u00f3n, pero con tener m\u00e1s de 90% la campa\u00f1a ser\u00eda considerada altamente exitosa.<\/p>\n\n\n\n<p>Se busca mantener la eliminaci\u00f3n del sarampi\u00f3n, la rub\u00e9ola, el s\u00edndrome de rub\u00e9ola cong\u00e9nita y la poliomielitis logrado en el pa\u00eds, ya que se trata de enfermedades contagiosas y graves, pero que se pueden prevenir con&nbsp;<strong>vacunas gratuitas y obligatorias disponibles en todos los vacunatorios del territorio provincial<\/strong>.<\/p>\n\n\n\n<p>ESTAS DOSIS SON ADICIONALES, GRATUITAS Y OBLIGATORIAS Y NO REQUIEREN DE ORDEN MEDICA.<\/p>\n\n\n\n<p> <img loading=\"lazy\" decoding=\"async\" height=\"16\" width=\"16\" alt=\"&#x2714;&#xfe0f;\" src=\"https:\/\/static.xx.fbcdn.net\/images\/emoji.php\/v9\/t51\/1\/16\/2714.png\"> SI TENES AGENTE SANITARIO, PROCUR\u00c1 ESTAR EN CASA PARA RECIBIRLO EN LOS SIGUIENTE BARRIOS:<\/p>\n\n\n\n<p><img loading=\"lazy\" decoding=\"async\" height=\"16\" width=\"16\" alt=\"&#x2747;&#xfe0f;\" src=\"https:\/\/static.xx.fbcdn.net\/images\/emoji.php\/v9\/tb1\/1\/16\/2747.png\">PROGRESO<\/p>\n\n\n\n<p><img loading=\"lazy\" decoding=\"async\" height=\"16\" width=\"16\" alt=\"&#x2747;&#xfe0f;\" src=\"https:\/\/static.xx.fbcdn.net\/images\/emoji.php\/v9\/tb1\/1\/16\/2747.png\">LUZ Y FUERZA<\/p>\n\n\n\n<p><img loading=\"lazy\" decoding=\"async\" height=\"16\" width=\"16\" alt=\"&#x2747;&#xfe0f;\" src=\"https:\/\/static.xx.fbcdn.net\/images\/emoji.php\/v9\/tb1\/1\/16\/2747.png\">SAN JORGE<\/p>\n\n\n\n<p><img loading=\"lazy\" decoding=\"async\" height=\"16\" width=\"16\" alt=\"&#x2747;&#xfe0f;\" src=\"https:\/\/static.xx.fbcdn.net\/images\/emoji.php\/v9\/tb1\/1\/16\/2747.png\">SAN ROQUE<\/p>\n\n\n\n<p> <img loading=\"lazy\" decoding=\"async\" height=\"16\" width=\"16\" alt=\"&#x2747;&#xfe0f;\" src=\"https:\/\/static.xx.fbcdn.net\/images\/emoji.php\/v9\/tb1\/1\/16\/2747.png\">BARRIOS DE LA SILLETA \u2013 SAN ANTONIO Y ENCON CHICO <\/p>\n\n\n\n<p><img loading=\"lazy\" decoding=\"async\" height=\"16\" width=\"16\" alt=\"&#x2714;&#xfe0f;\" src=\"https:\/\/static.xx.fbcdn.net\/images\/emoji.php\/v9\/t51\/1\/16\/2714.png\">O PODES ACERCARTE A LOS SIGUIENTES PUNTOS DE VACUNACI\u00d3N: DE 09.0 A 17 HORAS<\/p>\n\n\n\n<p><img loading=\"lazy\" decoding=\"async\" height=\"16\" width=\"16\" alt=\"&#x2705;&#xfe0f;\" src=\"https:\/\/static.xx.fbcdn.net\/images\/emoji.php\/v9\/t33\/1\/16\/2705.png\">HOSPITAL DR. FRANCISCO HERRERA. &#8211; CAMPO QUIJANO<\/p>\n\n\n\n<p><img loading=\"lazy\" decoding=\"async\" height=\"16\" width=\"16\" alt=\"&#x2705;&#xfe0f;\" src=\"https:\/\/static.xx.fbcdn.net\/images\/emoji.php\/v9\/t33\/1\/16\/2705.png\">CENTRO DE SALUD LA SILLETA<\/p>\n\n\n\n<p><img loading=\"lazy\" decoding=\"async\" height=\"16\" width=\"16\" alt=\"&#x2705;&#xfe0f;\" src=\"https:\/\/static.xx.fbcdn.net\/images\/emoji.php\/v9\/t33\/1\/16\/2705.png\">PLAZA MART\u00cdN FIERRO \u2013 CAMPO QUIJANO<\/p>\n\n\n\n<p><img loading=\"lazy\" decoding=\"async\" height=\"16\" width=\"16\" alt=\"&#x2705;&#xfe0f;\" src=\"https:\/\/static.xx.fbcdn.net\/images\/emoji.php\/v9\/t33\/1\/16\/2705.png\">PUESTO SANITARIO DE SAN ANTONIO<\/p>\n\n\n\n<p><img loading=\"lazy\" decoding=\"async\" height=\"16\" width=\"16\" alt=\"&#x2705;&#xfe0f;\" src=\"https:\/\/static.xx.fbcdn.net\/images\/emoji.php\/v9\/t33\/1\/16\/2705.png\">PUESTO SANITARIO ENC\u00d3N CHICO<\/p>\n\n\n\n<p><img loading=\"lazy\" decoding=\"async\" height=\"16\" width=\"16\" alt=\"&#x274c;&#xfe0f;\" src=\"https:\/\/static.xx.fbcdn.net\/images\/emoji.php\/v9\/tdd\/1\/16\/274c.png\">NO OLVIDES LLEVAR EL CARNET DE VACUNACI\u00d3N DE TU NI\u00d1O<img loading=\"lazy\" decoding=\"async\" height=\"16\" width=\"16\" alt=\"&#x274c;&#xfe0f;\" src=\"https:\/\/static.xx.fbcdn.net\/images\/emoji.php\/v9\/tdd\/1\/16\/274c.png\"><\/p>\n\n\n\n<p>El s\u00e1bado 1 de octubre el d\u00eda en que se lanzo la Campa\u00f1a de vacunaci\u00f3n,  RQ99.9Mhz  se comunico con Claudia Taritolay, enfermera profesional del Hospital Francisco Herrera de Campo Quijano y cont\u00f3 como se viv\u00eda la fecha en la Plaza principal del Pueblo.  Escucha el audio:<\/p>\n\n\n\n<figure class=\"wp-block-audio\"><audio controls src=\"https:\/\/nahuelproducciones.com.ar\/radioquijano\/wp-content\/uploads\/2022\/10\/01-10-2022-claudia-taritolay-inio-campana-vacunacion.mp3\"><\/audio><figcaption>  <br>  <\/figcaption><\/figure>\n\n\n\n<figure class=\"wp-block-gallery columns-3 is-cropped wp-block-gallery-1 is-layout-flex wp-block-gallery-is-layout-flex\"><ul class=\"blocks-gallery-grid\"><li class=\"blocks-gallery-item\"><figure><img loading=\"lazy\" decoding=\"async\" width=\"1024\" height=\"576\" src=\"https:\/\/nahuelproducciones.com.ar\/radioquijano\/wp-content\/uploads\/2022\/10\/WhatsApp-Image-2022-10-01-at-11.25.38-AM-1024x576.jpeg\" alt=\"\" data-id=\"3453\" data-full-url=\"https:\/\/nahuelproducciones.com.ar\/radioquijano\/wp-content\/uploads\/2022\/10\/WhatsApp-Image-2022-10-01-at-11.25.38-AM.jpeg\" data-link=\"https:\/\/nahuelproducciones.com.ar\/radioquijano\/?attachment_id=3453\" class=\"wp-image-3453\" srcset=\"https:\/\/nahuelproducciones.com.ar\/radioquijano\/wp-content\/uploads\/2022\/10\/WhatsApp-Image-2022-10-01-at-11.25.38-AM-1024x576.jpeg 1024w, https:\/\/nahuelproducciones.com.ar\/radioquijano\/wp-content\/uploads\/2022\/10\/WhatsApp-Image-2022-10-01-at-11.25.38-AM-300x169.jpeg 300w, https:\/\/nahuelproducciones.com.ar\/radioquijano\/wp-content\/uploads\/2022\/10\/WhatsApp-Image-2022-10-01-at-11.25.38-AM-768x432.jpeg 768w, https:\/\/nahuelproducciones.com.ar\/radioquijano\/wp-content\/uploads\/2022\/10\/WhatsApp-Image-2022-10-01-at-11.25.38-AM-1536x864.jpeg 1536w, https:\/\/nahuelproducciones.com.ar\/radioquijano\/wp-content\/uploads\/2022\/10\/WhatsApp-Image-2022-10-01-at-11.25.38-AM-150x84.jpeg 150w, https:\/\/nahuelproducciones.com.ar\/radioquijano\/wp-content\/uploads\/2022\/10\/WhatsApp-Image-2022-10-01-at-11.25.38-AM.jpeg 1600w\" sizes=\"auto, (max-width: 1024px) 100vw, 1024px\" \/><\/figure><\/li><li class=\"blocks-gallery-item\"><figure><img loading=\"lazy\" decoding=\"async\" width=\"576\" height=\"1024\" src=\"https:\/\/nahuelproducciones.com.ar\/radioquijano\/wp-content\/uploads\/2022\/10\/WhatsApp-Image-2022-10-01-at-11.25.28-AM-576x1024.jpeg\" alt=\"\" data-id=\"3454\" data-full-url=\"https:\/\/nahuelproducciones.com.ar\/radioquijano\/wp-content\/uploads\/2022\/10\/WhatsApp-Image-2022-10-01-at-11.25.28-AM.jpeg\" data-link=\"https:\/\/nahuelproducciones.com.ar\/radioquijano\/?attachment_id=3454\" class=\"wp-image-3454\" srcset=\"https:\/\/nahuelproducciones.com.ar\/radioquijano\/wp-content\/uploads\/2022\/10\/WhatsApp-Image-2022-10-01-at-11.25.28-AM-576x1024.jpeg 576w, https:\/\/nahuelproducciones.com.ar\/radioquijano\/wp-content\/uploads\/2022\/10\/WhatsApp-Image-2022-10-01-at-11.25.28-AM-169x300.jpeg 169w, https:\/\/nahuelproducciones.com.ar\/radioquijano\/wp-content\/uploads\/2022\/10\/WhatsApp-Image-2022-10-01-at-11.25.28-AM-768x1365.jpeg 768w, https:\/\/nahuelproducciones.com.ar\/radioquijano\/wp-content\/uploads\/2022\/10\/WhatsApp-Image-2022-10-01-at-11.25.28-AM-864x1536.jpeg 864w, https:\/\/nahuelproducciones.com.ar\/radioquijano\/wp-content\/uploads\/2022\/10\/WhatsApp-Image-2022-10-01-at-11.25.28-AM-150x267.jpeg 150w, https:\/\/nahuelproducciones.com.ar\/radioquijano\/wp-content\/uploads\/2022\/10\/WhatsApp-Image-2022-10-01-at-11.25.28-AM.jpeg 900w\" sizes=\"auto, (max-width: 576px) 100vw, 576px\" \/><\/figure><\/li><li class=\"blocks-gallery-item\"><figure><img loading=\"lazy\" decoding=\"async\" width=\"1024\" height=\"576\" src=\"https:\/\/nahuelproducciones.com.ar\/radioquijano\/wp-content\/uploads\/2022\/10\/WhatsApp-Image-2022-10-01-at-11.25.14-AM-1024x576.jpeg\" alt=\"\" data-id=\"3455\" data-full-url=\"https:\/\/nahuelproducciones.com.ar\/radioquijano\/wp-content\/uploads\/2022\/10\/WhatsApp-Image-2022-10-01-at-11.25.14-AM.jpeg\" data-link=\"https:\/\/nahuelproducciones.com.ar\/radioquijano\/?attachment_id=3455\" class=\"wp-image-3455\" srcset=\"https:\/\/nahuelproducciones.com.ar\/radioquijano\/wp-content\/uploads\/2022\/10\/WhatsApp-Image-2022-10-01-at-11.25.14-AM-1024x576.jpeg 1024w, https:\/\/nahuelproducciones.com.ar\/radioquijano\/wp-content\/uploads\/2022\/10\/WhatsApp-Image-2022-10-01-at-11.25.14-AM-300x169.jpeg 300w, https:\/\/nahuelproducciones.com.ar\/radioquijano\/wp-content\/uploads\/2022\/10\/WhatsApp-Image-2022-10-01-at-11.25.14-AM-768x432.jpeg 768w, https:\/\/nahuelproducciones.com.ar\/radioquijano\/wp-content\/uploads\/2022\/10\/WhatsApp-Image-2022-10-01-at-11.25.14-AM-1536x864.jpeg 1536w, https:\/\/nahuelproducciones.com.ar\/radioquijano\/wp-content\/uploads\/2022\/10\/WhatsApp-Image-2022-10-01-at-11.25.14-AM-150x84.jpeg 150w, https:\/\/nahuelproducciones.com.ar\/radioquijano\/wp-content\/uploads\/2022\/10\/WhatsApp-Image-2022-10-01-at-11.25.14-AM.jpeg 1600w\" sizes=\"auto, (max-width: 1024px) 100vw, 1024px\" \/><\/figure><\/li><li class=\"blocks-gallery-item\"><figure><img loading=\"lazy\" decoding=\"async\" width=\"1024\" height=\"576\" src=\"https:\/\/nahuelproducciones.com.ar\/radioquijano\/wp-content\/uploads\/2022\/10\/WhatsApp-Image-2022-10-01-at-11.25.03-AM-1024x576.jpeg\" alt=\"\" data-id=\"3456\" data-full-url=\"https:\/\/nahuelproducciones.com.ar\/radioquijano\/wp-content\/uploads\/2022\/10\/WhatsApp-Image-2022-10-01-at-11.25.03-AM.jpeg\" data-link=\"https:\/\/nahuelproducciones.com.ar\/radioquijano\/?attachment_id=3456\" class=\"wp-image-3456\" srcset=\"https:\/\/nahuelproducciones.com.ar\/radioquijano\/wp-content\/uploads\/2022\/10\/WhatsApp-Image-2022-10-01-at-11.25.03-AM-1024x576.jpeg 1024w, https:\/\/nahuelproducciones.com.ar\/radioquijano\/wp-content\/uploads\/2022\/10\/WhatsApp-Image-2022-10-01-at-11.25.03-AM-300x169.jpeg 300w, https:\/\/nahuelproducciones.com.ar\/radioquijano\/wp-content\/uploads\/2022\/10\/WhatsApp-Image-2022-10-01-at-11.25.03-AM-768x432.jpeg 768w, https:\/\/nahuelproducciones.com.ar\/radioquijano\/wp-content\/uploads\/2022\/10\/WhatsApp-Image-2022-10-01-at-11.25.03-AM-1536x864.jpeg 1536w, https:\/\/nahuelproducciones.com.ar\/radioquijano\/wp-content\/uploads\/2022\/10\/WhatsApp-Image-2022-10-01-at-11.25.03-AM-150x84.jpeg 150w, https:\/\/nahuelproducciones.com.ar\/radioquijano\/wp-content\/uploads\/2022\/10\/WhatsApp-Image-2022-10-01-at-11.25.03-AM.jpeg 1600w\" sizes=\"auto, (max-width: 1024px) 100vw, 1024px\" \/><\/figure><\/li><li class=\"blocks-gallery-item\"><figure><img loading=\"lazy\" decoding=\"async\" width=\"576\" height=\"1024\" src=\"https:\/\/nahuelproducciones.com.ar\/radioquijano\/wp-content\/uploads\/2022\/10\/WhatsApp-Image-2022-10-01-at-11.42.44-AM-576x1024.jpeg\" alt=\"\" data-id=\"3457\" data-full-url=\"https:\/\/nahuelproducciones.com.ar\/radioquijano\/wp-content\/uploads\/2022\/10\/WhatsApp-Image-2022-10-01-at-11.42.44-AM.jpeg\" data-link=\"https:\/\/nahuelproducciones.com.ar\/radioquijano\/?attachment_id=3457\" class=\"wp-image-3457\" srcset=\"https:\/\/nahuelproducciones.com.ar\/radioquijano\/wp-content\/uploads\/2022\/10\/WhatsApp-Image-2022-10-01-at-11.42.44-AM-576x1024.jpeg 576w, https:\/\/nahuelproducciones.com.ar\/radioquijano\/wp-content\/uploads\/2022\/10\/WhatsApp-Image-2022-10-01-at-11.42.44-AM-169x300.jpeg 169w, https:\/\/nahuelproducciones.com.ar\/radioquijano\/wp-content\/uploads\/2022\/10\/WhatsApp-Image-2022-10-01-at-11.42.44-AM-768x1365.jpeg 768w, https:\/\/nahuelproducciones.com.ar\/radioquijano\/wp-content\/uploads\/2022\/10\/WhatsApp-Image-2022-10-01-at-11.42.44-AM-864x1536.jpeg 864w, https:\/\/nahuelproducciones.com.ar\/radioquijano\/wp-content\/uploads\/2022\/10\/WhatsApp-Image-2022-10-01-at-11.42.44-AM-150x267.jpeg 150w, https:\/\/nahuelproducciones.com.ar\/radioquijano\/wp-content\/uploads\/2022\/10\/WhatsApp-Image-2022-10-01-at-11.42.44-AM.jpeg 900w\" sizes=\"auto, (max-width: 576px) 100vw, 576px\" \/><\/figure><\/li><li class=\"blocks-gallery-item\"><figure><img loading=\"lazy\" decoding=\"async\" width=\"576\" height=\"1024\" src=\"https:\/\/nahuelproducciones.com.ar\/radioquijano\/wp-content\/uploads\/2022\/10\/WhatsApp-Image-2022-10-01-at-11.42.51-AM-576x1024.jpeg\" alt=\"\" data-id=\"3458\" data-full-url=\"https:\/\/nahuelproducciones.com.ar\/radioquijano\/wp-content\/uploads\/2022\/10\/WhatsApp-Image-2022-10-01-at-11.42.51-AM.jpeg\" data-link=\"https:\/\/nahuelproducciones.com.ar\/radioquijano\/?attachment_id=3458\" class=\"wp-image-3458\" srcset=\"https:\/\/nahuelproducciones.com.ar\/radioquijano\/wp-content\/uploads\/2022\/10\/WhatsApp-Image-2022-10-01-at-11.42.51-AM-576x1024.jpeg 576w, https:\/\/nahuelproducciones.com.ar\/radioquijano\/wp-content\/uploads\/2022\/10\/WhatsApp-Image-2022-10-01-at-11.42.51-AM-169x300.jpeg 169w, https:\/\/nahuelproducciones.com.ar\/radioquijano\/wp-content\/uploads\/2022\/10\/WhatsApp-Image-2022-10-01-at-11.42.51-AM-768x1365.jpeg 768w, https:\/\/nahuelproducciones.com.ar\/radioquijano\/wp-content\/uploads\/2022\/10\/WhatsApp-Image-2022-10-01-at-11.42.51-AM-864x1536.jpeg 864w, https:\/\/nahuelproducciones.com.ar\/radioquijano\/wp-content\/uploads\/2022\/10\/WhatsApp-Image-2022-10-01-at-11.42.51-AM-150x267.jpeg 150w, https:\/\/nahuelproducciones.com.ar\/radioquijano\/wp-content\/uploads\/2022\/10\/WhatsApp-Image-2022-10-01-at-11.42.51-AM.jpeg 900w\" sizes=\"auto, (max-width: 576px) 100vw, 576px\" \/><\/figure><\/li><\/ul><\/figure>\n\n\n\n<p><a href=\"https:\/\/nahuelproducciones.com.ar\/index.php\/rq999\" target=\"_blank\" rel=\"noreferrer noopener\">#RQ99.9Mhz<\/a>&nbsp;<a href=\"https:\/\/nahuelproducciones.com.ar\/\" target=\"_blank\" rel=\"noreferrer noopener\">#CAMPOQUIJANO<\/a>&nbsp;<a href=\"http:\/\/nahuelproducciones.com.ar\/radioquijano\/\" target=\"_blank\" rel=\"noreferrer noopener\">#RadioQuijano<\/a><\/p>\n","protected":false},"excerpt":{"rendered":"<p>Comenz\u00f3&nbsp;el 1\u00b0 de octubre y las vacunas se aplicar\u00e1n hasta el 13 de noviembre de 2022. Con el objetivo de reforzar la protecci\u00f3n de la poblaci\u00f3n frente al sarampi\u00f3n, rub\u00e9ola, paperas y poliomielitis, y sostener su eliminaci\u00f3n en el pa\u00eds, el ministerio de Salud de la Naci\u00f3n lanz\u00f3 bajo el lema \u201cActiv\u00e1 vacunas\u201d la Campa\u00f1a [&hellip;]<\/p>\n","protected":false},"author":8,"featured_media":3452,"comment_status":"open","ping_status":"open","sticky":false,"template":"","format":"standard","meta":{"_monsterinsights_skip_tracking":false,"_monsterinsights_sitenote_active":false,"_monsterinsights_sitenote_note":"","_monsterinsights_sitenote_category":0,"footnotes":""},"categories":[16],"tags":[660,36,374],"class_list":["post-3450","post","type-post","status-publish","format-standard","has-post-thumbnail","hentry","category-noticias","tag-campana-de-vacunacion-nacional","tag-campo-quijano","tag-hospital-dr-francisco-herrera"],"yoast_head":"<!-- This site is optimized with the Yoast SEO plugin v20.8 - https:\/\/yoast.com\/wordpress\/plugins\/seo\/ -->\n<title>Contin\u00faa la campa\u00f1a de vacunaci\u00f3n triple viral. - RQ 99.9<\/title>\n<meta name=\"description\" content=\"Comenz\u00f3\u00a0el 1\u00b0 de octubre y las vacunas se aplicar\u00e1n hasta el\u00a0 al 13 de noviembre de 2022.\" \/>\n<meta name=\"robots\" content=\"index, follow, max-snippet:-1, max-image-preview:large, max-video-preview:-1\" \/>\n<link rel=\"canonical\" href=\"https:\/\/nahuelproducciones.com.ar\/radioquijano\/continua-la-campana-de-vacunacion-triple-viral\/\" \/>\n<meta property=\"og:locale\" content=\"es_ES\" \/>\n<meta property=\"og:type\" content=\"article\" \/>\n<meta property=\"og:title\" content=\"Contin\u00faa la campa\u00f1a de vacunaci\u00f3n triple viral. - RQ 99.9\" \/>\n<meta property=\"og:description\" content=\"Comenz\u00f3\u00a0el 1\u00b0 de octubre y las vacunas se aplicar\u00e1n hasta el\u00a0 al 13 de noviembre de 2022.\" \/>\n<meta property=\"og:url\" content=\"https:\/\/nahuelproducciones.com.ar\/radioquijano\/continua-la-campana-de-vacunacion-triple-viral\/\" \/>\n<meta property=\"og:site_name\" content=\"RQ 99.9\" \/>\n<meta property=\"article:publisher\" content=\"https:\/\/www.facebook.com\/nahuelproducciones999\/\" \/>\n<meta property=\"article:published_time\" content=\"2022-10-05T10:38:51+00:00\" \/>\n<meta property=\"article:modified_time\" content=\"2022-10-05T12:57:44+00:00\" \/>\n<meta property=\"og:image\" content=\"https:\/\/nahuelproducciones.com.ar\/radioquijano\/wp-content\/uploads\/2022\/10\/CAMPANA-DE-VACUNACION-NACIONAL-e1664966125395.jpg\" \/>\n\t<meta property=\"og:image:width\" content=\"700\" \/>\n\t<meta property=\"og:image:height\" content=\"453\" \/>\n\t<meta property=\"og:image:type\" content=\"image\/jpeg\" \/>\n<meta name=\"author\" content=\"Cecilia Pastrana\" \/>\n<meta name=\"twitter:card\" content=\"summary_large_image\" \/>\n<meta name=\"twitter:creator\" content=\"@nahuproduciones\" \/>\n<meta name=\"twitter:site\" content=\"@nahuproduciones\" \/>\n<meta name=\"twitter:label1\" content=\"Escrito por\" \/>\n\t<meta name=\"twitter:data1\" content=\"Cecilia Pastrana\" \/>\n\t<meta name=\"twitter:label2\" content=\"Tiempo de lectura\" \/>\n\t<meta name=\"twitter:data2\" content=\"6 minutos\" \/>\n<script type=\"application\/ld+json\" class=\"yoast-schema-graph\">{\"@context\":\"https:\/\/schema.org\",\"@graph\":[{\"@type\":\"WebPage\",\"@id\":\"https:\/\/nahuelproducciones.com.ar\/radioquijano\/continua-la-campana-de-vacunacion-triple-viral\/\",\"url\":\"https:\/\/nahuelproducciones.com.ar\/radioquijano\/continua-la-campana-de-vacunacion-triple-viral\/\",\"name\":\"Contin\u00faa la campa\u00f1a de vacunaci\u00f3n triple viral. - RQ 99.9\",\"isPartOf\":{\"@id\":\"https:\/\/nahuelproducciones.com.ar\/radioquijano\/#website\"},\"datePublished\":\"2022-10-05T10:38:51+00:00\",\"dateModified\":\"2022-10-05T12:57:44+00:00\",\"author\":{\"@id\":\"https:\/\/nahuelproducciones.com.ar\/radioquijano\/#\/schema\/person\/e8a4f939e2cb487fe6d0c54042c9d32c\"},\"description\":\"Comenz\u00f3\u00a0el 1\u00b0 de octubre y las vacunas se aplicar\u00e1n hasta el\u00a0 al 13 de noviembre de 2022.\",\"breadcrumb\":{\"@id\":\"https:\/\/nahuelproducciones.com.ar\/radioquijano\/continua-la-campana-de-vacunacion-triple-viral\/#breadcrumb\"},\"inLanguage\":\"es\",\"potentialAction\":[{\"@type\":\"ReadAction\",\"target\":[\"https:\/\/nahuelproducciones.com.ar\/radioquijano\/continua-la-campana-de-vacunacion-triple-viral\/\"]}]},{\"@type\":\"BreadcrumbList\",\"@id\":\"https:\/\/nahuelproducciones.com.ar\/radioquijano\/continua-la-campana-de-vacunacion-triple-viral\/#breadcrumb\",\"itemListElement\":[{\"@type\":\"ListItem\",\"position\":1,\"name\":\"Portada\",\"item\":\"https:\/\/nahuelproducciones.com.ar\/radioquijano\/\"},{\"@type\":\"ListItem\",\"position\":2,\"name\":\"Contin\u00faa la campa\u00f1a de vacunaci\u00f3n triple viral.\"}]},{\"@type\":\"WebSite\",\"@id\":\"https:\/\/nahuelproducciones.com.ar\/radioquijano\/#website\",\"url\":\"https:\/\/nahuelproducciones.com.ar\/radioquijano\/\",\"name\":\"RQ 99.9\",\"description\":\"Radio Quijano 99.9 MHz\",\"potentialAction\":[{\"@type\":\"SearchAction\",\"target\":{\"@type\":\"EntryPoint\",\"urlTemplate\":\"https:\/\/nahuelproducciones.com.ar\/radioquijano\/?s={search_term_string}\"},\"query-input\":\"required name=search_term_string\"}],\"inLanguage\":\"es\"},{\"@type\":\"Person\",\"@id\":\"https:\/\/nahuelproducciones.com.ar\/radioquijano\/#\/schema\/person\/e8a4f939e2cb487fe6d0c54042c9d32c\",\"name\":\"Cecilia Pastrana\",\"image\":{\"@type\":\"ImageObject\",\"inLanguage\":\"es\",\"@id\":\"https:\/\/nahuelproducciones.com.ar\/radioquijano\/#\/schema\/person\/image\/\",\"url\":\"https:\/\/secure.gravatar.com\/avatar\/661a3ef63a8488d4f2794ed44af8cf71420f7e106f3072c40125114df5157749?s=96&d=mm&r=g\",\"contentUrl\":\"https:\/\/secure.gravatar.com\/avatar\/661a3ef63a8488d4f2794ed44af8cf71420f7e106f3072c40125114df5157749?s=96&d=mm&r=g\",\"caption\":\"Cecilia Pastrana\"},\"sameAs\":[\"cecy\"],\"url\":\"https:\/\/nahuelproducciones.com.ar\/radioquijano\/author\/cecy\/\"}]}<\/script>\n<!-- \/ Yoast SEO plugin. -->","yoast_head_json":{"title":"Contin\u00faa la campa\u00f1a de vacunaci\u00f3n triple viral. - RQ 99.9","description":"Comenz\u00f3\u00a0el 1\u00b0 de octubre y las vacunas se aplicar\u00e1n hasta el\u00a0 al 13 de noviembre de 2022.","robots":{"index":"index","follow":"follow","max-snippet":"max-snippet:-1","max-image-preview":"max-image-preview:large","max-video-preview":"max-video-preview:-1"},"canonical":"https:\/\/nahuelproducciones.com.ar\/radioquijano\/continua-la-campana-de-vacunacion-triple-viral\/","og_locale":"es_ES","og_type":"article","og_title":"Contin\u00faa la campa\u00f1a de vacunaci\u00f3n triple viral. - RQ 99.9","og_description":"Comenz\u00f3\u00a0el 1\u00b0 de octubre y las vacunas se aplicar\u00e1n hasta el\u00a0 al 13 de noviembre de 2022.","og_url":"https:\/\/nahuelproducciones.com.ar\/radioquijano\/continua-la-campana-de-vacunacion-triple-viral\/","og_site_name":"RQ 99.9","article_publisher":"https:\/\/www.facebook.com\/nahuelproducciones999\/","article_published_time":"2022-10-05T10:38:51+00:00","article_modified_time":"2022-10-05T12:57:44+00:00","og_image":[{"width":700,"height":453,"url":"https:\/\/nahuelproducciones.com.ar\/radioquijano\/wp-content\/uploads\/2022\/10\/CAMPANA-DE-VACUNACION-NACIONAL-e1664966125395.jpg","type":"image\/jpeg"}],"author":"Cecilia Pastrana","twitter_card":"summary_large_image","twitter_creator":"@nahuproduciones","twitter_site":"@nahuproduciones","twitter_misc":{"Escrito por":"Cecilia Pastrana","Tiempo de lectura":"6 minutos"},"schema":{"@context":"https:\/\/schema.org","@graph":[{"@type":"WebPage","@id":"https:\/\/nahuelproducciones.com.ar\/radioquijano\/continua-la-campana-de-vacunacion-triple-viral\/","url":"https:\/\/nahuelproducciones.com.ar\/radioquijano\/continua-la-campana-de-vacunacion-triple-viral\/","name":"Contin\u00faa la campa\u00f1a de vacunaci\u00f3n triple viral. - RQ 99.9","isPartOf":{"@id":"https:\/\/nahuelproducciones.com.ar\/radioquijano\/#website"},"datePublished":"2022-10-05T10:38:51+00:00","dateModified":"2022-10-05T12:57:44+00:00","author":{"@id":"https:\/\/nahuelproducciones.com.ar\/radioquijano\/#\/schema\/person\/e8a4f939e2cb487fe6d0c54042c9d32c"},"description":"Comenz\u00f3\u00a0el 1\u00b0 de octubre y las vacunas se aplicar\u00e1n hasta el\u00a0 al 13 de noviembre de 2022.","breadcrumb":{"@id":"https:\/\/nahuelproducciones.com.ar\/radioquijano\/continua-la-campana-de-vacunacion-triple-viral\/#breadcrumb"},"inLanguage":"es","potentialAction":[{"@type":"ReadAction","target":["https:\/\/nahuelproducciones.com.ar\/radioquijano\/continua-la-campana-de-vacunacion-triple-viral\/"]}]},{"@type":"BreadcrumbList","@id":"https:\/\/nahuelproducciones.com.ar\/radioquijano\/continua-la-campana-de-vacunacion-triple-viral\/#breadcrumb","itemListElement":[{"@type":"ListItem","position":1,"name":"Portada","item":"https:\/\/nahuelproducciones.com.ar\/radioquijano\/"},{"@type":"ListItem","position":2,"name":"Contin\u00faa la campa\u00f1a de vacunaci\u00f3n triple viral."}]},{"@type":"WebSite","@id":"https:\/\/nahuelproducciones.com.ar\/radioquijano\/#website","url":"https:\/\/nahuelproducciones.com.ar\/radioquijano\/","name":"RQ 99.9","description":"Radio Quijano 99.9 MHz","potentialAction":[{"@type":"SearchAction","target":{"@type":"EntryPoint","urlTemplate":"https:\/\/nahuelproducciones.com.ar\/radioquijano\/?s={search_term_string}"},"query-input":"required name=search_term_string"}],"inLanguage":"es"},{"@type":"Person","@id":"https:\/\/nahuelproducciones.com.ar\/radioquijano\/#\/schema\/person\/e8a4f939e2cb487fe6d0c54042c9d32c","name":"Cecilia Pastrana","image":{"@type":"ImageObject","inLanguage":"es","@id":"https:\/\/nahuelproducciones.com.ar\/radioquijano\/#\/schema\/person\/image\/","url":"https:\/\/secure.gravatar.com\/avatar\/661a3ef63a8488d4f2794ed44af8cf71420f7e106f3072c40125114df5157749?s=96&d=mm&r=g","contentUrl":"https:\/\/secure.gravatar.com\/avatar\/661a3ef63a8488d4f2794ed44af8cf71420f7e106f3072c40125114df5157749?s=96&d=mm&r=g","caption":"Cecilia Pastrana"},"sameAs":["cecy"],"url":"https:\/\/nahuelproducciones.com.ar\/radioquijano\/author\/cecy\/"}]}},"_links":{"self":[{"href":"https:\/\/nahuelproducciones.com.ar\/radioquijano\/wp-json\/wp\/v2\/posts\/3450","targetHints":{"allow":["GET"]}}],"collection":[{"href":"https:\/\/nahuelproducciones.com.ar\/radioquijano\/wp-json\/wp\/v2\/posts"}],"about":[{"href":"https:\/\/nahuelproducciones.com.ar\/radioquijano\/wp-json\/wp\/v2\/types\/post"}],"author":[{"embeddable":true,"href":"https:\/\/nahuelproducciones.com.ar\/radioquijano\/wp-json\/wp\/v2\/users\/8"}],"replies":[{"embeddable":true,"href":"https:\/\/nahuelproducciones.com.ar\/radioquijano\/wp-json\/wp\/v2\/comments?post=3450"}],"version-history":[{"count":5,"href":"https:\/\/nahuelproducciones.com.ar\/radioquijano\/wp-json\/wp\/v2\/posts\/3450\/revisions"}],"predecessor-version":[{"id":3467,"href":"https:\/\/nahuelproducciones.com.ar\/radioquijano\/wp-json\/wp\/v2\/posts\/3450\/revisions\/3467"}],"wp:featuredmedia":[{"embeddable":true,"href":"https:\/\/nahuelproducciones.com.ar\/radioquijano\/wp-json\/wp\/v2\/media\/3452"}],"wp:attachment":[{"href":"https:\/\/nahuelproducciones.com.ar\/radioquijano\/wp-json\/wp\/v2\/media?parent=3450"}],"wp:term":[{"taxonomy":"category","embeddable":true,"href":"https:\/\/nahuelproducciones.com.ar\/radioquijano\/wp-json\/wp\/v2\/categories?post=3450"},{"taxonomy":"post_tag","embeddable":true,"href":"https:\/\/nahuelproducciones.com.ar\/radioquijano\/wp-json\/wp\/v2\/tags?post=3450"}],"curies":[{"name":"wp","href":"https:\/\/api.w.org\/{rel}","templated":true}]}}