{"id":3463,"date":"2022-10-05T07:57:26","date_gmt":"2022-10-05T10:57:26","guid":{"rendered":"https:\/\/nahuelproducciones.com.ar\/radioquijano\/?p=3463"},"modified":"2022-10-05T07:57:27","modified_gmt":"2022-10-05T10:57:27","slug":"pami-los-miercoles-en-el-centro-de-jubilados-y-pensionados-el-portal-de-los-andes","status":"publish","type":"post","link":"https:\/\/nahuelproducciones.com.ar\/radioquijano\/pami-los-miercoles-en-el-centro-de-jubilados-y-pensionados-el-portal-de-los-andes\/","title":{"rendered":"PAMI LOS MI\u00c9RCOLES, EN EL CENTRO DE JUBILADOS Y PENSIONADOS \u00abEL PORTAL DE LOS ANDES\u00bb"},"content":{"rendered":"\n<p>PAMI Rosario de Lerma brinda  atenci\u00f3n a sus afiliados residentes en La Silleta, Quebrada del Toro y Campo Quijano, a desde el 21 de septiembre y todos los mi\u00e9rcoles  de 09:00 hs a 13:00hs<\/p>\n\n\n\n<p>Atienden en el  Centro de Jubilados y Pensionados \u00abEl Portal de los Andes\u00bb Ant\u00e1rtida Argentina S\/N<\/p>\n\n\n\n<p>En la oportunidad se ofrecer\u00e1 informaci\u00f3n, y a demanda de los afiliados se iniciar\u00e1n expedientes relacionados a: afiliaciones, medicamentos sin cargo, pa\u00f1ales descartables, \u00f3ptica, tratamientos especiales y oncol\u00f3gicos, dietoter\u00e1picos, insumos quir\u00fargicos, ortopedia, derivaciones y otros.<\/p>\n\n\n\n<p>Consultas al 4931428<\/p>\n\n\n\n<div class=\"wp-block-image\"><figure class=\"aligncenter size-full is-resized\"><img loading=\"lazy\" decoding=\"async\" src=\"https:\/\/nahuelproducciones.com.ar\/radioquijano\/wp-content\/uploads\/2022\/09\/WhatsApp-Image-2022-09-21-at-9.58.58-AM.jpeg\" alt=\"\" class=\"wp-image-3411\" width=\"583\" height=\"699\"\/><\/figure><\/div>\n\n\n\n<p>   <a href=\"https:\/\/nahuelproducciones.com.ar\/index.php\/rq999\" target=\"_blank\" rel=\"noreferrer noopener\">#RQ99.9Mhz<\/a>\u00a0<a href=\"https:\/\/nahuelproducciones.com.ar\/\" target=\"_blank\" rel=\"noreferrer noopener\">#CAMPOQUIJANO<\/a>\u00a0<a href=\"http:\/\/nahuelproducciones.com.ar\/radioquijano\/\" target=\"_blank\" rel=\"noreferrer noopener\">#RadioQuijano<\/a>   <\/p>\n","protected":false},"excerpt":{"rendered":"<p>PAMI Rosario de Lerma brinda atenci\u00f3n a sus afiliados residentes en La Silleta, Quebrada del Toro y Campo Quijano, a desde el 21 de septiembre y todos los mi\u00e9rcoles de 09:00 hs a 13:00hs Atienden en el Centro de Jubilados y Pensionados \u00abEl Portal de los Andes\u00bb Ant\u00e1rtida Argentina S\/N En la oportunidad se ofrecer\u00e1 [&hellip;]<\/p>\n","protected":false},"author":8,"featured_media":3464,"comment_status":"open","ping_status":"open","sticky":false,"template":"","format":"standard","meta":{"_monsterinsights_skip_tracking":false,"_monsterinsights_sitenote_active":false,"_monsterinsights_sitenote_note":"","_monsterinsights_sitenote_category":0,"footnotes":""},"categories":[16],"tags":[36,661,662],"class_list":["post-3463","post","type-post","status-publish","format-standard","has-post-thumbnail","hentry","category-noticias","tag-campo-quijano","tag-centro-de-jubilados-y-pensionados-el-portal-de-los-andes-2","tag-pam"],"yoast_head":"<!-- This site is optimized with the Yoast SEO plugin v20.8 - https:\/\/yoast.com\/wordpress\/plugins\/seo\/ -->\n<title>PAMI LOS MI\u00c9RCOLES, EN EL CENTRO DE JUBILADOS Y PENSIONADOS &quot;EL PORTAL DE LOS ANDES&quot; - RQ 99.9<\/title>\n<meta name=\"description\" content=\"Todos los mi\u00e9rcoles de 09:00 hs a 13:00hs\" \/>\n<meta name=\"robots\" content=\"index, follow, max-snippet:-1, max-image-preview:large, max-video-preview:-1\" \/>\n<link rel=\"canonical\" href=\"https:\/\/nahuelproducciones.com.ar\/radioquijano\/pami-los-miercoles-en-el-centro-de-jubilados-y-pensionados-el-portal-de-los-andes\/\" \/>\n<meta property=\"og:locale\" content=\"es_ES\" \/>\n<meta property=\"og:type\" content=\"article\" \/>\n<meta property=\"og:title\" content=\"PAMI LOS MI\u00c9RCOLES, EN EL CENTRO DE JUBILADOS Y PENSIONADOS &quot;EL PORTAL DE LOS ANDES&quot; - RQ 99.9\" \/>\n<meta property=\"og:description\" content=\"Todos los mi\u00e9rcoles de 09:00 hs a 13:00hs\" \/>\n<meta property=\"og:url\" content=\"https:\/\/nahuelproducciones.com.ar\/radioquijano\/pami-los-miercoles-en-el-centro-de-jubilados-y-pensionados-el-portal-de-los-andes\/\" \/>\n<meta property=\"og:site_name\" content=\"RQ 99.9\" \/>\n<meta property=\"article:publisher\" content=\"https:\/\/www.facebook.com\/nahuelproducciones999\/\" \/>\n<meta property=\"article:published_time\" content=\"2022-10-05T10:57:26+00:00\" \/>\n<meta property=\"article:modified_time\" content=\"2022-10-05T10:57:27+00:00\" \/>\n<meta property=\"og:image\" content=\"https:\/\/nahuelproducciones.com.ar\/radioquijano\/wp-content\/uploads\/2022\/10\/CENTRO-DE-JUB-Y-PENS.jpg\" \/>\n\t<meta property=\"og:image:width\" content=\"720\" \/>\n\t<meta property=\"og:image:height\" content=\"540\" \/>\n\t<meta property=\"og:image:type\" content=\"image\/jpeg\" \/>\n<meta name=\"author\" content=\"Cecilia Pastrana\" \/>\n<meta name=\"twitter:card\" content=\"summary_large_image\" \/>\n<meta name=\"twitter:creator\" content=\"@nahuproduciones\" \/>\n<meta name=\"twitter:site\" content=\"@nahuproduciones\" \/>\n<meta name=\"twitter:label1\" content=\"Escrito por\" \/>\n\t<meta name=\"twitter:data1\" content=\"Cecilia Pastrana\" \/>\n\t<meta name=\"twitter:label2\" content=\"Tiempo de lectura\" \/>\n\t<meta name=\"twitter:data2\" content=\"1 minuto\" \/>\n<script type=\"application\/ld+json\" class=\"yoast-schema-graph\">{\"@context\":\"https:\/\/schema.org\",\"@graph\":[{\"@type\":\"WebPage\",\"@id\":\"https:\/\/nahuelproducciones.com.ar\/radioquijano\/pami-los-miercoles-en-el-centro-de-jubilados-y-pensionados-el-portal-de-los-andes\/\",\"url\":\"https:\/\/nahuelproducciones.com.ar\/radioquijano\/pami-los-miercoles-en-el-centro-de-jubilados-y-pensionados-el-portal-de-los-andes\/\",\"name\":\"PAMI LOS MI\u00c9RCOLES, EN EL CENTRO DE JUBILADOS Y PENSIONADOS \\\"EL PORTAL DE LOS ANDES\\\" - RQ 99.9\",\"isPartOf\":{\"@id\":\"https:\/\/nahuelproducciones.com.ar\/radioquijano\/#website\"},\"datePublished\":\"2022-10-05T10:57:26+00:00\",\"dateModified\":\"2022-10-05T10:57:27+00:00\",\"author\":{\"@id\":\"https:\/\/nahuelproducciones.com.ar\/radioquijano\/#\/schema\/person\/e8a4f939e2cb487fe6d0c54042c9d32c\"},\"description\":\"Todos los mi\u00e9rcoles de 09:00 hs a 13:00hs\",\"breadcrumb\":{\"@id\":\"https:\/\/nahuelproducciones.com.ar\/radioquijano\/pami-los-miercoles-en-el-centro-de-jubilados-y-pensionados-el-portal-de-los-andes\/#breadcrumb\"},\"inLanguage\":\"es\",\"potentialAction\":[{\"@type\":\"ReadAction\",\"target\":[\"https:\/\/nahuelproducciones.com.ar\/radioquijano\/pami-los-miercoles-en-el-centro-de-jubilados-y-pensionados-el-portal-de-los-andes\/\"]}]},{\"@type\":\"BreadcrumbList\",\"@id\":\"https:\/\/nahuelproducciones.com.ar\/radioquijano\/pami-los-miercoles-en-el-centro-de-jubilados-y-pensionados-el-portal-de-los-andes\/#breadcrumb\",\"itemListElement\":[{\"@type\":\"ListItem\",\"position\":1,\"name\":\"Portada\",\"item\":\"https:\/\/nahuelproducciones.com.ar\/radioquijano\/\"},{\"@type\":\"ListItem\",\"position\":2,\"name\":\"PAMI LOS MI\u00c9RCOLES, EN EL CENTRO DE JUBILADOS Y PENSIONADOS \u00abEL PORTAL DE LOS ANDES\u00bb\"}]},{\"@type\":\"WebSite\",\"@id\":\"https:\/\/nahuelproducciones.com.ar\/radioquijano\/#website\",\"url\":\"https:\/\/nahuelproducciones.com.ar\/radioquijano\/\",\"name\":\"RQ 99.9\",\"description\":\"Radio Quijano 99.9 MHz\",\"potentialAction\":[{\"@type\":\"SearchAction\",\"target\":{\"@type\":\"EntryPoint\",\"urlTemplate\":\"https:\/\/nahuelproducciones.com.ar\/radioquijano\/?s={search_term_string}\"},\"query-input\":\"required name=search_term_string\"}],\"inLanguage\":\"es\"},{\"@type\":\"Person\",\"@id\":\"https:\/\/nahuelproducciones.com.ar\/radioquijano\/#\/schema\/person\/e8a4f939e2cb487fe6d0c54042c9d32c\",\"name\":\"Cecilia Pastrana\",\"image\":{\"@type\":\"ImageObject\",\"inLanguage\":\"es\",\"@id\":\"https:\/\/nahuelproducciones.com.ar\/radioquijano\/#\/schema\/person\/image\/\",\"url\":\"https:\/\/secure.gravatar.com\/avatar\/661a3ef63a8488d4f2794ed44af8cf71420f7e106f3072c40125114df5157749?s=96&d=mm&r=g\",\"contentUrl\":\"https:\/\/secure.gravatar.com\/avatar\/661a3ef63a8488d4f2794ed44af8cf71420f7e106f3072c40125114df5157749?s=96&d=mm&r=g\",\"caption\":\"Cecilia Pastrana\"},\"sameAs\":[\"cecy\"],\"url\":\"https:\/\/nahuelproducciones.com.ar\/radioquijano\/author\/cecy\/\"}]}<\/script>\n<!-- \/ Yoast SEO plugin. -->","yoast_head_json":{"title":"PAMI LOS MI\u00c9RCOLES, EN EL CENTRO DE JUBILADOS Y PENSIONADOS \"EL PORTAL DE LOS ANDES\" - RQ 99.9","description":"Todos los mi\u00e9rcoles de 09:00 hs a 13:00hs","robots":{"index":"index","follow":"follow","max-snippet":"max-snippet:-1","max-image-preview":"max-image-preview:large","max-video-preview":"max-video-preview:-1"},"canonical":"https:\/\/nahuelproducciones.com.ar\/radioquijano\/pami-los-miercoles-en-el-centro-de-jubilados-y-pensionados-el-portal-de-los-andes\/","og_locale":"es_ES","og_type":"article","og_title":"PAMI LOS MI\u00c9RCOLES, EN EL CENTRO DE JUBILADOS Y PENSIONADOS \"EL PORTAL DE LOS ANDES\" - RQ 99.9","og_description":"Todos los mi\u00e9rcoles de 09:00 hs a 13:00hs","og_url":"https:\/\/nahuelproducciones.com.ar\/radioquijano\/pami-los-miercoles-en-el-centro-de-jubilados-y-pensionados-el-portal-de-los-andes\/","og_site_name":"RQ 99.9","article_publisher":"https:\/\/www.facebook.com\/nahuelproducciones999\/","article_published_time":"2022-10-05T10:57:26+00:00","article_modified_time":"2022-10-05T10:57:27+00:00","og_image":[{"width":720,"height":540,"url":"https:\/\/nahuelproducciones.com.ar\/radioquijano\/wp-content\/uploads\/2022\/10\/CENTRO-DE-JUB-Y-PENS.jpg","type":"image\/jpeg"}],"author":"Cecilia Pastrana","twitter_card":"summary_large_image","twitter_creator":"@nahuproduciones","twitter_site":"@nahuproduciones","twitter_misc":{"Escrito por":"Cecilia Pastrana","Tiempo de lectura":"1 minuto"},"schema":{"@context":"https:\/\/schema.org","@graph":[{"@type":"WebPage","@id":"https:\/\/nahuelproducciones.com.ar\/radioquijano\/pami-los-miercoles-en-el-centro-de-jubilados-y-pensionados-el-portal-de-los-andes\/","url":"https:\/\/nahuelproducciones.com.ar\/radioquijano\/pami-los-miercoles-en-el-centro-de-jubilados-y-pensionados-el-portal-de-los-andes\/","name":"PAMI LOS MI\u00c9RCOLES, EN EL CENTRO DE JUBILADOS Y PENSIONADOS \"EL PORTAL DE LOS ANDES\" - RQ 99.9","isPartOf":{"@id":"https:\/\/nahuelproducciones.com.ar\/radioquijano\/#website"},"datePublished":"2022-10-05T10:57:26+00:00","dateModified":"2022-10-05T10:57:27+00:00","author":{"@id":"https:\/\/nahuelproducciones.com.ar\/radioquijano\/#\/schema\/person\/e8a4f939e2cb487fe6d0c54042c9d32c"},"description":"Todos los mi\u00e9rcoles de 09:00 hs a 13:00hs","breadcrumb":{"@id":"https:\/\/nahuelproducciones.com.ar\/radioquijano\/pami-los-miercoles-en-el-centro-de-jubilados-y-pensionados-el-portal-de-los-andes\/#breadcrumb"},"inLanguage":"es","potentialAction":[{"@type":"ReadAction","target":["https:\/\/nahuelproducciones.com.ar\/radioquijano\/pami-los-miercoles-en-el-centro-de-jubilados-y-pensionados-el-portal-de-los-andes\/"]}]},{"@type":"BreadcrumbList","@id":"https:\/\/nahuelproducciones.com.ar\/radioquijano\/pami-los-miercoles-en-el-centro-de-jubilados-y-pensionados-el-portal-de-los-andes\/#breadcrumb","itemListElement":[{"@type":"ListItem","position":1,"name":"Portada","item":"https:\/\/nahuelproducciones.com.ar\/radioquijano\/"},{"@type":"ListItem","position":2,"name":"PAMI LOS MI\u00c9RCOLES, EN EL CENTRO DE JUBILADOS Y PENSIONADOS \u00abEL PORTAL DE LOS ANDES\u00bb"}]},{"@type":"WebSite","@id":"https:\/\/nahuelproducciones.com.ar\/radioquijano\/#website","url":"https:\/\/nahuelproducciones.com.ar\/radioquijano\/","name":"RQ 99.9","description":"Radio Quijano 99.9 MHz","potentialAction":[{"@type":"SearchAction","target":{"@type":"EntryPoint","urlTemplate":"https:\/\/nahuelproducciones.com.ar\/radioquijano\/?s={search_term_string}"},"query-input":"required name=search_term_string"}],"inLanguage":"es"},{"@type":"Person","@id":"https:\/\/nahuelproducciones.com.ar\/radioquijano\/#\/schema\/person\/e8a4f939e2cb487fe6d0c54042c9d32c","name":"Cecilia Pastrana","image":{"@type":"ImageObject","inLanguage":"es","@id":"https:\/\/nahuelproducciones.com.ar\/radioquijano\/#\/schema\/person\/image\/","url":"https:\/\/secure.gravatar.com\/avatar\/661a3ef63a8488d4f2794ed44af8cf71420f7e106f3072c40125114df5157749?s=96&d=mm&r=g","contentUrl":"https:\/\/secure.gravatar.com\/avatar\/661a3ef63a8488d4f2794ed44af8cf71420f7e106f3072c40125114df5157749?s=96&d=mm&r=g","caption":"Cecilia Pastrana"},"sameAs":["cecy"],"url":"https:\/\/nahuelproducciones.com.ar\/radioquijano\/author\/cecy\/"}]}},"_links":{"self":[{"href":"https:\/\/nahuelproducciones.com.ar\/radioquijano\/wp-json\/wp\/v2\/posts\/3463","targetHints":{"allow":["GET"]}}],"collection":[{"href":"https:\/\/nahuelproducciones.com.ar\/radioquijano\/wp-json\/wp\/v2\/posts"}],"about":[{"href":"https:\/\/nahuelproducciones.com.ar\/radioquijano\/wp-json\/wp\/v2\/types\/post"}],"author":[{"embeddable":true,"href":"https:\/\/nahuelproducciones.com.ar\/radioquijano\/wp-json\/wp\/v2\/users\/8"}],"replies":[{"embeddable":true,"href":"https:\/\/nahuelproducciones.com.ar\/radioquijano\/wp-json\/wp\/v2\/comments?post=3463"}],"version-history":[{"count":1,"href":"https:\/\/nahuelproducciones.com.ar\/radioquijano\/wp-json\/wp\/v2\/posts\/3463\/revisions"}],"predecessor-version":[{"id":3465,"href":"https:\/\/nahuelproducciones.com.ar\/radioquijano\/wp-json\/wp\/v2\/posts\/3463\/revisions\/3465"}],"wp:featuredmedia":[{"embeddable":true,"href":"https:\/\/nahuelproducciones.com.ar\/radioquijano\/wp-json\/wp\/v2\/media\/3464"}],"wp:attachment":[{"href":"https:\/\/nahuelproducciones.com.ar\/radioquijano\/wp-json\/wp\/v2\/media?parent=3463"}],"wp:term":[{"taxonomy":"category","embeddable":true,"href":"https:\/\/nahuelproducciones.com.ar\/radioquijano\/wp-json\/wp\/v2\/categories?post=3463"},{"taxonomy":"post_tag","embeddable":true,"href":"https:\/\/nahuelproducciones.com.ar\/radioquijano\/wp-json\/wp\/v2\/tags?post=3463"}],"curies":[{"name":"wp","href":"https:\/\/api.w.org\/{rel}","templated":true}]}}