{"id":3483,"date":"2022-10-13T11:18:28","date_gmt":"2022-10-13T14:18:28","guid":{"rendered":"https:\/\/nahuelproducciones.com.ar\/radioquijano\/?p=3483"},"modified":"2022-10-13T11:19:49","modified_gmt":"2022-10-13T14:19:49","slug":"el-gran-baile-dia-del-jubilado-y-eleccion-reina-se-realizara-en-el-centro-de-jubilados-de-campo-quijano","status":"publish","type":"post","link":"https:\/\/nahuelproducciones.com.ar\/radioquijano\/el-gran-baile-dia-del-jubilado-y-eleccion-reina-se-realizara-en-el-centro-de-jubilados-de-campo-quijano\/","title":{"rendered":"El Gran Baile D\u00eda del Jubilado y Elecci\u00f3n Reina se realizar\u00e1 en el Centro de jubilados de Campo Quijano."},"content":{"rendered":"\n<p>El Gran Baile D\u00eda del Jubilado Elecci\u00f3n Reina se realizar\u00e1 en el Centro de jubilados \u201cEl Portal de los Andes\u201d con almuerzo a la canasta, el viernes 14 de Octubre de 08:00 hs a 18:00 hs. con la animaci\u00f3n del \u00abPotro Laimes .<\/p>\n\n\n\n<p>El pr\u00f3ximo 14 de octubre tambi\u00e9n se realizar\u00e1  la Elecci\u00f3n Provincial de Pami  a las 15:00 hs  y nos representar\u00e1 Maria Eugenia Romero Ca\u00f1as, recientemente coronada Reina 2022 . <\/p>\n\n\n\n<p> Las representantes de Quijano son:<\/p>\n\n\n\n<p>Reina: Maria Eugenia Romero Ca\u00f1as  del Taller de Folclore  <br>Princesa 1:  Antonia Salussi  del Taller de Folclore <br>Princesa 2: Maria del Carmen Martinez  del Taller de Folclore  . <\/p>\n\n\n\n<p>Maria Zavala actual Reina Provincial del Pami, oriunda del Municipio de Campo Quijano,entregar\u00e1 el  Cetro que la acompa\u00f1a hace 3 a\u00f1os aproximadamente.<\/p>\n\n\n\n<p>Est\u00e1 ser\u00e1 la ocasi\u00f3n para el esparcimiento de los mayores que llegar\u00e1n desde distintos puntos de la Provincia.<\/p>\n\n\n\n<p>La entrada es libre y gratuita\u00a0, pero deben llevar para compartir , recuerden que es almuerzo a la canasta. En la instituci\u00f3n tambi\u00e9n vender\u00e1n comida y bebida.<\/p>\n\n\n\n<p><strong>El Centro de Jubilados \u201cEl Portal de los Andes\u201d en calle Ant\u00e1rtida Argentina y Yapeyu de la Localidad de Campo Quijano.<\/strong><\/p>\n\n\n\n<p>Alejandra Guantay  referente del Centro cuenta a RQ99.9Mhz como se desarrollaron la  OLIMPIADAS RECREATIVAS DEPORTIVAS de Sapo, Tejo, Truco; Loba, Taba, Bochas, Voley Adaptado. Tambi\u00e9n cont\u00f3 como ser\u00e1 la fiesta de los jubilados, escuchala:<\/p>\n\n\n\n<figure class=\"wp-block-audio\"><audio controls src=\"https:\/\/nahuelproducciones.com.ar\/radioquijano\/wp-content\/uploads\/2022\/10\/13-10-2022-ALEJANDRA-GUANTAY-FIESTA-Y-ELECCION-REINA-DEL-PAMI-VIERNES-14-DE-OCT.mp3\"><\/audio><\/figure>\n\n\n\n<p><\/p>\n\n\n\n<p> <a href=\"https:\/\/nahuelproducciones.com.ar\/index.php\/rq999\" target=\"_blank\" rel=\"noreferrer noopener\">#RQ99.9Mhz<\/a>\u00a0<a href=\"https:\/\/nahuelproducciones.com.ar\/\" target=\"_blank\" rel=\"noreferrer noopener\">#CAMPOQUIJANO<\/a>\u00a0<a href=\"http:\/\/nahuelproducciones.com.ar\/radioquijano\/\" target=\"_blank\" rel=\"noreferrer noopener\">#RadioQuijano<\/a>    <\/p>\n","protected":false},"excerpt":{"rendered":"<p>El Gran Baile D\u00eda del Jubilado Elecci\u00f3n Reina se realizar\u00e1 en el Centro de jubilados \u201cEl Portal de los Andes\u201d con almuerzo a la canasta, el viernes 14 de Octubre de 08:00 hs a 18:00 hs. con la animaci\u00f3n del \u00abPotro Laimes . El pr\u00f3ximo 14 de octubre tambi\u00e9n se realizar\u00e1 la Elecci\u00f3n Provincial de [&hellip;]<\/p>\n","protected":false},"author":8,"featured_media":3473,"comment_status":"open","ping_status":"open","sticky":false,"template":"","format":"standard","meta":{"_monsterinsights_skip_tracking":false,"_monsterinsights_sitenote_active":false,"_monsterinsights_sitenote_note":"","_monsterinsights_sitenote_category":0,"footnotes":""},"categories":[16],"tags":[36,124,668,667],"class_list":["post-3483","post","type-post","status-publish","format-standard","has-post-thumbnail","hentry","category-noticias","tag-campo-quijano","tag-centro-de-jubilados-y-pensionados-el-portal-de-los-andes","tag-maria-eugenia-romero-canas","tag-reina"],"yoast_head":"<!-- This site is optimized with the Yoast SEO plugin v20.8 - https:\/\/yoast.com\/wordpress\/plugins\/seo\/ -->\n<title>El Gran Baile D\u00eda del Jubilado y Elecci\u00f3n Reina se realizar\u00e1 en el Centro de jubilados de Campo Quijano. - RQ 99.9<\/title>\n<meta name=\"description\" content=\"Ser\u00e1 el viernes 14 de Octubre de 08:00 hs a 18:00 hs.\" \/>\n<meta name=\"robots\" content=\"index, follow, max-snippet:-1, max-image-preview:large, max-video-preview:-1\" \/>\n<link rel=\"canonical\" href=\"https:\/\/nahuelproducciones.com.ar\/radioquijano\/el-gran-baile-dia-del-jubilado-y-eleccion-reina-se-realizara-en-el-centro-de-jubilados-de-campo-quijano\/\" \/>\n<meta property=\"og:locale\" content=\"es_ES\" \/>\n<meta property=\"og:type\" content=\"article\" \/>\n<meta property=\"og:title\" content=\"El Gran Baile D\u00eda del Jubilado y Elecci\u00f3n Reina se realizar\u00e1 en el Centro de jubilados de Campo Quijano. - RQ 99.9\" \/>\n<meta property=\"og:description\" content=\"Ser\u00e1 el viernes 14 de Octubre de 08:00 hs a 18:00 hs.\" \/>\n<meta property=\"og:url\" content=\"https:\/\/nahuelproducciones.com.ar\/radioquijano\/el-gran-baile-dia-del-jubilado-y-eleccion-reina-se-realizara-en-el-centro-de-jubilados-de-campo-quijano\/\" \/>\n<meta property=\"og:site_name\" content=\"RQ 99.9\" \/>\n<meta property=\"article:publisher\" content=\"https:\/\/www.facebook.com\/nahuelproducciones999\/\" \/>\n<meta property=\"article:published_time\" content=\"2022-10-13T14:18:28+00:00\" \/>\n<meta property=\"article:modified_time\" content=\"2022-10-13T14:19:49+00:00\" \/>\n<meta property=\"og:image\" content=\"https:\/\/nahuelproducciones.com.ar\/radioquijano\/wp-content\/uploads\/2022\/10\/WhatsApp-Image-2022-10-05-at-10.32.53-PM-e1665668900787.jpeg\" \/>\n\t<meta property=\"og:image:width\" content=\"700\" \/>\n\t<meta property=\"og:image:height\" content=\"933\" \/>\n\t<meta property=\"og:image:type\" content=\"image\/jpeg\" \/>\n<meta name=\"author\" content=\"Cecilia Pastrana\" \/>\n<meta name=\"twitter:card\" content=\"summary_large_image\" \/>\n<meta name=\"twitter:creator\" content=\"@nahuproduciones\" \/>\n<meta name=\"twitter:site\" content=\"@nahuproduciones\" \/>\n<meta name=\"twitter:label1\" content=\"Escrito por\" \/>\n\t<meta name=\"twitter:data1\" content=\"Cecilia Pastrana\" \/>\n\t<meta name=\"twitter:label2\" content=\"Tiempo de lectura\" \/>\n\t<meta name=\"twitter:data2\" content=\"2 minutos\" \/>\n<script type=\"application\/ld+json\" class=\"yoast-schema-graph\">{\"@context\":\"https:\/\/schema.org\",\"@graph\":[{\"@type\":\"WebPage\",\"@id\":\"https:\/\/nahuelproducciones.com.ar\/radioquijano\/el-gran-baile-dia-del-jubilado-y-eleccion-reina-se-realizara-en-el-centro-de-jubilados-de-campo-quijano\/\",\"url\":\"https:\/\/nahuelproducciones.com.ar\/radioquijano\/el-gran-baile-dia-del-jubilado-y-eleccion-reina-se-realizara-en-el-centro-de-jubilados-de-campo-quijano\/\",\"name\":\"El Gran Baile D\u00eda del Jubilado y Elecci\u00f3n Reina se realizar\u00e1 en el Centro de jubilados de Campo Quijano. - RQ 99.9\",\"isPartOf\":{\"@id\":\"https:\/\/nahuelproducciones.com.ar\/radioquijano\/#website\"},\"datePublished\":\"2022-10-13T14:18:28+00:00\",\"dateModified\":\"2022-10-13T14:19:49+00:00\",\"author\":{\"@id\":\"https:\/\/nahuelproducciones.com.ar\/radioquijano\/#\/schema\/person\/e8a4f939e2cb487fe6d0c54042c9d32c\"},\"description\":\"Ser\u00e1 el viernes 14 de Octubre de 08:00 hs a 18:00 hs.\",\"breadcrumb\":{\"@id\":\"https:\/\/nahuelproducciones.com.ar\/radioquijano\/el-gran-baile-dia-del-jubilado-y-eleccion-reina-se-realizara-en-el-centro-de-jubilados-de-campo-quijano\/#breadcrumb\"},\"inLanguage\":\"es\",\"potentialAction\":[{\"@type\":\"ReadAction\",\"target\":[\"https:\/\/nahuelproducciones.com.ar\/radioquijano\/el-gran-baile-dia-del-jubilado-y-eleccion-reina-se-realizara-en-el-centro-de-jubilados-de-campo-quijano\/\"]}]},{\"@type\":\"BreadcrumbList\",\"@id\":\"https:\/\/nahuelproducciones.com.ar\/radioquijano\/el-gran-baile-dia-del-jubilado-y-eleccion-reina-se-realizara-en-el-centro-de-jubilados-de-campo-quijano\/#breadcrumb\",\"itemListElement\":[{\"@type\":\"ListItem\",\"position\":1,\"name\":\"Portada\",\"item\":\"https:\/\/nahuelproducciones.com.ar\/radioquijano\/\"},{\"@type\":\"ListItem\",\"position\":2,\"name\":\"El Gran Baile D\u00eda del Jubilado y Elecci\u00f3n Reina se realizar\u00e1 en el Centro de jubilados de Campo Quijano.\"}]},{\"@type\":\"WebSite\",\"@id\":\"https:\/\/nahuelproducciones.com.ar\/radioquijano\/#website\",\"url\":\"https:\/\/nahuelproducciones.com.ar\/radioquijano\/\",\"name\":\"RQ 99.9\",\"description\":\"Radio Quijano 99.9 MHz\",\"potentialAction\":[{\"@type\":\"SearchAction\",\"target\":{\"@type\":\"EntryPoint\",\"urlTemplate\":\"https:\/\/nahuelproducciones.com.ar\/radioquijano\/?s={search_term_string}\"},\"query-input\":\"required name=search_term_string\"}],\"inLanguage\":\"es\"},{\"@type\":\"Person\",\"@id\":\"https:\/\/nahuelproducciones.com.ar\/radioquijano\/#\/schema\/person\/e8a4f939e2cb487fe6d0c54042c9d32c\",\"name\":\"Cecilia Pastrana\",\"image\":{\"@type\":\"ImageObject\",\"inLanguage\":\"es\",\"@id\":\"https:\/\/nahuelproducciones.com.ar\/radioquijano\/#\/schema\/person\/image\/\",\"url\":\"https:\/\/secure.gravatar.com\/avatar\/661a3ef63a8488d4f2794ed44af8cf71420f7e106f3072c40125114df5157749?s=96&d=mm&r=g\",\"contentUrl\":\"https:\/\/secure.gravatar.com\/avatar\/661a3ef63a8488d4f2794ed44af8cf71420f7e106f3072c40125114df5157749?s=96&d=mm&r=g\",\"caption\":\"Cecilia Pastrana\"},\"sameAs\":[\"cecy\"],\"url\":\"https:\/\/nahuelproducciones.com.ar\/radioquijano\/author\/cecy\/\"}]}<\/script>\n<!-- \/ Yoast SEO plugin. -->","yoast_head_json":{"title":"El Gran Baile D\u00eda del Jubilado y Elecci\u00f3n Reina se realizar\u00e1 en el Centro de jubilados de Campo Quijano. - RQ 99.9","description":"Ser\u00e1 el viernes 14 de Octubre de 08:00 hs a 18:00 hs.","robots":{"index":"index","follow":"follow","max-snippet":"max-snippet:-1","max-image-preview":"max-image-preview:large","max-video-preview":"max-video-preview:-1"},"canonical":"https:\/\/nahuelproducciones.com.ar\/radioquijano\/el-gran-baile-dia-del-jubilado-y-eleccion-reina-se-realizara-en-el-centro-de-jubilados-de-campo-quijano\/","og_locale":"es_ES","og_type":"article","og_title":"El Gran Baile D\u00eda del Jubilado y Elecci\u00f3n Reina se realizar\u00e1 en el Centro de jubilados de Campo Quijano. - RQ 99.9","og_description":"Ser\u00e1 el viernes 14 de Octubre de 08:00 hs a 18:00 hs.","og_url":"https:\/\/nahuelproducciones.com.ar\/radioquijano\/el-gran-baile-dia-del-jubilado-y-eleccion-reina-se-realizara-en-el-centro-de-jubilados-de-campo-quijano\/","og_site_name":"RQ 99.9","article_publisher":"https:\/\/www.facebook.com\/nahuelproducciones999\/","article_published_time":"2022-10-13T14:18:28+00:00","article_modified_time":"2022-10-13T14:19:49+00:00","og_image":[{"width":700,"height":933,"url":"https:\/\/nahuelproducciones.com.ar\/radioquijano\/wp-content\/uploads\/2022\/10\/WhatsApp-Image-2022-10-05-at-10.32.53-PM-e1665668900787.jpeg","type":"image\/jpeg"}],"author":"Cecilia Pastrana","twitter_card":"summary_large_image","twitter_creator":"@nahuproduciones","twitter_site":"@nahuproduciones","twitter_misc":{"Escrito por":"Cecilia Pastrana","Tiempo de lectura":"2 minutos"},"schema":{"@context":"https:\/\/schema.org","@graph":[{"@type":"WebPage","@id":"https:\/\/nahuelproducciones.com.ar\/radioquijano\/el-gran-baile-dia-del-jubilado-y-eleccion-reina-se-realizara-en-el-centro-de-jubilados-de-campo-quijano\/","url":"https:\/\/nahuelproducciones.com.ar\/radioquijano\/el-gran-baile-dia-del-jubilado-y-eleccion-reina-se-realizara-en-el-centro-de-jubilados-de-campo-quijano\/","name":"El Gran Baile D\u00eda del Jubilado y Elecci\u00f3n Reina se realizar\u00e1 en el Centro de jubilados de Campo Quijano. - RQ 99.9","isPartOf":{"@id":"https:\/\/nahuelproducciones.com.ar\/radioquijano\/#website"},"datePublished":"2022-10-13T14:18:28+00:00","dateModified":"2022-10-13T14:19:49+00:00","author":{"@id":"https:\/\/nahuelproducciones.com.ar\/radioquijano\/#\/schema\/person\/e8a4f939e2cb487fe6d0c54042c9d32c"},"description":"Ser\u00e1 el viernes 14 de Octubre de 08:00 hs a 18:00 hs.","breadcrumb":{"@id":"https:\/\/nahuelproducciones.com.ar\/radioquijano\/el-gran-baile-dia-del-jubilado-y-eleccion-reina-se-realizara-en-el-centro-de-jubilados-de-campo-quijano\/#breadcrumb"},"inLanguage":"es","potentialAction":[{"@type":"ReadAction","target":["https:\/\/nahuelproducciones.com.ar\/radioquijano\/el-gran-baile-dia-del-jubilado-y-eleccion-reina-se-realizara-en-el-centro-de-jubilados-de-campo-quijano\/"]}]},{"@type":"BreadcrumbList","@id":"https:\/\/nahuelproducciones.com.ar\/radioquijano\/el-gran-baile-dia-del-jubilado-y-eleccion-reina-se-realizara-en-el-centro-de-jubilados-de-campo-quijano\/#breadcrumb","itemListElement":[{"@type":"ListItem","position":1,"name":"Portada","item":"https:\/\/nahuelproducciones.com.ar\/radioquijano\/"},{"@type":"ListItem","position":2,"name":"El Gran Baile D\u00eda del Jubilado y Elecci\u00f3n Reina se realizar\u00e1 en el Centro de jubilados de Campo Quijano."}]},{"@type":"WebSite","@id":"https:\/\/nahuelproducciones.com.ar\/radioquijano\/#website","url":"https:\/\/nahuelproducciones.com.ar\/radioquijano\/","name":"RQ 99.9","description":"Radio Quijano 99.9 MHz","potentialAction":[{"@type":"SearchAction","target":{"@type":"EntryPoint","urlTemplate":"https:\/\/nahuelproducciones.com.ar\/radioquijano\/?s={search_term_string}"},"query-input":"required name=search_term_string"}],"inLanguage":"es"},{"@type":"Person","@id":"https:\/\/nahuelproducciones.com.ar\/radioquijano\/#\/schema\/person\/e8a4f939e2cb487fe6d0c54042c9d32c","name":"Cecilia Pastrana","image":{"@type":"ImageObject","inLanguage":"es","@id":"https:\/\/nahuelproducciones.com.ar\/radioquijano\/#\/schema\/person\/image\/","url":"https:\/\/secure.gravatar.com\/avatar\/661a3ef63a8488d4f2794ed44af8cf71420f7e106f3072c40125114df5157749?s=96&d=mm&r=g","contentUrl":"https:\/\/secure.gravatar.com\/avatar\/661a3ef63a8488d4f2794ed44af8cf71420f7e106f3072c40125114df5157749?s=96&d=mm&r=g","caption":"Cecilia Pastrana"},"sameAs":["cecy"],"url":"https:\/\/nahuelproducciones.com.ar\/radioquijano\/author\/cecy\/"}]}},"_links":{"self":[{"href":"https:\/\/nahuelproducciones.com.ar\/radioquijano\/wp-json\/wp\/v2\/posts\/3483","targetHints":{"allow":["GET"]}}],"collection":[{"href":"https:\/\/nahuelproducciones.com.ar\/radioquijano\/wp-json\/wp\/v2\/posts"}],"about":[{"href":"https:\/\/nahuelproducciones.com.ar\/radioquijano\/wp-json\/wp\/v2\/types\/post"}],"author":[{"embeddable":true,"href":"https:\/\/nahuelproducciones.com.ar\/radioquijano\/wp-json\/wp\/v2\/users\/8"}],"replies":[{"embeddable":true,"href":"https:\/\/nahuelproducciones.com.ar\/radioquijano\/wp-json\/wp\/v2\/comments?post=3483"}],"version-history":[{"count":1,"href":"https:\/\/nahuelproducciones.com.ar\/radioquijano\/wp-json\/wp\/v2\/posts\/3483\/revisions"}],"predecessor-version":[{"id":3486,"href":"https:\/\/nahuelproducciones.com.ar\/radioquijano\/wp-json\/wp\/v2\/posts\/3483\/revisions\/3486"}],"wp:featuredmedia":[{"embeddable":true,"href":"https:\/\/nahuelproducciones.com.ar\/radioquijano\/wp-json\/wp\/v2\/media\/3473"}],"wp:attachment":[{"href":"https:\/\/nahuelproducciones.com.ar\/radioquijano\/wp-json\/wp\/v2\/media?parent=3483"}],"wp:term":[{"taxonomy":"category","embeddable":true,"href":"https:\/\/nahuelproducciones.com.ar\/radioquijano\/wp-json\/wp\/v2\/categories?post=3483"},{"taxonomy":"post_tag","embeddable":true,"href":"https:\/\/nahuelproducciones.com.ar\/radioquijano\/wp-json\/wp\/v2\/tags?post=3483"}],"curies":[{"name":"wp","href":"https:\/\/api.w.org\/{rel}","templated":true}]}}