{"id":3571,"date":"2022-10-19T19:47:44","date_gmt":"2022-10-19T22:47:44","guid":{"rendered":"https:\/\/nahuelproducciones.com.ar\/radioquijano\/?p=3571"},"modified":"2022-10-20T09:39:49","modified_gmt":"2022-10-20T12:39:49","slug":"se-realizara-la-entrega-de-los-cheques-a-los-proyectos-seleccionados-al-fondo-ciudadano-de-desarrollo-cultural-2022","status":"publish","type":"post","link":"https:\/\/nahuelproducciones.com.ar\/radioquijano\/se-realizara-la-entrega-de-los-cheques-a-los-proyectos-seleccionados-al-fondo-ciudadano-de-desarrollo-cultural-2022\/","title":{"rendered":"Se realizar\u00e1 la entrega de los cheques a los proyectos seleccionados al Fondo Ciudadano de Desarrollo Cultural 2022."},"content":{"rendered":"\n<p>La Secretar\u00eda de Cultura acompa\u00f1ar\u00e1 119 proyectos culturales con un financiamiento total de $16.978.225,70 de pesos distribuidos en toda la provincia. El acto se llevar\u00e1 a cabo este jueves a partir de las 11.<\/p>\n\n\n\n<p>El&nbsp;<strong>Fondo Ciudadano de Desarrollo Cultural<\/strong>&nbsp;financia proyectos de \u00edndole cultural, que pueden ser postulados por trabajadores de la cultura, espacios culturales, municipios, comunidades originarias, organizaciones sociales, cooperativas, asociaciones, bibliotecas populares y otros\/as trabajadores\/as o colectivos vinculados\/as al quehacer cultural, y de la comunidad en general, que desarrollen su actividad en la provincia de Salta.<\/p>\n\n\n\n<p>Ma\u00f1ana, a partir de las 11, en la Casa de la Cultura se entregar\u00e1&nbsp;los cheques a los proyectos seleccionados para el Fondo Ciudadano de Desarrollo Cultural 2022.<\/p>\n\n\n\n<p>Al respecto, el secretario de Cultura, Diego Ashur, se\u00f1al\u00f3 que \u00abestamos contentos de poder financiar estos 119 proyectos culturales que provienen de todo el territorio de la provincia, este trabajo en conjunto nos ayuda a construir una agenda cultural participativa, reflejando la riqueza de nuestra diversidad cultural\u00bb.<\/p>\n\n\n\n<p>Este Fondo se caracteriz\u00f3 siempre por servir como herramienta para la concreci\u00f3n de proyectos emanados de la misma comunidad, y por su amplia distribuci\u00f3n territorial en todo lo ancho de la provincia de Salta.&nbsp;<\/p>\n\n\n\n<p>Durante las \u00faltimas convocatorias el paradigma al presentar las l\u00edneas de trabajo se modific\u00f3 de acuerdo a los objetivos de cada proyecto, pudiendo concursar en las mismas propuestas de cualquier disciplina art\u00edstica cultural, esquema que se mantuvo en esta convocatoria.<\/p>\n\n\n\n<p>Fueron seleccionados tres vecinos de nuestro municipio:<\/p>\n\n\n\n<p>Carlos Fernando Vargas, present\u00f3 el proyecto: Presentaci\u00f3n del disco \u201cTierra de Canciones\u00bb.<\/p>\n\n\n\n<p>Nino Iporre Quiroga,  su proyecto se denomina \u201cEl Latido Americano en sus Vientos Andinos\u201d en la categor\u00eda producci\u00f3n-creaci\u00f3n. <\/p>\n\n\n\n<p>Fabi\u00e1n de Dios Barbosa, present\u00f3 en la categor\u00eda equipamiento e insumos un proyecto lamado \u201cCostumbres Culturales de la Quebrada del Toro.<\/p>\n\n\n\n<p><strong>Proyectos seleccionandos:<\/strong><\/p>\n\n\n\n<figure class=\"wp-block-embed\"><div class=\"wp-block-embed__wrapper\">\nhttps:\/\/drive.google.com\/file\/d\/1iUdbg-PhzPaWYOeeaW3E5lgt9fqldRqQ\/view\n<\/div><\/figure>\n\n\n\n<p>La Secretar\u00eda de Cultura de la Provincia de esta manera acompa\u00f1a e impulsa estos 119 proyectos elegidos por la comisi\u00f3n evaluadora, que otorgan un total de $16.978.225,70.<\/p>\n\n\n\n<p>Por consultas sobre gestiones de pago, rendici\u00f3n, y dem\u00e1s, dirigirse a Subsecretar\u00eda de Gesti\u00f3n Cultural, Buenos Aires 93 (Salta), Tel. (0387) 4318182, o a trav\u00e9s de promocioncultural@culturasalta.gov.ar.<\/p>\n\n\n\n<hr class=\"wp-block-separator\"\/>\n\n\n\n<div class=\"wp-block-image\"><figure class=\"aligncenter size-full is-resized\"><img loading=\"lazy\" decoding=\"async\" src=\"https:\/\/nahuelproducciones.com.ar\/radioquijano\/wp-content\/uploads\/2022\/10\/85598-maniana-se-realizara-la-entrega-de-los-cheques-a-los-proyectos-seleccionados-al-fondo-ciudadano-de-desarrollo-cultural-2022-1.jpg\" alt=\"\" class=\"wp-image-3573\" width=\"347\" height=\"434\" srcset=\"https:\/\/nahuelproducciones.com.ar\/radioquijano\/wp-content\/uploads\/2022\/10\/85598-maniana-se-realizara-la-entrega-de-los-cheques-a-los-proyectos-seleccionados-al-fondo-ciudadano-de-desarrollo-cultural-2022-1.jpg 560w, https:\/\/nahuelproducciones.com.ar\/radioquijano\/wp-content\/uploads\/2022\/10\/85598-maniana-se-realizara-la-entrega-de-los-cheques-a-los-proyectos-seleccionados-al-fondo-ciudadano-de-desarrollo-cultural-2022-1-240x300.jpg 240w, https:\/\/nahuelproducciones.com.ar\/radioquijano\/wp-content\/uploads\/2022\/10\/85598-maniana-se-realizara-la-entrega-de-los-cheques-a-los-proyectos-seleccionados-al-fondo-ciudadano-de-desarrollo-cultural-2022-1-150x188.jpg 150w\" sizes=\"auto, (max-width: 347px) 100vw, 347px\" \/><\/figure><\/div>\n\n\n\n<p>Fuente:&nbsp;<strong>Secretar\u00eda de Prensa y Comunicaci\u00f3n<\/strong><\/p>\n\n\n\n<p> <a href=\"https:\/\/nahuelproducciones.com.ar\/index.php\/rq999\" target=\"_blank\" rel=\"noreferrer noopener\">#RQ99.9Mhz<\/a>&nbsp;<a href=\"https:\/\/nahuelproducciones.com.ar\/\" target=\"_blank\" rel=\"noreferrer noopener\">#CAMPOQUIJANO<\/a>&nbsp;<a href=\"http:\/\/nahuelproducciones.com.ar\/radioquijano\/\" target=\"_blank\" rel=\"noreferrer noopener\">#RadioQuijano<\/a> <\/p>\n","protected":false},"excerpt":{"rendered":"<p>La Secretar\u00eda de Cultura acompa\u00f1ar\u00e1 119 proyectos culturales con un financiamiento total de $16.978.225,70 de pesos distribuidos en toda la provincia. El acto se llevar\u00e1 a cabo este jueves a partir de las 11. El&nbsp;Fondo Ciudadano de Desarrollo Cultural&nbsp;financia proyectos de \u00edndole cultural, que pueden ser postulados por trabajadores de la cultura, espacios culturales, municipios, [&hellip;]<\/p>\n","protected":false},"author":8,"featured_media":3572,"comment_status":"open","ping_status":"open","sticky":false,"template":"","format":"standard","meta":{"_monsterinsights_skip_tracking":false,"_monsterinsights_sitenote_active":false,"_monsterinsights_sitenote_note":"","_monsterinsights_sitenote_category":0,"footnotes":""},"categories":[16],"tags":[36,630,629,689,603],"class_list":["post-3571","post","type-post","status-publish","format-standard","has-post-thumbnail","hentry","category-noticias","tag-campo-quijano","tag-ciencia-y-tecnologia","tag-cultura","tag-fondo-ciudadano-de-desarrollo-cultural","tag-ministerio-de-educacion"],"yoast_head":"<!-- This site is optimized with the Yoast SEO plugin v20.8 - https:\/\/yoast.com\/wordpress\/plugins\/seo\/ -->\n<title>Se realizar\u00e1 la entrega de los cheques a los proyectos seleccionados al Fondo Ciudadano de Desarrollo Cultural 2022. - RQ 99.9<\/title>\n<meta name=\"robots\" content=\"index, follow, max-snippet:-1, max-image-preview:large, max-video-preview:-1\" \/>\n<link rel=\"canonical\" href=\"https:\/\/nahuelproducciones.com.ar\/radioquijano\/se-realizara-la-entrega-de-los-cheques-a-los-proyectos-seleccionados-al-fondo-ciudadano-de-desarrollo-cultural-2022\/\" \/>\n<meta property=\"og:locale\" content=\"es_ES\" \/>\n<meta property=\"og:type\" content=\"article\" \/>\n<meta property=\"og:title\" content=\"Se realizar\u00e1 la entrega de los cheques a los proyectos seleccionados al Fondo Ciudadano de Desarrollo Cultural 2022. - RQ 99.9\" \/>\n<meta property=\"og:description\" content=\"La Secretar\u00eda de Cultura acompa\u00f1ar\u00e1 119 proyectos culturales con un financiamiento total de $16.978.225,70 de pesos distribuidos en toda la provincia. El acto se llevar\u00e1 a cabo este jueves a partir de las 11. El&nbsp;Fondo Ciudadano de Desarrollo Cultural&nbsp;financia proyectos de \u00edndole cultural, que pueden ser postulados por trabajadores de la cultura, espacios culturales, municipios, [&hellip;]\" \/>\n<meta property=\"og:url\" content=\"https:\/\/nahuelproducciones.com.ar\/radioquijano\/se-realizara-la-entrega-de-los-cheques-a-los-proyectos-seleccionados-al-fondo-ciudadano-de-desarrollo-cultural-2022\/\" \/>\n<meta property=\"og:site_name\" content=\"RQ 99.9\" \/>\n<meta property=\"article:publisher\" content=\"https:\/\/www.facebook.com\/nahuelproducciones999\/\" \/>\n<meta property=\"article:published_time\" content=\"2022-10-19T22:47:44+00:00\" \/>\n<meta property=\"article:modified_time\" content=\"2022-10-20T12:39:49+00:00\" \/>\n<meta property=\"og:image\" content=\"https:\/\/nahuelproducciones.com.ar\/radioquijano\/wp-content\/uploads\/2022\/10\/85598-maniana-se-realizara-la-entrega-de-los-cheques-a-los-proyectos-seleccionados-al-fondo-ciudadano-de-desarrollo-cultural-2022.jpg\" \/>\n\t<meta property=\"og:image:width\" content=\"560\" \/>\n\t<meta property=\"og:image:height\" content=\"701\" \/>\n\t<meta property=\"og:image:type\" content=\"image\/jpeg\" \/>\n<meta name=\"author\" content=\"Cecilia Pastrana\" \/>\n<meta name=\"twitter:card\" content=\"summary_large_image\" \/>\n<meta name=\"twitter:creator\" content=\"@nahuproduciones\" \/>\n<meta name=\"twitter:site\" content=\"@nahuproduciones\" \/>\n<meta name=\"twitter:label1\" content=\"Escrito por\" \/>\n\t<meta name=\"twitter:data1\" content=\"Cecilia Pastrana\" \/>\n\t<meta name=\"twitter:label2\" content=\"Tiempo de lectura\" \/>\n\t<meta name=\"twitter:data2\" content=\"2 minutos\" \/>\n<script type=\"application\/ld+json\" class=\"yoast-schema-graph\">{\"@context\":\"https:\/\/schema.org\",\"@graph\":[{\"@type\":\"WebPage\",\"@id\":\"https:\/\/nahuelproducciones.com.ar\/radioquijano\/se-realizara-la-entrega-de-los-cheques-a-los-proyectos-seleccionados-al-fondo-ciudadano-de-desarrollo-cultural-2022\/\",\"url\":\"https:\/\/nahuelproducciones.com.ar\/radioquijano\/se-realizara-la-entrega-de-los-cheques-a-los-proyectos-seleccionados-al-fondo-ciudadano-de-desarrollo-cultural-2022\/\",\"name\":\"Se realizar\u00e1 la entrega de los cheques a los proyectos seleccionados al Fondo Ciudadano de Desarrollo Cultural 2022. - RQ 99.9\",\"isPartOf\":{\"@id\":\"https:\/\/nahuelproducciones.com.ar\/radioquijano\/#website\"},\"datePublished\":\"2022-10-19T22:47:44+00:00\",\"dateModified\":\"2022-10-20T12:39:49+00:00\",\"author\":{\"@id\":\"https:\/\/nahuelproducciones.com.ar\/radioquijano\/#\/schema\/person\/e8a4f939e2cb487fe6d0c54042c9d32c\"},\"breadcrumb\":{\"@id\":\"https:\/\/nahuelproducciones.com.ar\/radioquijano\/se-realizara-la-entrega-de-los-cheques-a-los-proyectos-seleccionados-al-fondo-ciudadano-de-desarrollo-cultural-2022\/#breadcrumb\"},\"inLanguage\":\"es\",\"potentialAction\":[{\"@type\":\"ReadAction\",\"target\":[\"https:\/\/nahuelproducciones.com.ar\/radioquijano\/se-realizara-la-entrega-de-los-cheques-a-los-proyectos-seleccionados-al-fondo-ciudadano-de-desarrollo-cultural-2022\/\"]}]},{\"@type\":\"BreadcrumbList\",\"@id\":\"https:\/\/nahuelproducciones.com.ar\/radioquijano\/se-realizara-la-entrega-de-los-cheques-a-los-proyectos-seleccionados-al-fondo-ciudadano-de-desarrollo-cultural-2022\/#breadcrumb\",\"itemListElement\":[{\"@type\":\"ListItem\",\"position\":1,\"name\":\"Portada\",\"item\":\"https:\/\/nahuelproducciones.com.ar\/radioquijano\/\"},{\"@type\":\"ListItem\",\"position\":2,\"name\":\"Se realizar\u00e1 la entrega de los cheques a los proyectos seleccionados al Fondo Ciudadano de Desarrollo Cultural 2022.\"}]},{\"@type\":\"WebSite\",\"@id\":\"https:\/\/nahuelproducciones.com.ar\/radioquijano\/#website\",\"url\":\"https:\/\/nahuelproducciones.com.ar\/radioquijano\/\",\"name\":\"RQ 99.9\",\"description\":\"Radio Quijano 99.9 MHz\",\"potentialAction\":[{\"@type\":\"SearchAction\",\"target\":{\"@type\":\"EntryPoint\",\"urlTemplate\":\"https:\/\/nahuelproducciones.com.ar\/radioquijano\/?s={search_term_string}\"},\"query-input\":\"required name=search_term_string\"}],\"inLanguage\":\"es\"},{\"@type\":\"Person\",\"@id\":\"https:\/\/nahuelproducciones.com.ar\/radioquijano\/#\/schema\/person\/e8a4f939e2cb487fe6d0c54042c9d32c\",\"name\":\"Cecilia Pastrana\",\"image\":{\"@type\":\"ImageObject\",\"inLanguage\":\"es\",\"@id\":\"https:\/\/nahuelproducciones.com.ar\/radioquijano\/#\/schema\/person\/image\/\",\"url\":\"https:\/\/secure.gravatar.com\/avatar\/661a3ef63a8488d4f2794ed44af8cf71420f7e106f3072c40125114df5157749?s=96&d=mm&r=g\",\"contentUrl\":\"https:\/\/secure.gravatar.com\/avatar\/661a3ef63a8488d4f2794ed44af8cf71420f7e106f3072c40125114df5157749?s=96&d=mm&r=g\",\"caption\":\"Cecilia Pastrana\"},\"sameAs\":[\"cecy\"],\"url\":\"https:\/\/nahuelproducciones.com.ar\/radioquijano\/author\/cecy\/\"}]}<\/script>\n<!-- \/ Yoast SEO plugin. -->","yoast_head_json":{"title":"Se realizar\u00e1 la entrega de los cheques a los proyectos seleccionados al Fondo Ciudadano de Desarrollo Cultural 2022. - RQ 99.9","robots":{"index":"index","follow":"follow","max-snippet":"max-snippet:-1","max-image-preview":"max-image-preview:large","max-video-preview":"max-video-preview:-1"},"canonical":"https:\/\/nahuelproducciones.com.ar\/radioquijano\/se-realizara-la-entrega-de-los-cheques-a-los-proyectos-seleccionados-al-fondo-ciudadano-de-desarrollo-cultural-2022\/","og_locale":"es_ES","og_type":"article","og_title":"Se realizar\u00e1 la entrega de los cheques a los proyectos seleccionados al Fondo Ciudadano de Desarrollo Cultural 2022. - RQ 99.9","og_description":"La Secretar\u00eda de Cultura acompa\u00f1ar\u00e1 119 proyectos culturales con un financiamiento total de $16.978.225,70 de pesos distribuidos en toda la provincia. El acto se llevar\u00e1 a cabo este jueves a partir de las 11. El&nbsp;Fondo Ciudadano de Desarrollo Cultural&nbsp;financia proyectos de \u00edndole cultural, que pueden ser postulados por trabajadores de la cultura, espacios culturales, municipios, [&hellip;]","og_url":"https:\/\/nahuelproducciones.com.ar\/radioquijano\/se-realizara-la-entrega-de-los-cheques-a-los-proyectos-seleccionados-al-fondo-ciudadano-de-desarrollo-cultural-2022\/","og_site_name":"RQ 99.9","article_publisher":"https:\/\/www.facebook.com\/nahuelproducciones999\/","article_published_time":"2022-10-19T22:47:44+00:00","article_modified_time":"2022-10-20T12:39:49+00:00","og_image":[{"width":560,"height":701,"url":"https:\/\/nahuelproducciones.com.ar\/radioquijano\/wp-content\/uploads\/2022\/10\/85598-maniana-se-realizara-la-entrega-de-los-cheques-a-los-proyectos-seleccionados-al-fondo-ciudadano-de-desarrollo-cultural-2022.jpg","type":"image\/jpeg"}],"author":"Cecilia Pastrana","twitter_card":"summary_large_image","twitter_creator":"@nahuproduciones","twitter_site":"@nahuproduciones","twitter_misc":{"Escrito por":"Cecilia Pastrana","Tiempo de lectura":"2 minutos"},"schema":{"@context":"https:\/\/schema.org","@graph":[{"@type":"WebPage","@id":"https:\/\/nahuelproducciones.com.ar\/radioquijano\/se-realizara-la-entrega-de-los-cheques-a-los-proyectos-seleccionados-al-fondo-ciudadano-de-desarrollo-cultural-2022\/","url":"https:\/\/nahuelproducciones.com.ar\/radioquijano\/se-realizara-la-entrega-de-los-cheques-a-los-proyectos-seleccionados-al-fondo-ciudadano-de-desarrollo-cultural-2022\/","name":"Se realizar\u00e1 la entrega de los cheques a los proyectos seleccionados al Fondo Ciudadano de Desarrollo Cultural 2022. - RQ 99.9","isPartOf":{"@id":"https:\/\/nahuelproducciones.com.ar\/radioquijano\/#website"},"datePublished":"2022-10-19T22:47:44+00:00","dateModified":"2022-10-20T12:39:49+00:00","author":{"@id":"https:\/\/nahuelproducciones.com.ar\/radioquijano\/#\/schema\/person\/e8a4f939e2cb487fe6d0c54042c9d32c"},"breadcrumb":{"@id":"https:\/\/nahuelproducciones.com.ar\/radioquijano\/se-realizara-la-entrega-de-los-cheques-a-los-proyectos-seleccionados-al-fondo-ciudadano-de-desarrollo-cultural-2022\/#breadcrumb"},"inLanguage":"es","potentialAction":[{"@type":"ReadAction","target":["https:\/\/nahuelproducciones.com.ar\/radioquijano\/se-realizara-la-entrega-de-los-cheques-a-los-proyectos-seleccionados-al-fondo-ciudadano-de-desarrollo-cultural-2022\/"]}]},{"@type":"BreadcrumbList","@id":"https:\/\/nahuelproducciones.com.ar\/radioquijano\/se-realizara-la-entrega-de-los-cheques-a-los-proyectos-seleccionados-al-fondo-ciudadano-de-desarrollo-cultural-2022\/#breadcrumb","itemListElement":[{"@type":"ListItem","position":1,"name":"Portada","item":"https:\/\/nahuelproducciones.com.ar\/radioquijano\/"},{"@type":"ListItem","position":2,"name":"Se realizar\u00e1 la entrega de los cheques a los proyectos seleccionados al Fondo Ciudadano de Desarrollo Cultural 2022."}]},{"@type":"WebSite","@id":"https:\/\/nahuelproducciones.com.ar\/radioquijano\/#website","url":"https:\/\/nahuelproducciones.com.ar\/radioquijano\/","name":"RQ 99.9","description":"Radio Quijano 99.9 MHz","potentialAction":[{"@type":"SearchAction","target":{"@type":"EntryPoint","urlTemplate":"https:\/\/nahuelproducciones.com.ar\/radioquijano\/?s={search_term_string}"},"query-input":"required name=search_term_string"}],"inLanguage":"es"},{"@type":"Person","@id":"https:\/\/nahuelproducciones.com.ar\/radioquijano\/#\/schema\/person\/e8a4f939e2cb487fe6d0c54042c9d32c","name":"Cecilia Pastrana","image":{"@type":"ImageObject","inLanguage":"es","@id":"https:\/\/nahuelproducciones.com.ar\/radioquijano\/#\/schema\/person\/image\/","url":"https:\/\/secure.gravatar.com\/avatar\/661a3ef63a8488d4f2794ed44af8cf71420f7e106f3072c40125114df5157749?s=96&d=mm&r=g","contentUrl":"https:\/\/secure.gravatar.com\/avatar\/661a3ef63a8488d4f2794ed44af8cf71420f7e106f3072c40125114df5157749?s=96&d=mm&r=g","caption":"Cecilia Pastrana"},"sameAs":["cecy"],"url":"https:\/\/nahuelproducciones.com.ar\/radioquijano\/author\/cecy\/"}]}},"_links":{"self":[{"href":"https:\/\/nahuelproducciones.com.ar\/radioquijano\/wp-json\/wp\/v2\/posts\/3571","targetHints":{"allow":["GET"]}}],"collection":[{"href":"https:\/\/nahuelproducciones.com.ar\/radioquijano\/wp-json\/wp\/v2\/posts"}],"about":[{"href":"https:\/\/nahuelproducciones.com.ar\/radioquijano\/wp-json\/wp\/v2\/types\/post"}],"author":[{"embeddable":true,"href":"https:\/\/nahuelproducciones.com.ar\/radioquijano\/wp-json\/wp\/v2\/users\/8"}],"replies":[{"embeddable":true,"href":"https:\/\/nahuelproducciones.com.ar\/radioquijano\/wp-json\/wp\/v2\/comments?post=3571"}],"version-history":[{"count":4,"href":"https:\/\/nahuelproducciones.com.ar\/radioquijano\/wp-json\/wp\/v2\/posts\/3571\/revisions"}],"predecessor-version":[{"id":3606,"href":"https:\/\/nahuelproducciones.com.ar\/radioquijano\/wp-json\/wp\/v2\/posts\/3571\/revisions\/3606"}],"wp:featuredmedia":[{"embeddable":true,"href":"https:\/\/nahuelproducciones.com.ar\/radioquijano\/wp-json\/wp\/v2\/media\/3572"}],"wp:attachment":[{"href":"https:\/\/nahuelproducciones.com.ar\/radioquijano\/wp-json\/wp\/v2\/media?parent=3571"}],"wp:term":[{"taxonomy":"category","embeddable":true,"href":"https:\/\/nahuelproducciones.com.ar\/radioquijano\/wp-json\/wp\/v2\/categories?post=3571"},{"taxonomy":"post_tag","embeddable":true,"href":"https:\/\/nahuelproducciones.com.ar\/radioquijano\/wp-json\/wp\/v2\/tags?post=3571"}],"curies":[{"name":"wp","href":"https:\/\/api.w.org\/{rel}","templated":true}]}}