{"id":3579,"date":"2022-10-19T22:05:59","date_gmt":"2022-10-20T01:05:59","guid":{"rendered":"https:\/\/nahuelproducciones.com.ar\/radioquijano\/?p=3579"},"modified":"2022-10-19T22:22:25","modified_gmt":"2022-10-20T01:22:25","slug":"llega-el-encuentro-de-promocion-de-derechos-y-vida-saludable-a-campo-quijano","status":"publish","type":"post","link":"https:\/\/nahuelproducciones.com.ar\/radioquijano\/llega-el-encuentro-de-promocion-de-derechos-y-vida-saludable-a-campo-quijano\/","title":{"rendered":"Llega el Encuentro de \u201cPromoci\u00f3n de Derechos y Vida Saludable\u201d a Campo Quijano."},"content":{"rendered":"\n<p>Desde el Ministerio de Desarrollo Social de la Provincia- Secretar\u00eda de Fortalecimiento Socio Comunitario, invitan a todas las Personas Mayores a participar del Encuentro de Personas Mayores para \u00abPROMOCI\u00d3N DE DERECHOS Y VIDA SALUDABLE \u201c bajo el lema \u00abSe trata no solo de dar a\u00f1os a la vida, sino vida a los a\u00f1os\u00bb.<br>\u00bfCu\u00e1ndo?: Viernes 28 de Octubre<\/p>\n\n\n\n<p>&#x1f4cd;\u00bfD\u00f3nde?: Centro de Jubilados El Portal de los Andes- Ant\u00e1rtida Argentina y pasaje Yapey\u00fa<\/p>\n\n\n\n<p>&#x23f0;\u00bfHora?: 08:30<\/p>\n\n\n\n<p>&#x1f50e;\u00bfQu\u00e9 vas a encontrar?<\/p>\n\n\n\n<p>&#x2611;&#xfe0f; Vamos a compartir Desayunos saludables a cargo de nutrici\u00f3nista especializada.<\/p>\n\n\n\n<p>&#x2611;&#xfe0f; Actividades fisicas recreativas, y salud en movimiento.<\/p>\n\n\n\n<p>&#x2611;&#xfe0f; Charlas de profesionales:<\/p>\n\n\n\n<p>*La nueva Longevidad y cuidados de las personas mayores a cargo M\u00e9dico especialista en Gerontolog\u00eda.<\/p>\n\n\n\n<p>*Taller de Neurolog\u00eda y Psiconeurologia \u00abHablemos de alzheimer\u00bb, a cargo de especialistas en Neurolog\u00eda y Psiconeurologia.<\/p>\n\n\n\n<p>*La sexualidad en las personas mayores, a cargo de de especialista en Sexologia y Ginecologia.<\/p>\n\n\n\n<p>*Salud alimentaria para personas mayores a cargo de Nutricionista especializada.<\/p>\n\n\n\n<ul class=\"wp-block-list\"><li>Charla sobre masajes (aprende a auto masajearte), a cargo de Masajista especializado.<\/li><\/ul>\n\n\n\n<p>&#x2611;&#xfe0f; Stand informativo de distintos organismos:<\/p>\n\n\n\n<p>ANSES<br>PAMI<\/p>\n\n\n\n<p>&#x2611;&#xfe0f; Asesoramiento Jur\u00eddico gratuito:<br>Abogadas\/os del Instituto de Derecho Previsional de Salta del Colegio de Abogados y Procuradores de la Provincia Salta<\/p>\n\n\n\n<p>&#x2611;&#xfe0f; Baile de cierre&#x1f386;&#x1f483;&#x1f57a;&#x1f3fb;<\/p>\n\n\n\n<p>El prop\u00f3sito de \u00e9ste encuentro:<br>Buscamos cambiar la forma en que pensamos, sentimos y actuamos hacia la edad y el envejecimiento. A pesar de todas las contribuciones y acciones que los adultos mayores han hecho a sus comunidades y familiares, todav\u00eda hay muchos estereotipos (c\u00f3mo pensamos), prejuicios (c\u00f3mo nos sentimos) y discriminaci\u00f3n (c\u00f3mo actuamos) hacia las personas en funci\u00f3n de su edad. La discriminaci\u00f3n contra la edad afecta a las personas de todas las edades, pero tiene efectos particularmente perjudiciales en la salud y el bienestar de las personas mayores.<\/p>\n\n\n\n<p>En la actualidad envejecer se vuelve un hecho lleno de connotaciones negativas, ya<br>que la persona mayor es vista como un individuo no activo e improductivo para la sociedad,<br>adem\u00e1s de personas m\u00e1s fr\u00e1giles y dependientes que el resto de individuos de diferentes franjas etarias.<br>La cuesti\u00f3n es, por tanto, eliminar todo este estigma que la sociedad (incluidas<br>las propias personas mayores) tiene hacia ellos, y enfocarse en la b\u00fasqueda de un<br>envejecimiento activo y satisfactorio. Es primordial que se desmonten todos esos prejuicios, que nos llevan a pensar que los adultos mayores no son capaces de realizar aquello que un d\u00eda dejaron a un lado&#x1f929;.<\/p>\n\n\n\n<p>Para mayor informacion del encuentro, comunicarse con la Direcci\u00f3n de Articulaci\u00f3n y Promoci\u00f3n de Derechos (Telefono 3875331301) o por correo electr\u00f3nico<br>darticulacionypromocion@gmail.com.<\/p>\n\n\n\n<figure class=\"wp-block-video aligncenter\"><video controls src=\"https:\/\/nahuelproducciones.com.ar\/radioquijano\/wp-content\/uploads\/2022\/10\/WhatsApp-Video-2022-10-19-at-7.30.01-PM.mp4\"><\/video><\/figure>\n\n\n\n<p> <a href=\"https:\/\/nahuelproducciones.com.ar\/index.php\/rq999\" target=\"_blank\" rel=\"noreferrer noopener\">#RQ99.9Mhz<\/a>\u00a0<a href=\"https:\/\/nahuelproducciones.com.ar\/\" target=\"_blank\" rel=\"noreferrer noopener\">#CAMPOQUIJANO<\/a>\u00a0<a href=\"http:\/\/nahuelproducciones.com.ar\/radioquijano\/\" target=\"_blank\" rel=\"noreferrer noopener\">#RadioQuijano<\/a> <\/p>\n","protected":false},"excerpt":{"rendered":"<p>Llega el Encuentro de \u201cPromoci\u00f3n de Derechos y Vida Saludable\u201d a Campo Quijano.<\/p>\n","protected":false},"author":8,"featured_media":3582,"comment_status":"open","ping_status":"open","sticky":false,"template":"","format":"standard","meta":{"_monsterinsights_skip_tracking":false,"_monsterinsights_sitenote_active":false,"_monsterinsights_sitenote_note":"","_monsterinsights_sitenote_category":0,"footnotes":""},"categories":[16],"tags":[36,124,693,692],"class_list":["post-3579","post","type-post","status-publish","format-standard","has-post-thumbnail","hentry","category-noticias","tag-campo-quijano","tag-centro-de-jubilados-y-pensionados-el-portal-de-los-andes","tag-desde-el-ministerio-de-desarrollo-social-de-la-provincia-secretaria-de-fortalecimiento-socio-comunitario","tag-encuentro-de-promocion-de-derechos-y-vida-saludable"],"yoast_head":"<!-- This site is optimized with the Yoast SEO plugin v20.8 - https:\/\/yoast.com\/wordpress\/plugins\/seo\/ -->\n<title>Llega el Encuentro de \u201cPromoci\u00f3n de Derechos y Vida Saludable\u201d a Campo Quijano. - RQ 99.9<\/title>\n<meta name=\"description\" content=\"Viernes 28 de Octubre, en el Centro de Jubilados El Portal de los Andes- Ant\u00e1rtida Argentina y pasaje Yapey\u00fa\" \/>\n<meta name=\"robots\" content=\"index, follow, max-snippet:-1, max-image-preview:large, max-video-preview:-1\" \/>\n<link rel=\"canonical\" href=\"https:\/\/nahuelproducciones.com.ar\/radioquijano\/llega-el-encuentro-de-promocion-de-derechos-y-vida-saludable-a-campo-quijano\/\" \/>\n<meta property=\"og:locale\" content=\"es_ES\" \/>\n<meta property=\"og:type\" content=\"article\" \/>\n<meta property=\"og:title\" content=\"Llega el Encuentro de \u201cPromoci\u00f3n de Derechos y Vida Saludable\u201d a Campo Quijano. - RQ 99.9\" \/>\n<meta property=\"og:description\" content=\"Viernes 28 de Octubre, en el Centro de Jubilados El Portal de los Andes- Ant\u00e1rtida Argentina y pasaje Yapey\u00fa\" \/>\n<meta property=\"og:url\" content=\"https:\/\/nahuelproducciones.com.ar\/radioquijano\/llega-el-encuentro-de-promocion-de-derechos-y-vida-saludable-a-campo-quijano\/\" \/>\n<meta property=\"og:site_name\" content=\"RQ 99.9\" \/>\n<meta property=\"article:publisher\" content=\"https:\/\/www.facebook.com\/nahuelproducciones999\/\" \/>\n<meta property=\"article:published_time\" content=\"2022-10-20T01:05:59+00:00\" \/>\n<meta property=\"article:modified_time\" content=\"2022-10-20T01:22:25+00:00\" \/>\n<meta property=\"og:image\" content=\"https:\/\/nahuelproducciones.com.ar\/radioquijano\/wp-content\/uploads\/2022\/10\/d6fab0d77dcb1439255cf1653d7e527a_L.jpg\" \/>\n\t<meta property=\"og:image:width\" content=\"789\" \/>\n\t<meta property=\"og:image:height\" content=\"507\" \/>\n\t<meta property=\"og:image:type\" content=\"image\/jpeg\" \/>\n<meta name=\"author\" content=\"Cecilia Pastrana\" \/>\n<meta name=\"twitter:card\" content=\"summary_large_image\" \/>\n<meta name=\"twitter:creator\" content=\"@nahuproduciones\" \/>\n<meta name=\"twitter:site\" content=\"@nahuproduciones\" \/>\n<meta name=\"twitter:label1\" content=\"Escrito por\" \/>\n\t<meta name=\"twitter:data1\" content=\"Cecilia Pastrana\" \/>\n\t<meta name=\"twitter:label2\" content=\"Tiempo de lectura\" \/>\n\t<meta name=\"twitter:data2\" content=\"2 minutos\" \/>\n<script type=\"application\/ld+json\" class=\"yoast-schema-graph\">{\"@context\":\"https:\/\/schema.org\",\"@graph\":[{\"@type\":\"WebPage\",\"@id\":\"https:\/\/nahuelproducciones.com.ar\/radioquijano\/llega-el-encuentro-de-promocion-de-derechos-y-vida-saludable-a-campo-quijano\/\",\"url\":\"https:\/\/nahuelproducciones.com.ar\/radioquijano\/llega-el-encuentro-de-promocion-de-derechos-y-vida-saludable-a-campo-quijano\/\",\"name\":\"Llega el Encuentro de \u201cPromoci\u00f3n de Derechos y Vida Saludable\u201d a Campo Quijano. - RQ 99.9\",\"isPartOf\":{\"@id\":\"https:\/\/nahuelproducciones.com.ar\/radioquijano\/#website\"},\"datePublished\":\"2022-10-20T01:05:59+00:00\",\"dateModified\":\"2022-10-20T01:22:25+00:00\",\"author\":{\"@id\":\"https:\/\/nahuelproducciones.com.ar\/radioquijano\/#\/schema\/person\/e8a4f939e2cb487fe6d0c54042c9d32c\"},\"description\":\"Viernes 28 de Octubre, en el Centro de Jubilados El Portal de los Andes- Ant\u00e1rtida Argentina y pasaje Yapey\u00fa\",\"breadcrumb\":{\"@id\":\"https:\/\/nahuelproducciones.com.ar\/radioquijano\/llega-el-encuentro-de-promocion-de-derechos-y-vida-saludable-a-campo-quijano\/#breadcrumb\"},\"inLanguage\":\"es\",\"potentialAction\":[{\"@type\":\"ReadAction\",\"target\":[\"https:\/\/nahuelproducciones.com.ar\/radioquijano\/llega-el-encuentro-de-promocion-de-derechos-y-vida-saludable-a-campo-quijano\/\"]}]},{\"@type\":\"BreadcrumbList\",\"@id\":\"https:\/\/nahuelproducciones.com.ar\/radioquijano\/llega-el-encuentro-de-promocion-de-derechos-y-vida-saludable-a-campo-quijano\/#breadcrumb\",\"itemListElement\":[{\"@type\":\"ListItem\",\"position\":1,\"name\":\"Portada\",\"item\":\"https:\/\/nahuelproducciones.com.ar\/radioquijano\/\"},{\"@type\":\"ListItem\",\"position\":2,\"name\":\"Llega el Encuentro de \u201cPromoci\u00f3n de Derechos y Vida Saludable\u201d a Campo Quijano.\"}]},{\"@type\":\"WebSite\",\"@id\":\"https:\/\/nahuelproducciones.com.ar\/radioquijano\/#website\",\"url\":\"https:\/\/nahuelproducciones.com.ar\/radioquijano\/\",\"name\":\"RQ 99.9\",\"description\":\"Radio Quijano 99.9 MHz\",\"potentialAction\":[{\"@type\":\"SearchAction\",\"target\":{\"@type\":\"EntryPoint\",\"urlTemplate\":\"https:\/\/nahuelproducciones.com.ar\/radioquijano\/?s={search_term_string}\"},\"query-input\":\"required name=search_term_string\"}],\"inLanguage\":\"es\"},{\"@type\":\"Person\",\"@id\":\"https:\/\/nahuelproducciones.com.ar\/radioquijano\/#\/schema\/person\/e8a4f939e2cb487fe6d0c54042c9d32c\",\"name\":\"Cecilia Pastrana\",\"image\":{\"@type\":\"ImageObject\",\"inLanguage\":\"es\",\"@id\":\"https:\/\/nahuelproducciones.com.ar\/radioquijano\/#\/schema\/person\/image\/\",\"url\":\"https:\/\/secure.gravatar.com\/avatar\/661a3ef63a8488d4f2794ed44af8cf71420f7e106f3072c40125114df5157749?s=96&d=mm&r=g\",\"contentUrl\":\"https:\/\/secure.gravatar.com\/avatar\/661a3ef63a8488d4f2794ed44af8cf71420f7e106f3072c40125114df5157749?s=96&d=mm&r=g\",\"caption\":\"Cecilia Pastrana\"},\"sameAs\":[\"cecy\"],\"url\":\"https:\/\/nahuelproducciones.com.ar\/radioquijano\/author\/cecy\/\"}]}<\/script>\n<!-- \/ Yoast SEO plugin. -->","yoast_head_json":{"title":"Llega el Encuentro de \u201cPromoci\u00f3n de Derechos y Vida Saludable\u201d a Campo Quijano. - RQ 99.9","description":"Viernes 28 de Octubre, en el Centro de Jubilados El Portal de los Andes- Ant\u00e1rtida Argentina y pasaje Yapey\u00fa","robots":{"index":"index","follow":"follow","max-snippet":"max-snippet:-1","max-image-preview":"max-image-preview:large","max-video-preview":"max-video-preview:-1"},"canonical":"https:\/\/nahuelproducciones.com.ar\/radioquijano\/llega-el-encuentro-de-promocion-de-derechos-y-vida-saludable-a-campo-quijano\/","og_locale":"es_ES","og_type":"article","og_title":"Llega el Encuentro de \u201cPromoci\u00f3n de Derechos y Vida Saludable\u201d a Campo Quijano. - RQ 99.9","og_description":"Viernes 28 de Octubre, en el Centro de Jubilados El Portal de los Andes- Ant\u00e1rtida Argentina y pasaje Yapey\u00fa","og_url":"https:\/\/nahuelproducciones.com.ar\/radioquijano\/llega-el-encuentro-de-promocion-de-derechos-y-vida-saludable-a-campo-quijano\/","og_site_name":"RQ 99.9","article_publisher":"https:\/\/www.facebook.com\/nahuelproducciones999\/","article_published_time":"2022-10-20T01:05:59+00:00","article_modified_time":"2022-10-20T01:22:25+00:00","og_image":[{"width":789,"height":507,"url":"https:\/\/nahuelproducciones.com.ar\/radioquijano\/wp-content\/uploads\/2022\/10\/d6fab0d77dcb1439255cf1653d7e527a_L.jpg","type":"image\/jpeg"}],"author":"Cecilia Pastrana","twitter_card":"summary_large_image","twitter_creator":"@nahuproduciones","twitter_site":"@nahuproduciones","twitter_misc":{"Escrito por":"Cecilia Pastrana","Tiempo de lectura":"2 minutos"},"schema":{"@context":"https:\/\/schema.org","@graph":[{"@type":"WebPage","@id":"https:\/\/nahuelproducciones.com.ar\/radioquijano\/llega-el-encuentro-de-promocion-de-derechos-y-vida-saludable-a-campo-quijano\/","url":"https:\/\/nahuelproducciones.com.ar\/radioquijano\/llega-el-encuentro-de-promocion-de-derechos-y-vida-saludable-a-campo-quijano\/","name":"Llega el Encuentro de \u201cPromoci\u00f3n de Derechos y Vida Saludable\u201d a Campo Quijano. - RQ 99.9","isPartOf":{"@id":"https:\/\/nahuelproducciones.com.ar\/radioquijano\/#website"},"datePublished":"2022-10-20T01:05:59+00:00","dateModified":"2022-10-20T01:22:25+00:00","author":{"@id":"https:\/\/nahuelproducciones.com.ar\/radioquijano\/#\/schema\/person\/e8a4f939e2cb487fe6d0c54042c9d32c"},"description":"Viernes 28 de Octubre, en el Centro de Jubilados El Portal de los Andes- Ant\u00e1rtida Argentina y pasaje Yapey\u00fa","breadcrumb":{"@id":"https:\/\/nahuelproducciones.com.ar\/radioquijano\/llega-el-encuentro-de-promocion-de-derechos-y-vida-saludable-a-campo-quijano\/#breadcrumb"},"inLanguage":"es","potentialAction":[{"@type":"ReadAction","target":["https:\/\/nahuelproducciones.com.ar\/radioquijano\/llega-el-encuentro-de-promocion-de-derechos-y-vida-saludable-a-campo-quijano\/"]}]},{"@type":"BreadcrumbList","@id":"https:\/\/nahuelproducciones.com.ar\/radioquijano\/llega-el-encuentro-de-promocion-de-derechos-y-vida-saludable-a-campo-quijano\/#breadcrumb","itemListElement":[{"@type":"ListItem","position":1,"name":"Portada","item":"https:\/\/nahuelproducciones.com.ar\/radioquijano\/"},{"@type":"ListItem","position":2,"name":"Llega el Encuentro de \u201cPromoci\u00f3n de Derechos y Vida Saludable\u201d a Campo Quijano."}]},{"@type":"WebSite","@id":"https:\/\/nahuelproducciones.com.ar\/radioquijano\/#website","url":"https:\/\/nahuelproducciones.com.ar\/radioquijano\/","name":"RQ 99.9","description":"Radio Quijano 99.9 MHz","potentialAction":[{"@type":"SearchAction","target":{"@type":"EntryPoint","urlTemplate":"https:\/\/nahuelproducciones.com.ar\/radioquijano\/?s={search_term_string}"},"query-input":"required name=search_term_string"}],"inLanguage":"es"},{"@type":"Person","@id":"https:\/\/nahuelproducciones.com.ar\/radioquijano\/#\/schema\/person\/e8a4f939e2cb487fe6d0c54042c9d32c","name":"Cecilia Pastrana","image":{"@type":"ImageObject","inLanguage":"es","@id":"https:\/\/nahuelproducciones.com.ar\/radioquijano\/#\/schema\/person\/image\/","url":"https:\/\/secure.gravatar.com\/avatar\/661a3ef63a8488d4f2794ed44af8cf71420f7e106f3072c40125114df5157749?s=96&d=mm&r=g","contentUrl":"https:\/\/secure.gravatar.com\/avatar\/661a3ef63a8488d4f2794ed44af8cf71420f7e106f3072c40125114df5157749?s=96&d=mm&r=g","caption":"Cecilia Pastrana"},"sameAs":["cecy"],"url":"https:\/\/nahuelproducciones.com.ar\/radioquijano\/author\/cecy\/"}]}},"_links":{"self":[{"href":"https:\/\/nahuelproducciones.com.ar\/radioquijano\/wp-json\/wp\/v2\/posts\/3579","targetHints":{"allow":["GET"]}}],"collection":[{"href":"https:\/\/nahuelproducciones.com.ar\/radioquijano\/wp-json\/wp\/v2\/posts"}],"about":[{"href":"https:\/\/nahuelproducciones.com.ar\/radioquijano\/wp-json\/wp\/v2\/types\/post"}],"author":[{"embeddable":true,"href":"https:\/\/nahuelproducciones.com.ar\/radioquijano\/wp-json\/wp\/v2\/users\/8"}],"replies":[{"embeddable":true,"href":"https:\/\/nahuelproducciones.com.ar\/radioquijano\/wp-json\/wp\/v2\/comments?post=3579"}],"version-history":[{"count":13,"href":"https:\/\/nahuelproducciones.com.ar\/radioquijano\/wp-json\/wp\/v2\/posts\/3579\/revisions"}],"predecessor-version":[{"id":3597,"href":"https:\/\/nahuelproducciones.com.ar\/radioquijano\/wp-json\/wp\/v2\/posts\/3579\/revisions\/3597"}],"wp:featuredmedia":[{"embeddable":true,"href":"https:\/\/nahuelproducciones.com.ar\/radioquijano\/wp-json\/wp\/v2\/media\/3582"}],"wp:attachment":[{"href":"https:\/\/nahuelproducciones.com.ar\/radioquijano\/wp-json\/wp\/v2\/media?parent=3579"}],"wp:term":[{"taxonomy":"category","embeddable":true,"href":"https:\/\/nahuelproducciones.com.ar\/radioquijano\/wp-json\/wp\/v2\/categories?post=3579"},{"taxonomy":"post_tag","embeddable":true,"href":"https:\/\/nahuelproducciones.com.ar\/radioquijano\/wp-json\/wp\/v2\/tags?post=3579"}],"curies":[{"name":"wp","href":"https:\/\/api.w.org\/{rel}","templated":true}]}}