{"id":3599,"date":"2022-10-20T08:54:08","date_gmt":"2022-10-20T11:54:08","guid":{"rendered":"https:\/\/nahuelproducciones.com.ar\/radioquijano\/?p=3599"},"modified":"2022-10-20T08:54:09","modified_gmt":"2022-10-20T11:54:09","slug":"reconocieron-al-hospital-dr-francisco-herrerapor-su-compromiso-con-la-calidad-en-la-atencion-del-paciente","status":"publish","type":"post","link":"https:\/\/nahuelproducciones.com.ar\/radioquijano\/reconocieron-al-hospital-dr-francisco-herrerapor-su-compromiso-con-la-calidad-en-la-atencion-del-paciente\/","title":{"rendered":"Reconocieron al Hospital \u00abDr Francisco Herrera\u00bbpor su compromiso con la Calidad en la atenci\u00f3n del paciente."},"content":{"rendered":"\n<p>El d\u00eda martes 18 de octubre se llev\u00f3 a cabo la Jornada Provincial de Calidad y Seguridad del Paciente bajo el lema \u201cLa gesti\u00f3n de calidad y seguridad del paciente principio fundamental en la atenci\u00f3n sanitaria\u201d, en el Centro C\u00edvico Grand Bourg.<\/p>\n\n\n\n<p>El acto central, fue encabezado por el ministro de Salud P\u00fablica, Juan Jos\u00e9 Esteban; por la directora nacional de Calidad en Servicios, Mar\u00eda Ithurburu.<\/p>\n\n\n\n<blockquote class=\"wp-block-quote is-layout-flow wp-block-quote-is-layout-flow\"><p>El Hospital, en su perfil de facebook comento: \u00abEste es un reconocimiento al esfuerzo que venimos realizando, tanto en tiempos de pandemia como en tiempos de normalidad, para mejorar aspectos relacionados con la seguridad y calidad del servicio.<\/p><p>Sabemos que falta mucho pero estamos comprometidos y poniendo todo de nosotros para lograr una gesti\u00f3n de mayor calidad en la atenci\u00f3n sanitaria.\u00bb<\/p><\/blockquote>\n\n\n\n<p>Esta certificaci\u00f3n est\u00e1 respaldada por una evaluaci\u00f3n realizada por el equipo de la Subsecretar\u00eda de Calidad, Regularizaci\u00f3n y Fiscalizaci\u00f3n que cont\u00f3 con la presencia de la Directora de Certificaci\u00f3n de Calidad, Teresa Ithurburu.<\/p>\n\n\n\n<p>El secretario de Calidad reconoci\u00f3 el gran trabajo del hospital, como establecimiento de salud comprometido con la calidad en la atenci\u00f3n al paciente.<\/p>\n\n\n\n<figure class=\"wp-block-gallery columns-3 is-cropped wp-block-gallery-1 is-layout-flex wp-block-gallery-is-layout-flex\"><ul class=\"blocks-gallery-grid\"><li class=\"blocks-gallery-item\"><figure><img loading=\"lazy\" decoding=\"async\" width=\"918\" height=\"600\" src=\"https:\/\/nahuelproducciones.com.ar\/radioquijano\/wp-content\/uploads\/2022\/10\/hosp3.jpg\" alt=\"\" data-id=\"3600\" data-full-url=\"https:\/\/nahuelproducciones.com.ar\/radioquijano\/wp-content\/uploads\/2022\/10\/hosp3.jpg\" data-link=\"https:\/\/nahuelproducciones.com.ar\/radioquijano\/?attachment_id=3600\" class=\"wp-image-3600\" srcset=\"https:\/\/nahuelproducciones.com.ar\/radioquijano\/wp-content\/uploads\/2022\/10\/hosp3.jpg 918w, https:\/\/nahuelproducciones.com.ar\/radioquijano\/wp-content\/uploads\/2022\/10\/hosp3-300x196.jpg 300w, https:\/\/nahuelproducciones.com.ar\/radioquijano\/wp-content\/uploads\/2022\/10\/hosp3-768x502.jpg 768w, https:\/\/nahuelproducciones.com.ar\/radioquijano\/wp-content\/uploads\/2022\/10\/hosp3-150x98.jpg 150w\" sizes=\"auto, (max-width: 918px) 100vw, 918px\" \/><\/figure><\/li><li class=\"blocks-gallery-item\"><figure><img loading=\"lazy\" decoding=\"async\" width=\"1024\" height=\"911\" src=\"https:\/\/nahuelproducciones.com.ar\/radioquijano\/wp-content\/uploads\/2022\/10\/hosp2-1024x911.jpg\" alt=\"\" data-id=\"3601\" data-full-url=\"https:\/\/nahuelproducciones.com.ar\/radioquijano\/wp-content\/uploads\/2022\/10\/hosp2.jpg\" data-link=\"https:\/\/nahuelproducciones.com.ar\/radioquijano\/?attachment_id=3601\" class=\"wp-image-3601\" srcset=\"https:\/\/nahuelproducciones.com.ar\/radioquijano\/wp-content\/uploads\/2022\/10\/hosp2-1024x911.jpg 1024w, https:\/\/nahuelproducciones.com.ar\/radioquijano\/wp-content\/uploads\/2022\/10\/hosp2-300x267.jpg 300w, https:\/\/nahuelproducciones.com.ar\/radioquijano\/wp-content\/uploads\/2022\/10\/hosp2-768x683.jpg 768w, https:\/\/nahuelproducciones.com.ar\/radioquijano\/wp-content\/uploads\/2022\/10\/hosp2-1536x1367.jpg 1536w, https:\/\/nahuelproducciones.com.ar\/radioquijano\/wp-content\/uploads\/2022\/10\/hosp2-150x133.jpg 150w, https:\/\/nahuelproducciones.com.ar\/radioquijano\/wp-content\/uploads\/2022\/10\/hosp2.jpg 2048w\" sizes=\"auto, (max-width: 1024px) 100vw, 1024px\" \/><\/figure><\/li><li class=\"blocks-gallery-item\"><figure><img loading=\"lazy\" decoding=\"async\" width=\"600\" height=\"378\" src=\"https:\/\/nahuelproducciones.com.ar\/radioquijano\/wp-content\/uploads\/2022\/10\/hosp1.jpg\" alt=\"\" data-id=\"3602\" data-full-url=\"https:\/\/nahuelproducciones.com.ar\/radioquijano\/wp-content\/uploads\/2022\/10\/hosp1.jpg\" data-link=\"https:\/\/nahuelproducciones.com.ar\/radioquijano\/?attachment_id=3602\" class=\"wp-image-3602\" srcset=\"https:\/\/nahuelproducciones.com.ar\/radioquijano\/wp-content\/uploads\/2022\/10\/hosp1.jpg 600w, https:\/\/nahuelproducciones.com.ar\/radioquijano\/wp-content\/uploads\/2022\/10\/hosp1-300x189.jpg 300w, https:\/\/nahuelproducciones.com.ar\/radioquijano\/wp-content\/uploads\/2022\/10\/hosp1-150x95.jpg 150w\" sizes=\"auto, (max-width: 600px) 100vw, 600px\" \/><\/figure><\/li><\/ul><\/figure>\n\n\n\n<p>Fuente:<a href=\"https:\/\/www.facebook.com\/profile.php?id=100063465734931&amp;__tn__=-UC*F\">Hospital Dr. Francisco Herrera &#8211; Campo Quijano<\/a><\/p>\n\n\n\n<p>  <a href=\"https:\/\/nahuelproducciones.com.ar\/index.php\/rq999\" target=\"_blank\" rel=\"noreferrer noopener\">#RQ99.9Mhz<\/a>\u00a0<a href=\"https:\/\/nahuelproducciones.com.ar\/\" target=\"_blank\" rel=\"noreferrer noopener\">#CAMPOQUIJANO<\/a>\u00a0<a href=\"http:\/\/nahuelproducciones.com.ar\/radioquijano\/\" target=\"_blank\" rel=\"noreferrer noopener\">#RadioQuijano<\/a>  <\/p>\n","protected":false},"excerpt":{"rendered":"<p>El d\u00eda martes 18 de octubre se llev\u00f3 a cabo la Jornada Provincial de Calidad y Seguridad del Paciente bajo el lema \u201cLa gesti\u00f3n de calidad y seguridad del paciente principio fundamental en la atenci\u00f3n sanitaria\u201d, en el Centro C\u00edvico Grand Bourg. El acto central, fue encabezado por el ministro de Salud P\u00fablica, Juan Jos\u00e9 [&hellip;]<\/p>\n","protected":false},"author":8,"featured_media":3602,"comment_status":"open","ping_status":"open","sticky":false,"template":"","format":"standard","meta":{"_monsterinsights_skip_tracking":false,"_monsterinsights_sitenote_active":false,"_monsterinsights_sitenote_note":"","_monsterinsights_sitenote_category":0,"footnotes":""},"categories":[18,16],"tags":[36,471,696,697],"class_list":["post-3599","post","type-post","status-publish","format-standard","has-post-thumbnail","hentry","category-covid-19","category-noticias","tag-campo-quijano","tag-hospital-dr-francisco-herrera-2","tag-ministerio-de-salud-publica","tag-reconocimiento"],"yoast_head":"<!-- This site is optimized with the Yoast SEO plugin v20.8 - https:\/\/yoast.com\/wordpress\/plugins\/seo\/ -->\n<title>Reconocieron al Hospital &quot;Dr Francisco Herrera&quot;por su compromiso con la Calidad en la atenci\u00f3n del paciente. - RQ 99.9<\/title>\n<meta name=\"description\" content=\"El secretario de Calidad reconoci\u00f3 el gran trabajo del hospital, como establecimiento de salud comprometido con la calidad en la atenci\u00f3n al paciente.\" \/>\n<meta name=\"robots\" content=\"index, follow, max-snippet:-1, max-image-preview:large, max-video-preview:-1\" \/>\n<link rel=\"canonical\" href=\"https:\/\/nahuelproducciones.com.ar\/radioquijano\/reconocieron-al-hospital-dr-francisco-herrerapor-su-compromiso-con-la-calidad-en-la-atencion-del-paciente\/\" \/>\n<meta property=\"og:locale\" content=\"es_ES\" \/>\n<meta property=\"og:type\" content=\"article\" \/>\n<meta property=\"og:title\" content=\"Reconocieron al Hospital &quot;Dr Francisco Herrera&quot;por su compromiso con la Calidad en la atenci\u00f3n del paciente. - RQ 99.9\" \/>\n<meta property=\"og:description\" content=\"El secretario de Calidad reconoci\u00f3 el gran trabajo del hospital, como establecimiento de salud comprometido con la calidad en la atenci\u00f3n al paciente.\" \/>\n<meta property=\"og:url\" content=\"https:\/\/nahuelproducciones.com.ar\/radioquijano\/reconocieron-al-hospital-dr-francisco-herrerapor-su-compromiso-con-la-calidad-en-la-atencion-del-paciente\/\" \/>\n<meta property=\"og:site_name\" content=\"RQ 99.9\" \/>\n<meta property=\"article:publisher\" content=\"https:\/\/www.facebook.com\/nahuelproducciones999\/\" \/>\n<meta property=\"article:published_time\" content=\"2022-10-20T11:54:08+00:00\" \/>\n<meta property=\"article:modified_time\" content=\"2022-10-20T11:54:09+00:00\" \/>\n<meta property=\"og:image\" content=\"https:\/\/nahuelproducciones.com.ar\/radioquijano\/wp-content\/uploads\/2022\/10\/hosp1.jpg\" \/>\n\t<meta property=\"og:image:width\" content=\"600\" \/>\n\t<meta property=\"og:image:height\" content=\"378\" \/>\n\t<meta property=\"og:image:type\" content=\"image\/jpeg\" \/>\n<meta name=\"author\" content=\"Cecilia Pastrana\" \/>\n<meta name=\"twitter:card\" content=\"summary_large_image\" \/>\n<meta name=\"twitter:creator\" content=\"@nahuproduciones\" \/>\n<meta name=\"twitter:site\" content=\"@nahuproduciones\" \/>\n<meta name=\"twitter:label1\" content=\"Escrito por\" \/>\n\t<meta name=\"twitter:data1\" content=\"Cecilia Pastrana\" \/>\n\t<meta name=\"twitter:label2\" content=\"Tiempo de lectura\" \/>\n\t<meta name=\"twitter:data2\" content=\"2 minutos\" \/>\n<script type=\"application\/ld+json\" class=\"yoast-schema-graph\">{\"@context\":\"https:\/\/schema.org\",\"@graph\":[{\"@type\":\"WebPage\",\"@id\":\"https:\/\/nahuelproducciones.com.ar\/radioquijano\/reconocieron-al-hospital-dr-francisco-herrerapor-su-compromiso-con-la-calidad-en-la-atencion-del-paciente\/\",\"url\":\"https:\/\/nahuelproducciones.com.ar\/radioquijano\/reconocieron-al-hospital-dr-francisco-herrerapor-su-compromiso-con-la-calidad-en-la-atencion-del-paciente\/\",\"name\":\"Reconocieron al Hospital \\\"Dr Francisco Herrera\\\"por su compromiso con la Calidad en la atenci\u00f3n del paciente. - RQ 99.9\",\"isPartOf\":{\"@id\":\"https:\/\/nahuelproducciones.com.ar\/radioquijano\/#website\"},\"datePublished\":\"2022-10-20T11:54:08+00:00\",\"dateModified\":\"2022-10-20T11:54:09+00:00\",\"author\":{\"@id\":\"https:\/\/nahuelproducciones.com.ar\/radioquijano\/#\/schema\/person\/e8a4f939e2cb487fe6d0c54042c9d32c\"},\"description\":\"El secretario de Calidad reconoci\u00f3 el gran trabajo del hospital, como establecimiento de salud comprometido con la calidad en la atenci\u00f3n al paciente.\",\"breadcrumb\":{\"@id\":\"https:\/\/nahuelproducciones.com.ar\/radioquijano\/reconocieron-al-hospital-dr-francisco-herrerapor-su-compromiso-con-la-calidad-en-la-atencion-del-paciente\/#breadcrumb\"},\"inLanguage\":\"es\",\"potentialAction\":[{\"@type\":\"ReadAction\",\"target\":[\"https:\/\/nahuelproducciones.com.ar\/radioquijano\/reconocieron-al-hospital-dr-francisco-herrerapor-su-compromiso-con-la-calidad-en-la-atencion-del-paciente\/\"]}]},{\"@type\":\"BreadcrumbList\",\"@id\":\"https:\/\/nahuelproducciones.com.ar\/radioquijano\/reconocieron-al-hospital-dr-francisco-herrerapor-su-compromiso-con-la-calidad-en-la-atencion-del-paciente\/#breadcrumb\",\"itemListElement\":[{\"@type\":\"ListItem\",\"position\":1,\"name\":\"Portada\",\"item\":\"https:\/\/nahuelproducciones.com.ar\/radioquijano\/\"},{\"@type\":\"ListItem\",\"position\":2,\"name\":\"Reconocieron al Hospital \u00abDr Francisco Herrera\u00bbpor su compromiso con la Calidad en la atenci\u00f3n del paciente.\"}]},{\"@type\":\"WebSite\",\"@id\":\"https:\/\/nahuelproducciones.com.ar\/radioquijano\/#website\",\"url\":\"https:\/\/nahuelproducciones.com.ar\/radioquijano\/\",\"name\":\"RQ 99.9\",\"description\":\"Radio Quijano 99.9 MHz\",\"potentialAction\":[{\"@type\":\"SearchAction\",\"target\":{\"@type\":\"EntryPoint\",\"urlTemplate\":\"https:\/\/nahuelproducciones.com.ar\/radioquijano\/?s={search_term_string}\"},\"query-input\":\"required name=search_term_string\"}],\"inLanguage\":\"es\"},{\"@type\":\"Person\",\"@id\":\"https:\/\/nahuelproducciones.com.ar\/radioquijano\/#\/schema\/person\/e8a4f939e2cb487fe6d0c54042c9d32c\",\"name\":\"Cecilia Pastrana\",\"image\":{\"@type\":\"ImageObject\",\"inLanguage\":\"es\",\"@id\":\"https:\/\/nahuelproducciones.com.ar\/radioquijano\/#\/schema\/person\/image\/\",\"url\":\"https:\/\/secure.gravatar.com\/avatar\/661a3ef63a8488d4f2794ed44af8cf71420f7e106f3072c40125114df5157749?s=96&d=mm&r=g\",\"contentUrl\":\"https:\/\/secure.gravatar.com\/avatar\/661a3ef63a8488d4f2794ed44af8cf71420f7e106f3072c40125114df5157749?s=96&d=mm&r=g\",\"caption\":\"Cecilia Pastrana\"},\"sameAs\":[\"cecy\"],\"url\":\"https:\/\/nahuelproducciones.com.ar\/radioquijano\/author\/cecy\/\"}]}<\/script>\n<!-- \/ Yoast SEO plugin. -->","yoast_head_json":{"title":"Reconocieron al Hospital \"Dr Francisco Herrera\"por su compromiso con la Calidad en la atenci\u00f3n del paciente. - RQ 99.9","description":"El secretario de Calidad reconoci\u00f3 el gran trabajo del hospital, como establecimiento de salud comprometido con la calidad en la atenci\u00f3n al paciente.","robots":{"index":"index","follow":"follow","max-snippet":"max-snippet:-1","max-image-preview":"max-image-preview:large","max-video-preview":"max-video-preview:-1"},"canonical":"https:\/\/nahuelproducciones.com.ar\/radioquijano\/reconocieron-al-hospital-dr-francisco-herrerapor-su-compromiso-con-la-calidad-en-la-atencion-del-paciente\/","og_locale":"es_ES","og_type":"article","og_title":"Reconocieron al Hospital \"Dr Francisco Herrera\"por su compromiso con la Calidad en la atenci\u00f3n del paciente. - RQ 99.9","og_description":"El secretario de Calidad reconoci\u00f3 el gran trabajo del hospital, como establecimiento de salud comprometido con la calidad en la atenci\u00f3n al paciente.","og_url":"https:\/\/nahuelproducciones.com.ar\/radioquijano\/reconocieron-al-hospital-dr-francisco-herrerapor-su-compromiso-con-la-calidad-en-la-atencion-del-paciente\/","og_site_name":"RQ 99.9","article_publisher":"https:\/\/www.facebook.com\/nahuelproducciones999\/","article_published_time":"2022-10-20T11:54:08+00:00","article_modified_time":"2022-10-20T11:54:09+00:00","og_image":[{"width":600,"height":378,"url":"https:\/\/nahuelproducciones.com.ar\/radioquijano\/wp-content\/uploads\/2022\/10\/hosp1.jpg","type":"image\/jpeg"}],"author":"Cecilia Pastrana","twitter_card":"summary_large_image","twitter_creator":"@nahuproduciones","twitter_site":"@nahuproduciones","twitter_misc":{"Escrito por":"Cecilia Pastrana","Tiempo de lectura":"2 minutos"},"schema":{"@context":"https:\/\/schema.org","@graph":[{"@type":"WebPage","@id":"https:\/\/nahuelproducciones.com.ar\/radioquijano\/reconocieron-al-hospital-dr-francisco-herrerapor-su-compromiso-con-la-calidad-en-la-atencion-del-paciente\/","url":"https:\/\/nahuelproducciones.com.ar\/radioquijano\/reconocieron-al-hospital-dr-francisco-herrerapor-su-compromiso-con-la-calidad-en-la-atencion-del-paciente\/","name":"Reconocieron al Hospital \"Dr Francisco Herrera\"por su compromiso con la Calidad en la atenci\u00f3n del paciente. - RQ 99.9","isPartOf":{"@id":"https:\/\/nahuelproducciones.com.ar\/radioquijano\/#website"},"datePublished":"2022-10-20T11:54:08+00:00","dateModified":"2022-10-20T11:54:09+00:00","author":{"@id":"https:\/\/nahuelproducciones.com.ar\/radioquijano\/#\/schema\/person\/e8a4f939e2cb487fe6d0c54042c9d32c"},"description":"El secretario de Calidad reconoci\u00f3 el gran trabajo del hospital, como establecimiento de salud comprometido con la calidad en la atenci\u00f3n al paciente.","breadcrumb":{"@id":"https:\/\/nahuelproducciones.com.ar\/radioquijano\/reconocieron-al-hospital-dr-francisco-herrerapor-su-compromiso-con-la-calidad-en-la-atencion-del-paciente\/#breadcrumb"},"inLanguage":"es","potentialAction":[{"@type":"ReadAction","target":["https:\/\/nahuelproducciones.com.ar\/radioquijano\/reconocieron-al-hospital-dr-francisco-herrerapor-su-compromiso-con-la-calidad-en-la-atencion-del-paciente\/"]}]},{"@type":"BreadcrumbList","@id":"https:\/\/nahuelproducciones.com.ar\/radioquijano\/reconocieron-al-hospital-dr-francisco-herrerapor-su-compromiso-con-la-calidad-en-la-atencion-del-paciente\/#breadcrumb","itemListElement":[{"@type":"ListItem","position":1,"name":"Portada","item":"https:\/\/nahuelproducciones.com.ar\/radioquijano\/"},{"@type":"ListItem","position":2,"name":"Reconocieron al Hospital \u00abDr Francisco Herrera\u00bbpor su compromiso con la Calidad en la atenci\u00f3n del paciente."}]},{"@type":"WebSite","@id":"https:\/\/nahuelproducciones.com.ar\/radioquijano\/#website","url":"https:\/\/nahuelproducciones.com.ar\/radioquijano\/","name":"RQ 99.9","description":"Radio Quijano 99.9 MHz","potentialAction":[{"@type":"SearchAction","target":{"@type":"EntryPoint","urlTemplate":"https:\/\/nahuelproducciones.com.ar\/radioquijano\/?s={search_term_string}"},"query-input":"required name=search_term_string"}],"inLanguage":"es"},{"@type":"Person","@id":"https:\/\/nahuelproducciones.com.ar\/radioquijano\/#\/schema\/person\/e8a4f939e2cb487fe6d0c54042c9d32c","name":"Cecilia Pastrana","image":{"@type":"ImageObject","inLanguage":"es","@id":"https:\/\/nahuelproducciones.com.ar\/radioquijano\/#\/schema\/person\/image\/","url":"https:\/\/secure.gravatar.com\/avatar\/661a3ef63a8488d4f2794ed44af8cf71420f7e106f3072c40125114df5157749?s=96&d=mm&r=g","contentUrl":"https:\/\/secure.gravatar.com\/avatar\/661a3ef63a8488d4f2794ed44af8cf71420f7e106f3072c40125114df5157749?s=96&d=mm&r=g","caption":"Cecilia Pastrana"},"sameAs":["cecy"],"url":"https:\/\/nahuelproducciones.com.ar\/radioquijano\/author\/cecy\/"}]}},"_links":{"self":[{"href":"https:\/\/nahuelproducciones.com.ar\/radioquijano\/wp-json\/wp\/v2\/posts\/3599","targetHints":{"allow":["GET"]}}],"collection":[{"href":"https:\/\/nahuelproducciones.com.ar\/radioquijano\/wp-json\/wp\/v2\/posts"}],"about":[{"href":"https:\/\/nahuelproducciones.com.ar\/radioquijano\/wp-json\/wp\/v2\/types\/post"}],"author":[{"embeddable":true,"href":"https:\/\/nahuelproducciones.com.ar\/radioquijano\/wp-json\/wp\/v2\/users\/8"}],"replies":[{"embeddable":true,"href":"https:\/\/nahuelproducciones.com.ar\/radioquijano\/wp-json\/wp\/v2\/comments?post=3599"}],"version-history":[{"count":1,"href":"https:\/\/nahuelproducciones.com.ar\/radioquijano\/wp-json\/wp\/v2\/posts\/3599\/revisions"}],"predecessor-version":[{"id":3603,"href":"https:\/\/nahuelproducciones.com.ar\/radioquijano\/wp-json\/wp\/v2\/posts\/3599\/revisions\/3603"}],"wp:featuredmedia":[{"embeddable":true,"href":"https:\/\/nahuelproducciones.com.ar\/radioquijano\/wp-json\/wp\/v2\/media\/3602"}],"wp:attachment":[{"href":"https:\/\/nahuelproducciones.com.ar\/radioquijano\/wp-json\/wp\/v2\/media?parent=3599"}],"wp:term":[{"taxonomy":"category","embeddable":true,"href":"https:\/\/nahuelproducciones.com.ar\/radioquijano\/wp-json\/wp\/v2\/categories?post=3599"},{"taxonomy":"post_tag","embeddable":true,"href":"https:\/\/nahuelproducciones.com.ar\/radioquijano\/wp-json\/wp\/v2\/tags?post=3599"}],"curies":[{"name":"wp","href":"https:\/\/api.w.org\/{rel}","templated":true}]}}