{"id":3607,"date":"2022-10-20T14:16:04","date_gmt":"2022-10-20T17:16:04","guid":{"rendered":"https:\/\/nahuelproducciones.com.ar\/radioquijano\/?p=3607"},"modified":"2022-10-20T14:16:04","modified_gmt":"2022-10-20T17:16:04","slug":"el-exintendente-manuel-cornejo-sera-juzgado-por-corrupcion-a-fin-de-ano","status":"publish","type":"post","link":"https:\/\/nahuelproducciones.com.ar\/radioquijano\/el-exintendente-manuel-cornejo-sera-juzgado-por-corrupcion-a-fin-de-ano\/","title":{"rendered":"El exintendente Manuel Cornejo ser\u00e1 juzgado por corrupci\u00f3n a fin de a\u00f1o."},"content":{"rendered":"\n<p>La audiencia de debate se desarrollar\u00e1 en el Sal\u00f3n de Grandes Juicios de la Ciudad Judicial de Salta a partir del 21 de diciembre, y se prev\u00e9 que finalice el 6 de enero de 2023.<\/p>\n\n\n\n<p>Finalmente, el juez de la Sala VI del Tribunal de Juicio, Guillermo Pereyra, fij\u00f3 fecha para el juicio oral y p\u00fablico en la causa que se sigue contra Manuel Cornejo y Carmen M\u00e9ndez.<\/p>\n\n\n\n<p>Cornejo, exintendente de Campo Quijano, est\u00e1 imputado por la supuesta comisi\u00f3n de los delitos de incumplimiento de los deberes de funcionario p\u00fablico, peculado (cuatro hechos), todo en concurso real. Por su parte, Carmen Rosa M\u00e9ndez, exsecretaria de Hacienda de ese municipio, est\u00e1 acusada como autora de los delitos de incumplimiento de los deberes de funcionaria p\u00fablica y peculado, todo en concurso real.<\/p>\n\n\n\n<p>La audiencia de debate se desarrollar\u00e1 en el Sal\u00f3n de Grandes Juicios de la Ciudad Judicial de Salta a partir del 21 de diciembre, y se prev\u00e9 que finalice el 6 de enero de 2023. Durante esos d\u00edas, se escuchar\u00e1 la declaraci\u00f3n de 68 testigos que fueron ofrecidos por las partes.<\/p>\n\n\n\n<p>El Ministerio P\u00fablico estar\u00e1 representado por la fiscal de Delitos Econ\u00f3micos Complejos, Ana In\u00e9s Salinas Odorisio. Cornejo ser\u00e1 defendido por Dar\u00edo Palmier y Gonzalo Quinteros Navarro, mientras que en la defensa de M\u00e9ndez actuar\u00e1 Juan Jos\u00e9 Valdez Aguilar. Finalmente, en representaci\u00f3n de la Municipalidad de Campo Quijano, que se constituy\u00f3 como querellante en la causa, intervendr\u00e1 Rodrigo Palazzo.<\/p>\n\n\n\n<p>La causa inici\u00f3 el 28 de enero de 2020, con la denuncia del actual intendente de Campo Quijano, Carlos Folloni. En la presentaci\u00f3n, detall\u00f3 que desde que asumi\u00f3 su gesti\u00f3n, evidenci\u00f3 un incumplimiento injustificado e intencional de la normativa vigente. Agreg\u00f3 que advirti\u00f3 desorden y ausencia de documentaci\u00f3n en el ejido municipal relacionada a la actividad contable. Esto le hizo sospechar de una actividad il\u00edcita.<\/p>\n\n\n\n<p>Fuente: justiciasalta.gov.ar<\/p>\n\n\n\n<p><a href=\"https:\/\/nahuelproducciones.com.ar\/index.php\/rq999\" target=\"_blank\" rel=\"noreferrer noopener\">#RQ99.9Mhz<\/a>\u00a0<a href=\"https:\/\/nahuelproducciones.com.ar\/\" target=\"_blank\" rel=\"noreferrer noopener\">#CAMPOQUIJANO<\/a>\u00a0<a href=\"http:\/\/nahuelproducciones.com.ar\/radioquijano\/\" target=\"_blank\" rel=\"noreferrer noopener\">#RadioQuijano<\/a><\/p>\n","protected":false},"excerpt":{"rendered":"<p>La audiencia de debate se desarrollar\u00e1 en el Sal\u00f3n de Grandes Juicios de la Ciudad Judicial de Salta a partir del 21 de diciembre, y se prev\u00e9 que finalice el 6 de enero de 2023. Finalmente, el juez de la Sala VI del Tribunal de Juicio, Guillermo Pereyra, fij\u00f3 fecha para el juicio oral y [&hellip;]<\/p>\n","protected":false},"author":8,"featured_media":3608,"comment_status":"open","ping_status":"open","sticky":false,"template":"","format":"standard","meta":{"_monsterinsights_skip_tracking":false,"_monsterinsights_sitenote_active":false,"_monsterinsights_sitenote_note":"","_monsterinsights_sitenote_category":0,"footnotes":""},"categories":[16],"tags":[36,497],"class_list":["post-3607","post","type-post","status-publish","format-standard","has-post-thumbnail","hentry","category-noticias","tag-campo-quijano","tag-ex-intendente-manuel-cornejo"],"yoast_head":"<!-- This site is optimized with the Yoast SEO plugin v20.8 - https:\/\/yoast.com\/wordpress\/plugins\/seo\/ -->\n<title>El exintendente Manuel Cornejo ser\u00e1 juzgado por corrupci\u00f3n a fin de a\u00f1o. - RQ 99.9<\/title>\n<meta name=\"description\" content=\"La audiencia de debate se desarrollar\u00e1 en el Sal\u00f3n de Grandes Juicios de la Ciudad Judicial de Salta a partir del 21 de diciembre, y se prev\u00e9 que finalice el 6 de enero de 2023.\" \/>\n<meta name=\"robots\" content=\"index, follow, max-snippet:-1, max-image-preview:large, max-video-preview:-1\" \/>\n<link rel=\"canonical\" href=\"https:\/\/nahuelproducciones.com.ar\/radioquijano\/el-exintendente-manuel-cornejo-sera-juzgado-por-corrupcion-a-fin-de-ano\/\" \/>\n<meta property=\"og:locale\" content=\"es_ES\" \/>\n<meta property=\"og:type\" content=\"article\" \/>\n<meta property=\"og:title\" content=\"El exintendente Manuel Cornejo ser\u00e1 juzgado por corrupci\u00f3n a fin de a\u00f1o. - RQ 99.9\" \/>\n<meta property=\"og:description\" content=\"La audiencia de debate se desarrollar\u00e1 en el Sal\u00f3n de Grandes Juicios de la Ciudad Judicial de Salta a partir del 21 de diciembre, y se prev\u00e9 que finalice el 6 de enero de 2023.\" \/>\n<meta property=\"og:url\" content=\"https:\/\/nahuelproducciones.com.ar\/radioquijano\/el-exintendente-manuel-cornejo-sera-juzgado-por-corrupcion-a-fin-de-ano\/\" \/>\n<meta property=\"og:site_name\" content=\"RQ 99.9\" \/>\n<meta property=\"article:publisher\" content=\"https:\/\/www.facebook.com\/nahuelproducciones999\/\" \/>\n<meta property=\"article:published_time\" content=\"2022-10-20T17:16:04+00:00\" \/>\n<meta property=\"og:image\" content=\"https:\/\/nahuelproducciones.com.ar\/radioquijano\/wp-content\/uploads\/2022\/10\/WhatsApp-Image-2022-10-20-at-2.12.04-PM-e1666285997938.jpeg\" \/>\n\t<meta property=\"og:image:width\" content=\"500\" \/>\n\t<meta property=\"og:image:height\" content=\"542\" \/>\n\t<meta property=\"og:image:type\" content=\"image\/jpeg\" \/>\n<meta name=\"author\" content=\"Cecilia Pastrana\" \/>\n<meta name=\"twitter:card\" content=\"summary_large_image\" \/>\n<meta name=\"twitter:creator\" content=\"@nahuproduciones\" \/>\n<meta name=\"twitter:site\" content=\"@nahuproduciones\" \/>\n<meta name=\"twitter:label1\" content=\"Escrito por\" \/>\n\t<meta name=\"twitter:data1\" content=\"Cecilia Pastrana\" \/>\n\t<meta name=\"twitter:label2\" content=\"Tiempo de lectura\" \/>\n\t<meta name=\"twitter:data2\" content=\"2 minutos\" \/>\n<script type=\"application\/ld+json\" class=\"yoast-schema-graph\">{\"@context\":\"https:\/\/schema.org\",\"@graph\":[{\"@type\":\"WebPage\",\"@id\":\"https:\/\/nahuelproducciones.com.ar\/radioquijano\/el-exintendente-manuel-cornejo-sera-juzgado-por-corrupcion-a-fin-de-ano\/\",\"url\":\"https:\/\/nahuelproducciones.com.ar\/radioquijano\/el-exintendente-manuel-cornejo-sera-juzgado-por-corrupcion-a-fin-de-ano\/\",\"name\":\"El exintendente Manuel Cornejo ser\u00e1 juzgado por corrupci\u00f3n a fin de a\u00f1o. - RQ 99.9\",\"isPartOf\":{\"@id\":\"https:\/\/nahuelproducciones.com.ar\/radioquijano\/#website\"},\"datePublished\":\"2022-10-20T17:16:04+00:00\",\"dateModified\":\"2022-10-20T17:16:04+00:00\",\"author\":{\"@id\":\"https:\/\/nahuelproducciones.com.ar\/radioquijano\/#\/schema\/person\/e8a4f939e2cb487fe6d0c54042c9d32c\"},\"description\":\"La audiencia de debate se desarrollar\u00e1 en el Sal\u00f3n de Grandes Juicios de la Ciudad Judicial de Salta a partir del 21 de diciembre, y se prev\u00e9 que finalice el 6 de enero de 2023.\",\"breadcrumb\":{\"@id\":\"https:\/\/nahuelproducciones.com.ar\/radioquijano\/el-exintendente-manuel-cornejo-sera-juzgado-por-corrupcion-a-fin-de-ano\/#breadcrumb\"},\"inLanguage\":\"es\",\"potentialAction\":[{\"@type\":\"ReadAction\",\"target\":[\"https:\/\/nahuelproducciones.com.ar\/radioquijano\/el-exintendente-manuel-cornejo-sera-juzgado-por-corrupcion-a-fin-de-ano\/\"]}]},{\"@type\":\"BreadcrumbList\",\"@id\":\"https:\/\/nahuelproducciones.com.ar\/radioquijano\/el-exintendente-manuel-cornejo-sera-juzgado-por-corrupcion-a-fin-de-ano\/#breadcrumb\",\"itemListElement\":[{\"@type\":\"ListItem\",\"position\":1,\"name\":\"Portada\",\"item\":\"https:\/\/nahuelproducciones.com.ar\/radioquijano\/\"},{\"@type\":\"ListItem\",\"position\":2,\"name\":\"El exintendente Manuel Cornejo ser\u00e1 juzgado por corrupci\u00f3n a fin de a\u00f1o.\"}]},{\"@type\":\"WebSite\",\"@id\":\"https:\/\/nahuelproducciones.com.ar\/radioquijano\/#website\",\"url\":\"https:\/\/nahuelproducciones.com.ar\/radioquijano\/\",\"name\":\"RQ 99.9\",\"description\":\"Radio Quijano 99.9 MHz\",\"potentialAction\":[{\"@type\":\"SearchAction\",\"target\":{\"@type\":\"EntryPoint\",\"urlTemplate\":\"https:\/\/nahuelproducciones.com.ar\/radioquijano\/?s={search_term_string}\"},\"query-input\":\"required name=search_term_string\"}],\"inLanguage\":\"es\"},{\"@type\":\"Person\",\"@id\":\"https:\/\/nahuelproducciones.com.ar\/radioquijano\/#\/schema\/person\/e8a4f939e2cb487fe6d0c54042c9d32c\",\"name\":\"Cecilia Pastrana\",\"image\":{\"@type\":\"ImageObject\",\"inLanguage\":\"es\",\"@id\":\"https:\/\/nahuelproducciones.com.ar\/radioquijano\/#\/schema\/person\/image\/\",\"url\":\"https:\/\/secure.gravatar.com\/avatar\/661a3ef63a8488d4f2794ed44af8cf71420f7e106f3072c40125114df5157749?s=96&d=mm&r=g\",\"contentUrl\":\"https:\/\/secure.gravatar.com\/avatar\/661a3ef63a8488d4f2794ed44af8cf71420f7e106f3072c40125114df5157749?s=96&d=mm&r=g\",\"caption\":\"Cecilia Pastrana\"},\"sameAs\":[\"cecy\"],\"url\":\"https:\/\/nahuelproducciones.com.ar\/radioquijano\/author\/cecy\/\"}]}<\/script>\n<!-- \/ Yoast SEO plugin. -->","yoast_head_json":{"title":"El exintendente Manuel Cornejo ser\u00e1 juzgado por corrupci\u00f3n a fin de a\u00f1o. - RQ 99.9","description":"La audiencia de debate se desarrollar\u00e1 en el Sal\u00f3n de Grandes Juicios de la Ciudad Judicial de Salta a partir del 21 de diciembre, y se prev\u00e9 que finalice el 6 de enero de 2023.","robots":{"index":"index","follow":"follow","max-snippet":"max-snippet:-1","max-image-preview":"max-image-preview:large","max-video-preview":"max-video-preview:-1"},"canonical":"https:\/\/nahuelproducciones.com.ar\/radioquijano\/el-exintendente-manuel-cornejo-sera-juzgado-por-corrupcion-a-fin-de-ano\/","og_locale":"es_ES","og_type":"article","og_title":"El exintendente Manuel Cornejo ser\u00e1 juzgado por corrupci\u00f3n a fin de a\u00f1o. - RQ 99.9","og_description":"La audiencia de debate se desarrollar\u00e1 en el Sal\u00f3n de Grandes Juicios de la Ciudad Judicial de Salta a partir del 21 de diciembre, y se prev\u00e9 que finalice el 6 de enero de 2023.","og_url":"https:\/\/nahuelproducciones.com.ar\/radioquijano\/el-exintendente-manuel-cornejo-sera-juzgado-por-corrupcion-a-fin-de-ano\/","og_site_name":"RQ 99.9","article_publisher":"https:\/\/www.facebook.com\/nahuelproducciones999\/","article_published_time":"2022-10-20T17:16:04+00:00","og_image":[{"width":500,"height":542,"url":"https:\/\/nahuelproducciones.com.ar\/radioquijano\/wp-content\/uploads\/2022\/10\/WhatsApp-Image-2022-10-20-at-2.12.04-PM-e1666285997938.jpeg","type":"image\/jpeg"}],"author":"Cecilia Pastrana","twitter_card":"summary_large_image","twitter_creator":"@nahuproduciones","twitter_site":"@nahuproduciones","twitter_misc":{"Escrito por":"Cecilia Pastrana","Tiempo de lectura":"2 minutos"},"schema":{"@context":"https:\/\/schema.org","@graph":[{"@type":"WebPage","@id":"https:\/\/nahuelproducciones.com.ar\/radioquijano\/el-exintendente-manuel-cornejo-sera-juzgado-por-corrupcion-a-fin-de-ano\/","url":"https:\/\/nahuelproducciones.com.ar\/radioquijano\/el-exintendente-manuel-cornejo-sera-juzgado-por-corrupcion-a-fin-de-ano\/","name":"El exintendente Manuel Cornejo ser\u00e1 juzgado por corrupci\u00f3n a fin de a\u00f1o. - RQ 99.9","isPartOf":{"@id":"https:\/\/nahuelproducciones.com.ar\/radioquijano\/#website"},"datePublished":"2022-10-20T17:16:04+00:00","dateModified":"2022-10-20T17:16:04+00:00","author":{"@id":"https:\/\/nahuelproducciones.com.ar\/radioquijano\/#\/schema\/person\/e8a4f939e2cb487fe6d0c54042c9d32c"},"description":"La audiencia de debate se desarrollar\u00e1 en el Sal\u00f3n de Grandes Juicios de la Ciudad Judicial de Salta a partir del 21 de diciembre, y se prev\u00e9 que finalice el 6 de enero de 2023.","breadcrumb":{"@id":"https:\/\/nahuelproducciones.com.ar\/radioquijano\/el-exintendente-manuel-cornejo-sera-juzgado-por-corrupcion-a-fin-de-ano\/#breadcrumb"},"inLanguage":"es","potentialAction":[{"@type":"ReadAction","target":["https:\/\/nahuelproducciones.com.ar\/radioquijano\/el-exintendente-manuel-cornejo-sera-juzgado-por-corrupcion-a-fin-de-ano\/"]}]},{"@type":"BreadcrumbList","@id":"https:\/\/nahuelproducciones.com.ar\/radioquijano\/el-exintendente-manuel-cornejo-sera-juzgado-por-corrupcion-a-fin-de-ano\/#breadcrumb","itemListElement":[{"@type":"ListItem","position":1,"name":"Portada","item":"https:\/\/nahuelproducciones.com.ar\/radioquijano\/"},{"@type":"ListItem","position":2,"name":"El exintendente Manuel Cornejo ser\u00e1 juzgado por corrupci\u00f3n a fin de a\u00f1o."}]},{"@type":"WebSite","@id":"https:\/\/nahuelproducciones.com.ar\/radioquijano\/#website","url":"https:\/\/nahuelproducciones.com.ar\/radioquijano\/","name":"RQ 99.9","description":"Radio Quijano 99.9 MHz","potentialAction":[{"@type":"SearchAction","target":{"@type":"EntryPoint","urlTemplate":"https:\/\/nahuelproducciones.com.ar\/radioquijano\/?s={search_term_string}"},"query-input":"required name=search_term_string"}],"inLanguage":"es"},{"@type":"Person","@id":"https:\/\/nahuelproducciones.com.ar\/radioquijano\/#\/schema\/person\/e8a4f939e2cb487fe6d0c54042c9d32c","name":"Cecilia Pastrana","image":{"@type":"ImageObject","inLanguage":"es","@id":"https:\/\/nahuelproducciones.com.ar\/radioquijano\/#\/schema\/person\/image\/","url":"https:\/\/secure.gravatar.com\/avatar\/661a3ef63a8488d4f2794ed44af8cf71420f7e106f3072c40125114df5157749?s=96&d=mm&r=g","contentUrl":"https:\/\/secure.gravatar.com\/avatar\/661a3ef63a8488d4f2794ed44af8cf71420f7e106f3072c40125114df5157749?s=96&d=mm&r=g","caption":"Cecilia Pastrana"},"sameAs":["cecy"],"url":"https:\/\/nahuelproducciones.com.ar\/radioquijano\/author\/cecy\/"}]}},"_links":{"self":[{"href":"https:\/\/nahuelproducciones.com.ar\/radioquijano\/wp-json\/wp\/v2\/posts\/3607","targetHints":{"allow":["GET"]}}],"collection":[{"href":"https:\/\/nahuelproducciones.com.ar\/radioquijano\/wp-json\/wp\/v2\/posts"}],"about":[{"href":"https:\/\/nahuelproducciones.com.ar\/radioquijano\/wp-json\/wp\/v2\/types\/post"}],"author":[{"embeddable":true,"href":"https:\/\/nahuelproducciones.com.ar\/radioquijano\/wp-json\/wp\/v2\/users\/8"}],"replies":[{"embeddable":true,"href":"https:\/\/nahuelproducciones.com.ar\/radioquijano\/wp-json\/wp\/v2\/comments?post=3607"}],"version-history":[{"count":1,"href":"https:\/\/nahuelproducciones.com.ar\/radioquijano\/wp-json\/wp\/v2\/posts\/3607\/revisions"}],"predecessor-version":[{"id":3609,"href":"https:\/\/nahuelproducciones.com.ar\/radioquijano\/wp-json\/wp\/v2\/posts\/3607\/revisions\/3609"}],"wp:featuredmedia":[{"embeddable":true,"href":"https:\/\/nahuelproducciones.com.ar\/radioquijano\/wp-json\/wp\/v2\/media\/3608"}],"wp:attachment":[{"href":"https:\/\/nahuelproducciones.com.ar\/radioquijano\/wp-json\/wp\/v2\/media?parent=3607"}],"wp:term":[{"taxonomy":"category","embeddable":true,"href":"https:\/\/nahuelproducciones.com.ar\/radioquijano\/wp-json\/wp\/v2\/categories?post=3607"},{"taxonomy":"post_tag","embeddable":true,"href":"https:\/\/nahuelproducciones.com.ar\/radioquijano\/wp-json\/wp\/v2\/tags?post=3607"}],"curies":[{"name":"wp","href":"https:\/\/api.w.org\/{rel}","templated":true}]}}