{"id":3612,"date":"2022-10-25T22:22:10","date_gmt":"2022-10-26T01:22:10","guid":{"rendered":"https:\/\/nahuelproducciones.com.ar\/radioquijano\/?p=3612"},"modified":"2022-10-25T22:22:11","modified_gmt":"2022-10-26T01:22:11","slug":"el-20-de-noviembre-se-correra-el-desafio-del-acay-en-campo-quijano","status":"publish","type":"post","link":"https:\/\/nahuelproducciones.com.ar\/radioquijano\/el-20-de-noviembre-se-correra-el-desafio-del-acay-en-campo-quijano\/","title":{"rendered":"El 20 de noviembre se correr\u00e1 el Desaf\u00edo del Acay en Campo Quijano"},"content":{"rendered":"\n<p>El \u201cDesaf\u00edo\u201d se presenta como una de las carreras de monta\u00f1a de mayor altura dentro del circuito nacional. Los competidores pueden inscribirse a trav\u00e9s de la p\u00e1gina www.surieventosdeportivos.com.ar hasta el d\u00eda 15 de noviembre.<a href=\"https:\/\/www.salta.gob.ar\/public\/images\/noticias\/85561-el-20-de-noviembre-se-correra-el-desafio-del-acay-en-campo-quijano.jpg\"><\/a><\/p>\n\n\n\n<p>El 20 de noviembre se correr\u00e1 el Desaf\u00edo del Acay en Campo Quijano.<\/p>\n\n\n\n<p>Salta ser\u00e1 anfitriona de la primera edici\u00f3n del \u201c<strong>Desaf\u00edo del Acay<\/strong>\u201d, una competencia que se proyecta como el circuito de trekking de monta\u00f1a m\u00e1s exigente de todo el calendario nacional ya que propondr\u00e1 pruebas que llevar\u00e1n a los competidores a correr por senderos ubicados a m\u00e1s de 3.500 metros por sobre el nivel del mar.<\/p>\n\n\n\n<p>El subsecretario de Deportes Competitivos e Infraestructura,&nbsp;<strong>Federico Abud<\/strong>, acompa\u00f1\u00f3 a los organizadores en el evento de lanzamiento. La carrera, que iniciar\u00e1 el 20 de noviembre, tendr\u00e1 como punto de partida y llegada el km 117.5 de la Ruta Nacional 51(Departamento Campo Quijano), propondr\u00e1 circuitos de 21, 12 y 6 kil\u00f3metros.<\/p>\n\n\n\n<div class=\"wp-block-image\"><figure class=\"aligncenter is-resized\"><a href=\"https:\/\/www.salta.gob.ar\/public\/images\/noticias\/contenidos\/4486-el-20-de-noviembre-se-correra-el-desafio-del-acay-en-campo-quijano.jpg\"><img loading=\"lazy\" decoding=\"async\" src=\"https:\/\/www.salta.gob.ar\/public\/images\/noticias\/contenidos\/4486-el-20-de-noviembre-se-correra-el-desafio-del-acay-en-campo-quijano.jpg\" alt=\"El 20 de noviembre se correr\u00e1 el Desaf\u00edo del Acay en Campo Quijano\" width=\"378\" height=\"251\"\/><\/a><\/figure><\/div>\n\n\n\n<p>\u201cSin dudas estamos presentando a una de las carreras m\u00e1s desafiantes que tendr\u00e1 el circuito nacional de trekking, es una gran satisfacci\u00f3n poder acompa\u00f1ar a la organizaci\u00f3n y ya comenzar a prepararnos para recibir a deportistas de todo el pa\u00eds que llegar\u00e1n a Salta para disfrutar de la competencia y nuestros paisajes naturales\u201d, se\u00f1al\u00f3 Abud.<\/p>\n\n\n\n<p>Juan Martin Kuhl, integrante de la organizaci\u00f3n, se\u00f1al\u00f3 que \u201cEl Desaf\u00edo\u201d se ubica como \u201cla carrera m\u00e1s alta de Argentina y la tercera a nivel global\u201d. En este sentido, se destaca que los competidores recorrer\u00e1n senderos que los llevar\u00e1n desde los 3.000 y hasta los 4.500 metros sobre el nivel del mar.<\/p>\n\n\n\n<p>Las inscripciones estar\u00e1n abiertas hasta el pr\u00f3ximo 15 de noviembre y se realizan de manera virtual ingresando a&nbsp;<a href=\"http:\/\/www.surieventosdeportivos.com.ar\/\" target=\"_blank\" rel=\"noreferrer noopener\">www.surieventosdeportivos.com.ar<\/a><\/p>\n\n\n\n<p><strong>Los circuitos:<\/strong><\/p>\n\n\n\n<p><strong>Circuito 6 km (dificultad baja\/media)<\/strong><\/p>\n\n\n\n<p>Un recorrido de f\u00e1cil trayectoria, que podr\u00e1 ser realizado con una marcha r\u00e1pida o un trote ligero. Las condiciones naturales del recorrido ofrecer\u00e1n a los participantes la posibilidad de disfrutar de la belleza del lugar al transitar por una peque\u00f1a quebrada, junto a un arroyo y pastos de altura. Transcurrido ese segmento se llegar\u00e1 al punto m\u00e1s alto del recorrido: el Cerro Kuntur.<\/p>\n\n\n\n<p><strong>Circuito 12 Km (dificultad media)<\/strong><\/p>\n\n\n\n<p>Dise\u00f1ada para incentivar a quienes ya corren en el mundo del trail, y quieran dar sus primeros pasos en una nueva modalidad, mejorar el rendimiento, sumar experiencia o tomarlo como un gran desaf\u00edo. Una verdadera experiencia de skyrunning. &nbsp; &nbsp;<\/p>\n\n\n\n<div class=\"wp-block-image\"><figure class=\"aligncenter is-resized\"><a href=\"https:\/\/www.salta.gob.ar\/public\/images\/noticias\/contenidos\/4487-el-20-de-noviembre-se-correra-el-desafio-del-acay-en-campo-quijano.jpg\"><img loading=\"lazy\" decoding=\"async\" src=\"https:\/\/www.salta.gob.ar\/public\/images\/noticias\/contenidos\/4487-el-20-de-noviembre-se-correra-el-desafio-del-acay-en-campo-quijano.jpg\" alt=\"El 20 de noviembre se correr\u00e1 el Desaf\u00edo del Acay en Campo Quijano\" width=\"362\" height=\"240\"\/><\/a><\/figure><\/div>\n\n\n\n<div class=\"wp-block-image\"><figure class=\"aligncenter is-resized\"><a href=\"https:\/\/www.salta.gob.ar\/public\/images\/noticias\/contenidos\/4488-el-20-de-noviembre-se-correra-el-desafio-del-acay-en-campo-quijano.jpg\"><img loading=\"lazy\" decoding=\"async\" src=\"https:\/\/www.salta.gob.ar\/public\/images\/noticias\/contenidos\/4488-el-20-de-noviembre-se-correra-el-desafio-del-acay-en-campo-quijano.jpg\" alt=\"El 20 de noviembre se correr\u00e1 el Desaf\u00edo del Acay en Campo Quijano\" width=\"362\" height=\"240\"\/><\/a><\/figure><\/div>\n\n\n\n<p><strong>Circuito 21 km (dificultad alta\/elite)<\/strong><\/p>\n\n\n\n<p>\u00danico en su categor\u00eda dentro del skyrunning en nuestro pa\u00eds. El circuito propone el desaf\u00edo de vivir la tercera carrera m\u00e1s alta del mundo alcanzando los m\u00e1s de 5.000 metros de altura sobre el nivel del mar (cima del Nevado de Acay).<br>\u00a0<br>Participaron de la conferencia el senador provincial por La Poma Daniel Nolasco, el director de Deportes de Campo Quijano, Federico Stuky \u00a0y \u00a0Marcos Justiniano, organizador.<\/p>\n\n\n\n<p>Fuente:\u00a0<strong>Secretar\u00eda de Prensa y Comunicaci\u00f3n<\/strong><\/p>\n\n\n\n<p>   <a href=\"https:\/\/nahuelproducciones.com.ar\/index.php\/rq999\" target=\"_blank\" rel=\"noreferrer noopener\">#RQ99.9Mhz<\/a>\u00a0<a href=\"https:\/\/nahuelproducciones.com.ar\/\" target=\"_blank\" rel=\"noreferrer noopener\">#CAMPOQUIJANO<\/a>\u00a0<a href=\"http:\/\/nahuelproducciones.com.ar\/radioquijano\/\" target=\"_blank\" rel=\"noreferrer noopener\">#RadioQuijano<\/a>  <\/p>\n","protected":false},"excerpt":{"rendered":"<p>El \u201cDesaf\u00edo\u201d se presenta como una de las carreras de monta\u00f1a de mayor altura dentro del circuito nacional. Los competidores pueden inscribirse a trav\u00e9s de la p\u00e1gina www.surieventosdeportivos.com.ar hasta el d\u00eda 15 de noviembre. El 20 de noviembre se correr\u00e1 el Desaf\u00edo del Acay en Campo Quijano. Salta ser\u00e1 anfitriona de la primera edici\u00f3n del [&hellip;]<\/p>\n","protected":false},"author":8,"featured_media":3613,"comment_status":"open","ping_status":"open","sticky":false,"template":"","format":"standard","meta":{"_monsterinsights_skip_tracking":false,"_monsterinsights_sitenote_active":false,"_monsterinsights_sitenote_note":"","_monsterinsights_sitenote_category":0,"footnotes":""},"categories":[16],"tags":[36,444,698],"class_list":["post-3612","post","type-post","status-publish","format-standard","has-post-thumbnail","hentry","category-noticias","tag-campo-quijano","tag-ministerio-de-turismo-y-deportes","tag-desafio-del-acay"],"yoast_head":"<!-- This site is optimized with the Yoast SEO plugin v20.8 - https:\/\/yoast.com\/wordpress\/plugins\/seo\/ -->\n<title>El 20 de noviembre se correr\u00e1 el Desaf\u00edo del Acay en Campo Quijano - RQ 99.9<\/title>\n<meta name=\"description\" content=\"Los competidores pueden inscribirse a trav\u00e9s de la p\u00e1gina www.surieventosdeportivos.com.ar hasta el d\u00eda 15 de noviembre.\" \/>\n<meta name=\"robots\" content=\"index, follow, max-snippet:-1, max-image-preview:large, max-video-preview:-1\" \/>\n<link rel=\"canonical\" href=\"https:\/\/nahuelproducciones.com.ar\/radioquijano\/el-20-de-noviembre-se-correra-el-desafio-del-acay-en-campo-quijano\/\" \/>\n<meta property=\"og:locale\" content=\"es_ES\" \/>\n<meta property=\"og:type\" content=\"article\" \/>\n<meta property=\"og:title\" content=\"El 20 de noviembre se correr\u00e1 el Desaf\u00edo del Acay en Campo Quijano - RQ 99.9\" \/>\n<meta property=\"og:description\" content=\"Los competidores pueden inscribirse a trav\u00e9s de la p\u00e1gina www.surieventosdeportivos.com.ar hasta el d\u00eda 15 de noviembre.\" \/>\n<meta property=\"og:url\" content=\"https:\/\/nahuelproducciones.com.ar\/radioquijano\/el-20-de-noviembre-se-correra-el-desafio-del-acay-en-campo-quijano\/\" \/>\n<meta property=\"og:site_name\" content=\"RQ 99.9\" \/>\n<meta property=\"article:publisher\" content=\"https:\/\/www.facebook.com\/nahuelproducciones999\/\" \/>\n<meta property=\"article:published_time\" content=\"2022-10-26T01:22:10+00:00\" \/>\n<meta property=\"article:modified_time\" content=\"2022-10-26T01:22:11+00:00\" \/>\n<meta property=\"og:image\" content=\"https:\/\/nahuelproducciones.com.ar\/radioquijano\/wp-content\/uploads\/2022\/10\/85561-el-20-de-noviembre-se-correra-el-desafio-del-acay-en-campo-quijano.jpg\" \/>\n\t<meta property=\"og:image:width\" content=\"560\" \/>\n\t<meta property=\"og:image:height\" content=\"372\" \/>\n\t<meta property=\"og:image:type\" content=\"image\/jpeg\" \/>\n<meta name=\"author\" content=\"Cecilia Pastrana\" \/>\n<meta name=\"twitter:card\" content=\"summary_large_image\" \/>\n<meta name=\"twitter:creator\" content=\"@nahuproduciones\" \/>\n<meta name=\"twitter:site\" content=\"@nahuproduciones\" \/>\n<meta name=\"twitter:label1\" content=\"Escrito por\" \/>\n\t<meta name=\"twitter:data1\" content=\"Cecilia Pastrana\" \/>\n\t<meta name=\"twitter:label2\" content=\"Tiempo de lectura\" \/>\n\t<meta name=\"twitter:data2\" content=\"3 minutos\" \/>\n<script type=\"application\/ld+json\" class=\"yoast-schema-graph\">{\"@context\":\"https:\/\/schema.org\",\"@graph\":[{\"@type\":\"WebPage\",\"@id\":\"https:\/\/nahuelproducciones.com.ar\/radioquijano\/el-20-de-noviembre-se-correra-el-desafio-del-acay-en-campo-quijano\/\",\"url\":\"https:\/\/nahuelproducciones.com.ar\/radioquijano\/el-20-de-noviembre-se-correra-el-desafio-del-acay-en-campo-quijano\/\",\"name\":\"El 20 de noviembre se correr\u00e1 el Desaf\u00edo del Acay en Campo Quijano - RQ 99.9\",\"isPartOf\":{\"@id\":\"https:\/\/nahuelproducciones.com.ar\/radioquijano\/#website\"},\"datePublished\":\"2022-10-26T01:22:10+00:00\",\"dateModified\":\"2022-10-26T01:22:11+00:00\",\"author\":{\"@id\":\"https:\/\/nahuelproducciones.com.ar\/radioquijano\/#\/schema\/person\/e8a4f939e2cb487fe6d0c54042c9d32c\"},\"description\":\"Los competidores pueden inscribirse a trav\u00e9s de la p\u00e1gina www.surieventosdeportivos.com.ar hasta el d\u00eda 15 de noviembre.\",\"breadcrumb\":{\"@id\":\"https:\/\/nahuelproducciones.com.ar\/radioquijano\/el-20-de-noviembre-se-correra-el-desafio-del-acay-en-campo-quijano\/#breadcrumb\"},\"inLanguage\":\"es\",\"potentialAction\":[{\"@type\":\"ReadAction\",\"target\":[\"https:\/\/nahuelproducciones.com.ar\/radioquijano\/el-20-de-noviembre-se-correra-el-desafio-del-acay-en-campo-quijano\/\"]}]},{\"@type\":\"BreadcrumbList\",\"@id\":\"https:\/\/nahuelproducciones.com.ar\/radioquijano\/el-20-de-noviembre-se-correra-el-desafio-del-acay-en-campo-quijano\/#breadcrumb\",\"itemListElement\":[{\"@type\":\"ListItem\",\"position\":1,\"name\":\"Portada\",\"item\":\"https:\/\/nahuelproducciones.com.ar\/radioquijano\/\"},{\"@type\":\"ListItem\",\"position\":2,\"name\":\"El 20 de noviembre se correr\u00e1 el Desaf\u00edo del Acay en Campo Quijano\"}]},{\"@type\":\"WebSite\",\"@id\":\"https:\/\/nahuelproducciones.com.ar\/radioquijano\/#website\",\"url\":\"https:\/\/nahuelproducciones.com.ar\/radioquijano\/\",\"name\":\"RQ 99.9\",\"description\":\"Radio Quijano 99.9 MHz\",\"potentialAction\":[{\"@type\":\"SearchAction\",\"target\":{\"@type\":\"EntryPoint\",\"urlTemplate\":\"https:\/\/nahuelproducciones.com.ar\/radioquijano\/?s={search_term_string}\"},\"query-input\":\"required name=search_term_string\"}],\"inLanguage\":\"es\"},{\"@type\":\"Person\",\"@id\":\"https:\/\/nahuelproducciones.com.ar\/radioquijano\/#\/schema\/person\/e8a4f939e2cb487fe6d0c54042c9d32c\",\"name\":\"Cecilia Pastrana\",\"image\":{\"@type\":\"ImageObject\",\"inLanguage\":\"es\",\"@id\":\"https:\/\/nahuelproducciones.com.ar\/radioquijano\/#\/schema\/person\/image\/\",\"url\":\"https:\/\/secure.gravatar.com\/avatar\/661a3ef63a8488d4f2794ed44af8cf71420f7e106f3072c40125114df5157749?s=96&d=mm&r=g\",\"contentUrl\":\"https:\/\/secure.gravatar.com\/avatar\/661a3ef63a8488d4f2794ed44af8cf71420f7e106f3072c40125114df5157749?s=96&d=mm&r=g\",\"caption\":\"Cecilia Pastrana\"},\"sameAs\":[\"cecy\"],\"url\":\"https:\/\/nahuelproducciones.com.ar\/radioquijano\/author\/cecy\/\"}]}<\/script>\n<!-- \/ Yoast SEO plugin. -->","yoast_head_json":{"title":"El 20 de noviembre se correr\u00e1 el Desaf\u00edo del Acay en Campo Quijano - RQ 99.9","description":"Los competidores pueden inscribirse a trav\u00e9s de la p\u00e1gina www.surieventosdeportivos.com.ar hasta el d\u00eda 15 de noviembre.","robots":{"index":"index","follow":"follow","max-snippet":"max-snippet:-1","max-image-preview":"max-image-preview:large","max-video-preview":"max-video-preview:-1"},"canonical":"https:\/\/nahuelproducciones.com.ar\/radioquijano\/el-20-de-noviembre-se-correra-el-desafio-del-acay-en-campo-quijano\/","og_locale":"es_ES","og_type":"article","og_title":"El 20 de noviembre se correr\u00e1 el Desaf\u00edo del Acay en Campo Quijano - RQ 99.9","og_description":"Los competidores pueden inscribirse a trav\u00e9s de la p\u00e1gina www.surieventosdeportivos.com.ar hasta el d\u00eda 15 de noviembre.","og_url":"https:\/\/nahuelproducciones.com.ar\/radioquijano\/el-20-de-noviembre-se-correra-el-desafio-del-acay-en-campo-quijano\/","og_site_name":"RQ 99.9","article_publisher":"https:\/\/www.facebook.com\/nahuelproducciones999\/","article_published_time":"2022-10-26T01:22:10+00:00","article_modified_time":"2022-10-26T01:22:11+00:00","og_image":[{"width":560,"height":372,"url":"https:\/\/nahuelproducciones.com.ar\/radioquijano\/wp-content\/uploads\/2022\/10\/85561-el-20-de-noviembre-se-correra-el-desafio-del-acay-en-campo-quijano.jpg","type":"image\/jpeg"}],"author":"Cecilia Pastrana","twitter_card":"summary_large_image","twitter_creator":"@nahuproduciones","twitter_site":"@nahuproduciones","twitter_misc":{"Escrito por":"Cecilia Pastrana","Tiempo de lectura":"3 minutos"},"schema":{"@context":"https:\/\/schema.org","@graph":[{"@type":"WebPage","@id":"https:\/\/nahuelproducciones.com.ar\/radioquijano\/el-20-de-noviembre-se-correra-el-desafio-del-acay-en-campo-quijano\/","url":"https:\/\/nahuelproducciones.com.ar\/radioquijano\/el-20-de-noviembre-se-correra-el-desafio-del-acay-en-campo-quijano\/","name":"El 20 de noviembre se correr\u00e1 el Desaf\u00edo del Acay en Campo Quijano - RQ 99.9","isPartOf":{"@id":"https:\/\/nahuelproducciones.com.ar\/radioquijano\/#website"},"datePublished":"2022-10-26T01:22:10+00:00","dateModified":"2022-10-26T01:22:11+00:00","author":{"@id":"https:\/\/nahuelproducciones.com.ar\/radioquijano\/#\/schema\/person\/e8a4f939e2cb487fe6d0c54042c9d32c"},"description":"Los competidores pueden inscribirse a trav\u00e9s de la p\u00e1gina www.surieventosdeportivos.com.ar hasta el d\u00eda 15 de noviembre.","breadcrumb":{"@id":"https:\/\/nahuelproducciones.com.ar\/radioquijano\/el-20-de-noviembre-se-correra-el-desafio-del-acay-en-campo-quijano\/#breadcrumb"},"inLanguage":"es","potentialAction":[{"@type":"ReadAction","target":["https:\/\/nahuelproducciones.com.ar\/radioquijano\/el-20-de-noviembre-se-correra-el-desafio-del-acay-en-campo-quijano\/"]}]},{"@type":"BreadcrumbList","@id":"https:\/\/nahuelproducciones.com.ar\/radioquijano\/el-20-de-noviembre-se-correra-el-desafio-del-acay-en-campo-quijano\/#breadcrumb","itemListElement":[{"@type":"ListItem","position":1,"name":"Portada","item":"https:\/\/nahuelproducciones.com.ar\/radioquijano\/"},{"@type":"ListItem","position":2,"name":"El 20 de noviembre se correr\u00e1 el Desaf\u00edo del Acay en Campo Quijano"}]},{"@type":"WebSite","@id":"https:\/\/nahuelproducciones.com.ar\/radioquijano\/#website","url":"https:\/\/nahuelproducciones.com.ar\/radioquijano\/","name":"RQ 99.9","description":"Radio Quijano 99.9 MHz","potentialAction":[{"@type":"SearchAction","target":{"@type":"EntryPoint","urlTemplate":"https:\/\/nahuelproducciones.com.ar\/radioquijano\/?s={search_term_string}"},"query-input":"required name=search_term_string"}],"inLanguage":"es"},{"@type":"Person","@id":"https:\/\/nahuelproducciones.com.ar\/radioquijano\/#\/schema\/person\/e8a4f939e2cb487fe6d0c54042c9d32c","name":"Cecilia Pastrana","image":{"@type":"ImageObject","inLanguage":"es","@id":"https:\/\/nahuelproducciones.com.ar\/radioquijano\/#\/schema\/person\/image\/","url":"https:\/\/secure.gravatar.com\/avatar\/661a3ef63a8488d4f2794ed44af8cf71420f7e106f3072c40125114df5157749?s=96&d=mm&r=g","contentUrl":"https:\/\/secure.gravatar.com\/avatar\/661a3ef63a8488d4f2794ed44af8cf71420f7e106f3072c40125114df5157749?s=96&d=mm&r=g","caption":"Cecilia Pastrana"},"sameAs":["cecy"],"url":"https:\/\/nahuelproducciones.com.ar\/radioquijano\/author\/cecy\/"}]}},"_links":{"self":[{"href":"https:\/\/nahuelproducciones.com.ar\/radioquijano\/wp-json\/wp\/v2\/posts\/3612","targetHints":{"allow":["GET"]}}],"collection":[{"href":"https:\/\/nahuelproducciones.com.ar\/radioquijano\/wp-json\/wp\/v2\/posts"}],"about":[{"href":"https:\/\/nahuelproducciones.com.ar\/radioquijano\/wp-json\/wp\/v2\/types\/post"}],"author":[{"embeddable":true,"href":"https:\/\/nahuelproducciones.com.ar\/radioquijano\/wp-json\/wp\/v2\/users\/8"}],"replies":[{"embeddable":true,"href":"https:\/\/nahuelproducciones.com.ar\/radioquijano\/wp-json\/wp\/v2\/comments?post=3612"}],"version-history":[{"count":1,"href":"https:\/\/nahuelproducciones.com.ar\/radioquijano\/wp-json\/wp\/v2\/posts\/3612\/revisions"}],"predecessor-version":[{"id":3614,"href":"https:\/\/nahuelproducciones.com.ar\/radioquijano\/wp-json\/wp\/v2\/posts\/3612\/revisions\/3614"}],"wp:featuredmedia":[{"embeddable":true,"href":"https:\/\/nahuelproducciones.com.ar\/radioquijano\/wp-json\/wp\/v2\/media\/3613"}],"wp:attachment":[{"href":"https:\/\/nahuelproducciones.com.ar\/radioquijano\/wp-json\/wp\/v2\/media?parent=3612"}],"wp:term":[{"taxonomy":"category","embeddable":true,"href":"https:\/\/nahuelproducciones.com.ar\/radioquijano\/wp-json\/wp\/v2\/categories?post=3612"},{"taxonomy":"post_tag","embeddable":true,"href":"https:\/\/nahuelproducciones.com.ar\/radioquijano\/wp-json\/wp\/v2\/tags?post=3612"}],"curies":[{"name":"wp","href":"https:\/\/api.w.org\/{rel}","templated":true}]}}