{"id":3636,"date":"2022-10-27T08:59:02","date_gmt":"2022-10-27T11:59:02","guid":{"rendered":"https:\/\/nahuelproducciones.com.ar\/radioquijano\/?p=3636"},"modified":"2022-10-27T08:59:03","modified_gmt":"2022-10-27T11:59:03","slug":"la-provincia-dotara-de-gas-natural-a-familias-de-la-silleta","status":"publish","type":"post","link":"https:\/\/nahuelproducciones.com.ar\/radioquijano\/la-provincia-dotara-de-gas-natural-a-familias-de-la-silleta\/","title":{"rendered":"La Provincia dotar\u00e1 de gas natural a familias de La Silleta."},"content":{"rendered":"\n<p> En el Bolet\u00edn Oficial de la Provincia, la Secretar\u00eda de Recursos Energ\u00e9ticos y Mineros de Salta, llama a licitaci\u00f3n para la  \u00abOBRA DE AMPLIACI\u00d3N RED DE GAS NATURAL EN LAS LOCALIDADES DE LA SILLETA Y ROSARIO DE LERMA- PROVINCIA DE SALTA.\u00bb<\/p>\n\n\n\n<p>Precio del Pliego: $ 150.000 (pesos ciento cincuenta mil). El dep\u00f3sito deber\u00e1 efectuarse en la cuenta corriente que posee REMSa SA en el Banco Macro SA, N\u00b0 3-100-0940055914-9; CBU N\u00ba 2850100-6 3009400559149-1.<br><br>Consulta y Venta del Pliego: del 31 de octubre de 2022 al 07 de noviembre de 2022, de 8:00 a 14:00 horas en: sede social de REMSa SA, sita en Manuel Sol\u00e1 N\u00b0 171- 4400- Salta- Tel\u00e9fono: 0387-4312744.<\/p>\n\n\n\n<p>La presentaci\u00f3n\u00a0de\u00a0ofertas ser\u00e1 hasta horas 10:00 del  22 de noviembre 2022 , en Manuel Sol\u00e1 N\u00b0 171- 4400 Salta.<\/p>\n\n\n\n<p>La apertura de sobres se realizar\u00e1 el martes 22 de noviembre de 2022, a horas 11:00, en Manuel Sol\u00e1 N\u00b0 171- 4.400- ciudad de Salta.<\/p>\n\n\n\n<p>La obra representar\u00e1 un beneficio concreto en los hogares y en la calidad de vida de los habitantes de La Silleta y Rosario de Lerma. M\u00e1s vecinos podr\u00e1n conectarse a la red de gas natural gracias a esta ampliaci\u00f3n.<\/p>\n\n\n\n<p><\/p>\n\n\n\n<figure class=\"wp-block-gallery columns-1 is-cropped wp-block-gallery-1 is-layout-flex wp-block-gallery-is-layout-flex\"><ul class=\"blocks-gallery-grid\"><li class=\"blocks-gallery-item\"><figure><img loading=\"lazy\" decoding=\"async\" width=\"720\" height=\"495\" src=\"https:\/\/nahuelproducciones.com.ar\/radioquijano\/wp-content\/uploads\/2022\/10\/WhatsApp-Image-2022-10-27-at-8.39.44-AM.jpeg\" alt=\"\" data-id=\"3638\" data-full-url=\"https:\/\/nahuelproducciones.com.ar\/radioquijano\/wp-content\/uploads\/2022\/10\/WhatsApp-Image-2022-10-27-at-8.39.44-AM.jpeg\" data-link=\"https:\/\/nahuelproducciones.com.ar\/radioquijano\/?attachment_id=3638\" class=\"wp-image-3638\" srcset=\"https:\/\/nahuelproducciones.com.ar\/radioquijano\/wp-content\/uploads\/2022\/10\/WhatsApp-Image-2022-10-27-at-8.39.44-AM.jpeg 720w, https:\/\/nahuelproducciones.com.ar\/radioquijano\/wp-content\/uploads\/2022\/10\/WhatsApp-Image-2022-10-27-at-8.39.44-AM-300x206.jpeg 300w, https:\/\/nahuelproducciones.com.ar\/radioquijano\/wp-content\/uploads\/2022\/10\/WhatsApp-Image-2022-10-27-at-8.39.44-AM-150x103.jpeg 150w\" sizes=\"auto, (max-width: 720px) 100vw, 720px\" \/><\/figure><\/li><\/ul><\/figure>\n\n\n\n<p>   <a href=\"https:\/\/nahuelproducciones.com.ar\/index.php\/rq999\" target=\"_blank\" rel=\"noreferrer noopener\">#RQ99.9Mhz<\/a>\u00a0<a href=\"https:\/\/nahuelproducciones.com.ar\/\" target=\"_blank\" rel=\"noreferrer noopener\">#CAMPOQUIJANO<\/a>\u00a0<a href=\"http:\/\/nahuelproducciones.com.ar\/radioquijano\/\" target=\"_blank\" rel=\"noreferrer noopener\">#RadioQuijano<\/a>   <\/p>\n","protected":false},"excerpt":{"rendered":"<p>En el Bolet\u00edn Oficial de la Provincia, la Secretar\u00eda de Recursos Energ\u00e9ticos y Mineros de Salta, llama a licitaci\u00f3n para la \u00abOBRA DE AMPLIACI\u00d3N RED DE GAS NATURAL EN LAS LOCALIDADES DE LA SILLETA Y ROSARIO DE LERMA- PROVINCIA DE SALTA.\u00bb Precio del Pliego: $ 150.000 (pesos ciento cincuenta mil). El dep\u00f3sito deber\u00e1 efectuarse en [&hellip;]<\/p>\n","protected":false},"author":8,"featured_media":3638,"comment_status":"open","ping_status":"open","sticky":false,"template":"","format":"standard","meta":{"_monsterinsights_skip_tracking":false,"_monsterinsights_sitenote_active":false,"_monsterinsights_sitenote_note":"","_monsterinsights_sitenote_category":0,"footnotes":""},"categories":[16],"tags":[709,36,710,47,708],"class_list":["post-3636","post","type-post","status-publish","format-standard","has-post-thumbnail","hentry","category-noticias","tag-ampliacion-red-de-gas-natural","tag-campo-quijano","tag-licitacion","tag-rosario-de-lerma","tag-secretaria-de-recursos-energeticos-y-mineros-de-salta"],"yoast_head":"<!-- This site is optimized with the Yoast SEO plugin v20.8 - https:\/\/yoast.com\/wordpress\/plugins\/seo\/ -->\n<title>La Provincia dotar\u00e1 de gas natural a familias de La Silleta. - RQ 99.9<\/title>\n<meta name=\"description\" content=\"La apertura de sobres se realizar\u00e1 el martes 22 de noviembre de 2022, a horas 11:00, en Manuel Sol\u00e1 N\u00b0 171- 4.400- ciudad de Salta\" \/>\n<meta name=\"robots\" content=\"index, follow, max-snippet:-1, max-image-preview:large, max-video-preview:-1\" \/>\n<link rel=\"canonical\" href=\"https:\/\/nahuelproducciones.com.ar\/radioquijano\/la-provincia-dotara-de-gas-natural-a-familias-de-la-silleta\/\" \/>\n<meta property=\"og:locale\" content=\"es_ES\" \/>\n<meta property=\"og:type\" content=\"article\" \/>\n<meta property=\"og:title\" content=\"La Provincia dotar\u00e1 de gas natural a familias de La Silleta. - RQ 99.9\" \/>\n<meta property=\"og:description\" content=\"La apertura de sobres se realizar\u00e1 el martes 22 de noviembre de 2022, a horas 11:00, en Manuel Sol\u00e1 N\u00b0 171- 4.400- ciudad de Salta\" \/>\n<meta property=\"og:url\" content=\"https:\/\/nahuelproducciones.com.ar\/radioquijano\/la-provincia-dotara-de-gas-natural-a-familias-de-la-silleta\/\" \/>\n<meta property=\"og:site_name\" content=\"RQ 99.9\" \/>\n<meta property=\"article:publisher\" content=\"https:\/\/www.facebook.com\/nahuelproducciones999\/\" \/>\n<meta property=\"article:published_time\" content=\"2022-10-27T11:59:02+00:00\" \/>\n<meta property=\"article:modified_time\" content=\"2022-10-27T11:59:03+00:00\" \/>\n<meta property=\"og:image\" content=\"https:\/\/nahuelproducciones.com.ar\/radioquijano\/wp-content\/uploads\/2022\/10\/WhatsApp-Image-2022-10-27-at-8.39.44-AM.jpeg\" \/>\n\t<meta property=\"og:image:width\" content=\"720\" \/>\n\t<meta property=\"og:image:height\" content=\"495\" \/>\n\t<meta property=\"og:image:type\" content=\"image\/jpeg\" \/>\n<meta name=\"author\" content=\"Cecilia Pastrana\" \/>\n<meta name=\"twitter:card\" content=\"summary_large_image\" \/>\n<meta name=\"twitter:creator\" content=\"@nahuproduciones\" \/>\n<meta name=\"twitter:site\" content=\"@nahuproduciones\" \/>\n<meta name=\"twitter:label1\" content=\"Escrito por\" \/>\n\t<meta name=\"twitter:data1\" content=\"Cecilia Pastrana\" \/>\n\t<meta name=\"twitter:label2\" content=\"Tiempo de lectura\" \/>\n\t<meta name=\"twitter:data2\" content=\"2 minutos\" \/>\n<script type=\"application\/ld+json\" class=\"yoast-schema-graph\">{\"@context\":\"https:\/\/schema.org\",\"@graph\":[{\"@type\":\"WebPage\",\"@id\":\"https:\/\/nahuelproducciones.com.ar\/radioquijano\/la-provincia-dotara-de-gas-natural-a-familias-de-la-silleta\/\",\"url\":\"https:\/\/nahuelproducciones.com.ar\/radioquijano\/la-provincia-dotara-de-gas-natural-a-familias-de-la-silleta\/\",\"name\":\"La Provincia dotar\u00e1 de gas natural a familias de La Silleta. - RQ 99.9\",\"isPartOf\":{\"@id\":\"https:\/\/nahuelproducciones.com.ar\/radioquijano\/#website\"},\"datePublished\":\"2022-10-27T11:59:02+00:00\",\"dateModified\":\"2022-10-27T11:59:03+00:00\",\"author\":{\"@id\":\"https:\/\/nahuelproducciones.com.ar\/radioquijano\/#\/schema\/person\/e8a4f939e2cb487fe6d0c54042c9d32c\"},\"description\":\"La apertura de sobres se realizar\u00e1 el martes 22 de noviembre de 2022, a horas 11:00, en Manuel Sol\u00e1 N\u00b0 171- 4.400- ciudad de Salta\",\"breadcrumb\":{\"@id\":\"https:\/\/nahuelproducciones.com.ar\/radioquijano\/la-provincia-dotara-de-gas-natural-a-familias-de-la-silleta\/#breadcrumb\"},\"inLanguage\":\"es\",\"potentialAction\":[{\"@type\":\"ReadAction\",\"target\":[\"https:\/\/nahuelproducciones.com.ar\/radioquijano\/la-provincia-dotara-de-gas-natural-a-familias-de-la-silleta\/\"]}]},{\"@type\":\"BreadcrumbList\",\"@id\":\"https:\/\/nahuelproducciones.com.ar\/radioquijano\/la-provincia-dotara-de-gas-natural-a-familias-de-la-silleta\/#breadcrumb\",\"itemListElement\":[{\"@type\":\"ListItem\",\"position\":1,\"name\":\"Portada\",\"item\":\"https:\/\/nahuelproducciones.com.ar\/radioquijano\/\"},{\"@type\":\"ListItem\",\"position\":2,\"name\":\"La Provincia dotar\u00e1 de gas natural a familias de La Silleta.\"}]},{\"@type\":\"WebSite\",\"@id\":\"https:\/\/nahuelproducciones.com.ar\/radioquijano\/#website\",\"url\":\"https:\/\/nahuelproducciones.com.ar\/radioquijano\/\",\"name\":\"RQ 99.9\",\"description\":\"Radio Quijano 99.9 MHz\",\"potentialAction\":[{\"@type\":\"SearchAction\",\"target\":{\"@type\":\"EntryPoint\",\"urlTemplate\":\"https:\/\/nahuelproducciones.com.ar\/radioquijano\/?s={search_term_string}\"},\"query-input\":\"required name=search_term_string\"}],\"inLanguage\":\"es\"},{\"@type\":\"Person\",\"@id\":\"https:\/\/nahuelproducciones.com.ar\/radioquijano\/#\/schema\/person\/e8a4f939e2cb487fe6d0c54042c9d32c\",\"name\":\"Cecilia Pastrana\",\"image\":{\"@type\":\"ImageObject\",\"inLanguage\":\"es\",\"@id\":\"https:\/\/nahuelproducciones.com.ar\/radioquijano\/#\/schema\/person\/image\/\",\"url\":\"https:\/\/secure.gravatar.com\/avatar\/661a3ef63a8488d4f2794ed44af8cf71420f7e106f3072c40125114df5157749?s=96&d=mm&r=g\",\"contentUrl\":\"https:\/\/secure.gravatar.com\/avatar\/661a3ef63a8488d4f2794ed44af8cf71420f7e106f3072c40125114df5157749?s=96&d=mm&r=g\",\"caption\":\"Cecilia Pastrana\"},\"sameAs\":[\"cecy\"],\"url\":\"https:\/\/nahuelproducciones.com.ar\/radioquijano\/author\/cecy\/\"}]}<\/script>\n<!-- \/ Yoast SEO plugin. -->","yoast_head_json":{"title":"La Provincia dotar\u00e1 de gas natural a familias de La Silleta. - RQ 99.9","description":"La apertura de sobres se realizar\u00e1 el martes 22 de noviembre de 2022, a horas 11:00, en Manuel Sol\u00e1 N\u00b0 171- 4.400- ciudad de Salta","robots":{"index":"index","follow":"follow","max-snippet":"max-snippet:-1","max-image-preview":"max-image-preview:large","max-video-preview":"max-video-preview:-1"},"canonical":"https:\/\/nahuelproducciones.com.ar\/radioquijano\/la-provincia-dotara-de-gas-natural-a-familias-de-la-silleta\/","og_locale":"es_ES","og_type":"article","og_title":"La Provincia dotar\u00e1 de gas natural a familias de La Silleta. - RQ 99.9","og_description":"La apertura de sobres se realizar\u00e1 el martes 22 de noviembre de 2022, a horas 11:00, en Manuel Sol\u00e1 N\u00b0 171- 4.400- ciudad de Salta","og_url":"https:\/\/nahuelproducciones.com.ar\/radioquijano\/la-provincia-dotara-de-gas-natural-a-familias-de-la-silleta\/","og_site_name":"RQ 99.9","article_publisher":"https:\/\/www.facebook.com\/nahuelproducciones999\/","article_published_time":"2022-10-27T11:59:02+00:00","article_modified_time":"2022-10-27T11:59:03+00:00","og_image":[{"width":720,"height":495,"url":"https:\/\/nahuelproducciones.com.ar\/radioquijano\/wp-content\/uploads\/2022\/10\/WhatsApp-Image-2022-10-27-at-8.39.44-AM.jpeg","type":"image\/jpeg"}],"author":"Cecilia Pastrana","twitter_card":"summary_large_image","twitter_creator":"@nahuproduciones","twitter_site":"@nahuproduciones","twitter_misc":{"Escrito por":"Cecilia Pastrana","Tiempo de lectura":"2 minutos"},"schema":{"@context":"https:\/\/schema.org","@graph":[{"@type":"WebPage","@id":"https:\/\/nahuelproducciones.com.ar\/radioquijano\/la-provincia-dotara-de-gas-natural-a-familias-de-la-silleta\/","url":"https:\/\/nahuelproducciones.com.ar\/radioquijano\/la-provincia-dotara-de-gas-natural-a-familias-de-la-silleta\/","name":"La Provincia dotar\u00e1 de gas natural a familias de La Silleta. - RQ 99.9","isPartOf":{"@id":"https:\/\/nahuelproducciones.com.ar\/radioquijano\/#website"},"datePublished":"2022-10-27T11:59:02+00:00","dateModified":"2022-10-27T11:59:03+00:00","author":{"@id":"https:\/\/nahuelproducciones.com.ar\/radioquijano\/#\/schema\/person\/e8a4f939e2cb487fe6d0c54042c9d32c"},"description":"La apertura de sobres se realizar\u00e1 el martes 22 de noviembre de 2022, a horas 11:00, en Manuel Sol\u00e1 N\u00b0 171- 4.400- ciudad de Salta","breadcrumb":{"@id":"https:\/\/nahuelproducciones.com.ar\/radioquijano\/la-provincia-dotara-de-gas-natural-a-familias-de-la-silleta\/#breadcrumb"},"inLanguage":"es","potentialAction":[{"@type":"ReadAction","target":["https:\/\/nahuelproducciones.com.ar\/radioquijano\/la-provincia-dotara-de-gas-natural-a-familias-de-la-silleta\/"]}]},{"@type":"BreadcrumbList","@id":"https:\/\/nahuelproducciones.com.ar\/radioquijano\/la-provincia-dotara-de-gas-natural-a-familias-de-la-silleta\/#breadcrumb","itemListElement":[{"@type":"ListItem","position":1,"name":"Portada","item":"https:\/\/nahuelproducciones.com.ar\/radioquijano\/"},{"@type":"ListItem","position":2,"name":"La Provincia dotar\u00e1 de gas natural a familias de La Silleta."}]},{"@type":"WebSite","@id":"https:\/\/nahuelproducciones.com.ar\/radioquijano\/#website","url":"https:\/\/nahuelproducciones.com.ar\/radioquijano\/","name":"RQ 99.9","description":"Radio Quijano 99.9 MHz","potentialAction":[{"@type":"SearchAction","target":{"@type":"EntryPoint","urlTemplate":"https:\/\/nahuelproducciones.com.ar\/radioquijano\/?s={search_term_string}"},"query-input":"required name=search_term_string"}],"inLanguage":"es"},{"@type":"Person","@id":"https:\/\/nahuelproducciones.com.ar\/radioquijano\/#\/schema\/person\/e8a4f939e2cb487fe6d0c54042c9d32c","name":"Cecilia Pastrana","image":{"@type":"ImageObject","inLanguage":"es","@id":"https:\/\/nahuelproducciones.com.ar\/radioquijano\/#\/schema\/person\/image\/","url":"https:\/\/secure.gravatar.com\/avatar\/661a3ef63a8488d4f2794ed44af8cf71420f7e106f3072c40125114df5157749?s=96&d=mm&r=g","contentUrl":"https:\/\/secure.gravatar.com\/avatar\/661a3ef63a8488d4f2794ed44af8cf71420f7e106f3072c40125114df5157749?s=96&d=mm&r=g","caption":"Cecilia Pastrana"},"sameAs":["cecy"],"url":"https:\/\/nahuelproducciones.com.ar\/radioquijano\/author\/cecy\/"}]}},"_links":{"self":[{"href":"https:\/\/nahuelproducciones.com.ar\/radioquijano\/wp-json\/wp\/v2\/posts\/3636","targetHints":{"allow":["GET"]}}],"collection":[{"href":"https:\/\/nahuelproducciones.com.ar\/radioquijano\/wp-json\/wp\/v2\/posts"}],"about":[{"href":"https:\/\/nahuelproducciones.com.ar\/radioquijano\/wp-json\/wp\/v2\/types\/post"}],"author":[{"embeddable":true,"href":"https:\/\/nahuelproducciones.com.ar\/radioquijano\/wp-json\/wp\/v2\/users\/8"}],"replies":[{"embeddable":true,"href":"https:\/\/nahuelproducciones.com.ar\/radioquijano\/wp-json\/wp\/v2\/comments?post=3636"}],"version-history":[{"count":1,"href":"https:\/\/nahuelproducciones.com.ar\/radioquijano\/wp-json\/wp\/v2\/posts\/3636\/revisions"}],"predecessor-version":[{"id":3639,"href":"https:\/\/nahuelproducciones.com.ar\/radioquijano\/wp-json\/wp\/v2\/posts\/3636\/revisions\/3639"}],"wp:featuredmedia":[{"embeddable":true,"href":"https:\/\/nahuelproducciones.com.ar\/radioquijano\/wp-json\/wp\/v2\/media\/3638"}],"wp:attachment":[{"href":"https:\/\/nahuelproducciones.com.ar\/radioquijano\/wp-json\/wp\/v2\/media?parent=3636"}],"wp:term":[{"taxonomy":"category","embeddable":true,"href":"https:\/\/nahuelproducciones.com.ar\/radioquijano\/wp-json\/wp\/v2\/categories?post=3636"},{"taxonomy":"post_tag","embeddable":true,"href":"https:\/\/nahuelproducciones.com.ar\/radioquijano\/wp-json\/wp\/v2\/tags?post=3636"}],"curies":[{"name":"wp","href":"https:\/\/api.w.org\/{rel}","templated":true}]}}