{"id":3652,"date":"2022-10-30T14:14:38","date_gmt":"2022-10-30T17:14:38","guid":{"rendered":"https:\/\/nahuelproducciones.com.ar\/radioquijano\/?p=3652"},"modified":"2022-10-30T14:32:03","modified_gmt":"2022-10-30T17:32:03","slug":"alerta-metereologico-por-fuertes-vientos","status":"publish","type":"post","link":"https:\/\/nahuelproducciones.com.ar\/radioquijano\/alerta-metereologico-por-fuertes-vientos\/","title":{"rendered":"Alerta Metereol\u00f3gico por fuertes vientos"},"content":{"rendered":"\n<p>Contin\u00faa vigente el alerta meteorol\u00f3gico por probabilidad de viento\u00a0para ma\u00f1ana en los Departamentos\u00a0de San Mart\u00edn, Or\u00e1n, Rivadavia, Santa Victoria, Anta, Capital, Cerrillos, Guachipas, Chicoana, Cafayate, Rosario de Lerma, Met\u00e1n, Rosario de la Frontera, La Candelaria, La Vi\u00f1a, La Caldera\u00a0y General G\u00fcemes, pudiendo producirse r\u00e1fagas\u00a0moderadas en departamentos vecinos.<\/p>\n\n\n\n<p>Las intensidades oscilaran entre 40 a 50 km\/hs. pudiendo alcanzar los\u00a090 km\/hs.<\/p>\n\n\n\n<p>Defensa Civil tambi\u00e9n informa el \u00cdndice meteorol\u00f3gico para incendios forestales<\/p>\n\n\n\n<p>Hoy 30 de Octubre, se espera que el \u00edndice meteorol\u00f3gico por peligro de incendios forestales sea <a href=\"https:\/\/www.facebook.com\/hashtag\/extremo?__eep__=6&amp;__cft__[0]=AZX10-kvWKuWNv1fa5pWrCgQMjK6QdAIo8sAILyRKLPWIkevq4pwpyt173DKb6K-bxHK6geekIR7IvA5mAoB1m7Esa5ovbAWhsVcv5-8zdSYGp2ZME9O_WaFDZI9qJ48zGZuJdxddYR--mnRCNJyqQVrw0ZMo4pD2sDhuLKehJvspYkjyKQs_ybX32ctlTv-_dI&amp;__tn__=*NK-R\">#EXTREMO<\/a>, para toda la provincia. Recomendamos a la comunidad:<\/p>\n\n\n\n<blockquote class=\"wp-block-quote has-text-align-center is-style-large is-layout-flow wp-block-quote-is-layout-flow\"><p>No arrojes cigarrillos ni f\u00f3sforos al suelo No enciendas fuego en el monte Avisar al 911 si detectas una columna de humo<\/p><p><img loading=\"lazy\" decoding=\"async\" width=\"400\" height=\"400\" class=\"wp-image-3660\" style=\"width: 400px;\" src=\"https:\/\/nahuelproducciones.com.ar\/radioquijano\/wp-content\/uploads\/2022\/10\/312653324_440416461609062_7851395239013531880_n-1.jpg\" alt=\"\" srcset=\"https:\/\/nahuelproducciones.com.ar\/radioquijano\/wp-content\/uploads\/2022\/10\/312653324_440416461609062_7851395239013531880_n-1.jpg 500w, https:\/\/nahuelproducciones.com.ar\/radioquijano\/wp-content\/uploads\/2022\/10\/312653324_440416461609062_7851395239013531880_n-1-300x300.jpg 300w, https:\/\/nahuelproducciones.com.ar\/radioquijano\/wp-content\/uploads\/2022\/10\/312653324_440416461609062_7851395239013531880_n-1-96x96.jpg 96w, https:\/\/nahuelproducciones.com.ar\/radioquijano\/wp-content\/uploads\/2022\/10\/312653324_440416461609062_7851395239013531880_n-1-150x150.jpg 150w\" sizes=\"auto, (max-width: 400px) 100vw, 400px\" \/> <img loading=\"lazy\" decoding=\"async\" width=\"400\" height=\"400\" class=\"wp-image-3659\" style=\"width: 400px;\" src=\"https:\/\/nahuelproducciones.com.ar\/radioquijano\/wp-content\/uploads\/2022\/10\/312610965_440416408275734_3409175037945962820_n.jpg\" alt=\"\" srcset=\"https:\/\/nahuelproducciones.com.ar\/radioquijano\/wp-content\/uploads\/2022\/10\/312610965_440416408275734_3409175037945962820_n.jpg 500w, https:\/\/nahuelproducciones.com.ar\/radioquijano\/wp-content\/uploads\/2022\/10\/312610965_440416408275734_3409175037945962820_n-300x300.jpg 300w, https:\/\/nahuelproducciones.com.ar\/radioquijano\/wp-content\/uploads\/2022\/10\/312610965_440416408275734_3409175037945962820_n-96x96.jpg 96w, https:\/\/nahuelproducciones.com.ar\/radioquijano\/wp-content\/uploads\/2022\/10\/312610965_440416408275734_3409175037945962820_n-150x150.jpg 150w\" sizes=\"auto, (max-width: 400px) 100vw, 400px\" \/><\/p><\/blockquote>\n\n\n\n<p>Fuente: SMN<br><a href=\"https:\/\/www.facebook.com\/hashtag\/mindeseguridadyjusticia?__eep__=6&amp;__cft__[0]=AZUdzefv3vXAWucKrGOrH15n-asdH1JX33-pCQlbQgPGHEvEj3p3LZdlCXlhnY8AvVbnWcvAzXGWP9PusbwSkks0iLFUbsbDhJePCUzb0g5yFNCsPBlnk9z-07MJ5Rne1gpqimKCKVI2pbYbCJJnuVMPhCeGkzacOlomnajHgRBRbj1wg8AdSDdaPuelM0dZrig&amp;__tn__=*NK*F\">#MinDeSeguridadYJusticia<\/a><br><a href=\"https:\/\/www.facebook.com\/hashtag\/defensacivil?__eep__=6&amp;__cft__[0]=AZUdzefv3vXAWucKrGOrH15n-asdH1JX33-pCQlbQgPGHEvEj3p3LZdlCXlhnY8AvVbnWcvAzXGWP9PusbwSkks0iLFUbsbDhJePCUzb0g5yFNCsPBlnk9z-07MJ5Rne1gpqimKCKVI2pbYbCJJnuVMPhCeGkzacOlomnajHgRBRbj1wg8AdSDdaPuelM0dZrig&amp;__tn__=*NK*F\">#DefensaCivil<\/a><br><a href=\"https:\/\/www.facebook.com\/hashtag\/viento?__eep__=6&amp;__cft__[0]=AZUdzefv3vXAWucKrGOrH15n-asdH1JX33-pCQlbQgPGHEvEj3p3LZdlCXlhnY8AvVbnWcvAzXGWP9PusbwSkks0iLFUbsbDhJePCUzb0g5yFNCsPBlnk9z-07MJ5Rne1gpqimKCKVI2pbYbCJJnuVMPhCeGkzacOlomnajHgRBRbj1wg8AdSDdaPuelM0dZrig&amp;__tn__=*NK*F\">#Vient<\/a>o<\/p>\n","protected":false},"excerpt":{"rendered":"<p>Contin\u00faa vigente el alerta meteorol\u00f3gico por probabilidad de viento\u00a0para ma\u00f1ana en los Departamentos\u00a0de San Mart\u00edn, Or\u00e1n, Rivadavia, Santa Victoria, Anta, Capital, Cerrillos, Guachipas, Chicoana, Cafayate, Rosario de Lerma, Met\u00e1n, Rosario de la Frontera, La Candelaria, La Vi\u00f1a, La Caldera\u00a0y General G\u00fcemes, pudiendo producirse r\u00e1fagas\u00a0moderadas en departamentos vecinos. Las intensidades oscilaran entre 40 a 50 km\/hs. [&hellip;]<\/p>\n","protected":false},"author":6,"featured_media":3653,"comment_status":"open","ping_status":"open","sticky":false,"template":"","format":"standard","meta":{"_monsterinsights_skip_tracking":false,"_monsterinsights_sitenote_active":false,"_monsterinsights_sitenote_note":"","_monsterinsights_sitenote_category":0,"footnotes":""},"categories":[8],"tags":[36,718,71,100,76,717,716],"class_list":["post-3652","post","type-post","status-publish","format-standard","has-post-thumbnail","hentry","category-blog-de-sapito","tag-campo-quijano","tag-defensa-civil","tag-municipalidad-de-campo-quijano","tag-municipio-de-campo-quijano","tag-quebrada-del-toro","tag-smn","tag-vientos-fuertes"],"yoast_head":"<!-- This site is optimized with the Yoast SEO plugin v20.8 - https:\/\/yoast.com\/wordpress\/plugins\/seo\/ -->\n<title>Alerta Metereol\u00f3gico por fuertes vientos - RQ 99.9<\/title>\n<meta name=\"robots\" content=\"index, follow, max-snippet:-1, max-image-preview:large, max-video-preview:-1\" \/>\n<link rel=\"canonical\" href=\"https:\/\/nahuelproducciones.com.ar\/radioquijano\/alerta-metereologico-por-fuertes-vientos\/\" \/>\n<meta property=\"og:locale\" content=\"es_ES\" \/>\n<meta property=\"og:type\" content=\"article\" \/>\n<meta property=\"og:title\" content=\"Alerta Metereol\u00f3gico por fuertes vientos - RQ 99.9\" \/>\n<meta property=\"og:description\" content=\"Contin\u00faa vigente el alerta meteorol\u00f3gico por probabilidad de viento\u00a0para ma\u00f1ana en los Departamentos\u00a0de San Mart\u00edn, Or\u00e1n, Rivadavia, Santa Victoria, Anta, Capital, Cerrillos, Guachipas, Chicoana, Cafayate, Rosario de Lerma, Met\u00e1n, Rosario de la Frontera, La Candelaria, La Vi\u00f1a, La Caldera\u00a0y General G\u00fcemes, pudiendo producirse r\u00e1fagas\u00a0moderadas en departamentos vecinos. Las intensidades oscilaran entre 40 a 50 km\/hs. [&hellip;]\" \/>\n<meta property=\"og:url\" content=\"https:\/\/nahuelproducciones.com.ar\/radioquijano\/alerta-metereologico-por-fuertes-vientos\/\" \/>\n<meta property=\"og:site_name\" content=\"RQ 99.9\" \/>\n<meta property=\"article:publisher\" content=\"https:\/\/www.facebook.com\/nahuelproducciones999\/\" \/>\n<meta property=\"article:published_time\" content=\"2022-10-30T17:14:38+00:00\" \/>\n<meta property=\"article:modified_time\" content=\"2022-10-30T17:32:03+00:00\" \/>\n<meta property=\"og:image\" content=\"https:\/\/nahuelproducciones.com.ar\/radioquijano\/wp-content\/uploads\/2022\/10\/alerta.jpg\" \/>\n\t<meta property=\"og:image:width\" content=\"960\" \/>\n\t<meta property=\"og:image:height\" content=\"948\" \/>\n\t<meta property=\"og:image:type\" content=\"image\/jpeg\" \/>\n<meta name=\"author\" content=\"Ricardo Guzman\" \/>\n<meta name=\"twitter:card\" content=\"summary_large_image\" \/>\n<meta name=\"twitter:creator\" content=\"@nahuproduciones\" \/>\n<meta name=\"twitter:site\" content=\"@nahuproduciones\" \/>\n<meta name=\"twitter:label1\" content=\"Escrito por\" \/>\n\t<meta name=\"twitter:data1\" content=\"Ricardo Guzman\" \/>\n\t<meta name=\"twitter:label2\" content=\"Tiempo de lectura\" \/>\n\t<meta name=\"twitter:data2\" content=\"1 minuto\" \/>\n<script type=\"application\/ld+json\" class=\"yoast-schema-graph\">{\"@context\":\"https:\/\/schema.org\",\"@graph\":[{\"@type\":\"WebPage\",\"@id\":\"https:\/\/nahuelproducciones.com.ar\/radioquijano\/alerta-metereologico-por-fuertes-vientos\/\",\"url\":\"https:\/\/nahuelproducciones.com.ar\/radioquijano\/alerta-metereologico-por-fuertes-vientos\/\",\"name\":\"Alerta Metereol\u00f3gico por fuertes vientos - RQ 99.9\",\"isPartOf\":{\"@id\":\"https:\/\/nahuelproducciones.com.ar\/radioquijano\/#website\"},\"datePublished\":\"2022-10-30T17:14:38+00:00\",\"dateModified\":\"2022-10-30T17:32:03+00:00\",\"author\":{\"@id\":\"https:\/\/nahuelproducciones.com.ar\/radioquijano\/#\/schema\/person\/b9b81a110cbdf07949e2cd02d478ab9d\"},\"breadcrumb\":{\"@id\":\"https:\/\/nahuelproducciones.com.ar\/radioquijano\/alerta-metereologico-por-fuertes-vientos\/#breadcrumb\"},\"inLanguage\":\"es\",\"potentialAction\":[{\"@type\":\"ReadAction\",\"target\":[\"https:\/\/nahuelproducciones.com.ar\/radioquijano\/alerta-metereologico-por-fuertes-vientos\/\"]}]},{\"@type\":\"BreadcrumbList\",\"@id\":\"https:\/\/nahuelproducciones.com.ar\/radioquijano\/alerta-metereologico-por-fuertes-vientos\/#breadcrumb\",\"itemListElement\":[{\"@type\":\"ListItem\",\"position\":1,\"name\":\"Portada\",\"item\":\"https:\/\/nahuelproducciones.com.ar\/radioquijano\/\"},{\"@type\":\"ListItem\",\"position\":2,\"name\":\"Alerta Metereol\u00f3gico por fuertes vientos\"}]},{\"@type\":\"WebSite\",\"@id\":\"https:\/\/nahuelproducciones.com.ar\/radioquijano\/#website\",\"url\":\"https:\/\/nahuelproducciones.com.ar\/radioquijano\/\",\"name\":\"RQ 99.9\",\"description\":\"Radio Quijano 99.9 MHz\",\"potentialAction\":[{\"@type\":\"SearchAction\",\"target\":{\"@type\":\"EntryPoint\",\"urlTemplate\":\"https:\/\/nahuelproducciones.com.ar\/radioquijano\/?s={search_term_string}\"},\"query-input\":\"required name=search_term_string\"}],\"inLanguage\":\"es\"},{\"@type\":\"Person\",\"@id\":\"https:\/\/nahuelproducciones.com.ar\/radioquijano\/#\/schema\/person\/b9b81a110cbdf07949e2cd02d478ab9d\",\"name\":\"Ricardo Guzman\",\"image\":{\"@type\":\"ImageObject\",\"inLanguage\":\"es\",\"@id\":\"https:\/\/nahuelproducciones.com.ar\/radioquijano\/#\/schema\/person\/image\/\",\"url\":\"https:\/\/secure.gravatar.com\/avatar\/a5d582deda251f95dc882b72fc6e7b4854f88bb25c3154519210afffa7d706e8?s=96&d=mm&r=g\",\"contentUrl\":\"https:\/\/secure.gravatar.com\/avatar\/a5d582deda251f95dc882b72fc6e7b4854f88bb25c3154519210afffa7d706e8?s=96&d=mm&r=g\",\"caption\":\"Ricardo Guzman\"},\"url\":\"https:\/\/nahuelproducciones.com.ar\/radioquijano\/author\/cady\/\"}]}<\/script>\n<!-- \/ Yoast SEO plugin. -->","yoast_head_json":{"title":"Alerta Metereol\u00f3gico por fuertes vientos - RQ 99.9","robots":{"index":"index","follow":"follow","max-snippet":"max-snippet:-1","max-image-preview":"max-image-preview:large","max-video-preview":"max-video-preview:-1"},"canonical":"https:\/\/nahuelproducciones.com.ar\/radioquijano\/alerta-metereologico-por-fuertes-vientos\/","og_locale":"es_ES","og_type":"article","og_title":"Alerta Metereol\u00f3gico por fuertes vientos - RQ 99.9","og_description":"Contin\u00faa vigente el alerta meteorol\u00f3gico por probabilidad de viento\u00a0para ma\u00f1ana en los Departamentos\u00a0de San Mart\u00edn, Or\u00e1n, Rivadavia, Santa Victoria, Anta, Capital, Cerrillos, Guachipas, Chicoana, Cafayate, Rosario de Lerma, Met\u00e1n, Rosario de la Frontera, La Candelaria, La Vi\u00f1a, La Caldera\u00a0y General G\u00fcemes, pudiendo producirse r\u00e1fagas\u00a0moderadas en departamentos vecinos. Las intensidades oscilaran entre 40 a 50 km\/hs. [&hellip;]","og_url":"https:\/\/nahuelproducciones.com.ar\/radioquijano\/alerta-metereologico-por-fuertes-vientos\/","og_site_name":"RQ 99.9","article_publisher":"https:\/\/www.facebook.com\/nahuelproducciones999\/","article_published_time":"2022-10-30T17:14:38+00:00","article_modified_time":"2022-10-30T17:32:03+00:00","og_image":[{"width":960,"height":948,"url":"https:\/\/nahuelproducciones.com.ar\/radioquijano\/wp-content\/uploads\/2022\/10\/alerta.jpg","type":"image\/jpeg"}],"author":"Ricardo Guzman","twitter_card":"summary_large_image","twitter_creator":"@nahuproduciones","twitter_site":"@nahuproduciones","twitter_misc":{"Escrito por":"Ricardo Guzman","Tiempo de lectura":"1 minuto"},"schema":{"@context":"https:\/\/schema.org","@graph":[{"@type":"WebPage","@id":"https:\/\/nahuelproducciones.com.ar\/radioquijano\/alerta-metereologico-por-fuertes-vientos\/","url":"https:\/\/nahuelproducciones.com.ar\/radioquijano\/alerta-metereologico-por-fuertes-vientos\/","name":"Alerta Metereol\u00f3gico por fuertes vientos - RQ 99.9","isPartOf":{"@id":"https:\/\/nahuelproducciones.com.ar\/radioquijano\/#website"},"datePublished":"2022-10-30T17:14:38+00:00","dateModified":"2022-10-30T17:32:03+00:00","author":{"@id":"https:\/\/nahuelproducciones.com.ar\/radioquijano\/#\/schema\/person\/b9b81a110cbdf07949e2cd02d478ab9d"},"breadcrumb":{"@id":"https:\/\/nahuelproducciones.com.ar\/radioquijano\/alerta-metereologico-por-fuertes-vientos\/#breadcrumb"},"inLanguage":"es","potentialAction":[{"@type":"ReadAction","target":["https:\/\/nahuelproducciones.com.ar\/radioquijano\/alerta-metereologico-por-fuertes-vientos\/"]}]},{"@type":"BreadcrumbList","@id":"https:\/\/nahuelproducciones.com.ar\/radioquijano\/alerta-metereologico-por-fuertes-vientos\/#breadcrumb","itemListElement":[{"@type":"ListItem","position":1,"name":"Portada","item":"https:\/\/nahuelproducciones.com.ar\/radioquijano\/"},{"@type":"ListItem","position":2,"name":"Alerta Metereol\u00f3gico por fuertes vientos"}]},{"@type":"WebSite","@id":"https:\/\/nahuelproducciones.com.ar\/radioquijano\/#website","url":"https:\/\/nahuelproducciones.com.ar\/radioquijano\/","name":"RQ 99.9","description":"Radio Quijano 99.9 MHz","potentialAction":[{"@type":"SearchAction","target":{"@type":"EntryPoint","urlTemplate":"https:\/\/nahuelproducciones.com.ar\/radioquijano\/?s={search_term_string}"},"query-input":"required name=search_term_string"}],"inLanguage":"es"},{"@type":"Person","@id":"https:\/\/nahuelproducciones.com.ar\/radioquijano\/#\/schema\/person\/b9b81a110cbdf07949e2cd02d478ab9d","name":"Ricardo Guzman","image":{"@type":"ImageObject","inLanguage":"es","@id":"https:\/\/nahuelproducciones.com.ar\/radioquijano\/#\/schema\/person\/image\/","url":"https:\/\/secure.gravatar.com\/avatar\/a5d582deda251f95dc882b72fc6e7b4854f88bb25c3154519210afffa7d706e8?s=96&d=mm&r=g","contentUrl":"https:\/\/secure.gravatar.com\/avatar\/a5d582deda251f95dc882b72fc6e7b4854f88bb25c3154519210afffa7d706e8?s=96&d=mm&r=g","caption":"Ricardo Guzman"},"url":"https:\/\/nahuelproducciones.com.ar\/radioquijano\/author\/cady\/"}]}},"_links":{"self":[{"href":"https:\/\/nahuelproducciones.com.ar\/radioquijano\/wp-json\/wp\/v2\/posts\/3652","targetHints":{"allow":["GET"]}}],"collection":[{"href":"https:\/\/nahuelproducciones.com.ar\/radioquijano\/wp-json\/wp\/v2\/posts"}],"about":[{"href":"https:\/\/nahuelproducciones.com.ar\/radioquijano\/wp-json\/wp\/v2\/types\/post"}],"author":[{"embeddable":true,"href":"https:\/\/nahuelproducciones.com.ar\/radioquijano\/wp-json\/wp\/v2\/users\/6"}],"replies":[{"embeddable":true,"href":"https:\/\/nahuelproducciones.com.ar\/radioquijano\/wp-json\/wp\/v2\/comments?post=3652"}],"version-history":[{"count":3,"href":"https:\/\/nahuelproducciones.com.ar\/radioquijano\/wp-json\/wp\/v2\/posts\/3652\/revisions"}],"predecessor-version":[{"id":3661,"href":"https:\/\/nahuelproducciones.com.ar\/radioquijano\/wp-json\/wp\/v2\/posts\/3652\/revisions\/3661"}],"wp:featuredmedia":[{"embeddable":true,"href":"https:\/\/nahuelproducciones.com.ar\/radioquijano\/wp-json\/wp\/v2\/media\/3653"}],"wp:attachment":[{"href":"https:\/\/nahuelproducciones.com.ar\/radioquijano\/wp-json\/wp\/v2\/media?parent=3652"}],"wp:term":[{"taxonomy":"category","embeddable":true,"href":"https:\/\/nahuelproducciones.com.ar\/radioquijano\/wp-json\/wp\/v2\/categories?post=3652"},{"taxonomy":"post_tag","embeddable":true,"href":"https:\/\/nahuelproducciones.com.ar\/radioquijano\/wp-json\/wp\/v2\/tags?post=3652"}],"curies":[{"name":"wp","href":"https:\/\/api.w.org\/{rel}","templated":true}]}}