{"id":3666,"date":"2022-10-31T08:32:03","date_gmt":"2022-10-31T11:32:03","guid":{"rendered":"https:\/\/nahuelproducciones.com.ar\/radioquijano\/?p=3666"},"modified":"2022-10-31T08:32:04","modified_gmt":"2022-10-31T11:32:04","slug":"construiran-una-estacion-transformadora-de-alta-tension-campo-quijano","status":"publish","type":"post","link":"https:\/\/nahuelproducciones.com.ar\/radioquijano\/construiran-una-estacion-transformadora-de-alta-tension-campo-quijano\/","title":{"rendered":"Construir\u00e1n una estaci\u00f3n transformadora de alta tensi\u00f3n Campo Quijano."},"content":{"rendered":"\n<p>Luego del anuncio para construir dos nuevas Estaciones Transformadoras  de alta y media tensi\u00f3n, Campo Quijano y Salta Oeste, el Gobernador con la Secretar\u00eda de Energ\u00eda de Naci\u00f3n y otras autoridades, recorrieron la planta que cerrar\u00e1 el anillo entre la estaci\u00f3n transformadora San Agust\u00edn y la l\u00ednea existente Salta Norte-Salta Sur.<\/p>\n\n\n\n<p>El gobernador&nbsp;<strong>Gustavo<\/strong>&nbsp;<strong>S\u00e1enz<\/strong>&nbsp;recorri\u00f3 la estaci\u00f3n transformadora San Agust\u00edn desde donde se interconectar\u00e1n las dos nuevas estaciones transformadores de alta y media tensi\u00f3n Campo Quijano y Salta Oeste, obras que fueron anunciadas hoy en el marco de la 162\u00ba Reuni\u00f3n Plenaria del Consejo Federal de Energ\u00eda El\u00e9ctrica (CFEE).<\/p>\n\n\n\n<p>Durante la recorrida, el mandatario fue acompa\u00f1ado por Flavia Roy\u00f3n, secretaria de Energ\u00eda de Naci\u00f3n; Miguel Cort\u00e9z, presidente del Comit\u00e9 Ejecutivo del Consejo Federal de Energ\u00eda El\u00e9ctrica; Carlos Saravia, delegado por Salta ante el CFEE; Alberto Kozicki, presidente del CAF (Comit\u00e9 de Administraci\u00f3n del Fondo Fiduciario para el Transporte El\u00e9ctrico Federal) y los vocales Dante Hern\u00e1ndez, Jorge Giubergia y Walter Ram\u00edrez.<\/p>\n\n\n\n<p>En el lugar, se verific\u00f3 el punto de entronque el\u00e9ctrico de las nuevas estaciones transformadoras que implican la construcci\u00f3n de 60 kil\u00f3metros de la l\u00ednea de alta tensi\u00f3n (AT) entre San Agust\u00edn y Campo Quijano y las nuevas estaciones transformadoras en Campo Quijano y Salta Oeste, con una instalaci\u00f3n de 90 MVA (megavoltamperio).<\/p>\n\n\n\n<div class=\"wp-block-image\"><figure class=\"aligncenter is-resized\"><a href=\"https:\/\/www.salta.gob.ar\/public\/images\/noticias\/contenidos\/4602-saenz-verifico-el-punto-de-entronque-electrico-de-las-nuevas-estaciones-transformadoras.jpg\"><img loading=\"lazy\" decoding=\"async\" src=\"https:\/\/www.salta.gob.ar\/public\/images\/noticias\/contenidos\/4602-saenz-verifico-el-punto-de-entronque-electrico-de-las-nuevas-estaciones-transformadoras.jpg\" alt=\"S\u00e1enz verific\u00f3 el punto de entronque el\u00e9ctrico de las nuevas estaciones transformadoras\" width=\"435\" height=\"290\"\/><\/a><\/figure><\/div>\n\n\n\n<p>De este modo se cerrar\u00e1 el anillo de abastecimiento entre la estaci\u00f3n transformadora San Agust\u00edn y la l\u00ednea existente Salta Norte-Salta Sur para mejorar la situaci\u00f3n el\u00e9ctrica de todo el Valle de Lerma.<\/p>\n\n\n\n<p>Con las obras se dar\u00e1 sostenibilidad a la creciente necesidad de electricidad de los emprendimientos agr\u00edcolas, ganaderos, industriales y habitacionales de todo el Valle de Lerma, potenciando la producci\u00f3n local y en el desarrollo econ\u00f3mico de la regi\u00f3n.<\/p>\n\n\n\n<p>El proyecto implica una inversi\u00f3n cercana a los US48 millones y beneficiar\u00e1 a 68 mil usuarios en forma directa y m\u00e1s de 100 mil en forma indirecta.<\/p>\n\n\n\n<p>La Estaci\u00f3n Transformadora San Agust\u00edn fue inaugurada por el gobernador S\u00e1enz y se ejecut\u00f3 por el Programa de Fortalecimiento de la Gesti\u00f3n Provincial del Ministerio del Interior. Tiene una capacidad de 30 MVA de potencia.<\/p>\n\n\n\n<div class=\"wp-block-image\"><figure class=\"aligncenter is-resized\"><a href=\"https:\/\/www.salta.gob.ar\/public\/images\/noticias\/contenidos\/4603-saenz-verifico-el-punto-de-entronque-electrico-de-las-nuevas-estaciones-transformadoras.jpg\"><img loading=\"lazy\" decoding=\"async\" src=\"https:\/\/www.salta.gob.ar\/public\/images\/noticias\/contenidos\/4603-saenz-verifico-el-punto-de-entronque-electrico-de-las-nuevas-estaciones-transformadoras.jpg\" alt=\"S\u00e1enz verific\u00f3 el punto de entronque el\u00e9ctrico de las nuevas estaciones transformadoras\" width=\"432\" height=\"288\"\/><\/a><\/figure><\/div>\n\n\n\n<hr class=\"wp-block-separator\"\/>\n\n\n\n<p>Fuente:\u00a0<strong>Secretaria de Prensa y Comunicaci\u00f3n<\/strong><\/p>\n\n\n\n<p>   <a href=\"https:\/\/nahuelproducciones.com.ar\/index.php\/rq999\" target=\"_blank\" rel=\"noreferrer noopener\">#RQ99.9Mhz<\/a>\u00a0<a href=\"https:\/\/nahuelproducciones.com.ar\/\" target=\"_blank\" rel=\"noreferrer noopener\">#CAMPOQUIJANO<\/a>\u00a0<a href=\"http:\/\/nahuelproducciones.com.ar\/radioquijano\/\" target=\"_blank\" rel=\"noreferrer noopener\">#RadioQuijano<\/a>    <\/p>\n","protected":false},"excerpt":{"rendered":"<p>Luego del anuncio para construir dos nuevas Estaciones Transformadoras de alta y media tensi\u00f3n, Campo Quijano y Salta Oeste, el Gobernador con la Secretar\u00eda de Energ\u00eda de Naci\u00f3n y otras autoridades, recorrieron la planta que cerrar\u00e1 el anillo entre la estaci\u00f3n transformadora San Agust\u00edn y la l\u00ednea existente Salta Norte-Salta Sur. El gobernador&nbsp;Gustavo&nbsp;S\u00e1enz&nbsp;recorri\u00f3 la estaci\u00f3n [&hellip;]<\/p>\n","protected":false},"author":8,"featured_media":3667,"comment_status":"open","ping_status":"open","sticky":false,"template":"","format":"standard","meta":{"_monsterinsights_skip_tracking":false,"_monsterinsights_sitenote_active":false,"_monsterinsights_sitenote_note":"","_monsterinsights_sitenote_category":0,"footnotes":""},"categories":[16],"tags":[36,720],"class_list":["post-3666","post","type-post","status-publish","format-standard","has-post-thumbnail","hentry","category-noticias","tag-campo-quijano","tag-nuevas-estaciones-transformadoras"],"yoast_head":"<!-- This site is optimized with the Yoast SEO plugin v20.8 - https:\/\/yoast.com\/wordpress\/plugins\/seo\/ -->\n<title>Construir\u00e1n una estaci\u00f3n transformadora de alta tensi\u00f3n Campo Quijano. - RQ 99.9<\/title>\n<meta name=\"description\" content=\"Obras que fueron anunciadas hoy en el marco de la 162\u00ba Reuni\u00f3n Plenaria del Consejo Federal de Energ\u00eda El\u00e9ctrica (CFEE).\" \/>\n<meta name=\"robots\" content=\"index, follow, max-snippet:-1, max-image-preview:large, max-video-preview:-1\" \/>\n<link rel=\"canonical\" href=\"https:\/\/nahuelproducciones.com.ar\/radioquijano\/construiran-una-estacion-transformadora-de-alta-tension-campo-quijano\/\" \/>\n<meta property=\"og:locale\" content=\"es_ES\" \/>\n<meta property=\"og:type\" content=\"article\" \/>\n<meta property=\"og:title\" content=\"Construir\u00e1n una estaci\u00f3n transformadora de alta tensi\u00f3n Campo Quijano. - RQ 99.9\" \/>\n<meta property=\"og:description\" content=\"Obras que fueron anunciadas hoy en el marco de la 162\u00ba Reuni\u00f3n Plenaria del Consejo Federal de Energ\u00eda El\u00e9ctrica (CFEE).\" \/>\n<meta property=\"og:url\" content=\"https:\/\/nahuelproducciones.com.ar\/radioquijano\/construiran-una-estacion-transformadora-de-alta-tension-campo-quijano\/\" \/>\n<meta property=\"og:site_name\" content=\"RQ 99.9\" \/>\n<meta property=\"article:publisher\" content=\"https:\/\/www.facebook.com\/nahuelproducciones999\/\" \/>\n<meta property=\"article:published_time\" content=\"2022-10-31T11:32:03+00:00\" \/>\n<meta property=\"article:modified_time\" content=\"2022-10-31T11:32:04+00:00\" \/>\n<meta property=\"og:image\" content=\"https:\/\/nahuelproducciones.com.ar\/radioquijano\/wp-content\/uploads\/2022\/10\/85795-en-san-agustin-saenz-verifico-el-punto-de-entronque-electrico-de-las-nuevas-estaciones-transformadoras-e1667215843861.jpg\" \/>\n\t<meta property=\"og:image:width\" content=\"700\" \/>\n\t<meta property=\"og:image:height\" content=\"467\" \/>\n\t<meta property=\"og:image:type\" content=\"image\/jpeg\" \/>\n<meta name=\"author\" content=\"Cecilia Pastrana\" \/>\n<meta name=\"twitter:card\" content=\"summary_large_image\" \/>\n<meta name=\"twitter:creator\" content=\"@nahuproduciones\" \/>\n<meta name=\"twitter:site\" content=\"@nahuproduciones\" \/>\n<meta name=\"twitter:label1\" content=\"Escrito por\" \/>\n\t<meta name=\"twitter:data1\" content=\"Cecilia Pastrana\" \/>\n\t<meta name=\"twitter:label2\" content=\"Tiempo de lectura\" \/>\n\t<meta name=\"twitter:data2\" content=\"3 minutos\" \/>\n<script type=\"application\/ld+json\" class=\"yoast-schema-graph\">{\"@context\":\"https:\/\/schema.org\",\"@graph\":[{\"@type\":\"WebPage\",\"@id\":\"https:\/\/nahuelproducciones.com.ar\/radioquijano\/construiran-una-estacion-transformadora-de-alta-tension-campo-quijano\/\",\"url\":\"https:\/\/nahuelproducciones.com.ar\/radioquijano\/construiran-una-estacion-transformadora-de-alta-tension-campo-quijano\/\",\"name\":\"Construir\u00e1n una estaci\u00f3n transformadora de alta tensi\u00f3n Campo Quijano. - RQ 99.9\",\"isPartOf\":{\"@id\":\"https:\/\/nahuelproducciones.com.ar\/radioquijano\/#website\"},\"datePublished\":\"2022-10-31T11:32:03+00:00\",\"dateModified\":\"2022-10-31T11:32:04+00:00\",\"author\":{\"@id\":\"https:\/\/nahuelproducciones.com.ar\/radioquijano\/#\/schema\/person\/e8a4f939e2cb487fe6d0c54042c9d32c\"},\"description\":\"Obras que fueron anunciadas hoy en el marco de la 162\u00ba Reuni\u00f3n Plenaria del Consejo Federal de Energ\u00eda El\u00e9ctrica (CFEE).\",\"breadcrumb\":{\"@id\":\"https:\/\/nahuelproducciones.com.ar\/radioquijano\/construiran-una-estacion-transformadora-de-alta-tension-campo-quijano\/#breadcrumb\"},\"inLanguage\":\"es\",\"potentialAction\":[{\"@type\":\"ReadAction\",\"target\":[\"https:\/\/nahuelproducciones.com.ar\/radioquijano\/construiran-una-estacion-transformadora-de-alta-tension-campo-quijano\/\"]}]},{\"@type\":\"BreadcrumbList\",\"@id\":\"https:\/\/nahuelproducciones.com.ar\/radioquijano\/construiran-una-estacion-transformadora-de-alta-tension-campo-quijano\/#breadcrumb\",\"itemListElement\":[{\"@type\":\"ListItem\",\"position\":1,\"name\":\"Portada\",\"item\":\"https:\/\/nahuelproducciones.com.ar\/radioquijano\/\"},{\"@type\":\"ListItem\",\"position\":2,\"name\":\"Construir\u00e1n una estaci\u00f3n transformadora de alta tensi\u00f3n Campo Quijano.\"}]},{\"@type\":\"WebSite\",\"@id\":\"https:\/\/nahuelproducciones.com.ar\/radioquijano\/#website\",\"url\":\"https:\/\/nahuelproducciones.com.ar\/radioquijano\/\",\"name\":\"RQ 99.9\",\"description\":\"Radio Quijano 99.9 MHz\",\"potentialAction\":[{\"@type\":\"SearchAction\",\"target\":{\"@type\":\"EntryPoint\",\"urlTemplate\":\"https:\/\/nahuelproducciones.com.ar\/radioquijano\/?s={search_term_string}\"},\"query-input\":\"required name=search_term_string\"}],\"inLanguage\":\"es\"},{\"@type\":\"Person\",\"@id\":\"https:\/\/nahuelproducciones.com.ar\/radioquijano\/#\/schema\/person\/e8a4f939e2cb487fe6d0c54042c9d32c\",\"name\":\"Cecilia Pastrana\",\"image\":{\"@type\":\"ImageObject\",\"inLanguage\":\"es\",\"@id\":\"https:\/\/nahuelproducciones.com.ar\/radioquijano\/#\/schema\/person\/image\/\",\"url\":\"https:\/\/secure.gravatar.com\/avatar\/661a3ef63a8488d4f2794ed44af8cf71420f7e106f3072c40125114df5157749?s=96&d=mm&r=g\",\"contentUrl\":\"https:\/\/secure.gravatar.com\/avatar\/661a3ef63a8488d4f2794ed44af8cf71420f7e106f3072c40125114df5157749?s=96&d=mm&r=g\",\"caption\":\"Cecilia Pastrana\"},\"sameAs\":[\"cecy\"],\"url\":\"https:\/\/nahuelproducciones.com.ar\/radioquijano\/author\/cecy\/\"}]}<\/script>\n<!-- \/ Yoast SEO plugin. -->","yoast_head_json":{"title":"Construir\u00e1n una estaci\u00f3n transformadora de alta tensi\u00f3n Campo Quijano. - RQ 99.9","description":"Obras que fueron anunciadas hoy en el marco de la 162\u00ba Reuni\u00f3n Plenaria del Consejo Federal de Energ\u00eda El\u00e9ctrica (CFEE).","robots":{"index":"index","follow":"follow","max-snippet":"max-snippet:-1","max-image-preview":"max-image-preview:large","max-video-preview":"max-video-preview:-1"},"canonical":"https:\/\/nahuelproducciones.com.ar\/radioquijano\/construiran-una-estacion-transformadora-de-alta-tension-campo-quijano\/","og_locale":"es_ES","og_type":"article","og_title":"Construir\u00e1n una estaci\u00f3n transformadora de alta tensi\u00f3n Campo Quijano. - RQ 99.9","og_description":"Obras que fueron anunciadas hoy en el marco de la 162\u00ba Reuni\u00f3n Plenaria del Consejo Federal de Energ\u00eda El\u00e9ctrica (CFEE).","og_url":"https:\/\/nahuelproducciones.com.ar\/radioquijano\/construiran-una-estacion-transformadora-de-alta-tension-campo-quijano\/","og_site_name":"RQ 99.9","article_publisher":"https:\/\/www.facebook.com\/nahuelproducciones999\/","article_published_time":"2022-10-31T11:32:03+00:00","article_modified_time":"2022-10-31T11:32:04+00:00","og_image":[{"width":700,"height":467,"url":"https:\/\/nahuelproducciones.com.ar\/radioquijano\/wp-content\/uploads\/2022\/10\/85795-en-san-agustin-saenz-verifico-el-punto-de-entronque-electrico-de-las-nuevas-estaciones-transformadoras-e1667215843861.jpg","type":"image\/jpeg"}],"author":"Cecilia Pastrana","twitter_card":"summary_large_image","twitter_creator":"@nahuproduciones","twitter_site":"@nahuproduciones","twitter_misc":{"Escrito por":"Cecilia Pastrana","Tiempo de lectura":"3 minutos"},"schema":{"@context":"https:\/\/schema.org","@graph":[{"@type":"WebPage","@id":"https:\/\/nahuelproducciones.com.ar\/radioquijano\/construiran-una-estacion-transformadora-de-alta-tension-campo-quijano\/","url":"https:\/\/nahuelproducciones.com.ar\/radioquijano\/construiran-una-estacion-transformadora-de-alta-tension-campo-quijano\/","name":"Construir\u00e1n una estaci\u00f3n transformadora de alta tensi\u00f3n Campo Quijano. - RQ 99.9","isPartOf":{"@id":"https:\/\/nahuelproducciones.com.ar\/radioquijano\/#website"},"datePublished":"2022-10-31T11:32:03+00:00","dateModified":"2022-10-31T11:32:04+00:00","author":{"@id":"https:\/\/nahuelproducciones.com.ar\/radioquijano\/#\/schema\/person\/e8a4f939e2cb487fe6d0c54042c9d32c"},"description":"Obras que fueron anunciadas hoy en el marco de la 162\u00ba Reuni\u00f3n Plenaria del Consejo Federal de Energ\u00eda El\u00e9ctrica (CFEE).","breadcrumb":{"@id":"https:\/\/nahuelproducciones.com.ar\/radioquijano\/construiran-una-estacion-transformadora-de-alta-tension-campo-quijano\/#breadcrumb"},"inLanguage":"es","potentialAction":[{"@type":"ReadAction","target":["https:\/\/nahuelproducciones.com.ar\/radioquijano\/construiran-una-estacion-transformadora-de-alta-tension-campo-quijano\/"]}]},{"@type":"BreadcrumbList","@id":"https:\/\/nahuelproducciones.com.ar\/radioquijano\/construiran-una-estacion-transformadora-de-alta-tension-campo-quijano\/#breadcrumb","itemListElement":[{"@type":"ListItem","position":1,"name":"Portada","item":"https:\/\/nahuelproducciones.com.ar\/radioquijano\/"},{"@type":"ListItem","position":2,"name":"Construir\u00e1n una estaci\u00f3n transformadora de alta tensi\u00f3n Campo Quijano."}]},{"@type":"WebSite","@id":"https:\/\/nahuelproducciones.com.ar\/radioquijano\/#website","url":"https:\/\/nahuelproducciones.com.ar\/radioquijano\/","name":"RQ 99.9","description":"Radio Quijano 99.9 MHz","potentialAction":[{"@type":"SearchAction","target":{"@type":"EntryPoint","urlTemplate":"https:\/\/nahuelproducciones.com.ar\/radioquijano\/?s={search_term_string}"},"query-input":"required name=search_term_string"}],"inLanguage":"es"},{"@type":"Person","@id":"https:\/\/nahuelproducciones.com.ar\/radioquijano\/#\/schema\/person\/e8a4f939e2cb487fe6d0c54042c9d32c","name":"Cecilia Pastrana","image":{"@type":"ImageObject","inLanguage":"es","@id":"https:\/\/nahuelproducciones.com.ar\/radioquijano\/#\/schema\/person\/image\/","url":"https:\/\/secure.gravatar.com\/avatar\/661a3ef63a8488d4f2794ed44af8cf71420f7e106f3072c40125114df5157749?s=96&d=mm&r=g","contentUrl":"https:\/\/secure.gravatar.com\/avatar\/661a3ef63a8488d4f2794ed44af8cf71420f7e106f3072c40125114df5157749?s=96&d=mm&r=g","caption":"Cecilia Pastrana"},"sameAs":["cecy"],"url":"https:\/\/nahuelproducciones.com.ar\/radioquijano\/author\/cecy\/"}]}},"_links":{"self":[{"href":"https:\/\/nahuelproducciones.com.ar\/radioquijano\/wp-json\/wp\/v2\/posts\/3666","targetHints":{"allow":["GET"]}}],"collection":[{"href":"https:\/\/nahuelproducciones.com.ar\/radioquijano\/wp-json\/wp\/v2\/posts"}],"about":[{"href":"https:\/\/nahuelproducciones.com.ar\/radioquijano\/wp-json\/wp\/v2\/types\/post"}],"author":[{"embeddable":true,"href":"https:\/\/nahuelproducciones.com.ar\/radioquijano\/wp-json\/wp\/v2\/users\/8"}],"replies":[{"embeddable":true,"href":"https:\/\/nahuelproducciones.com.ar\/radioquijano\/wp-json\/wp\/v2\/comments?post=3666"}],"version-history":[{"count":1,"href":"https:\/\/nahuelproducciones.com.ar\/radioquijano\/wp-json\/wp\/v2\/posts\/3666\/revisions"}],"predecessor-version":[{"id":3668,"href":"https:\/\/nahuelproducciones.com.ar\/radioquijano\/wp-json\/wp\/v2\/posts\/3666\/revisions\/3668"}],"wp:featuredmedia":[{"embeddable":true,"href":"https:\/\/nahuelproducciones.com.ar\/radioquijano\/wp-json\/wp\/v2\/media\/3667"}],"wp:attachment":[{"href":"https:\/\/nahuelproducciones.com.ar\/radioquijano\/wp-json\/wp\/v2\/media?parent=3666"}],"wp:term":[{"taxonomy":"category","embeddable":true,"href":"https:\/\/nahuelproducciones.com.ar\/radioquijano\/wp-json\/wp\/v2\/categories?post=3666"},{"taxonomy":"post_tag","embeddable":true,"href":"https:\/\/nahuelproducciones.com.ar\/radioquijano\/wp-json\/wp\/v2\/tags?post=3666"}],"curies":[{"name":"wp","href":"https:\/\/api.w.org\/{rel}","templated":true}]}}