{"id":3676,"date":"2022-11-05T21:25:30","date_gmt":"2022-11-06T00:25:30","guid":{"rendered":"https:\/\/nahuelproducciones.com.ar\/radioquijano\/?p=3676"},"modified":"2022-11-05T21:25:31","modified_gmt":"2022-11-06T00:25:31","slug":"kevin-rios-gano-la-medalla-de-oro-en-los-juegos-nacionales-evita","status":"publish","type":"post","link":"https:\/\/nahuelproducciones.com.ar\/radioquijano\/kevin-rios-gano-la-medalla-de-oro-en-los-juegos-nacionales-evita\/","title":{"rendered":"KEVIN R\u00cdOS GAN\u00d3 LA MEDALLA DE ORO EN LOS JUEGOS NACIONALES EVITA"},"content":{"rendered":"\n<p>La delegaci\u00f3n de Salta cerr\u00f3 una semana hist\u00f3rica en las finales de los Juegos Evita 2022 que se realizaron en Mar del Plata donde obtuvo 84 medallas, superando registros de 2018 y 2019.<\/p>\n\n\n\n<p>Gran desempe\u00f1o en deportes adaptados donde Salta fue protagonista nuevamente en los deportes adaptados y obtuvo 52 medallas de la cuales 17 fueron de Oro, 18 de Plata y 17 de Bronce mientras que en deportes convencionales cosech\u00f3 8 medallas de oro, 12 medallas de plata y 12 medallas de bronce.<\/p>\n\n\n\n<p>Kevin Rodrigo R\u00edos de Campo Quijano obtuvo medalla de Oro en 80 mts. Sub 16 FT40 de Atletismo Adaptado y en Lanzamiento de Bala Medalla de Plata , tambi\u00e9n fue Jos\u00e9 L\u00f3pez \u00c1lvarez  que logr\u00f3 Medalla de Bronce.<\/p>\n\n\n\n<p>Los dos deportistas asisten al SEI de la Esc. Jean Mermoz N\u00b0 7171 en la EET. N\u00b0 3106 ING. Maury en el Portal de los Andes.<\/p>\n\n\n\n<p>Fue muy grande el desempe\u00f1o deportivo de los j\u00f3venes quijane\u00f1os y tuvieron  la hermosa experiencia de participar, divertirse, formar parte de un evento tan importante como los Juegos Nacionales Evita.<\/p>\n\n\n\n<p>RQ99.9 charlo con Cecilia Viveros y cont\u00f3 como fue el acompa\u00f1amiento a kevin y al final de la nota \u00e9l se anim\u00f3 a integrarse y saludo en la comunicaci\u00f3n telef\u00f3nica.<\/p>\n\n\n\n<p>Escucha la entrevista:<\/p>\n\n\n\n<figure class=\"wp-block-audio\"><audio controls src=\"https:\/\/nahuelproducciones.com.ar\/radioquijano\/wp-content\/uploads\/2022\/11\/2-11-2022-cecilia-viveros-y-kevin-rios-ganador-de-medalla-de-oro-y-plata-en-los-juegos-evita-2022.mp3\"><\/audio><\/figure>\n\n\n\n<figure class=\"wp-block-gallery columns-3 is-cropped wp-block-gallery-1 is-layout-flex wp-block-gallery-is-layout-flex\"><ul class=\"blocks-gallery-grid\"><li class=\"blocks-gallery-item\"><figure><img loading=\"lazy\" decoding=\"async\" width=\"1024\" height=\"770\" src=\"https:\/\/nahuelproducciones.com.ar\/radioquijano\/wp-content\/uploads\/2022\/11\/WhatsApp-Image-2022-11-02-at-1.44.57-PM-1-1024x770.jpeg\" alt=\"\" data-id=\"3678\" data-link=\"https:\/\/nahuelproducciones.com.ar\/radioquijano\/?attachment_id=3678\" class=\"wp-image-3678\" srcset=\"https:\/\/nahuelproducciones.com.ar\/radioquijano\/wp-content\/uploads\/2022\/11\/WhatsApp-Image-2022-11-02-at-1.44.57-PM-1-1024x770.jpeg 1024w, https:\/\/nahuelproducciones.com.ar\/radioquijano\/wp-content\/uploads\/2022\/11\/WhatsApp-Image-2022-11-02-at-1.44.57-PM-1-300x226.jpeg 300w, https:\/\/nahuelproducciones.com.ar\/radioquijano\/wp-content\/uploads\/2022\/11\/WhatsApp-Image-2022-11-02-at-1.44.57-PM-1-768x577.jpeg 768w, https:\/\/nahuelproducciones.com.ar\/radioquijano\/wp-content\/uploads\/2022\/11\/WhatsApp-Image-2022-11-02-at-1.44.57-PM-1-150x113.jpeg 150w, https:\/\/nahuelproducciones.com.ar\/radioquijano\/wp-content\/uploads\/2022\/11\/WhatsApp-Image-2022-11-02-at-1.44.57-PM-1.jpeg 1160w\" sizes=\"auto, (max-width: 1024px) 100vw, 1024px\" \/><\/figure><\/li><li class=\"blocks-gallery-item\"><figure><img loading=\"lazy\" decoding=\"async\" width=\"1024\" height=\"770\" src=\"https:\/\/nahuelproducciones.com.ar\/radioquijano\/wp-content\/uploads\/2022\/11\/WhatsApp-Image-2022-11-02-at-1.44.57-PM-1024x770.jpeg\" alt=\"\" data-id=\"3679\" data-link=\"https:\/\/nahuelproducciones.com.ar\/radioquijano\/?attachment_id=3679\" class=\"wp-image-3679\" srcset=\"https:\/\/nahuelproducciones.com.ar\/radioquijano\/wp-content\/uploads\/2022\/11\/WhatsApp-Image-2022-11-02-at-1.44.57-PM-1024x770.jpeg 1024w, https:\/\/nahuelproducciones.com.ar\/radioquijano\/wp-content\/uploads\/2022\/11\/WhatsApp-Image-2022-11-02-at-1.44.57-PM-300x226.jpeg 300w, https:\/\/nahuelproducciones.com.ar\/radioquijano\/wp-content\/uploads\/2022\/11\/WhatsApp-Image-2022-11-02-at-1.44.57-PM-768x577.jpeg 768w, https:\/\/nahuelproducciones.com.ar\/radioquijano\/wp-content\/uploads\/2022\/11\/WhatsApp-Image-2022-11-02-at-1.44.57-PM-150x113.jpeg 150w, https:\/\/nahuelproducciones.com.ar\/radioquijano\/wp-content\/uploads\/2022\/11\/WhatsApp-Image-2022-11-02-at-1.44.57-PM.jpeg 1160w\" sizes=\"auto, (max-width: 1024px) 100vw, 1024px\" \/><\/figure><\/li><li class=\"blocks-gallery-item\"><figure><img loading=\"lazy\" decoding=\"async\" width=\"770\" height=\"1024\" src=\"https:\/\/nahuelproducciones.com.ar\/radioquijano\/wp-content\/uploads\/2022\/11\/WhatsApp-Image-2022-11-02-at-1.44.24-PM-770x1024.jpeg\" alt=\"\" data-id=\"3680\" data-link=\"https:\/\/nahuelproducciones.com.ar\/radioquijano\/?attachment_id=3680\" class=\"wp-image-3680\" srcset=\"https:\/\/nahuelproducciones.com.ar\/radioquijano\/wp-content\/uploads\/2022\/11\/WhatsApp-Image-2022-11-02-at-1.44.24-PM-770x1024.jpeg 770w, https:\/\/nahuelproducciones.com.ar\/radioquijano\/wp-content\/uploads\/2022\/11\/WhatsApp-Image-2022-11-02-at-1.44.24-PM-226x300.jpeg 226w, https:\/\/nahuelproducciones.com.ar\/radioquijano\/wp-content\/uploads\/2022\/11\/WhatsApp-Image-2022-11-02-at-1.44.24-PM-768x1022.jpeg 768w, https:\/\/nahuelproducciones.com.ar\/radioquijano\/wp-content\/uploads\/2022\/11\/WhatsApp-Image-2022-11-02-at-1.44.24-PM-150x200.jpeg 150w, https:\/\/nahuelproducciones.com.ar\/radioquijano\/wp-content\/uploads\/2022\/11\/WhatsApp-Image-2022-11-02-at-1.44.24-PM.jpeg 872w\" sizes=\"auto, (max-width: 770px) 100vw, 770px\" \/><\/figure><\/li><li class=\"blocks-gallery-item\"><figure><img decoding=\"async\" src=\"https:\/\/nahuelproducciones.com.ar\/radioquijano\/wp-content\/uploads\/2022\/11\/WhatsApp-Image-2022-11-05-at-9.20.42-PM.jpeg\" alt=\"\" data-id=\"3681\" data-full-url=\"https:\/\/nahuelproducciones.com.ar\/radioquijano\/wp-content\/uploads\/2022\/11\/WhatsApp-Image-2022-11-05-at-9.20.42-PM.jpeg\" data-link=\"https:\/\/nahuelproducciones.com.ar\/radioquijano\/?attachment_id=3681\" class=\"wp-image-3681\"\/><\/figure><\/li><li class=\"blocks-gallery-item\"><figure><img loading=\"lazy\" decoding=\"async\" width=\"861\" height=\"442\" src=\"https:\/\/nahuelproducciones.com.ar\/radioquijano\/wp-content\/uploads\/2022\/11\/WhatsApp-Image-2022-11-05-at-9.19.36-PM.jpeg\" alt=\"\" data-id=\"3682\" data-full-url=\"https:\/\/nahuelproducciones.com.ar\/radioquijano\/wp-content\/uploads\/2022\/11\/WhatsApp-Image-2022-11-05-at-9.19.36-PM.jpeg\" data-link=\"https:\/\/nahuelproducciones.com.ar\/radioquijano\/?attachment_id=3682\" class=\"wp-image-3682\" srcset=\"https:\/\/nahuelproducciones.com.ar\/radioquijano\/wp-content\/uploads\/2022\/11\/WhatsApp-Image-2022-11-05-at-9.19.36-PM.jpeg 861w, https:\/\/nahuelproducciones.com.ar\/radioquijano\/wp-content\/uploads\/2022\/11\/WhatsApp-Image-2022-11-05-at-9.19.36-PM-300x154.jpeg 300w, https:\/\/nahuelproducciones.com.ar\/radioquijano\/wp-content\/uploads\/2022\/11\/WhatsApp-Image-2022-11-05-at-9.19.36-PM-768x394.jpeg 768w, https:\/\/nahuelproducciones.com.ar\/radioquijano\/wp-content\/uploads\/2022\/11\/WhatsApp-Image-2022-11-05-at-9.19.36-PM-150x77.jpeg 150w\" sizes=\"auto, (max-width: 861px) 100vw, 861px\" \/><\/figure><\/li><\/ul><\/figure>\n\n\n\n<figure class=\"wp-block-video\"><video controls src=\"https:\/\/nahuelproducciones.com.ar\/radioquijano\/wp-content\/uploads\/2022\/11\/WhatsApp-Video-2022-11-02-at-1.49.15-PM.mp4\"><\/video><figcaption>    <a href=\"https:\/\/nahuelproducciones.com.ar\/index.php\/rq999\" target=\"_blank\" rel=\"noreferrer noopener\">#RQ99.9Mhz<\/a>\u00a0<a href=\"https:\/\/nahuelproducciones.com.ar\/\" target=\"_blank\" rel=\"noreferrer noopener\">#CAMPOQUIJANO<\/a>\u00a0<a href=\"http:\/\/nahuelproducciones.com.ar\/radioquijano\/\" target=\"_blank\" rel=\"noreferrer noopener\">#RadioQuijano<\/a>     <\/figcaption><\/figure>\n","protected":false},"excerpt":{"rendered":"<p>La delegaci\u00f3n de Salta cerr\u00f3 una semana hist\u00f3rica en las finales de los Juegos Evita 2022 que se realizaron en Mar del Plata donde obtuvo 84 medallas, superando registros de 2018 y 2019. Gran desempe\u00f1o en deportes adaptados donde Salta fue protagonista nuevamente en los deportes adaptados y obtuvo 52 medallas de la cuales 17 [&hellip;]<\/p>\n","protected":false},"author":8,"featured_media":3681,"comment_status":"open","ping_status":"open","sticky":false,"template":"","format":"standard","meta":{"_monsterinsights_skip_tracking":false,"_monsterinsights_sitenote_active":false,"_monsterinsights_sitenote_note":"","_monsterinsights_sitenote_category":0,"footnotes":""},"categories":[16],"tags":[36,721,722],"class_list":["post-3676","post","type-post","status-publish","format-standard","has-post-thumbnail","hentry","category-noticias","tag-campo-quijano","tag-juegos-nacionales-evita","tag-kevin-rodrigo-rios"],"yoast_head":"<!-- This site is optimized with the Yoast SEO plugin v20.8 - https:\/\/yoast.com\/wordpress\/plugins\/seo\/ -->\n<title>KEVIN R\u00cdOS GAN\u00d3 LA MEDALLA DE ORO EN LOS JUEGOS NACIONALES EVITA - RQ 99.9<\/title>\n<meta name=\"description\" content=\"Kevin Rodrigo R\u00edos de Campo Quijano obtuvo medalla de Oro en 80 mts. Sub 16 FT40 de Atletismo Adaptado y en Lanzamiento de Bala Medalla de Plata , tambi\u00e9n fue Jos\u00e9 L\u00f3pez \u00c1lvarez que logr\u00f3 Medalla de Bronce.\" \/>\n<meta name=\"robots\" content=\"index, follow, max-snippet:-1, max-image-preview:large, max-video-preview:-1\" \/>\n<link rel=\"canonical\" href=\"https:\/\/nahuelproducciones.com.ar\/radioquijano\/kevin-rios-gano-la-medalla-de-oro-en-los-juegos-nacionales-evita\/\" \/>\n<meta property=\"og:locale\" content=\"es_ES\" \/>\n<meta property=\"og:type\" content=\"article\" \/>\n<meta property=\"og:title\" content=\"KEVIN R\u00cdOS GAN\u00d3 LA MEDALLA DE ORO EN LOS JUEGOS NACIONALES EVITA - RQ 99.9\" \/>\n<meta property=\"og:description\" content=\"Kevin Rodrigo R\u00edos de Campo Quijano obtuvo medalla de Oro en 80 mts. Sub 16 FT40 de Atletismo Adaptado y en Lanzamiento de Bala Medalla de Plata , tambi\u00e9n fue Jos\u00e9 L\u00f3pez \u00c1lvarez que logr\u00f3 Medalla de Bronce.\" \/>\n<meta property=\"og:url\" content=\"https:\/\/nahuelproducciones.com.ar\/radioquijano\/kevin-rios-gano-la-medalla-de-oro-en-los-juegos-nacionales-evita\/\" \/>\n<meta property=\"og:site_name\" content=\"RQ 99.9\" \/>\n<meta property=\"article:publisher\" content=\"https:\/\/www.facebook.com\/nahuelproducciones999\/\" \/>\n<meta property=\"article:published_time\" content=\"2022-11-06T00:25:30+00:00\" \/>\n<meta property=\"article:modified_time\" content=\"2022-11-06T00:25:31+00:00\" \/>\n<meta property=\"og:image\" content=\"https:\/\/nahuelproducciones.com.ar\/radioquijano\/wp-content\/uploads\/2022\/11\/WhatsApp-Image-2022-11-05-at-9.20.42-PM-e1667694311642.jpeg\" \/>\n\t<meta property=\"og:image:width\" content=\"700\" \/>\n\t<meta property=\"og:image:height\" content=\"401\" \/>\n\t<meta property=\"og:image:type\" content=\"image\/jpeg\" \/>\n<meta name=\"author\" content=\"Cecilia Pastrana\" \/>\n<meta name=\"twitter:card\" content=\"summary_large_image\" \/>\n<meta name=\"twitter:creator\" content=\"@nahuproduciones\" \/>\n<meta name=\"twitter:site\" content=\"@nahuproduciones\" \/>\n<meta name=\"twitter:label1\" content=\"Escrito por\" \/>\n\t<meta name=\"twitter:data1\" content=\"Cecilia Pastrana\" \/>\n\t<meta name=\"twitter:label2\" content=\"Tiempo de lectura\" \/>\n\t<meta name=\"twitter:data2\" content=\"2 minutos\" \/>\n<script type=\"application\/ld+json\" class=\"yoast-schema-graph\">{\"@context\":\"https:\/\/schema.org\",\"@graph\":[{\"@type\":\"WebPage\",\"@id\":\"https:\/\/nahuelproducciones.com.ar\/radioquijano\/kevin-rios-gano-la-medalla-de-oro-en-los-juegos-nacionales-evita\/\",\"url\":\"https:\/\/nahuelproducciones.com.ar\/radioquijano\/kevin-rios-gano-la-medalla-de-oro-en-los-juegos-nacionales-evita\/\",\"name\":\"KEVIN R\u00cdOS GAN\u00d3 LA MEDALLA DE ORO EN LOS JUEGOS NACIONALES EVITA - RQ 99.9\",\"isPartOf\":{\"@id\":\"https:\/\/nahuelproducciones.com.ar\/radioquijano\/#website\"},\"datePublished\":\"2022-11-06T00:25:30+00:00\",\"dateModified\":\"2022-11-06T00:25:31+00:00\",\"author\":{\"@id\":\"https:\/\/nahuelproducciones.com.ar\/radioquijano\/#\/schema\/person\/e8a4f939e2cb487fe6d0c54042c9d32c\"},\"description\":\"Kevin Rodrigo R\u00edos de Campo Quijano obtuvo medalla de Oro en 80 mts. Sub 16 FT40 de Atletismo Adaptado y en Lanzamiento de Bala Medalla de Plata , tambi\u00e9n fue Jos\u00e9 L\u00f3pez \u00c1lvarez que logr\u00f3 Medalla de Bronce.\",\"breadcrumb\":{\"@id\":\"https:\/\/nahuelproducciones.com.ar\/radioquijano\/kevin-rios-gano-la-medalla-de-oro-en-los-juegos-nacionales-evita\/#breadcrumb\"},\"inLanguage\":\"es\",\"potentialAction\":[{\"@type\":\"ReadAction\",\"target\":[\"https:\/\/nahuelproducciones.com.ar\/radioquijano\/kevin-rios-gano-la-medalla-de-oro-en-los-juegos-nacionales-evita\/\"]}]},{\"@type\":\"BreadcrumbList\",\"@id\":\"https:\/\/nahuelproducciones.com.ar\/radioquijano\/kevin-rios-gano-la-medalla-de-oro-en-los-juegos-nacionales-evita\/#breadcrumb\",\"itemListElement\":[{\"@type\":\"ListItem\",\"position\":1,\"name\":\"Portada\",\"item\":\"https:\/\/nahuelproducciones.com.ar\/radioquijano\/\"},{\"@type\":\"ListItem\",\"position\":2,\"name\":\"KEVIN R\u00cdOS GAN\u00d3 LA MEDALLA DE ORO EN LOS JUEGOS NACIONALES EVITA\"}]},{\"@type\":\"WebSite\",\"@id\":\"https:\/\/nahuelproducciones.com.ar\/radioquijano\/#website\",\"url\":\"https:\/\/nahuelproducciones.com.ar\/radioquijano\/\",\"name\":\"RQ 99.9\",\"description\":\"Radio Quijano 99.9 MHz\",\"potentialAction\":[{\"@type\":\"SearchAction\",\"target\":{\"@type\":\"EntryPoint\",\"urlTemplate\":\"https:\/\/nahuelproducciones.com.ar\/radioquijano\/?s={search_term_string}\"},\"query-input\":\"required name=search_term_string\"}],\"inLanguage\":\"es\"},{\"@type\":\"Person\",\"@id\":\"https:\/\/nahuelproducciones.com.ar\/radioquijano\/#\/schema\/person\/e8a4f939e2cb487fe6d0c54042c9d32c\",\"name\":\"Cecilia Pastrana\",\"image\":{\"@type\":\"ImageObject\",\"inLanguage\":\"es\",\"@id\":\"https:\/\/nahuelproducciones.com.ar\/radioquijano\/#\/schema\/person\/image\/\",\"url\":\"https:\/\/secure.gravatar.com\/avatar\/661a3ef63a8488d4f2794ed44af8cf71420f7e106f3072c40125114df5157749?s=96&d=mm&r=g\",\"contentUrl\":\"https:\/\/secure.gravatar.com\/avatar\/661a3ef63a8488d4f2794ed44af8cf71420f7e106f3072c40125114df5157749?s=96&d=mm&r=g\",\"caption\":\"Cecilia Pastrana\"},\"sameAs\":[\"cecy\"],\"url\":\"https:\/\/nahuelproducciones.com.ar\/radioquijano\/author\/cecy\/\"}]}<\/script>\n<!-- \/ Yoast SEO plugin. -->","yoast_head_json":{"title":"KEVIN R\u00cdOS GAN\u00d3 LA MEDALLA DE ORO EN LOS JUEGOS NACIONALES EVITA - RQ 99.9","description":"Kevin Rodrigo R\u00edos de Campo Quijano obtuvo medalla de Oro en 80 mts. Sub 16 FT40 de Atletismo Adaptado y en Lanzamiento de Bala Medalla de Plata , tambi\u00e9n fue Jos\u00e9 L\u00f3pez \u00c1lvarez que logr\u00f3 Medalla de Bronce.","robots":{"index":"index","follow":"follow","max-snippet":"max-snippet:-1","max-image-preview":"max-image-preview:large","max-video-preview":"max-video-preview:-1"},"canonical":"https:\/\/nahuelproducciones.com.ar\/radioquijano\/kevin-rios-gano-la-medalla-de-oro-en-los-juegos-nacionales-evita\/","og_locale":"es_ES","og_type":"article","og_title":"KEVIN R\u00cdOS GAN\u00d3 LA MEDALLA DE ORO EN LOS JUEGOS NACIONALES EVITA - RQ 99.9","og_description":"Kevin Rodrigo R\u00edos de Campo Quijano obtuvo medalla de Oro en 80 mts. Sub 16 FT40 de Atletismo Adaptado y en Lanzamiento de Bala Medalla de Plata , tambi\u00e9n fue Jos\u00e9 L\u00f3pez \u00c1lvarez que logr\u00f3 Medalla de Bronce.","og_url":"https:\/\/nahuelproducciones.com.ar\/radioquijano\/kevin-rios-gano-la-medalla-de-oro-en-los-juegos-nacionales-evita\/","og_site_name":"RQ 99.9","article_publisher":"https:\/\/www.facebook.com\/nahuelproducciones999\/","article_published_time":"2022-11-06T00:25:30+00:00","article_modified_time":"2022-11-06T00:25:31+00:00","og_image":[{"width":700,"height":401,"url":"https:\/\/nahuelproducciones.com.ar\/radioquijano\/wp-content\/uploads\/2022\/11\/WhatsApp-Image-2022-11-05-at-9.20.42-PM-e1667694311642.jpeg","type":"image\/jpeg"}],"author":"Cecilia Pastrana","twitter_card":"summary_large_image","twitter_creator":"@nahuproduciones","twitter_site":"@nahuproduciones","twitter_misc":{"Escrito por":"Cecilia Pastrana","Tiempo de lectura":"2 minutos"},"schema":{"@context":"https:\/\/schema.org","@graph":[{"@type":"WebPage","@id":"https:\/\/nahuelproducciones.com.ar\/radioquijano\/kevin-rios-gano-la-medalla-de-oro-en-los-juegos-nacionales-evita\/","url":"https:\/\/nahuelproducciones.com.ar\/radioquijano\/kevin-rios-gano-la-medalla-de-oro-en-los-juegos-nacionales-evita\/","name":"KEVIN R\u00cdOS GAN\u00d3 LA MEDALLA DE ORO EN LOS JUEGOS NACIONALES EVITA - RQ 99.9","isPartOf":{"@id":"https:\/\/nahuelproducciones.com.ar\/radioquijano\/#website"},"datePublished":"2022-11-06T00:25:30+00:00","dateModified":"2022-11-06T00:25:31+00:00","author":{"@id":"https:\/\/nahuelproducciones.com.ar\/radioquijano\/#\/schema\/person\/e8a4f939e2cb487fe6d0c54042c9d32c"},"description":"Kevin Rodrigo R\u00edos de Campo Quijano obtuvo medalla de Oro en 80 mts. Sub 16 FT40 de Atletismo Adaptado y en Lanzamiento de Bala Medalla de Plata , tambi\u00e9n fue Jos\u00e9 L\u00f3pez \u00c1lvarez que logr\u00f3 Medalla de Bronce.","breadcrumb":{"@id":"https:\/\/nahuelproducciones.com.ar\/radioquijano\/kevin-rios-gano-la-medalla-de-oro-en-los-juegos-nacionales-evita\/#breadcrumb"},"inLanguage":"es","potentialAction":[{"@type":"ReadAction","target":["https:\/\/nahuelproducciones.com.ar\/radioquijano\/kevin-rios-gano-la-medalla-de-oro-en-los-juegos-nacionales-evita\/"]}]},{"@type":"BreadcrumbList","@id":"https:\/\/nahuelproducciones.com.ar\/radioquijano\/kevin-rios-gano-la-medalla-de-oro-en-los-juegos-nacionales-evita\/#breadcrumb","itemListElement":[{"@type":"ListItem","position":1,"name":"Portada","item":"https:\/\/nahuelproducciones.com.ar\/radioquijano\/"},{"@type":"ListItem","position":2,"name":"KEVIN R\u00cdOS GAN\u00d3 LA MEDALLA DE ORO EN LOS JUEGOS NACIONALES EVITA"}]},{"@type":"WebSite","@id":"https:\/\/nahuelproducciones.com.ar\/radioquijano\/#website","url":"https:\/\/nahuelproducciones.com.ar\/radioquijano\/","name":"RQ 99.9","description":"Radio Quijano 99.9 MHz","potentialAction":[{"@type":"SearchAction","target":{"@type":"EntryPoint","urlTemplate":"https:\/\/nahuelproducciones.com.ar\/radioquijano\/?s={search_term_string}"},"query-input":"required name=search_term_string"}],"inLanguage":"es"},{"@type":"Person","@id":"https:\/\/nahuelproducciones.com.ar\/radioquijano\/#\/schema\/person\/e8a4f939e2cb487fe6d0c54042c9d32c","name":"Cecilia Pastrana","image":{"@type":"ImageObject","inLanguage":"es","@id":"https:\/\/nahuelproducciones.com.ar\/radioquijano\/#\/schema\/person\/image\/","url":"https:\/\/secure.gravatar.com\/avatar\/661a3ef63a8488d4f2794ed44af8cf71420f7e106f3072c40125114df5157749?s=96&d=mm&r=g","contentUrl":"https:\/\/secure.gravatar.com\/avatar\/661a3ef63a8488d4f2794ed44af8cf71420f7e106f3072c40125114df5157749?s=96&d=mm&r=g","caption":"Cecilia Pastrana"},"sameAs":["cecy"],"url":"https:\/\/nahuelproducciones.com.ar\/radioquijano\/author\/cecy\/"}]}},"_links":{"self":[{"href":"https:\/\/nahuelproducciones.com.ar\/radioquijano\/wp-json\/wp\/v2\/posts\/3676","targetHints":{"allow":["GET"]}}],"collection":[{"href":"https:\/\/nahuelproducciones.com.ar\/radioquijano\/wp-json\/wp\/v2\/posts"}],"about":[{"href":"https:\/\/nahuelproducciones.com.ar\/radioquijano\/wp-json\/wp\/v2\/types\/post"}],"author":[{"embeddable":true,"href":"https:\/\/nahuelproducciones.com.ar\/radioquijano\/wp-json\/wp\/v2\/users\/8"}],"replies":[{"embeddable":true,"href":"https:\/\/nahuelproducciones.com.ar\/radioquijano\/wp-json\/wp\/v2\/comments?post=3676"}],"version-history":[{"count":1,"href":"https:\/\/nahuelproducciones.com.ar\/radioquijano\/wp-json\/wp\/v2\/posts\/3676\/revisions"}],"predecessor-version":[{"id":3684,"href":"https:\/\/nahuelproducciones.com.ar\/radioquijano\/wp-json\/wp\/v2\/posts\/3676\/revisions\/3684"}],"wp:featuredmedia":[{"embeddable":true,"href":"https:\/\/nahuelproducciones.com.ar\/radioquijano\/wp-json\/wp\/v2\/media\/3681"}],"wp:attachment":[{"href":"https:\/\/nahuelproducciones.com.ar\/radioquijano\/wp-json\/wp\/v2\/media?parent=3676"}],"wp:term":[{"taxonomy":"category","embeddable":true,"href":"https:\/\/nahuelproducciones.com.ar\/radioquijano\/wp-json\/wp\/v2\/categories?post=3676"},{"taxonomy":"post_tag","embeddable":true,"href":"https:\/\/nahuelproducciones.com.ar\/radioquijano\/wp-json\/wp\/v2\/tags?post=3676"}],"curies":[{"name":"wp","href":"https:\/\/api.w.org\/{rel}","templated":true}]}}