{"id":3685,"date":"2022-11-05T22:11:38","date_gmt":"2022-11-06T01:11:38","guid":{"rendered":"https:\/\/nahuelproducciones.com.ar\/radioquijano\/?p=3685"},"modified":"2022-11-05T22:11:43","modified_gmt":"2022-11-06T01:11:43","slug":"campo-quijano-vive-la-60-fiesta-de-la-tradicion","status":"publish","type":"post","link":"https:\/\/nahuelproducciones.com.ar\/radioquijano\/campo-quijano-vive-la-60-fiesta-de-la-tradicion\/","title":{"rendered":"CAMPO QUIJANO VIVE LA 60\u00b0 FIESTA DE LA TRADICI\u00d3N"},"content":{"rendered":"\n<p>Pedro Bautista Presidente de la Agrupaci\u00f3n de Gauchos de G\u00fcemes Rodeo Antenor S\u00e1nchez, charlo con RQ99.9 contando como se vienen desarrollando las actividades de la semana de la tradici\u00f3n.<\/p>\n\n\n\n<p>Invito a que todos puedan concurrir\u00a0el s\u00e1bado 5  a presenciar la elecci\u00f3n de la Paisana de la Tradici\u00f3n, el baile del Peric\u00f3n Nacional y desfile de carrozas en  plaza 24 de Septiembre y Av. Chile.\u00a0<\/p>\n\n\n\n<p>Record\u00f3 que el domingo 6 a las 10:30 hs ser\u00e1 el acto c\u00edvico militar y las 11 iniciar\u00e1 el desfile de instituciones y fortines gauchos sobre avenida Chile en el barrio 21 de Septiembre.<\/p>\n\n\n\n<p>El mismo domingo a 14:30 hs en el Picadero Santiago Ap\u00f3stol ser\u00e1 el gran concurso del pial con la hacienda de Coronel Moldes de Ariel D\u00edaz, Jineteada Broche de Oro. Categor\u00edas grupo tropilla La nochera de Marinaro, La Amistad de Moya, La Calderilla de Fern\u00e1ndez, La Cruz de Fierro de Cruz.<\/p>\n\n\n\n<p>El gran baile popular cerrar\u00e1 todas las actividades donde actuar\u00e1n los del Cerro, Chaco Fiore, Ventura y sus Tropicales, Hermanos Laimes, La Super Band, Agua y Sol y Palmas Arriba.<\/p>\n\n\n\n<p>Escucha la entrevista:<\/p>\n\n\n\n<figure class=\"wp-block-audio\"><audio controls src=\"https:\/\/nahuelproducciones.com.ar\/radioquijano\/wp-content\/uploads\/2022\/11\/4-10-2022-pedro-bautista-60-fiesta-de-tradicion.mp3\"><\/audio><\/figure>\n\n\n\n<figure class=\"wp-block-gallery columns-3 is-cropped wp-block-gallery-1 is-layout-flex wp-block-gallery-is-layout-flex\"><ul class=\"blocks-gallery-grid\"><li class=\"blocks-gallery-item\"><figure><img loading=\"lazy\" decoding=\"async\" width=\"752\" height=\"1024\" src=\"https:\/\/nahuelproducciones.com.ar\/radioquijano\/wp-content\/uploads\/2022\/11\/pedro5-752x1024.jpg\" alt=\"\" data-id=\"3689\" data-full-url=\"https:\/\/nahuelproducciones.com.ar\/radioquijano\/wp-content\/uploads\/2022\/11\/pedro5.jpg\" data-link=\"https:\/\/nahuelproducciones.com.ar\/radioquijano\/?attachment_id=3689\" class=\"wp-image-3689\" srcset=\"https:\/\/nahuelproducciones.com.ar\/radioquijano\/wp-content\/uploads\/2022\/11\/pedro5-752x1024.jpg 752w, https:\/\/nahuelproducciones.com.ar\/radioquijano\/wp-content\/uploads\/2022\/11\/pedro5-220x300.jpg 220w, https:\/\/nahuelproducciones.com.ar\/radioquijano\/wp-content\/uploads\/2022\/11\/pedro5-768x1045.jpg 768w, https:\/\/nahuelproducciones.com.ar\/radioquijano\/wp-content\/uploads\/2022\/11\/pedro5-150x204.jpg 150w, https:\/\/nahuelproducciones.com.ar\/radioquijano\/wp-content\/uploads\/2022\/11\/pedro5.jpg 905w\" sizes=\"auto, (max-width: 752px) 100vw, 752px\" \/><\/figure><\/li><li class=\"blocks-gallery-item\"><figure><img loading=\"lazy\" decoding=\"async\" width=\"1024\" height=\"675\" src=\"https:\/\/nahuelproducciones.com.ar\/radioquijano\/wp-content\/uploads\/2022\/11\/pedro2-1024x675.jpg\" alt=\"\" data-id=\"3687\" data-full-url=\"https:\/\/nahuelproducciones.com.ar\/radioquijano\/wp-content\/uploads\/2022\/11\/pedro2.jpg\" data-link=\"https:\/\/nahuelproducciones.com.ar\/radioquijano\/?attachment_id=3687\" class=\"wp-image-3687\" srcset=\"https:\/\/nahuelproducciones.com.ar\/radioquijano\/wp-content\/uploads\/2022\/11\/pedro2-1024x675.jpg 1024w, https:\/\/nahuelproducciones.com.ar\/radioquijano\/wp-content\/uploads\/2022\/11\/pedro2-300x198.jpg 300w, https:\/\/nahuelproducciones.com.ar\/radioquijano\/wp-content\/uploads\/2022\/11\/pedro2-768x506.jpg 768w, https:\/\/nahuelproducciones.com.ar\/radioquijano\/wp-content\/uploads\/2022\/11\/pedro2-150x99.jpg 150w, https:\/\/nahuelproducciones.com.ar\/radioquijano\/wp-content\/uploads\/2022\/11\/pedro2.jpg 1033w\" sizes=\"auto, (max-width: 1024px) 100vw, 1024px\" \/><\/figure><\/li><li class=\"blocks-gallery-item\"><figure><img loading=\"lazy\" decoding=\"async\" width=\"771\" height=\"934\" src=\"https:\/\/nahuelproducciones.com.ar\/radioquijano\/wp-content\/uploads\/2022\/11\/pedro1.jpg\" alt=\"\" data-id=\"3688\" data-full-url=\"https:\/\/nahuelproducciones.com.ar\/radioquijano\/wp-content\/uploads\/2022\/11\/pedro1.jpg\" data-link=\"https:\/\/nahuelproducciones.com.ar\/radioquijano\/?attachment_id=3688\" class=\"wp-image-3688\" srcset=\"https:\/\/nahuelproducciones.com.ar\/radioquijano\/wp-content\/uploads\/2022\/11\/pedro1.jpg 771w, https:\/\/nahuelproducciones.com.ar\/radioquijano\/wp-content\/uploads\/2022\/11\/pedro1-248x300.jpg 248w, https:\/\/nahuelproducciones.com.ar\/radioquijano\/wp-content\/uploads\/2022\/11\/pedro1-768x930.jpg 768w, https:\/\/nahuelproducciones.com.ar\/radioquijano\/wp-content\/uploads\/2022\/11\/pedro1-150x182.jpg 150w\" sizes=\"auto, (max-width: 771px) 100vw, 771px\" \/><\/figure><\/li><li class=\"blocks-gallery-item\"><figure><img loading=\"lazy\" decoding=\"async\" width=\"1024\" height=\"768\" src=\"https:\/\/nahuelproducciones.com.ar\/radioquijano\/wp-content\/uploads\/2022\/11\/WhatsApp-Image-2022-11-03-at-9.45.59-PM-1024x768.jpeg\" alt=\"\" data-id=\"3692\" data-full-url=\"https:\/\/nahuelproducciones.com.ar\/radioquijano\/wp-content\/uploads\/2022\/11\/WhatsApp-Image-2022-11-03-at-9.45.59-PM.jpeg\" data-link=\"https:\/\/nahuelproducciones.com.ar\/radioquijano\/?attachment_id=3692\" class=\"wp-image-3692\" srcset=\"https:\/\/nahuelproducciones.com.ar\/radioquijano\/wp-content\/uploads\/2022\/11\/WhatsApp-Image-2022-11-03-at-9.45.59-PM-1024x768.jpeg 1024w, https:\/\/nahuelproducciones.com.ar\/radioquijano\/wp-content\/uploads\/2022\/11\/WhatsApp-Image-2022-11-03-at-9.45.59-PM-300x225.jpeg 300w, https:\/\/nahuelproducciones.com.ar\/radioquijano\/wp-content\/uploads\/2022\/11\/WhatsApp-Image-2022-11-03-at-9.45.59-PM-768x576.jpeg 768w, https:\/\/nahuelproducciones.com.ar\/radioquijano\/wp-content\/uploads\/2022\/11\/WhatsApp-Image-2022-11-03-at-9.45.59-PM-150x113.jpeg 150w, https:\/\/nahuelproducciones.com.ar\/radioquijano\/wp-content\/uploads\/2022\/11\/WhatsApp-Image-2022-11-03-at-9.45.59-PM.jpeg 1040w\" sizes=\"auto, (max-width: 1024px) 100vw, 1024px\" \/><\/figure><\/li><li class=\"blocks-gallery-item\"><figure><img loading=\"lazy\" decoding=\"async\" width=\"1024\" height=\"768\" src=\"https:\/\/nahuelproducciones.com.ar\/radioquijano\/wp-content\/uploads\/2022\/11\/WhatsApp-Image-2022-11-03-at-9.45.57-PM-1024x768.jpeg\" alt=\"\" data-id=\"3693\" data-full-url=\"https:\/\/nahuelproducciones.com.ar\/radioquijano\/wp-content\/uploads\/2022\/11\/WhatsApp-Image-2022-11-03-at-9.45.57-PM.jpeg\" data-link=\"https:\/\/nahuelproducciones.com.ar\/radioquijano\/?attachment_id=3693\" class=\"wp-image-3693\" srcset=\"https:\/\/nahuelproducciones.com.ar\/radioquijano\/wp-content\/uploads\/2022\/11\/WhatsApp-Image-2022-11-03-at-9.45.57-PM-1024x768.jpeg 1024w, https:\/\/nahuelproducciones.com.ar\/radioquijano\/wp-content\/uploads\/2022\/11\/WhatsApp-Image-2022-11-03-at-9.45.57-PM-300x225.jpeg 300w, https:\/\/nahuelproducciones.com.ar\/radioquijano\/wp-content\/uploads\/2022\/11\/WhatsApp-Image-2022-11-03-at-9.45.57-PM-768x576.jpeg 768w, https:\/\/nahuelproducciones.com.ar\/radioquijano\/wp-content\/uploads\/2022\/11\/WhatsApp-Image-2022-11-03-at-9.45.57-PM-150x113.jpeg 150w, https:\/\/nahuelproducciones.com.ar\/radioquijano\/wp-content\/uploads\/2022\/11\/WhatsApp-Image-2022-11-03-at-9.45.57-PM.jpeg 1040w\" sizes=\"auto, (max-width: 1024px) 100vw, 1024px\" \/><\/figure><\/li><li class=\"blocks-gallery-item\"><figure><img loading=\"lazy\" decoding=\"async\" width=\"1024\" height=\"768\" src=\"https:\/\/nahuelproducciones.com.ar\/radioquijano\/wp-content\/uploads\/2022\/11\/pedro3-1024x768.jpg\" alt=\"\" data-id=\"3691\" data-full-url=\"https:\/\/nahuelproducciones.com.ar\/radioquijano\/wp-content\/uploads\/2022\/11\/pedro3.jpg\" data-link=\"https:\/\/nahuelproducciones.com.ar\/radioquijano\/?attachment_id=3691\" class=\"wp-image-3691\" srcset=\"https:\/\/nahuelproducciones.com.ar\/radioquijano\/wp-content\/uploads\/2022\/11\/pedro3-1024x768.jpg 1024w, https:\/\/nahuelproducciones.com.ar\/radioquijano\/wp-content\/uploads\/2022\/11\/pedro3-300x225.jpg 300w, https:\/\/nahuelproducciones.com.ar\/radioquijano\/wp-content\/uploads\/2022\/11\/pedro3-768x576.jpg 768w, https:\/\/nahuelproducciones.com.ar\/radioquijano\/wp-content\/uploads\/2022\/11\/pedro3-1536x1152.jpg 1536w, https:\/\/nahuelproducciones.com.ar\/radioquijano\/wp-content\/uploads\/2022\/11\/pedro3-150x113.jpg 150w, https:\/\/nahuelproducciones.com.ar\/radioquijano\/wp-content\/uploads\/2022\/11\/pedro3.jpg 2048w\" sizes=\"auto, (max-width: 1024px) 100vw, 1024px\" \/><\/figure><\/li><li class=\"blocks-gallery-item\"><figure><img loading=\"lazy\" decoding=\"async\" width=\"1024\" height=\"768\" src=\"https:\/\/nahuelproducciones.com.ar\/radioquijano\/wp-content\/uploads\/2022\/11\/pedro4-1024x768.jpg\" alt=\"\" data-id=\"3690\" data-full-url=\"https:\/\/nahuelproducciones.com.ar\/radioquijano\/wp-content\/uploads\/2022\/11\/pedro4.jpg\" data-link=\"https:\/\/nahuelproducciones.com.ar\/radioquijano\/?attachment_id=3690\" class=\"wp-image-3690\" srcset=\"https:\/\/nahuelproducciones.com.ar\/radioquijano\/wp-content\/uploads\/2022\/11\/pedro4-1024x768.jpg 1024w, https:\/\/nahuelproducciones.com.ar\/radioquijano\/wp-content\/uploads\/2022\/11\/pedro4-300x225.jpg 300w, https:\/\/nahuelproducciones.com.ar\/radioquijano\/wp-content\/uploads\/2022\/11\/pedro4-768x576.jpg 768w, https:\/\/nahuelproducciones.com.ar\/radioquijano\/wp-content\/uploads\/2022\/11\/pedro4-1536x1152.jpg 1536w, https:\/\/nahuelproducciones.com.ar\/radioquijano\/wp-content\/uploads\/2022\/11\/pedro4-150x113.jpg 150w, https:\/\/nahuelproducciones.com.ar\/radioquijano\/wp-content\/uploads\/2022\/11\/pedro4.jpg 2048w\" sizes=\"auto, (max-width: 1024px) 100vw, 1024px\" \/><\/figure><\/li><\/ul><figcaption class=\"blocks-gallery-caption\">   <br><br><br> <a href=\"https:\/\/nahuelproducciones.com.ar\/index.php\/rq999\" target=\"_blank\" rel=\"noreferrer noopener\">#RQ99.9Mhz<\/a>\u00a0<a href=\"https:\/\/nahuelproducciones.com.ar\/\" target=\"_blank\" rel=\"noreferrer noopener\">#CAMPOQUIJANO<\/a>\u00a0<a href=\"http:\/\/nahuelproducciones.com.ar\/radioquijano\/\" target=\"_blank\" rel=\"noreferrer noopener\">#RadioQuijano<\/a>     <\/figcaption><\/figure>\n","protected":false},"excerpt":{"rendered":"<p>Pedro Bautista Presidente de la Agrupaci\u00f3n de Gauchos de G\u00fcemes Rodeo Antenor S\u00e1nchez, charlo con RQ99.9 contando como se vienen desarrollando las actividades de la semana de la tradici\u00f3n. Invito a que todos puedan concurrir\u00a0el s\u00e1bado 5 a presenciar la elecci\u00f3n de la Paisana de la Tradici\u00f3n, el baile del Peric\u00f3n Nacional y desfile de [&hellip;]<\/p>\n","protected":false},"author":8,"featured_media":3690,"comment_status":"open","ping_status":"open","sticky":false,"template":"","format":"standard","meta":{"_monsterinsights_skip_tracking":false,"_monsterinsights_sitenote_active":false,"_monsterinsights_sitenote_note":"","_monsterinsights_sitenote_category":0,"footnotes":""},"categories":[16],"tags":[723,240,36,724],"class_list":["post-3685","post","type-post","status-publish","format-standard","has-post-thumbnail","hentry","category-noticias","tag-60-fiesta-de-la-tradicion","tag-agrupacion-de-gauchos-de-guemes-rodeo-antenor-sanchez","tag-campo-quijano","tag-pedro-bautista-presidente-de-la-agrupacion-de-gauchos-de-guemes-rodeo-antenor-sanchez"],"yoast_head":"<!-- This site is optimized with the Yoast SEO plugin v20.8 - https:\/\/yoast.com\/wordpress\/plugins\/seo\/ -->\n<title>CAMPO QUIJANO VIVE LA 60\u00b0 FIESTA DE LA TRADICI\u00d3N - RQ 99.9<\/title>\n<meta name=\"description\" content=\"Domingo 6 a las 10:30 hs ser\u00e1 el acto c\u00edvico militar y las 11 iniciar\u00e1 el desfile de instituciones y fortines gauchos sobre avenida Chile en el barrio 21 de Septiembre.\" \/>\n<meta name=\"robots\" content=\"index, follow, max-snippet:-1, max-image-preview:large, max-video-preview:-1\" \/>\n<link rel=\"canonical\" href=\"https:\/\/nahuelproducciones.com.ar\/radioquijano\/campo-quijano-vive-la-60-fiesta-de-la-tradicion\/\" \/>\n<meta property=\"og:locale\" content=\"es_ES\" \/>\n<meta property=\"og:type\" content=\"article\" \/>\n<meta property=\"og:title\" content=\"CAMPO QUIJANO VIVE LA 60\u00b0 FIESTA DE LA TRADICI\u00d3N - RQ 99.9\" \/>\n<meta property=\"og:description\" content=\"Domingo 6 a las 10:30 hs ser\u00e1 el acto c\u00edvico militar y las 11 iniciar\u00e1 el desfile de instituciones y fortines gauchos sobre avenida Chile en el barrio 21 de Septiembre.\" \/>\n<meta property=\"og:url\" content=\"https:\/\/nahuelproducciones.com.ar\/radioquijano\/campo-quijano-vive-la-60-fiesta-de-la-tradicion\/\" \/>\n<meta property=\"og:site_name\" content=\"RQ 99.9\" \/>\n<meta property=\"article:publisher\" content=\"https:\/\/www.facebook.com\/nahuelproducciones999\/\" \/>\n<meta property=\"article:published_time\" content=\"2022-11-06T01:11:38+00:00\" \/>\n<meta property=\"article:modified_time\" content=\"2022-11-06T01:11:43+00:00\" \/>\n<meta property=\"og:image\" content=\"https:\/\/nahuelproducciones.com.ar\/radioquijano\/wp-content\/uploads\/2022\/11\/pedro4.jpg\" \/>\n\t<meta property=\"og:image:width\" content=\"2048\" \/>\n\t<meta property=\"og:image:height\" content=\"1536\" \/>\n\t<meta property=\"og:image:type\" content=\"image\/jpeg\" \/>\n<meta name=\"author\" content=\"Cecilia Pastrana\" \/>\n<meta name=\"twitter:card\" content=\"summary_large_image\" \/>\n<meta name=\"twitter:creator\" content=\"@nahuproduciones\" \/>\n<meta name=\"twitter:site\" content=\"@nahuproduciones\" \/>\n<meta name=\"twitter:label1\" content=\"Escrito por\" \/>\n\t<meta name=\"twitter:data1\" content=\"Cecilia Pastrana\" \/>\n\t<meta name=\"twitter:label2\" content=\"Tiempo de lectura\" \/>\n\t<meta name=\"twitter:data2\" content=\"3 minutos\" \/>\n<script type=\"application\/ld+json\" class=\"yoast-schema-graph\">{\"@context\":\"https:\/\/schema.org\",\"@graph\":[{\"@type\":\"WebPage\",\"@id\":\"https:\/\/nahuelproducciones.com.ar\/radioquijano\/campo-quijano-vive-la-60-fiesta-de-la-tradicion\/\",\"url\":\"https:\/\/nahuelproducciones.com.ar\/radioquijano\/campo-quijano-vive-la-60-fiesta-de-la-tradicion\/\",\"name\":\"CAMPO QUIJANO VIVE LA 60\u00b0 FIESTA DE LA TRADICI\u00d3N - RQ 99.9\",\"isPartOf\":{\"@id\":\"https:\/\/nahuelproducciones.com.ar\/radioquijano\/#website\"},\"datePublished\":\"2022-11-06T01:11:38+00:00\",\"dateModified\":\"2022-11-06T01:11:43+00:00\",\"author\":{\"@id\":\"https:\/\/nahuelproducciones.com.ar\/radioquijano\/#\/schema\/person\/e8a4f939e2cb487fe6d0c54042c9d32c\"},\"description\":\"Domingo 6 a las 10:30 hs ser\u00e1 el acto c\u00edvico militar y las 11 iniciar\u00e1 el desfile de instituciones y fortines gauchos sobre avenida Chile en el barrio 21 de Septiembre.\",\"breadcrumb\":{\"@id\":\"https:\/\/nahuelproducciones.com.ar\/radioquijano\/campo-quijano-vive-la-60-fiesta-de-la-tradicion\/#breadcrumb\"},\"inLanguage\":\"es\",\"potentialAction\":[{\"@type\":\"ReadAction\",\"target\":[\"https:\/\/nahuelproducciones.com.ar\/radioquijano\/campo-quijano-vive-la-60-fiesta-de-la-tradicion\/\"]}]},{\"@type\":\"BreadcrumbList\",\"@id\":\"https:\/\/nahuelproducciones.com.ar\/radioquijano\/campo-quijano-vive-la-60-fiesta-de-la-tradicion\/#breadcrumb\",\"itemListElement\":[{\"@type\":\"ListItem\",\"position\":1,\"name\":\"Portada\",\"item\":\"https:\/\/nahuelproducciones.com.ar\/radioquijano\/\"},{\"@type\":\"ListItem\",\"position\":2,\"name\":\"CAMPO QUIJANO VIVE LA 60\u00b0 FIESTA DE LA TRADICI\u00d3N\"}]},{\"@type\":\"WebSite\",\"@id\":\"https:\/\/nahuelproducciones.com.ar\/radioquijano\/#website\",\"url\":\"https:\/\/nahuelproducciones.com.ar\/radioquijano\/\",\"name\":\"RQ 99.9\",\"description\":\"Radio Quijano 99.9 MHz\",\"potentialAction\":[{\"@type\":\"SearchAction\",\"target\":{\"@type\":\"EntryPoint\",\"urlTemplate\":\"https:\/\/nahuelproducciones.com.ar\/radioquijano\/?s={search_term_string}\"},\"query-input\":\"required name=search_term_string\"}],\"inLanguage\":\"es\"},{\"@type\":\"Person\",\"@id\":\"https:\/\/nahuelproducciones.com.ar\/radioquijano\/#\/schema\/person\/e8a4f939e2cb487fe6d0c54042c9d32c\",\"name\":\"Cecilia Pastrana\",\"image\":{\"@type\":\"ImageObject\",\"inLanguage\":\"es\",\"@id\":\"https:\/\/nahuelproducciones.com.ar\/radioquijano\/#\/schema\/person\/image\/\",\"url\":\"https:\/\/secure.gravatar.com\/avatar\/661a3ef63a8488d4f2794ed44af8cf71420f7e106f3072c40125114df5157749?s=96&d=mm&r=g\",\"contentUrl\":\"https:\/\/secure.gravatar.com\/avatar\/661a3ef63a8488d4f2794ed44af8cf71420f7e106f3072c40125114df5157749?s=96&d=mm&r=g\",\"caption\":\"Cecilia Pastrana\"},\"sameAs\":[\"cecy\"],\"url\":\"https:\/\/nahuelproducciones.com.ar\/radioquijano\/author\/cecy\/\"}]}<\/script>\n<!-- \/ Yoast SEO plugin. -->","yoast_head_json":{"title":"CAMPO QUIJANO VIVE LA 60\u00b0 FIESTA DE LA TRADICI\u00d3N - RQ 99.9","description":"Domingo 6 a las 10:30 hs ser\u00e1 el acto c\u00edvico militar y las 11 iniciar\u00e1 el desfile de instituciones y fortines gauchos sobre avenida Chile en el barrio 21 de Septiembre.","robots":{"index":"index","follow":"follow","max-snippet":"max-snippet:-1","max-image-preview":"max-image-preview:large","max-video-preview":"max-video-preview:-1"},"canonical":"https:\/\/nahuelproducciones.com.ar\/radioquijano\/campo-quijano-vive-la-60-fiesta-de-la-tradicion\/","og_locale":"es_ES","og_type":"article","og_title":"CAMPO QUIJANO VIVE LA 60\u00b0 FIESTA DE LA TRADICI\u00d3N - RQ 99.9","og_description":"Domingo 6 a las 10:30 hs ser\u00e1 el acto c\u00edvico militar y las 11 iniciar\u00e1 el desfile de instituciones y fortines gauchos sobre avenida Chile en el barrio 21 de Septiembre.","og_url":"https:\/\/nahuelproducciones.com.ar\/radioquijano\/campo-quijano-vive-la-60-fiesta-de-la-tradicion\/","og_site_name":"RQ 99.9","article_publisher":"https:\/\/www.facebook.com\/nahuelproducciones999\/","article_published_time":"2022-11-06T01:11:38+00:00","article_modified_time":"2022-11-06T01:11:43+00:00","og_image":[{"width":2048,"height":1536,"url":"https:\/\/nahuelproducciones.com.ar\/radioquijano\/wp-content\/uploads\/2022\/11\/pedro4.jpg","type":"image\/jpeg"}],"author":"Cecilia Pastrana","twitter_card":"summary_large_image","twitter_creator":"@nahuproduciones","twitter_site":"@nahuproduciones","twitter_misc":{"Escrito por":"Cecilia Pastrana","Tiempo de lectura":"3 minutos"},"schema":{"@context":"https:\/\/schema.org","@graph":[{"@type":"WebPage","@id":"https:\/\/nahuelproducciones.com.ar\/radioquijano\/campo-quijano-vive-la-60-fiesta-de-la-tradicion\/","url":"https:\/\/nahuelproducciones.com.ar\/radioquijano\/campo-quijano-vive-la-60-fiesta-de-la-tradicion\/","name":"CAMPO QUIJANO VIVE LA 60\u00b0 FIESTA DE LA TRADICI\u00d3N - RQ 99.9","isPartOf":{"@id":"https:\/\/nahuelproducciones.com.ar\/radioquijano\/#website"},"datePublished":"2022-11-06T01:11:38+00:00","dateModified":"2022-11-06T01:11:43+00:00","author":{"@id":"https:\/\/nahuelproducciones.com.ar\/radioquijano\/#\/schema\/person\/e8a4f939e2cb487fe6d0c54042c9d32c"},"description":"Domingo 6 a las 10:30 hs ser\u00e1 el acto c\u00edvico militar y las 11 iniciar\u00e1 el desfile de instituciones y fortines gauchos sobre avenida Chile en el barrio 21 de Septiembre.","breadcrumb":{"@id":"https:\/\/nahuelproducciones.com.ar\/radioquijano\/campo-quijano-vive-la-60-fiesta-de-la-tradicion\/#breadcrumb"},"inLanguage":"es","potentialAction":[{"@type":"ReadAction","target":["https:\/\/nahuelproducciones.com.ar\/radioquijano\/campo-quijano-vive-la-60-fiesta-de-la-tradicion\/"]}]},{"@type":"BreadcrumbList","@id":"https:\/\/nahuelproducciones.com.ar\/radioquijano\/campo-quijano-vive-la-60-fiesta-de-la-tradicion\/#breadcrumb","itemListElement":[{"@type":"ListItem","position":1,"name":"Portada","item":"https:\/\/nahuelproducciones.com.ar\/radioquijano\/"},{"@type":"ListItem","position":2,"name":"CAMPO QUIJANO VIVE LA 60\u00b0 FIESTA DE LA TRADICI\u00d3N"}]},{"@type":"WebSite","@id":"https:\/\/nahuelproducciones.com.ar\/radioquijano\/#website","url":"https:\/\/nahuelproducciones.com.ar\/radioquijano\/","name":"RQ 99.9","description":"Radio Quijano 99.9 MHz","potentialAction":[{"@type":"SearchAction","target":{"@type":"EntryPoint","urlTemplate":"https:\/\/nahuelproducciones.com.ar\/radioquijano\/?s={search_term_string}"},"query-input":"required name=search_term_string"}],"inLanguage":"es"},{"@type":"Person","@id":"https:\/\/nahuelproducciones.com.ar\/radioquijano\/#\/schema\/person\/e8a4f939e2cb487fe6d0c54042c9d32c","name":"Cecilia Pastrana","image":{"@type":"ImageObject","inLanguage":"es","@id":"https:\/\/nahuelproducciones.com.ar\/radioquijano\/#\/schema\/person\/image\/","url":"https:\/\/secure.gravatar.com\/avatar\/661a3ef63a8488d4f2794ed44af8cf71420f7e106f3072c40125114df5157749?s=96&d=mm&r=g","contentUrl":"https:\/\/secure.gravatar.com\/avatar\/661a3ef63a8488d4f2794ed44af8cf71420f7e106f3072c40125114df5157749?s=96&d=mm&r=g","caption":"Cecilia Pastrana"},"sameAs":["cecy"],"url":"https:\/\/nahuelproducciones.com.ar\/radioquijano\/author\/cecy\/"}]}},"_links":{"self":[{"href":"https:\/\/nahuelproducciones.com.ar\/radioquijano\/wp-json\/wp\/v2\/posts\/3685","targetHints":{"allow":["GET"]}}],"collection":[{"href":"https:\/\/nahuelproducciones.com.ar\/radioquijano\/wp-json\/wp\/v2\/posts"}],"about":[{"href":"https:\/\/nahuelproducciones.com.ar\/radioquijano\/wp-json\/wp\/v2\/types\/post"}],"author":[{"embeddable":true,"href":"https:\/\/nahuelproducciones.com.ar\/radioquijano\/wp-json\/wp\/v2\/users\/8"}],"replies":[{"embeddable":true,"href":"https:\/\/nahuelproducciones.com.ar\/radioquijano\/wp-json\/wp\/v2\/comments?post=3685"}],"version-history":[{"count":1,"href":"https:\/\/nahuelproducciones.com.ar\/radioquijano\/wp-json\/wp\/v2\/posts\/3685\/revisions"}],"predecessor-version":[{"id":3696,"href":"https:\/\/nahuelproducciones.com.ar\/radioquijano\/wp-json\/wp\/v2\/posts\/3685\/revisions\/3696"}],"wp:featuredmedia":[{"embeddable":true,"href":"https:\/\/nahuelproducciones.com.ar\/radioquijano\/wp-json\/wp\/v2\/media\/3690"}],"wp:attachment":[{"href":"https:\/\/nahuelproducciones.com.ar\/radioquijano\/wp-json\/wp\/v2\/media?parent=3685"}],"wp:term":[{"taxonomy":"category","embeddable":true,"href":"https:\/\/nahuelproducciones.com.ar\/radioquijano\/wp-json\/wp\/v2\/categories?post=3685"},{"taxonomy":"post_tag","embeddable":true,"href":"https:\/\/nahuelproducciones.com.ar\/radioquijano\/wp-json\/wp\/v2\/tags?post=3685"}],"curies":[{"name":"wp","href":"https:\/\/api.w.org\/{rel}","templated":true}]}}