{"id":3701,"date":"2022-11-09T07:49:36","date_gmt":"2022-11-09T10:49:36","guid":{"rendered":"https:\/\/nahuelproducciones.com.ar\/radioquijano\/?p=3701"},"modified":"2022-11-09T07:49:37","modified_gmt":"2022-11-09T10:49:37","slug":"en-el-dia-del-municipal-llegaron-los-saludo-de-los-delegados-de-ate-en-campo-quijano","status":"publish","type":"post","link":"https:\/\/nahuelproducciones.com.ar\/radioquijano\/en-el-dia-del-municipal-llegaron-los-saludo-de-los-delegados-de-ate-en-campo-quijano\/","title":{"rendered":"En el D\u00eda del Municipal, llegaron los saludo de los delegados de ATE en Campo Quijano."},"content":{"rendered":"\n<p>En ocasi\u00f3n de celebrarse el D\u00eda del Empleado Municipal, Daniel Sosa y Juan Ascoy, delegados de Ate , saludaron a sus compa\u00f1eros en su d\u00eda.<\/p>\n\n\n\n<p>En RQ99.9Mhz destacaron  el trabajo de hombres y mujeres que hacen ya que es un fundamental aporte para que se puedan ejecutar acciones que favorezcan al pueblo.<\/p>\n\n\n\n<p>Recordaron que el asueto administrativo se emiti\u00f3 mediante resoluci\u00f3n N\u00b0115\/2022  y ser\u00e1 para el d\u00eda viernes 11 de noviembre de 2022.<\/p>\n\n\n\n<p>Escucha la entrevista que tiene datos interesantes: <\/p>\n\n\n\n<figure class=\"wp-block-audio\"><audio controls src=\"https:\/\/nahuelproducciones.com.ar\/radioquijano\/wp-content\/uploads\/2022\/11\/8-11-2022-dany-sosa-y-escoy-delegados-de-ATE-saluudan-en-el-dia-del-empleado-municipnal.mp3\"><\/audio><figcaption>     <a href=\"https:\/\/nahuelproducciones.com.ar\/index.php\/rq999\" target=\"_blank\" rel=\"noreferrer noopener\">#RQ99.9Mhz<\/a>\u00a0<a href=\"https:\/\/nahuelproducciones.com.ar\/\" target=\"_blank\" rel=\"noreferrer noopener\">#CAMPOQUIJANO<\/a>\u00a0<a href=\"http:\/\/nahuelproducciones.com.ar\/radioquijano\/\" target=\"_blank\" rel=\"noreferrer noopener\">#RadioQuijano<\/a>     <\/figcaption><\/figure>\n\n\n\n<p><\/p>\n","protected":false},"excerpt":{"rendered":"<p>En ocasi\u00f3n de celebrarse el D\u00eda del Empleado Municipal, Daniel Sosa y Juan Ascoy, delegados de Ate , saludaron a sus compa\u00f1eros en su d\u00eda. En RQ99.9Mhz destacaron el trabajo de hombres y mujeres que hacen ya que es un fundamental aporte para que se puedan ejecutar acciones que favorezcan al pueblo. Recordaron que el [&hellip;]<\/p>\n","protected":false},"author":8,"featured_media":3703,"comment_status":"open","ping_status":"open","sticky":false,"template":"","format":"standard","meta":{"_monsterinsights_skip_tracking":false,"_monsterinsights_sitenote_active":false,"_monsterinsights_sitenote_note":"","_monsterinsights_sitenote_category":0,"footnotes":""},"categories":[16],"tags":[206,36,728,730,729],"class_list":["post-3701","post","type-post","status-publish","format-standard","has-post-thumbnail","hentry","category-noticias","tag-ate","tag-campo-quijano","tag-daniel-sosa","tag-dia-del-municipal","tag-juan-ascoy"],"yoast_head":"<!-- This site is optimized with the Yoast SEO plugin v20.8 - https:\/\/yoast.com\/wordpress\/plugins\/seo\/ -->\n<title>En el D\u00eda del Municipal, llegaron los saludo de los delegados de ATE en Campo Quijano. - RQ 99.9<\/title>\n<meta name=\"description\" content=\"Asueto el d\u00eda viernes 11 de noviembre de 2022.\" \/>\n<meta name=\"robots\" content=\"index, follow, max-snippet:-1, max-image-preview:large, max-video-preview:-1\" \/>\n<link rel=\"canonical\" href=\"https:\/\/nahuelproducciones.com.ar\/radioquijano\/en-el-dia-del-municipal-llegaron-los-saludo-de-los-delegados-de-ate-en-campo-quijano\/\" \/>\n<meta property=\"og:locale\" content=\"es_ES\" \/>\n<meta property=\"og:type\" content=\"article\" \/>\n<meta property=\"og:title\" content=\"En el D\u00eda del Municipal, llegaron los saludo de los delegados de ATE en Campo Quijano. - RQ 99.9\" \/>\n<meta property=\"og:description\" content=\"Asueto el d\u00eda viernes 11 de noviembre de 2022.\" \/>\n<meta property=\"og:url\" content=\"https:\/\/nahuelproducciones.com.ar\/radioquijano\/en-el-dia-del-municipal-llegaron-los-saludo-de-los-delegados-de-ate-en-campo-quijano\/\" \/>\n<meta property=\"og:site_name\" content=\"RQ 99.9\" \/>\n<meta property=\"article:publisher\" content=\"https:\/\/www.facebook.com\/nahuelproducciones999\/\" \/>\n<meta property=\"article:published_time\" content=\"2022-11-09T10:49:36+00:00\" \/>\n<meta property=\"article:modified_time\" content=\"2022-11-09T10:49:37+00:00\" \/>\n<meta property=\"og:image\" content=\"https:\/\/nahuelproducciones.com.ar\/radioquijano\/wp-content\/uploads\/2022\/11\/ate-e1667990964343.jpg\" \/>\n\t<meta property=\"og:image:width\" content=\"320\" \/>\n\t<meta property=\"og:image:height\" content=\"320\" \/>\n\t<meta property=\"og:image:type\" content=\"image\/jpeg\" \/>\n<meta name=\"author\" content=\"Cecilia Pastrana\" \/>\n<meta name=\"twitter:card\" content=\"summary_large_image\" \/>\n<meta name=\"twitter:creator\" content=\"@nahuproduciones\" \/>\n<meta name=\"twitter:site\" content=\"@nahuproduciones\" \/>\n<meta name=\"twitter:label1\" content=\"Escrito por\" \/>\n\t<meta name=\"twitter:data1\" content=\"Cecilia Pastrana\" \/>\n\t<meta name=\"twitter:label2\" content=\"Tiempo de lectura\" \/>\n\t<meta name=\"twitter:data2\" content=\"1 minuto\" \/>\n<script type=\"application\/ld+json\" class=\"yoast-schema-graph\">{\"@context\":\"https:\/\/schema.org\",\"@graph\":[{\"@type\":\"WebPage\",\"@id\":\"https:\/\/nahuelproducciones.com.ar\/radioquijano\/en-el-dia-del-municipal-llegaron-los-saludo-de-los-delegados-de-ate-en-campo-quijano\/\",\"url\":\"https:\/\/nahuelproducciones.com.ar\/radioquijano\/en-el-dia-del-municipal-llegaron-los-saludo-de-los-delegados-de-ate-en-campo-quijano\/\",\"name\":\"En el D\u00eda del Municipal, llegaron los saludo de los delegados de ATE en Campo Quijano. - RQ 99.9\",\"isPartOf\":{\"@id\":\"https:\/\/nahuelproducciones.com.ar\/radioquijano\/#website\"},\"datePublished\":\"2022-11-09T10:49:36+00:00\",\"dateModified\":\"2022-11-09T10:49:37+00:00\",\"author\":{\"@id\":\"https:\/\/nahuelproducciones.com.ar\/radioquijano\/#\/schema\/person\/e8a4f939e2cb487fe6d0c54042c9d32c\"},\"description\":\"Asueto el d\u00eda viernes 11 de noviembre de 2022.\",\"breadcrumb\":{\"@id\":\"https:\/\/nahuelproducciones.com.ar\/radioquijano\/en-el-dia-del-municipal-llegaron-los-saludo-de-los-delegados-de-ate-en-campo-quijano\/#breadcrumb\"},\"inLanguage\":\"es\",\"potentialAction\":[{\"@type\":\"ReadAction\",\"target\":[\"https:\/\/nahuelproducciones.com.ar\/radioquijano\/en-el-dia-del-municipal-llegaron-los-saludo-de-los-delegados-de-ate-en-campo-quijano\/\"]}]},{\"@type\":\"BreadcrumbList\",\"@id\":\"https:\/\/nahuelproducciones.com.ar\/radioquijano\/en-el-dia-del-municipal-llegaron-los-saludo-de-los-delegados-de-ate-en-campo-quijano\/#breadcrumb\",\"itemListElement\":[{\"@type\":\"ListItem\",\"position\":1,\"name\":\"Portada\",\"item\":\"https:\/\/nahuelproducciones.com.ar\/radioquijano\/\"},{\"@type\":\"ListItem\",\"position\":2,\"name\":\"En el D\u00eda del Municipal, llegaron los saludo de los delegados de ATE en Campo Quijano.\"}]},{\"@type\":\"WebSite\",\"@id\":\"https:\/\/nahuelproducciones.com.ar\/radioquijano\/#website\",\"url\":\"https:\/\/nahuelproducciones.com.ar\/radioquijano\/\",\"name\":\"RQ 99.9\",\"description\":\"Radio Quijano 99.9 MHz\",\"potentialAction\":[{\"@type\":\"SearchAction\",\"target\":{\"@type\":\"EntryPoint\",\"urlTemplate\":\"https:\/\/nahuelproducciones.com.ar\/radioquijano\/?s={search_term_string}\"},\"query-input\":\"required name=search_term_string\"}],\"inLanguage\":\"es\"},{\"@type\":\"Person\",\"@id\":\"https:\/\/nahuelproducciones.com.ar\/radioquijano\/#\/schema\/person\/e8a4f939e2cb487fe6d0c54042c9d32c\",\"name\":\"Cecilia Pastrana\",\"image\":{\"@type\":\"ImageObject\",\"inLanguage\":\"es\",\"@id\":\"https:\/\/nahuelproducciones.com.ar\/radioquijano\/#\/schema\/person\/image\/\",\"url\":\"https:\/\/secure.gravatar.com\/avatar\/661a3ef63a8488d4f2794ed44af8cf71420f7e106f3072c40125114df5157749?s=96&d=mm&r=g\",\"contentUrl\":\"https:\/\/secure.gravatar.com\/avatar\/661a3ef63a8488d4f2794ed44af8cf71420f7e106f3072c40125114df5157749?s=96&d=mm&r=g\",\"caption\":\"Cecilia Pastrana\"},\"sameAs\":[\"cecy\"],\"url\":\"https:\/\/nahuelproducciones.com.ar\/radioquijano\/author\/cecy\/\"}]}<\/script>\n<!-- \/ Yoast SEO plugin. -->","yoast_head_json":{"title":"En el D\u00eda del Municipal, llegaron los saludo de los delegados de ATE en Campo Quijano. - RQ 99.9","description":"Asueto el d\u00eda viernes 11 de noviembre de 2022.","robots":{"index":"index","follow":"follow","max-snippet":"max-snippet:-1","max-image-preview":"max-image-preview:large","max-video-preview":"max-video-preview:-1"},"canonical":"https:\/\/nahuelproducciones.com.ar\/radioquijano\/en-el-dia-del-municipal-llegaron-los-saludo-de-los-delegados-de-ate-en-campo-quijano\/","og_locale":"es_ES","og_type":"article","og_title":"En el D\u00eda del Municipal, llegaron los saludo de los delegados de ATE en Campo Quijano. - RQ 99.9","og_description":"Asueto el d\u00eda viernes 11 de noviembre de 2022.","og_url":"https:\/\/nahuelproducciones.com.ar\/radioquijano\/en-el-dia-del-municipal-llegaron-los-saludo-de-los-delegados-de-ate-en-campo-quijano\/","og_site_name":"RQ 99.9","article_publisher":"https:\/\/www.facebook.com\/nahuelproducciones999\/","article_published_time":"2022-11-09T10:49:36+00:00","article_modified_time":"2022-11-09T10:49:37+00:00","og_image":[{"width":320,"height":320,"url":"https:\/\/nahuelproducciones.com.ar\/radioquijano\/wp-content\/uploads\/2022\/11\/ate-e1667990964343.jpg","type":"image\/jpeg"}],"author":"Cecilia Pastrana","twitter_card":"summary_large_image","twitter_creator":"@nahuproduciones","twitter_site":"@nahuproduciones","twitter_misc":{"Escrito por":"Cecilia Pastrana","Tiempo de lectura":"1 minuto"},"schema":{"@context":"https:\/\/schema.org","@graph":[{"@type":"WebPage","@id":"https:\/\/nahuelproducciones.com.ar\/radioquijano\/en-el-dia-del-municipal-llegaron-los-saludo-de-los-delegados-de-ate-en-campo-quijano\/","url":"https:\/\/nahuelproducciones.com.ar\/radioquijano\/en-el-dia-del-municipal-llegaron-los-saludo-de-los-delegados-de-ate-en-campo-quijano\/","name":"En el D\u00eda del Municipal, llegaron los saludo de los delegados de ATE en Campo Quijano. - RQ 99.9","isPartOf":{"@id":"https:\/\/nahuelproducciones.com.ar\/radioquijano\/#website"},"datePublished":"2022-11-09T10:49:36+00:00","dateModified":"2022-11-09T10:49:37+00:00","author":{"@id":"https:\/\/nahuelproducciones.com.ar\/radioquijano\/#\/schema\/person\/e8a4f939e2cb487fe6d0c54042c9d32c"},"description":"Asueto el d\u00eda viernes 11 de noviembre de 2022.","breadcrumb":{"@id":"https:\/\/nahuelproducciones.com.ar\/radioquijano\/en-el-dia-del-municipal-llegaron-los-saludo-de-los-delegados-de-ate-en-campo-quijano\/#breadcrumb"},"inLanguage":"es","potentialAction":[{"@type":"ReadAction","target":["https:\/\/nahuelproducciones.com.ar\/radioquijano\/en-el-dia-del-municipal-llegaron-los-saludo-de-los-delegados-de-ate-en-campo-quijano\/"]}]},{"@type":"BreadcrumbList","@id":"https:\/\/nahuelproducciones.com.ar\/radioquijano\/en-el-dia-del-municipal-llegaron-los-saludo-de-los-delegados-de-ate-en-campo-quijano\/#breadcrumb","itemListElement":[{"@type":"ListItem","position":1,"name":"Portada","item":"https:\/\/nahuelproducciones.com.ar\/radioquijano\/"},{"@type":"ListItem","position":2,"name":"En el D\u00eda del Municipal, llegaron los saludo de los delegados de ATE en Campo Quijano."}]},{"@type":"WebSite","@id":"https:\/\/nahuelproducciones.com.ar\/radioquijano\/#website","url":"https:\/\/nahuelproducciones.com.ar\/radioquijano\/","name":"RQ 99.9","description":"Radio Quijano 99.9 MHz","potentialAction":[{"@type":"SearchAction","target":{"@type":"EntryPoint","urlTemplate":"https:\/\/nahuelproducciones.com.ar\/radioquijano\/?s={search_term_string}"},"query-input":"required name=search_term_string"}],"inLanguage":"es"},{"@type":"Person","@id":"https:\/\/nahuelproducciones.com.ar\/radioquijano\/#\/schema\/person\/e8a4f939e2cb487fe6d0c54042c9d32c","name":"Cecilia Pastrana","image":{"@type":"ImageObject","inLanguage":"es","@id":"https:\/\/nahuelproducciones.com.ar\/radioquijano\/#\/schema\/person\/image\/","url":"https:\/\/secure.gravatar.com\/avatar\/661a3ef63a8488d4f2794ed44af8cf71420f7e106f3072c40125114df5157749?s=96&d=mm&r=g","contentUrl":"https:\/\/secure.gravatar.com\/avatar\/661a3ef63a8488d4f2794ed44af8cf71420f7e106f3072c40125114df5157749?s=96&d=mm&r=g","caption":"Cecilia Pastrana"},"sameAs":["cecy"],"url":"https:\/\/nahuelproducciones.com.ar\/radioquijano\/author\/cecy\/"}]}},"_links":{"self":[{"href":"https:\/\/nahuelproducciones.com.ar\/radioquijano\/wp-json\/wp\/v2\/posts\/3701","targetHints":{"allow":["GET"]}}],"collection":[{"href":"https:\/\/nahuelproducciones.com.ar\/radioquijano\/wp-json\/wp\/v2\/posts"}],"about":[{"href":"https:\/\/nahuelproducciones.com.ar\/radioquijano\/wp-json\/wp\/v2\/types\/post"}],"author":[{"embeddable":true,"href":"https:\/\/nahuelproducciones.com.ar\/radioquijano\/wp-json\/wp\/v2\/users\/8"}],"replies":[{"embeddable":true,"href":"https:\/\/nahuelproducciones.com.ar\/radioquijano\/wp-json\/wp\/v2\/comments?post=3701"}],"version-history":[{"count":1,"href":"https:\/\/nahuelproducciones.com.ar\/radioquijano\/wp-json\/wp\/v2\/posts\/3701\/revisions"}],"predecessor-version":[{"id":3704,"href":"https:\/\/nahuelproducciones.com.ar\/radioquijano\/wp-json\/wp\/v2\/posts\/3701\/revisions\/3704"}],"wp:featuredmedia":[{"embeddable":true,"href":"https:\/\/nahuelproducciones.com.ar\/radioquijano\/wp-json\/wp\/v2\/media\/3703"}],"wp:attachment":[{"href":"https:\/\/nahuelproducciones.com.ar\/radioquijano\/wp-json\/wp\/v2\/media?parent=3701"}],"wp:term":[{"taxonomy":"category","embeddable":true,"href":"https:\/\/nahuelproducciones.com.ar\/radioquijano\/wp-json\/wp\/v2\/categories?post=3701"},{"taxonomy":"post_tag","embeddable":true,"href":"https:\/\/nahuelproducciones.com.ar\/radioquijano\/wp-json\/wp\/v2\/tags?post=3701"}],"curies":[{"name":"wp","href":"https:\/\/api.w.org\/{rel}","templated":true}]}}