{"id":3924,"date":"2022-12-11T22:24:36","date_gmt":"2022-12-12T01:24:36","guid":{"rendered":"https:\/\/nahuelproducciones.com.ar\/radioquijano\/?p=3924"},"modified":"2022-12-11T22:39:13","modified_gmt":"2022-12-12T01:39:13","slug":"campana-por-los-estudiantes-de-la-escuela-de-las-cuevas","status":"publish","type":"post","link":"https:\/\/nahuelproducciones.com.ar\/radioquijano\/campana-por-los-estudiantes-de-la-escuela-de-las-cuevas\/","title":{"rendered":"Campa\u00f1a por los estudiantes de la escuela de Las Cuevas"},"content":{"rendered":"\n<p>Hay familias en la Quebrada que la estan pasando mal por las intensas lluvias, alud y la falta de provisiones .<\/p>\n\n\n\n<p>Muchas de sus cosas se mojaron, otras se perdieron y hoy docentes de la escuela solicitan de su ayuda. La Comunidad educativa de la zona de Las Cuevas y parajes aleda\u00f1os ya est\u00e1n trabajando con las familias que fueron afectadas.<\/p>\n\n\n\n<blockquote class=\"wp-block-quote is-style-large is-layout-flow wp-block-quote-is-layout-flow\"><p>Las donaciones pueden ser llevadas al domicilio del Profesor Daniel L\u00f3pez o comunic\u00e1ndose  a su celular 387 5 318330 tambi\u00e9n con la Profesora Georgina Mena Celular 387 4 890919, en La Silleta el Sr Jorge Mena tambi\u00e9n recibe.<\/p><\/blockquote>\n\n\n\n<p>Desde las redes y grupos de Whats App los corazones solidarios se multiplican y piden donaciones para llevar a la zona. <\/p>\n\n\n\n<div class=\"wp-block-columns is-layout-flex wp-container-core-columns-is-layout-9d6595d7 wp-block-columns-is-layout-flex\">\n<div class=\"wp-block-column is-layout-flow wp-block-column-is-layout-flow\">\n<figure class=\"wp-block-image size-large\"><img loading=\"lazy\" decoding=\"async\" width=\"1024\" height=\"768\" src=\"https:\/\/nahuelproducciones.com.ar\/radioquijano\/wp-content\/uploads\/2022\/12\/WhatsApp-Image-2022-12-11-at-15.19.59-1-1024x768.jpeg\" alt=\"\" class=\"wp-image-3927\" srcset=\"https:\/\/nahuelproducciones.com.ar\/radioquijano\/wp-content\/uploads\/2022\/12\/WhatsApp-Image-2022-12-11-at-15.19.59-1-1024x768.jpeg 1024w, https:\/\/nahuelproducciones.com.ar\/radioquijano\/wp-content\/uploads\/2022\/12\/WhatsApp-Image-2022-12-11-at-15.19.59-1-300x225.jpeg 300w, https:\/\/nahuelproducciones.com.ar\/radioquijano\/wp-content\/uploads\/2022\/12\/WhatsApp-Image-2022-12-11-at-15.19.59-1-768x576.jpeg 768w, https:\/\/nahuelproducciones.com.ar\/radioquijano\/wp-content\/uploads\/2022\/12\/WhatsApp-Image-2022-12-11-at-15.19.59-1-150x113.jpeg 150w, https:\/\/nahuelproducciones.com.ar\/radioquijano\/wp-content\/uploads\/2022\/12\/WhatsApp-Image-2022-12-11-at-15.19.59-1.jpeg 1280w\" sizes=\"auto, (max-width: 1024px) 100vw, 1024px\" \/><\/figure>\n<\/div>\n\n\n\n<div class=\"wp-block-column is-layout-flow wp-block-column-is-layout-flow\">\n<figure class=\"wp-block-image size-large\"><img loading=\"lazy\" decoding=\"async\" width=\"1024\" height=\"768\" src=\"https:\/\/nahuelproducciones.com.ar\/radioquijano\/wp-content\/uploads\/2022\/12\/WhatsApp-Image-2022-12-11-at-15.19.58-1024x768.jpeg\" alt=\"\" class=\"wp-image-3928\" srcset=\"https:\/\/nahuelproducciones.com.ar\/radioquijano\/wp-content\/uploads\/2022\/12\/WhatsApp-Image-2022-12-11-at-15.19.58-1024x768.jpeg 1024w, https:\/\/nahuelproducciones.com.ar\/radioquijano\/wp-content\/uploads\/2022\/12\/WhatsApp-Image-2022-12-11-at-15.19.58-300x225.jpeg 300w, https:\/\/nahuelproducciones.com.ar\/radioquijano\/wp-content\/uploads\/2022\/12\/WhatsApp-Image-2022-12-11-at-15.19.58-768x576.jpeg 768w, https:\/\/nahuelproducciones.com.ar\/radioquijano\/wp-content\/uploads\/2022\/12\/WhatsApp-Image-2022-12-11-at-15.19.58-150x113.jpeg 150w, https:\/\/nahuelproducciones.com.ar\/radioquijano\/wp-content\/uploads\/2022\/12\/WhatsApp-Image-2022-12-11-at-15.19.58.jpeg 1280w\" sizes=\"auto, (max-width: 1024px) 100vw, 1024px\" \/><\/figure>\n<\/div>\n<\/div>\n\n\n\n<p>La Docente Georgina Mena, en comunicaci\u00f3n con Radio Quijano 99.9 dio detalles del problema solicita colaboraci\u00f3n en forma urgente no solo para los alumnos de la escuela sino tambi\u00e9n para los familiares habitan en parajes como Cachi\u00f1al, Esquina Negra La Encrucijada entre otros.<\/p>\n\n\n\n<div class=\"wp-block-columns is-layout-flex wp-container-core-columns-is-layout-9d6595d7 wp-block-columns-is-layout-flex\">\n<div class=\"wp-block-column is-layout-flow wp-block-column-is-layout-flow\">\n<figure class=\"wp-block-image size-large is-resized\"><img loading=\"lazy\" decoding=\"async\" src=\"https:\/\/nahuelproducciones.com.ar\/radioquijano\/wp-content\/uploads\/2022\/12\/WhatsApp-Image-2022-12-11-at-15.19.57-1-1024x768.jpeg\" alt=\"\" class=\"wp-image-3929\" width=\"278\" height=\"208\" srcset=\"https:\/\/nahuelproducciones.com.ar\/radioquijano\/wp-content\/uploads\/2022\/12\/WhatsApp-Image-2022-12-11-at-15.19.57-1-1024x768.jpeg 1024w, https:\/\/nahuelproducciones.com.ar\/radioquijano\/wp-content\/uploads\/2022\/12\/WhatsApp-Image-2022-12-11-at-15.19.57-1-300x225.jpeg 300w, https:\/\/nahuelproducciones.com.ar\/radioquijano\/wp-content\/uploads\/2022\/12\/WhatsApp-Image-2022-12-11-at-15.19.57-1-768x576.jpeg 768w, https:\/\/nahuelproducciones.com.ar\/radioquijano\/wp-content\/uploads\/2022\/12\/WhatsApp-Image-2022-12-11-at-15.19.57-1-150x113.jpeg 150w, https:\/\/nahuelproducciones.com.ar\/radioquijano\/wp-content\/uploads\/2022\/12\/WhatsApp-Image-2022-12-11-at-15.19.57-1.jpeg 1280w\" sizes=\"auto, (max-width: 278px) 100vw, 278px\" \/><\/figure>\n<\/div>\n\n\n\n<div class=\"wp-block-column is-layout-flow wp-block-column-is-layout-flow\">\n<figure class=\"wp-block-image size-large is-resized\"><img loading=\"lazy\" decoding=\"async\" src=\"https:\/\/nahuelproducciones.com.ar\/radioquijano\/wp-content\/uploads\/2022\/12\/WhatsApp-Image-2022-12-11-at-15.19.54-768x1024.jpeg\" alt=\"\" class=\"wp-image-3937\" width=\"276\" height=\"368\" srcset=\"https:\/\/nahuelproducciones.com.ar\/radioquijano\/wp-content\/uploads\/2022\/12\/WhatsApp-Image-2022-12-11-at-15.19.54-768x1024.jpeg 768w, https:\/\/nahuelproducciones.com.ar\/radioquijano\/wp-content\/uploads\/2022\/12\/WhatsApp-Image-2022-12-11-at-15.19.54-225x300.jpeg 225w, https:\/\/nahuelproducciones.com.ar\/radioquijano\/wp-content\/uploads\/2022\/12\/WhatsApp-Image-2022-12-11-at-15.19.54-640x853.jpeg 640w, https:\/\/nahuelproducciones.com.ar\/radioquijano\/wp-content\/uploads\/2022\/12\/WhatsApp-Image-2022-12-11-at-15.19.54-150x200.jpeg 150w, https:\/\/nahuelproducciones.com.ar\/radioquijano\/wp-content\/uploads\/2022\/12\/WhatsApp-Image-2022-12-11-at-15.19.54.jpeg 960w\" sizes=\"auto, (max-width: 276px) 100vw, 276px\" \/><\/figure>\n<\/div>\n\n\n\n<div class=\"wp-block-column is-layout-flow wp-block-column-is-layout-flow\">\n<figure class=\"wp-block-image size-large is-resized\"><img loading=\"lazy\" decoding=\"async\" src=\"https:\/\/nahuelproducciones.com.ar\/radioquijano\/wp-content\/uploads\/2022\/12\/WhatsApp-Image-2022-12-11-at-15.19.57-1024x768.jpeg\" alt=\"\" class=\"wp-image-3931\" width=\"282\" height=\"211\" srcset=\"https:\/\/nahuelproducciones.com.ar\/radioquijano\/wp-content\/uploads\/2022\/12\/WhatsApp-Image-2022-12-11-at-15.19.57-1024x768.jpeg 1024w, https:\/\/nahuelproducciones.com.ar\/radioquijano\/wp-content\/uploads\/2022\/12\/WhatsApp-Image-2022-12-11-at-15.19.57-300x225.jpeg 300w, https:\/\/nahuelproducciones.com.ar\/radioquijano\/wp-content\/uploads\/2022\/12\/WhatsApp-Image-2022-12-11-at-15.19.57-768x576.jpeg 768w, https:\/\/nahuelproducciones.com.ar\/radioquijano\/wp-content\/uploads\/2022\/12\/WhatsApp-Image-2022-12-11-at-15.19.57-150x113.jpeg 150w, https:\/\/nahuelproducciones.com.ar\/radioquijano\/wp-content\/uploads\/2022\/12\/WhatsApp-Image-2022-12-11-at-15.19.57.jpeg 1040w\" sizes=\"auto, (max-width: 282px) 100vw, 282px\" \/><\/figure>\n<\/div>\n<\/div>\n\n\n\n<p>Se solicita calzados desde el talle 26 en adelante, ropa para beb\u00e9s, ni\u00f1os, ni\u00f1as. y adultos, tambi\u00e9n frazadas, alimentos no perecederos y agua potable.<\/p>\n\n\n\n<p>Escucha la entrevista aqui:<\/p>\n\n\n\n<figure class=\"wp-block-audio\"><audio controls src=\"https:\/\/nahuelproducciones.com.ar\/radioquijano\/wp-content\/uploads\/2022\/12\/11-12-2022-Profesora-georgina-Mena-escuela-Las-Cuevas.mp3\"><\/audio><\/figure>\n\n\n\n<div class=\"wp-block-columns is-layout-flex wp-container-core-columns-is-layout-9d6595d7 wp-block-columns-is-layout-flex\">\n<div class=\"wp-block-column is-layout-flow wp-block-column-is-layout-flow\">\n<figure class=\"wp-block-image size-large is-resized\"><img loading=\"lazy\" decoding=\"async\" src=\"https:\/\/nahuelproducciones.com.ar\/radioquijano\/wp-content\/uploads\/2022\/12\/WhatsApp-Image-2022-12-11-at-15.19.54-1-768x1024.jpeg\" alt=\"\" class=\"wp-image-3938\" width=\"407\" height=\"542\" srcset=\"https:\/\/nahuelproducciones.com.ar\/radioquijano\/wp-content\/uploads\/2022\/12\/WhatsApp-Image-2022-12-11-at-15.19.54-1-768x1024.jpeg 768w, https:\/\/nahuelproducciones.com.ar\/radioquijano\/wp-content\/uploads\/2022\/12\/WhatsApp-Image-2022-12-11-at-15.19.54-1-225x300.jpeg 225w, https:\/\/nahuelproducciones.com.ar\/radioquijano\/wp-content\/uploads\/2022\/12\/WhatsApp-Image-2022-12-11-at-15.19.54-1-640x853.jpeg 640w, https:\/\/nahuelproducciones.com.ar\/radioquijano\/wp-content\/uploads\/2022\/12\/WhatsApp-Image-2022-12-11-at-15.19.54-1-150x200.jpeg 150w, https:\/\/nahuelproducciones.com.ar\/radioquijano\/wp-content\/uploads\/2022\/12\/WhatsApp-Image-2022-12-11-at-15.19.54-1.jpeg 960w\" sizes=\"auto, (max-width: 407px) 100vw, 407px\" \/><\/figure>\n<\/div>\n\n\n\n<div class=\"wp-block-column is-layout-flow wp-block-column-is-layout-flow\">\n<figure class=\"wp-block-image size-large is-resized\"><img loading=\"lazy\" decoding=\"async\" src=\"https:\/\/nahuelproducciones.com.ar\/radioquijano\/wp-content\/uploads\/2022\/12\/WhatsApp-Image-2022-12-11-at-15.19.55-576x1024.jpeg\" alt=\"\" class=\"wp-image-3934\" width=\"301\" height=\"538\"\/><\/figure>\n<\/div>\n<\/div>\n","protected":false},"excerpt":{"rendered":"<p>Hay familias en la Quebrada que la estan pasando mal por las intensas lluvias, alud y la falta de provisiones . Muchas de sus cosas se mojaron, otras se perdieron y hoy docentes de la escuela solicitan de su ayuda. La Comunidad educativa de la zona de Las Cuevas y parajes aleda\u00f1os ya est\u00e1n trabajando [&hellip;]<\/p>\n","protected":false},"author":6,"featured_media":3941,"comment_status":"open","ping_status":"open","sticky":false,"template":"","format":"standard","meta":{"_monsterinsights_skip_tracking":false,"_monsterinsights_sitenote_active":false,"_monsterinsights_sitenote_note":"","_monsterinsights_sitenote_category":0,"footnotes":""},"categories":[16],"tags":[36,58,332,63,84,71,100,47,772,28,62],"class_list":["post-3924","post","type-post","status-publish","format-standard","has-post-thumbnail","hentry","category-noticias","tag-campo-quijano","tag-carlos-folloni","tag-las-cuevas","tag-lino-yonar","tag-manuel-cornejo","tag-municipalidad-de-campo-quijano","tag-municipio-de-campo-quijano","tag-rosario-de-lerma","tag-sakta","tag-salta","tag-topo-ramos"],"yoast_head":"<!-- This site is optimized with the Yoast SEO plugin v20.8 - https:\/\/yoast.com\/wordpress\/plugins\/seo\/ -->\n<title>Campa\u00f1a por los estudiantes de la escuela de Las Cuevas - RQ 99.9<\/title>\n<meta name=\"robots\" content=\"index, follow, max-snippet:-1, max-image-preview:large, max-video-preview:-1\" \/>\n<link rel=\"canonical\" href=\"https:\/\/nahuelproducciones.com.ar\/radioquijano\/campana-por-los-estudiantes-de-la-escuela-de-las-cuevas\/\" \/>\n<meta property=\"og:locale\" content=\"es_ES\" \/>\n<meta property=\"og:type\" content=\"article\" \/>\n<meta property=\"og:title\" content=\"Campa\u00f1a por los estudiantes de la escuela de Las Cuevas - RQ 99.9\" \/>\n<meta property=\"og:description\" content=\"Hay familias en la Quebrada que la estan pasando mal por las intensas lluvias, alud y la falta de provisiones . Muchas de sus cosas se mojaron, otras se perdieron y hoy docentes de la escuela solicitan de su ayuda. La Comunidad educativa de la zona de Las Cuevas y parajes aleda\u00f1os ya est\u00e1n trabajando [&hellip;]\" \/>\n<meta property=\"og:url\" content=\"https:\/\/nahuelproducciones.com.ar\/radioquijano\/campana-por-los-estudiantes-de-la-escuela-de-las-cuevas\/\" \/>\n<meta property=\"og:site_name\" content=\"RQ 99.9\" \/>\n<meta property=\"article:publisher\" content=\"https:\/\/www.facebook.com\/nahuelproducciones999\/\" \/>\n<meta property=\"article:published_time\" content=\"2022-12-12T01:24:36+00:00\" \/>\n<meta property=\"article:modified_time\" content=\"2022-12-12T01:39:13+00:00\" \/>\n<meta property=\"og:image\" content=\"https:\/\/nahuelproducciones.com.ar\/radioquijano\/wp-content\/uploads\/2022\/12\/WhatsApp-Image-2022-12-11-at-15.19.57-1-1.jpeg\" \/>\n\t<meta property=\"og:image:width\" content=\"700\" \/>\n\t<meta property=\"og:image:height\" content=\"400\" \/>\n\t<meta property=\"og:image:type\" content=\"image\/jpeg\" \/>\n<meta name=\"author\" content=\"Ricardo Guzman\" \/>\n<meta name=\"twitter:card\" content=\"summary_large_image\" \/>\n<meta name=\"twitter:creator\" content=\"@nahuproduciones\" \/>\n<meta name=\"twitter:site\" content=\"@nahuproduciones\" \/>\n<meta name=\"twitter:label1\" content=\"Escrito por\" \/>\n\t<meta name=\"twitter:data1\" content=\"Ricardo Guzman\" \/>\n\t<meta name=\"twitter:label2\" content=\"Tiempo de lectura\" \/>\n\t<meta name=\"twitter:data2\" content=\"3 minutos\" \/>\n<script type=\"application\/ld+json\" class=\"yoast-schema-graph\">{\"@context\":\"https:\/\/schema.org\",\"@graph\":[{\"@type\":\"WebPage\",\"@id\":\"https:\/\/nahuelproducciones.com.ar\/radioquijano\/campana-por-los-estudiantes-de-la-escuela-de-las-cuevas\/\",\"url\":\"https:\/\/nahuelproducciones.com.ar\/radioquijano\/campana-por-los-estudiantes-de-la-escuela-de-las-cuevas\/\",\"name\":\"Campa\u00f1a por los estudiantes de la escuela de Las Cuevas - RQ 99.9\",\"isPartOf\":{\"@id\":\"https:\/\/nahuelproducciones.com.ar\/radioquijano\/#website\"},\"datePublished\":\"2022-12-12T01:24:36+00:00\",\"dateModified\":\"2022-12-12T01:39:13+00:00\",\"author\":{\"@id\":\"https:\/\/nahuelproducciones.com.ar\/radioquijano\/#\/schema\/person\/b9b81a110cbdf07949e2cd02d478ab9d\"},\"breadcrumb\":{\"@id\":\"https:\/\/nahuelproducciones.com.ar\/radioquijano\/campana-por-los-estudiantes-de-la-escuela-de-las-cuevas\/#breadcrumb\"},\"inLanguage\":\"es\",\"potentialAction\":[{\"@type\":\"ReadAction\",\"target\":[\"https:\/\/nahuelproducciones.com.ar\/radioquijano\/campana-por-los-estudiantes-de-la-escuela-de-las-cuevas\/\"]}]},{\"@type\":\"BreadcrumbList\",\"@id\":\"https:\/\/nahuelproducciones.com.ar\/radioquijano\/campana-por-los-estudiantes-de-la-escuela-de-las-cuevas\/#breadcrumb\",\"itemListElement\":[{\"@type\":\"ListItem\",\"position\":1,\"name\":\"Portada\",\"item\":\"https:\/\/nahuelproducciones.com.ar\/radioquijano\/\"},{\"@type\":\"ListItem\",\"position\":2,\"name\":\"Campa\u00f1a por los estudiantes de la escuela de Las Cuevas\"}]},{\"@type\":\"WebSite\",\"@id\":\"https:\/\/nahuelproducciones.com.ar\/radioquijano\/#website\",\"url\":\"https:\/\/nahuelproducciones.com.ar\/radioquijano\/\",\"name\":\"RQ 99.9\",\"description\":\"Radio Quijano 99.9 MHz\",\"potentialAction\":[{\"@type\":\"SearchAction\",\"target\":{\"@type\":\"EntryPoint\",\"urlTemplate\":\"https:\/\/nahuelproducciones.com.ar\/radioquijano\/?s={search_term_string}\"},\"query-input\":\"required name=search_term_string\"}],\"inLanguage\":\"es\"},{\"@type\":\"Person\",\"@id\":\"https:\/\/nahuelproducciones.com.ar\/radioquijano\/#\/schema\/person\/b9b81a110cbdf07949e2cd02d478ab9d\",\"name\":\"Ricardo Guzman\",\"image\":{\"@type\":\"ImageObject\",\"inLanguage\":\"es\",\"@id\":\"https:\/\/nahuelproducciones.com.ar\/radioquijano\/#\/schema\/person\/image\/\",\"url\":\"https:\/\/secure.gravatar.com\/avatar\/a5d582deda251f95dc882b72fc6e7b4854f88bb25c3154519210afffa7d706e8?s=96&d=mm&r=g\",\"contentUrl\":\"https:\/\/secure.gravatar.com\/avatar\/a5d582deda251f95dc882b72fc6e7b4854f88bb25c3154519210afffa7d706e8?s=96&d=mm&r=g\",\"caption\":\"Ricardo Guzman\"},\"url\":\"https:\/\/nahuelproducciones.com.ar\/radioquijano\/author\/cady\/\"}]}<\/script>\n<!-- \/ Yoast SEO plugin. -->","yoast_head_json":{"title":"Campa\u00f1a por los estudiantes de la escuela de Las Cuevas - RQ 99.9","robots":{"index":"index","follow":"follow","max-snippet":"max-snippet:-1","max-image-preview":"max-image-preview:large","max-video-preview":"max-video-preview:-1"},"canonical":"https:\/\/nahuelproducciones.com.ar\/radioquijano\/campana-por-los-estudiantes-de-la-escuela-de-las-cuevas\/","og_locale":"es_ES","og_type":"article","og_title":"Campa\u00f1a por los estudiantes de la escuela de Las Cuevas - RQ 99.9","og_description":"Hay familias en la Quebrada que la estan pasando mal por las intensas lluvias, alud y la falta de provisiones . Muchas de sus cosas se mojaron, otras se perdieron y hoy docentes de la escuela solicitan de su ayuda. La Comunidad educativa de la zona de Las Cuevas y parajes aleda\u00f1os ya est\u00e1n trabajando [&hellip;]","og_url":"https:\/\/nahuelproducciones.com.ar\/radioquijano\/campana-por-los-estudiantes-de-la-escuela-de-las-cuevas\/","og_site_name":"RQ 99.9","article_publisher":"https:\/\/www.facebook.com\/nahuelproducciones999\/","article_published_time":"2022-12-12T01:24:36+00:00","article_modified_time":"2022-12-12T01:39:13+00:00","og_image":[{"width":700,"height":400,"url":"https:\/\/nahuelproducciones.com.ar\/radioquijano\/wp-content\/uploads\/2022\/12\/WhatsApp-Image-2022-12-11-at-15.19.57-1-1.jpeg","type":"image\/jpeg"}],"author":"Ricardo Guzman","twitter_card":"summary_large_image","twitter_creator":"@nahuproduciones","twitter_site":"@nahuproduciones","twitter_misc":{"Escrito por":"Ricardo Guzman","Tiempo de lectura":"3 minutos"},"schema":{"@context":"https:\/\/schema.org","@graph":[{"@type":"WebPage","@id":"https:\/\/nahuelproducciones.com.ar\/radioquijano\/campana-por-los-estudiantes-de-la-escuela-de-las-cuevas\/","url":"https:\/\/nahuelproducciones.com.ar\/radioquijano\/campana-por-los-estudiantes-de-la-escuela-de-las-cuevas\/","name":"Campa\u00f1a por los estudiantes de la escuela de Las Cuevas - RQ 99.9","isPartOf":{"@id":"https:\/\/nahuelproducciones.com.ar\/radioquijano\/#website"},"datePublished":"2022-12-12T01:24:36+00:00","dateModified":"2022-12-12T01:39:13+00:00","author":{"@id":"https:\/\/nahuelproducciones.com.ar\/radioquijano\/#\/schema\/person\/b9b81a110cbdf07949e2cd02d478ab9d"},"breadcrumb":{"@id":"https:\/\/nahuelproducciones.com.ar\/radioquijano\/campana-por-los-estudiantes-de-la-escuela-de-las-cuevas\/#breadcrumb"},"inLanguage":"es","potentialAction":[{"@type":"ReadAction","target":["https:\/\/nahuelproducciones.com.ar\/radioquijano\/campana-por-los-estudiantes-de-la-escuela-de-las-cuevas\/"]}]},{"@type":"BreadcrumbList","@id":"https:\/\/nahuelproducciones.com.ar\/radioquijano\/campana-por-los-estudiantes-de-la-escuela-de-las-cuevas\/#breadcrumb","itemListElement":[{"@type":"ListItem","position":1,"name":"Portada","item":"https:\/\/nahuelproducciones.com.ar\/radioquijano\/"},{"@type":"ListItem","position":2,"name":"Campa\u00f1a por los estudiantes de la escuela de Las Cuevas"}]},{"@type":"WebSite","@id":"https:\/\/nahuelproducciones.com.ar\/radioquijano\/#website","url":"https:\/\/nahuelproducciones.com.ar\/radioquijano\/","name":"RQ 99.9","description":"Radio Quijano 99.9 MHz","potentialAction":[{"@type":"SearchAction","target":{"@type":"EntryPoint","urlTemplate":"https:\/\/nahuelproducciones.com.ar\/radioquijano\/?s={search_term_string}"},"query-input":"required name=search_term_string"}],"inLanguage":"es"},{"@type":"Person","@id":"https:\/\/nahuelproducciones.com.ar\/radioquijano\/#\/schema\/person\/b9b81a110cbdf07949e2cd02d478ab9d","name":"Ricardo Guzman","image":{"@type":"ImageObject","inLanguage":"es","@id":"https:\/\/nahuelproducciones.com.ar\/radioquijano\/#\/schema\/person\/image\/","url":"https:\/\/secure.gravatar.com\/avatar\/a5d582deda251f95dc882b72fc6e7b4854f88bb25c3154519210afffa7d706e8?s=96&d=mm&r=g","contentUrl":"https:\/\/secure.gravatar.com\/avatar\/a5d582deda251f95dc882b72fc6e7b4854f88bb25c3154519210afffa7d706e8?s=96&d=mm&r=g","caption":"Ricardo Guzman"},"url":"https:\/\/nahuelproducciones.com.ar\/radioquijano\/author\/cady\/"}]}},"_links":{"self":[{"href":"https:\/\/nahuelproducciones.com.ar\/radioquijano\/wp-json\/wp\/v2\/posts\/3924","targetHints":{"allow":["GET"]}}],"collection":[{"href":"https:\/\/nahuelproducciones.com.ar\/radioquijano\/wp-json\/wp\/v2\/posts"}],"about":[{"href":"https:\/\/nahuelproducciones.com.ar\/radioquijano\/wp-json\/wp\/v2\/types\/post"}],"author":[{"embeddable":true,"href":"https:\/\/nahuelproducciones.com.ar\/radioquijano\/wp-json\/wp\/v2\/users\/6"}],"replies":[{"embeddable":true,"href":"https:\/\/nahuelproducciones.com.ar\/radioquijano\/wp-json\/wp\/v2\/comments?post=3924"}],"version-history":[{"count":4,"href":"https:\/\/nahuelproducciones.com.ar\/radioquijano\/wp-json\/wp\/v2\/posts\/3924\/revisions"}],"predecessor-version":[{"id":3944,"href":"https:\/\/nahuelproducciones.com.ar\/radioquijano\/wp-json\/wp\/v2\/posts\/3924\/revisions\/3944"}],"wp:featuredmedia":[{"embeddable":true,"href":"https:\/\/nahuelproducciones.com.ar\/radioquijano\/wp-json\/wp\/v2\/media\/3941"}],"wp:attachment":[{"href":"https:\/\/nahuelproducciones.com.ar\/radioquijano\/wp-json\/wp\/v2\/media?parent=3924"}],"wp:term":[{"taxonomy":"category","embeddable":true,"href":"https:\/\/nahuelproducciones.com.ar\/radioquijano\/wp-json\/wp\/v2\/categories?post=3924"},{"taxonomy":"post_tag","embeddable":true,"href":"https:\/\/nahuelproducciones.com.ar\/radioquijano\/wp-json\/wp\/v2\/tags?post=3924"}],"curies":[{"name":"wp","href":"https:\/\/api.w.org\/{rel}","templated":true}]}}