{"id":3946,"date":"2022-12-14T08:49:48","date_gmt":"2022-12-14T11:49:48","guid":{"rendered":"https:\/\/nahuelproducciones.com.ar\/radioquijano\/?p=3946"},"modified":"2022-12-14T08:49:49","modified_gmt":"2022-12-14T11:49:49","slug":"el-municipio-rompio-la-tradicion-del-armado-y-encendido-del-arbol-navideno-en-campo-quijano","status":"publish","type":"post","link":"https:\/\/nahuelproducciones.com.ar\/radioquijano\/el-municipio-rompio-la-tradicion-del-armado-y-encendido-del-arbol-navideno-en-campo-quijano\/","title":{"rendered":"El Municipio rompi\u00f3 la tradici\u00f3n del armado y encendido del \u00c1rbol Navide\u00f1o en Campo Quijano."},"content":{"rendered":"\n<p>Como cada fin de a\u00f1o, en la Plaza Mart\u00edn Fierro sobre Avda 9 de julio, se enciende el \u00c1rbol de Navidad y el espacio se convierte en el lugar favorito para los que disfrutan del paisaje y la toma de las tradicionales postales.<\/p>\n\n\n\n<p>La fecha oficial para armar el arbolito era el pasado 8 de diciembre, todos lo municipios ya encendieron su \u00e1rbol de navidad, el municipio de Campo Quijano a\u00fan no le tiene ni siquiera armado. <\/p>\n\n\n\n<p>El martes 13 de diciembre comenzaron a colocar cintas de colores en los postes de luz y algunos mo\u00f1os dorados.<\/p>\n\n\n\n<p>Desde luego los comentarios de los vecinos comenzaron y se preguntan  qu\u00e9 sucedi\u00f3 con la decoraci\u00f3n de a\u00f1os anteriores, por qu\u00e9 en esta oportunidad el \u00e1rbol no existe, d\u00f3nde est\u00e1 el esp\u00edritu navide\u00f1o. Otros se preguntan si se trata de alguna clase de incapacidad en la gesti\u00f3n o intento de ahorro de recursos, o, por el contrario, que se est\u00e9n malgastando recursos que no pueden pagar una decoraci\u00f3n en tiempo y forma.<\/p>\n\n\n\n<p>Del mismo modo, las comparaciones con \u00e1rboles de navidad de otros municipios no se hicieron esperar y lo cierto es que, efectivamente, las im\u00e1genes que se ven en redes sociales son m\u00e1s que elocuentes.<\/p>\n\n\n\n<p>En tanto, se espera que alg\u00fan d\u00eda el municipio se refiera a los costos de \u00a0decoraci\u00f3n, las gestiones y la falta de previsi\u00f3n para cumplir con tradiciones y costumbres de los Quijane\u00f1os.<\/p>\n\n\n\n<p>\u00a0Los oyentes de RQ se manifestaron y dejaron algunas opiniones: <\/p>\n\n\n\n<p>\u00abLas tradiciones tiene que seguir, por tantos a\u00f1os que se ha hecho, \u00bfpor qu\u00e9 no lo van a realizar ahora?\u00bb&#8230;<\/p>\n\n\n\n<p>\u00abEn que se ocup\u00f3 el dinero que estaba destinado a colocar el \u00e1rbol de navidad, no hace falta mucho dinero, solo imaginaci\u00f3n y esp\u00edritu navide\u00f1o\u00bb&#8230;<\/p>\n\n\n\n<p>\u00abFolloni solo reparte camisetas albiceleste con los recursos de los impuestos nuestros habitantes y no  pueden iluminar uno de los tantos \u00e1rboles de la plaza,que mal que estamos.\u00bb&#8230;<\/p>\n\n\n\n<p>Diciembre es un mes en donde adem\u00e1s de las ornamentaciones y todos los preparativos de fiesta para celebrar en comunidad, es mes donde la Navidad nos invita tambi\u00e9n a replantearnos lo verdaderamente importante en la vida, para compartir una fiesta en plenitud y dando prioridad a lo espiritual . <\/p>\n\n\n\n<p>La comunidad ser\u00e1 la que le dar\u00e1 el esp\u00edritu festivo al municipio, no una gesti\u00f3n municipal.<\/p>\n\n\n\n<figure class=\"wp-block-gallery columns-3 is-cropped wp-block-gallery-1 is-layout-flex wp-block-gallery-is-layout-flex\"><ul class=\"blocks-gallery-grid\"><li class=\"blocks-gallery-item\"><figure><img loading=\"lazy\" decoding=\"async\" width=\"746\" height=\"1024\" src=\"https:\/\/nahuelproducciones.com.ar\/radioquijano\/wp-content\/uploads\/2022\/12\/WhatsApp-Image-2022-12-14-at-8.41.57-AM-746x1024.jpeg\" alt=\"\" data-id=\"3947\" data-link=\"https:\/\/nahuelproducciones.com.ar\/radioquijano\/?attachment_id=3947\" class=\"wp-image-3947\" srcset=\"https:\/\/nahuelproducciones.com.ar\/radioquijano\/wp-content\/uploads\/2022\/12\/WhatsApp-Image-2022-12-14-at-8.41.57-AM-746x1024.jpeg 746w, https:\/\/nahuelproducciones.com.ar\/radioquijano\/wp-content\/uploads\/2022\/12\/WhatsApp-Image-2022-12-14-at-8.41.57-AM-218x300.jpeg 218w, https:\/\/nahuelproducciones.com.ar\/radioquijano\/wp-content\/uploads\/2022\/12\/WhatsApp-Image-2022-12-14-at-8.41.57-AM-768x1055.jpeg 768w, https:\/\/nahuelproducciones.com.ar\/radioquijano\/wp-content\/uploads\/2022\/12\/WhatsApp-Image-2022-12-14-at-8.41.57-AM-150x206.jpeg 150w, https:\/\/nahuelproducciones.com.ar\/radioquijano\/wp-content\/uploads\/2022\/12\/WhatsApp-Image-2022-12-14-at-8.41.57-AM.jpeg 932w\" sizes=\"auto, (max-width: 746px) 100vw, 746px\" \/><\/figure><\/li><li class=\"blocks-gallery-item\"><figure><img loading=\"lazy\" decoding=\"async\" width=\"461\" height=\"1024\" src=\"https:\/\/nahuelproducciones.com.ar\/radioquijano\/wp-content\/uploads\/2022\/12\/WhatsApp-Image-2022-12-14-at-7.55.45-AM-461x1024.jpeg\" alt=\"\" data-id=\"3948\" data-link=\"https:\/\/nahuelproducciones.com.ar\/radioquijano\/?attachment_id=3948\" class=\"wp-image-3948\" srcset=\"https:\/\/nahuelproducciones.com.ar\/radioquijano\/wp-content\/uploads\/2022\/12\/WhatsApp-Image-2022-12-14-at-7.55.45-AM-461x1024.jpeg 461w, https:\/\/nahuelproducciones.com.ar\/radioquijano\/wp-content\/uploads\/2022\/12\/WhatsApp-Image-2022-12-14-at-7.55.45-AM-135x300.jpeg 135w, https:\/\/nahuelproducciones.com.ar\/radioquijano\/wp-content\/uploads\/2022\/12\/WhatsApp-Image-2022-12-14-at-7.55.45-AM-691x1536.jpeg 691w, https:\/\/nahuelproducciones.com.ar\/radioquijano\/wp-content\/uploads\/2022\/12\/WhatsApp-Image-2022-12-14-at-7.55.45-AM-150x333.jpeg 150w, https:\/\/nahuelproducciones.com.ar\/radioquijano\/wp-content\/uploads\/2022\/12\/WhatsApp-Image-2022-12-14-at-7.55.45-AM.jpeg 720w\" sizes=\"auto, (max-width: 461px) 100vw, 461px\" \/><\/figure><\/li><li class=\"blocks-gallery-item\"><figure><img loading=\"lazy\" decoding=\"async\" width=\"1024\" height=\"576\" src=\"https:\/\/nahuelproducciones.com.ar\/radioquijano\/wp-content\/uploads\/2022\/12\/WhatsApp-Image-2022-12-09-at-1.07.22-PM-1024x576.jpeg\" alt=\"\" data-id=\"3949\" data-link=\"https:\/\/nahuelproducciones.com.ar\/radioquijano\/?attachment_id=3949\" class=\"wp-image-3949\" srcset=\"https:\/\/nahuelproducciones.com.ar\/radioquijano\/wp-content\/uploads\/2022\/12\/WhatsApp-Image-2022-12-09-at-1.07.22-PM-1024x576.jpeg 1024w, https:\/\/nahuelproducciones.com.ar\/radioquijano\/wp-content\/uploads\/2022\/12\/WhatsApp-Image-2022-12-09-at-1.07.22-PM-300x169.jpeg 300w, https:\/\/nahuelproducciones.com.ar\/radioquijano\/wp-content\/uploads\/2022\/12\/WhatsApp-Image-2022-12-09-at-1.07.22-PM-768x432.jpeg 768w, https:\/\/nahuelproducciones.com.ar\/radioquijano\/wp-content\/uploads\/2022\/12\/WhatsApp-Image-2022-12-09-at-1.07.22-PM-1536x864.jpeg 1536w, https:\/\/nahuelproducciones.com.ar\/radioquijano\/wp-content\/uploads\/2022\/12\/WhatsApp-Image-2022-12-09-at-1.07.22-PM-150x84.jpeg 150w, https:\/\/nahuelproducciones.com.ar\/radioquijano\/wp-content\/uploads\/2022\/12\/WhatsApp-Image-2022-12-09-at-1.07.22-PM.jpeg 1599w\" sizes=\"auto, (max-width: 1024px) 100vw, 1024px\" \/><\/figure><\/li><li class=\"blocks-gallery-item\"><figure><img loading=\"lazy\" decoding=\"async\" width=\"899\" height=\"823\" src=\"https:\/\/nahuelproducciones.com.ar\/radioquijano\/wp-content\/uploads\/2022\/12\/WhatsApp-Image-2022-12-09-at-1.07.14-PM.jpeg\" alt=\"\" data-id=\"3950\" data-link=\"https:\/\/nahuelproducciones.com.ar\/radioquijano\/?attachment_id=3950\" class=\"wp-image-3950\" srcset=\"https:\/\/nahuelproducciones.com.ar\/radioquijano\/wp-content\/uploads\/2022\/12\/WhatsApp-Image-2022-12-09-at-1.07.14-PM.jpeg 899w, https:\/\/nahuelproducciones.com.ar\/radioquijano\/wp-content\/uploads\/2022\/12\/WhatsApp-Image-2022-12-09-at-1.07.14-PM-300x275.jpeg 300w, https:\/\/nahuelproducciones.com.ar\/radioquijano\/wp-content\/uploads\/2022\/12\/WhatsApp-Image-2022-12-09-at-1.07.14-PM-768x703.jpeg 768w, https:\/\/nahuelproducciones.com.ar\/radioquijano\/wp-content\/uploads\/2022\/12\/WhatsApp-Image-2022-12-09-at-1.07.14-PM-150x137.jpeg 150w\" sizes=\"auto, (max-width: 899px) 100vw, 899px\" \/><\/figure><\/li><li class=\"blocks-gallery-item\"><figure><img loading=\"lazy\" decoding=\"async\" width=\"899\" height=\"823\" src=\"https:\/\/nahuelproducciones.com.ar\/radioquijano\/wp-content\/uploads\/2022\/12\/WhatsApp-Image-2022-12-09-at-1.07.14-PM-1.jpeg\" alt=\"\" data-id=\"3951\" data-link=\"https:\/\/nahuelproducciones.com.ar\/radioquijano\/?attachment_id=3951\" class=\"wp-image-3951\" srcset=\"https:\/\/nahuelproducciones.com.ar\/radioquijano\/wp-content\/uploads\/2022\/12\/WhatsApp-Image-2022-12-09-at-1.07.14-PM-1.jpeg 899w, https:\/\/nahuelproducciones.com.ar\/radioquijano\/wp-content\/uploads\/2022\/12\/WhatsApp-Image-2022-12-09-at-1.07.14-PM-1-300x275.jpeg 300w, https:\/\/nahuelproducciones.com.ar\/radioquijano\/wp-content\/uploads\/2022\/12\/WhatsApp-Image-2022-12-09-at-1.07.14-PM-1-768x703.jpeg 768w, https:\/\/nahuelproducciones.com.ar\/radioquijano\/wp-content\/uploads\/2022\/12\/WhatsApp-Image-2022-12-09-at-1.07.14-PM-1-150x137.jpeg 150w\" sizes=\"auto, (max-width: 899px) 100vw, 899px\" \/><\/figure><\/li><li class=\"blocks-gallery-item\"><figure><img loading=\"lazy\" decoding=\"async\" width=\"541\" height=\"503\" src=\"https:\/\/nahuelproducciones.com.ar\/radioquijano\/wp-content\/uploads\/2022\/12\/WhatsApp-Image-12022-12-09-at-1.07.14-PM.jpg\" alt=\"\" data-id=\"3952\" data-full-url=\"https:\/\/nahuelproducciones.com.ar\/radioquijano\/wp-content\/uploads\/2022\/12\/WhatsApp-Image-12022-12-09-at-1.07.14-PM.jpg\" data-link=\"https:\/\/nahuelproducciones.com.ar\/radioquijano\/?attachment_id=3952\" class=\"wp-image-3952\" srcset=\"https:\/\/nahuelproducciones.com.ar\/radioquijano\/wp-content\/uploads\/2022\/12\/WhatsApp-Image-12022-12-09-at-1.07.14-PM.jpg 541w, https:\/\/nahuelproducciones.com.ar\/radioquijano\/wp-content\/uploads\/2022\/12\/WhatsApp-Image-12022-12-09-at-1.07.14-PM-300x279.jpg 300w, https:\/\/nahuelproducciones.com.ar\/radioquijano\/wp-content\/uploads\/2022\/12\/WhatsApp-Image-12022-12-09-at-1.07.14-PM-150x139.jpg 150w\" sizes=\"auto, (max-width: 541px) 100vw, 541px\" \/><\/figure><\/li><\/ul><\/figure>\n\n\n\n<p>     <a href=\"https:\/\/nahuelproducciones.com.ar\/index.php\/rq999\" target=\"_blank\" rel=\"noreferrer noopener\">#RQ99.9Mhz<\/a>\u00a0<a href=\"https:\/\/nahuelproducciones.com.ar\/\" target=\"_blank\" rel=\"noreferrer noopener\">#CAMPOQUIJANO<\/a>\u00a0<a href=\"http:\/\/nahuelproducciones.com.ar\/radioquijano\/\" target=\"_blank\" rel=\"noreferrer noopener\">#RadioQuijano<\/a>      <\/p>\n","protected":false},"excerpt":{"rendered":"<p>Como cada fin de a\u00f1o, en la Plaza Mart\u00edn Fierro sobre Avda 9 de julio, se enciende el \u00c1rbol de Navidad y el espacio se convierte en el lugar favorito para los que disfrutan del paisaje y la toma de las tradicionales postales. La fecha oficial para armar el arbolito era el pasado 8 de [&hellip;]<\/p>\n","protected":false},"author":8,"featured_media":3952,"comment_status":"open","ping_status":"open","sticky":false,"template":"","format":"standard","meta":{"_monsterinsights_skip_tracking":false,"_monsterinsights_sitenote_active":false,"_monsterinsights_sitenote_note":"","_monsterinsights_sitenote_category":0,"footnotes":""},"categories":[16],"tags":[277,36,773],"class_list":["post-3946","post","type-post","status-publish","format-standard","has-post-thumbnail","hentry","category-noticias","tag-8-de-diciembre","tag-campo-quijano","tag-sin-arbol-de-navidad"],"yoast_head":"<!-- This site is optimized with the Yoast SEO plugin v20.8 - https:\/\/yoast.com\/wordpress\/plugins\/seo\/ -->\n<title>El Municipio rompi\u00f3 la tradici\u00f3n del armado y encendido del \u00c1rbol Navide\u00f1o en Campo Quijano. - RQ 99.9<\/title>\n<meta name=\"description\" content=\"La comunidad ser\u00e1 la que le dar\u00e1 el esp\u00edritu festivo al municipio, no una gesti\u00f3n municipal.\" \/>\n<meta name=\"robots\" content=\"index, follow, max-snippet:-1, max-image-preview:large, max-video-preview:-1\" \/>\n<link rel=\"canonical\" href=\"https:\/\/nahuelproducciones.com.ar\/radioquijano\/el-municipio-rompio-la-tradicion-del-armado-y-encendido-del-arbol-navideno-en-campo-quijano\/\" \/>\n<meta property=\"og:locale\" content=\"es_ES\" \/>\n<meta property=\"og:type\" content=\"article\" \/>\n<meta property=\"og:title\" content=\"El Municipio rompi\u00f3 la tradici\u00f3n del armado y encendido del \u00c1rbol Navide\u00f1o en Campo Quijano. - RQ 99.9\" \/>\n<meta property=\"og:description\" content=\"La comunidad ser\u00e1 la que le dar\u00e1 el esp\u00edritu festivo al municipio, no una gesti\u00f3n municipal.\" \/>\n<meta property=\"og:url\" content=\"https:\/\/nahuelproducciones.com.ar\/radioquijano\/el-municipio-rompio-la-tradicion-del-armado-y-encendido-del-arbol-navideno-en-campo-quijano\/\" \/>\n<meta property=\"og:site_name\" content=\"RQ 99.9\" \/>\n<meta property=\"article:publisher\" content=\"https:\/\/www.facebook.com\/nahuelproducciones999\/\" \/>\n<meta property=\"article:published_time\" content=\"2022-12-14T11:49:48+00:00\" \/>\n<meta property=\"article:modified_time\" content=\"2022-12-14T11:49:49+00:00\" \/>\n<meta property=\"og:image\" content=\"https:\/\/nahuelproducciones.com.ar\/radioquijano\/wp-content\/uploads\/2022\/12\/WhatsApp-Image-12022-12-09-at-1.07.14-PM.jpg\" \/>\n\t<meta property=\"og:image:width\" content=\"541\" \/>\n\t<meta property=\"og:image:height\" content=\"503\" \/>\n\t<meta property=\"og:image:type\" content=\"image\/jpeg\" \/>\n<meta name=\"author\" content=\"Cecilia Pastrana\" \/>\n<meta name=\"twitter:card\" content=\"summary_large_image\" \/>\n<meta name=\"twitter:creator\" content=\"@nahuproduciones\" \/>\n<meta name=\"twitter:site\" content=\"@nahuproduciones\" \/>\n<meta name=\"twitter:label1\" content=\"Escrito por\" \/>\n\t<meta name=\"twitter:data1\" content=\"Cecilia Pastrana\" \/>\n\t<meta name=\"twitter:label2\" content=\"Tiempo de lectura\" \/>\n\t<meta name=\"twitter:data2\" content=\"3 minutos\" \/>\n<script type=\"application\/ld+json\" class=\"yoast-schema-graph\">{\"@context\":\"https:\/\/schema.org\",\"@graph\":[{\"@type\":\"WebPage\",\"@id\":\"https:\/\/nahuelproducciones.com.ar\/radioquijano\/el-municipio-rompio-la-tradicion-del-armado-y-encendido-del-arbol-navideno-en-campo-quijano\/\",\"url\":\"https:\/\/nahuelproducciones.com.ar\/radioquijano\/el-municipio-rompio-la-tradicion-del-armado-y-encendido-del-arbol-navideno-en-campo-quijano\/\",\"name\":\"El Municipio rompi\u00f3 la tradici\u00f3n del armado y encendido del \u00c1rbol Navide\u00f1o en Campo Quijano. - RQ 99.9\",\"isPartOf\":{\"@id\":\"https:\/\/nahuelproducciones.com.ar\/radioquijano\/#website\"},\"datePublished\":\"2022-12-14T11:49:48+00:00\",\"dateModified\":\"2022-12-14T11:49:49+00:00\",\"author\":{\"@id\":\"https:\/\/nahuelproducciones.com.ar\/radioquijano\/#\/schema\/person\/e8a4f939e2cb487fe6d0c54042c9d32c\"},\"description\":\"La comunidad ser\u00e1 la que le dar\u00e1 el esp\u00edritu festivo al municipio, no una gesti\u00f3n municipal.\",\"breadcrumb\":{\"@id\":\"https:\/\/nahuelproducciones.com.ar\/radioquijano\/el-municipio-rompio-la-tradicion-del-armado-y-encendido-del-arbol-navideno-en-campo-quijano\/#breadcrumb\"},\"inLanguage\":\"es\",\"potentialAction\":[{\"@type\":\"ReadAction\",\"target\":[\"https:\/\/nahuelproducciones.com.ar\/radioquijano\/el-municipio-rompio-la-tradicion-del-armado-y-encendido-del-arbol-navideno-en-campo-quijano\/\"]}]},{\"@type\":\"BreadcrumbList\",\"@id\":\"https:\/\/nahuelproducciones.com.ar\/radioquijano\/el-municipio-rompio-la-tradicion-del-armado-y-encendido-del-arbol-navideno-en-campo-quijano\/#breadcrumb\",\"itemListElement\":[{\"@type\":\"ListItem\",\"position\":1,\"name\":\"Portada\",\"item\":\"https:\/\/nahuelproducciones.com.ar\/radioquijano\/\"},{\"@type\":\"ListItem\",\"position\":2,\"name\":\"El Municipio rompi\u00f3 la tradici\u00f3n del armado y encendido del \u00c1rbol Navide\u00f1o en Campo Quijano.\"}]},{\"@type\":\"WebSite\",\"@id\":\"https:\/\/nahuelproducciones.com.ar\/radioquijano\/#website\",\"url\":\"https:\/\/nahuelproducciones.com.ar\/radioquijano\/\",\"name\":\"RQ 99.9\",\"description\":\"Radio Quijano 99.9 MHz\",\"potentialAction\":[{\"@type\":\"SearchAction\",\"target\":{\"@type\":\"EntryPoint\",\"urlTemplate\":\"https:\/\/nahuelproducciones.com.ar\/radioquijano\/?s={search_term_string}\"},\"query-input\":\"required name=search_term_string\"}],\"inLanguage\":\"es\"},{\"@type\":\"Person\",\"@id\":\"https:\/\/nahuelproducciones.com.ar\/radioquijano\/#\/schema\/person\/e8a4f939e2cb487fe6d0c54042c9d32c\",\"name\":\"Cecilia Pastrana\",\"image\":{\"@type\":\"ImageObject\",\"inLanguage\":\"es\",\"@id\":\"https:\/\/nahuelproducciones.com.ar\/radioquijano\/#\/schema\/person\/image\/\",\"url\":\"https:\/\/secure.gravatar.com\/avatar\/661a3ef63a8488d4f2794ed44af8cf71420f7e106f3072c40125114df5157749?s=96&d=mm&r=g\",\"contentUrl\":\"https:\/\/secure.gravatar.com\/avatar\/661a3ef63a8488d4f2794ed44af8cf71420f7e106f3072c40125114df5157749?s=96&d=mm&r=g\",\"caption\":\"Cecilia Pastrana\"},\"sameAs\":[\"cecy\"],\"url\":\"https:\/\/nahuelproducciones.com.ar\/radioquijano\/author\/cecy\/\"}]}<\/script>\n<!-- \/ Yoast SEO plugin. -->","yoast_head_json":{"title":"El Municipio rompi\u00f3 la tradici\u00f3n del armado y encendido del \u00c1rbol Navide\u00f1o en Campo Quijano. - RQ 99.9","description":"La comunidad ser\u00e1 la que le dar\u00e1 el esp\u00edritu festivo al municipio, no una gesti\u00f3n municipal.","robots":{"index":"index","follow":"follow","max-snippet":"max-snippet:-1","max-image-preview":"max-image-preview:large","max-video-preview":"max-video-preview:-1"},"canonical":"https:\/\/nahuelproducciones.com.ar\/radioquijano\/el-municipio-rompio-la-tradicion-del-armado-y-encendido-del-arbol-navideno-en-campo-quijano\/","og_locale":"es_ES","og_type":"article","og_title":"El Municipio rompi\u00f3 la tradici\u00f3n del armado y encendido del \u00c1rbol Navide\u00f1o en Campo Quijano. - RQ 99.9","og_description":"La comunidad ser\u00e1 la que le dar\u00e1 el esp\u00edritu festivo al municipio, no una gesti\u00f3n municipal.","og_url":"https:\/\/nahuelproducciones.com.ar\/radioquijano\/el-municipio-rompio-la-tradicion-del-armado-y-encendido-del-arbol-navideno-en-campo-quijano\/","og_site_name":"RQ 99.9","article_publisher":"https:\/\/www.facebook.com\/nahuelproducciones999\/","article_published_time":"2022-12-14T11:49:48+00:00","article_modified_time":"2022-12-14T11:49:49+00:00","og_image":[{"width":541,"height":503,"url":"https:\/\/nahuelproducciones.com.ar\/radioquijano\/wp-content\/uploads\/2022\/12\/WhatsApp-Image-12022-12-09-at-1.07.14-PM.jpg","type":"image\/jpeg"}],"author":"Cecilia Pastrana","twitter_card":"summary_large_image","twitter_creator":"@nahuproduciones","twitter_site":"@nahuproduciones","twitter_misc":{"Escrito por":"Cecilia Pastrana","Tiempo de lectura":"3 minutos"},"schema":{"@context":"https:\/\/schema.org","@graph":[{"@type":"WebPage","@id":"https:\/\/nahuelproducciones.com.ar\/radioquijano\/el-municipio-rompio-la-tradicion-del-armado-y-encendido-del-arbol-navideno-en-campo-quijano\/","url":"https:\/\/nahuelproducciones.com.ar\/radioquijano\/el-municipio-rompio-la-tradicion-del-armado-y-encendido-del-arbol-navideno-en-campo-quijano\/","name":"El Municipio rompi\u00f3 la tradici\u00f3n del armado y encendido del \u00c1rbol Navide\u00f1o en Campo Quijano. - RQ 99.9","isPartOf":{"@id":"https:\/\/nahuelproducciones.com.ar\/radioquijano\/#website"},"datePublished":"2022-12-14T11:49:48+00:00","dateModified":"2022-12-14T11:49:49+00:00","author":{"@id":"https:\/\/nahuelproducciones.com.ar\/radioquijano\/#\/schema\/person\/e8a4f939e2cb487fe6d0c54042c9d32c"},"description":"La comunidad ser\u00e1 la que le dar\u00e1 el esp\u00edritu festivo al municipio, no una gesti\u00f3n municipal.","breadcrumb":{"@id":"https:\/\/nahuelproducciones.com.ar\/radioquijano\/el-municipio-rompio-la-tradicion-del-armado-y-encendido-del-arbol-navideno-en-campo-quijano\/#breadcrumb"},"inLanguage":"es","potentialAction":[{"@type":"ReadAction","target":["https:\/\/nahuelproducciones.com.ar\/radioquijano\/el-municipio-rompio-la-tradicion-del-armado-y-encendido-del-arbol-navideno-en-campo-quijano\/"]}]},{"@type":"BreadcrumbList","@id":"https:\/\/nahuelproducciones.com.ar\/radioquijano\/el-municipio-rompio-la-tradicion-del-armado-y-encendido-del-arbol-navideno-en-campo-quijano\/#breadcrumb","itemListElement":[{"@type":"ListItem","position":1,"name":"Portada","item":"https:\/\/nahuelproducciones.com.ar\/radioquijano\/"},{"@type":"ListItem","position":2,"name":"El Municipio rompi\u00f3 la tradici\u00f3n del armado y encendido del \u00c1rbol Navide\u00f1o en Campo Quijano."}]},{"@type":"WebSite","@id":"https:\/\/nahuelproducciones.com.ar\/radioquijano\/#website","url":"https:\/\/nahuelproducciones.com.ar\/radioquijano\/","name":"RQ 99.9","description":"Radio Quijano 99.9 MHz","potentialAction":[{"@type":"SearchAction","target":{"@type":"EntryPoint","urlTemplate":"https:\/\/nahuelproducciones.com.ar\/radioquijano\/?s={search_term_string}"},"query-input":"required name=search_term_string"}],"inLanguage":"es"},{"@type":"Person","@id":"https:\/\/nahuelproducciones.com.ar\/radioquijano\/#\/schema\/person\/e8a4f939e2cb487fe6d0c54042c9d32c","name":"Cecilia Pastrana","image":{"@type":"ImageObject","inLanguage":"es","@id":"https:\/\/nahuelproducciones.com.ar\/radioquijano\/#\/schema\/person\/image\/","url":"https:\/\/secure.gravatar.com\/avatar\/661a3ef63a8488d4f2794ed44af8cf71420f7e106f3072c40125114df5157749?s=96&d=mm&r=g","contentUrl":"https:\/\/secure.gravatar.com\/avatar\/661a3ef63a8488d4f2794ed44af8cf71420f7e106f3072c40125114df5157749?s=96&d=mm&r=g","caption":"Cecilia Pastrana"},"sameAs":["cecy"],"url":"https:\/\/nahuelproducciones.com.ar\/radioquijano\/author\/cecy\/"}]}},"_links":{"self":[{"href":"https:\/\/nahuelproducciones.com.ar\/radioquijano\/wp-json\/wp\/v2\/posts\/3946","targetHints":{"allow":["GET"]}}],"collection":[{"href":"https:\/\/nahuelproducciones.com.ar\/radioquijano\/wp-json\/wp\/v2\/posts"}],"about":[{"href":"https:\/\/nahuelproducciones.com.ar\/radioquijano\/wp-json\/wp\/v2\/types\/post"}],"author":[{"embeddable":true,"href":"https:\/\/nahuelproducciones.com.ar\/radioquijano\/wp-json\/wp\/v2\/users\/8"}],"replies":[{"embeddable":true,"href":"https:\/\/nahuelproducciones.com.ar\/radioquijano\/wp-json\/wp\/v2\/comments?post=3946"}],"version-history":[{"count":1,"href":"https:\/\/nahuelproducciones.com.ar\/radioquijano\/wp-json\/wp\/v2\/posts\/3946\/revisions"}],"predecessor-version":[{"id":3953,"href":"https:\/\/nahuelproducciones.com.ar\/radioquijano\/wp-json\/wp\/v2\/posts\/3946\/revisions\/3953"}],"wp:featuredmedia":[{"embeddable":true,"href":"https:\/\/nahuelproducciones.com.ar\/radioquijano\/wp-json\/wp\/v2\/media\/3952"}],"wp:attachment":[{"href":"https:\/\/nahuelproducciones.com.ar\/radioquijano\/wp-json\/wp\/v2\/media?parent=3946"}],"wp:term":[{"taxonomy":"category","embeddable":true,"href":"https:\/\/nahuelproducciones.com.ar\/radioquijano\/wp-json\/wp\/v2\/categories?post=3946"},{"taxonomy":"post_tag","embeddable":true,"href":"https:\/\/nahuelproducciones.com.ar\/radioquijano\/wp-json\/wp\/v2\/tags?post=3946"}],"curies":[{"name":"wp","href":"https:\/\/api.w.org\/{rel}","templated":true}]}}