{"id":3954,"date":"2022-12-14T09:52:59","date_gmt":"2022-12-14T12:52:59","guid":{"rendered":"https:\/\/nahuelproducciones.com.ar\/radioquijano\/?p=3954"},"modified":"2022-12-14T09:53:00","modified_gmt":"2022-12-14T12:53:00","slug":"el-espectaculo-de-los-nocheros-del-dia-14-de-diciembre-se-traslada-para-el-mes-de-marzo","status":"publish","type":"post","link":"https:\/\/nahuelproducciones.com.ar\/radioquijano\/el-espectaculo-de-los-nocheros-del-dia-14-de-diciembre-se-traslada-para-el-mes-de-marzo\/","title":{"rendered":"EL ESPECT\u00c1CULO DE \u00abLOS NOCHEROS\u00bb DEL DIA 14 DE DICIEMBRE SE TRASLADA PARA EL MES DE MARZO."},"content":{"rendered":"\n<p>Comunicado de Reprogramacion brindado el d\u00eda lunes 12 de diciembre, por la Fundaci\u00f3n Forjando Esperanza:<\/p>\n\n\n\n<p>&#x26a0;&#xfe0f;COMUNICADO<br>EL ESPECTACULO DEL DIA 14 DE DICIEMBRE SE TRASLADA PARA EL MES DE MARZO. (Fecha a confirmar)<\/p>\n\n\n\n<p>MOTIVA ESTA DECISI\u00d3N LA APARICI\u00d3N DE CASOS CONFIRMADOS Y SOSPECHOSOS DE COVID Y LAS \u00daLTIMAS RECOMENDACIONES EMITIDAS DESDE EL MINISTERIO DE SALUD DE NACI\u00d3N.<br>DADA LA RESPONSABILIDAD QUE LE CABE AL HOSPITAL DR. FRANCISCO HERRERA COMO AUTORIDAD SANITARIA, EVALUAMOS LA SITUACI\u00d3N Y CONSIDERAMOS IMPRUDENTE EN ESTAS CIRCUNSTANCIAS REALIZAR UN EVENTO DE ESTAS CARACTERISTICAS EN UN LUGAR CERRADO, SOBRE TODO CUANDO AUN NO SABEMOS FEHACIENTEMENTE COMO SE COMPORTA ESTA CEPA.<br>A FIN DE PREVENIR Y PROTEGER , TANTO AL PERSONAL DE SALUD, COMO A LA POBLACI\u00d3N EN GENERAL SE TOM\u00d3 LA DECISI\u00d3N DE POSPONER EL ESPECTACULO PARA EL MES DE MARZO.<br>AGRADECEMOS A LOS NOCHEROS SU BUENA PREDISPOSICION.<\/p>\n\n\n\n<p>LOS QUE COMPRARON ENTRADAS PUEDEN CONSERVARLAS PARA MARZO.<br>EN CASO DE REQUERIR DEVOLUCI\u00d3N DEBEN MANDAR UN WHATSAPP AL 3875471744<\/p>\n\n\n\n<p>LA VENTA DE ENTRADAS SE REANUDAR\u00c1 EN LOS PRIMEROS DIAS DEL MES DE ENERO.<\/p>\n\n\n\n<p><\/p>\n\n\n\n<figure class=\"wp-block-image size-large\"><img loading=\"lazy\" decoding=\"async\" width=\"1024\" height=\"463\" src=\"https:\/\/nahuelproducciones.com.ar\/radioquijano\/wp-content\/uploads\/2022\/12\/WhatsApp-Image-2022-12-14-at-9.44.05-AM-1024x463.jpeg\" alt=\"\" class=\"wp-image-3956\" srcset=\"https:\/\/nahuelproducciones.com.ar\/radioquijano\/wp-content\/uploads\/2022\/12\/WhatsApp-Image-2022-12-14-at-9.44.05-AM-1024x463.jpeg 1024w, https:\/\/nahuelproducciones.com.ar\/radioquijano\/wp-content\/uploads\/2022\/12\/WhatsApp-Image-2022-12-14-at-9.44.05-AM-300x136.jpeg 300w, https:\/\/nahuelproducciones.com.ar\/radioquijano\/wp-content\/uploads\/2022\/12\/WhatsApp-Image-2022-12-14-at-9.44.05-AM-768x347.jpeg 768w, https:\/\/nahuelproducciones.com.ar\/radioquijano\/wp-content\/uploads\/2022\/12\/WhatsApp-Image-2022-12-14-at-9.44.05-AM-150x68.jpeg 150w, https:\/\/nahuelproducciones.com.ar\/radioquijano\/wp-content\/uploads\/2022\/12\/WhatsApp-Image-2022-12-14-at-9.44.05-AM.jpeg 1259w\" sizes=\"auto, (max-width: 1024px) 100vw, 1024px\" \/><\/figure>\n\n\n\n<p>Hoy 14 de diciembre la Fundaci\u00f3n comunica:<\/p>\n\n\n\n<p>&#x26a0;&#xfe0f;COMUNICADO.<\/p>\n\n\n\n<p>DESMENTIMOS ROTUNDAMENTE LAS VERSIONES DE UN BROTE DE COVID DE UNA CEPA DESCONOCIDA<\/p>\n\n\n\n<p>Debido a algunas publicaciones de la prensa respecto a la postergaci\u00f3n del Show de los Nocheros debido a la aparici\u00f3n de un brote de Covid de una cepa desconocida queremos desmentir rotundamente estas versiones y llevar tranquilidad a la poblaci\u00f3n.<br>La decisi\u00f3n se tom\u00f3 ante la aparici\u00f3n de los primeros casos de Covid.<br>Considerando que los casos vienen en aumento en el pa\u00eds y que el personal de Salud es el que organiza este evento, no nos pareci\u00f3 prudente exponerlos puesto que son ellos los que deben estar al pie del ca\u00f1\u00f3n en caso de que estemos ante la presencia de una nueva ola.<br>Fue una medida meramente preventiva para resguardar al equipo de salud.<\/p>\n\n\n\n<p>.<\/p>\n\n\n\n<p> <a href=\"https:\/\/nahuelproducciones.com.ar\/index.php\/rq999\" target=\"_blank\" rel=\"noreferrer noopener\">#RQ99.9Mhz<\/a>\u00a0<a href=\"https:\/\/nahuelproducciones.com.ar\/\" target=\"_blank\" rel=\"noreferrer noopener\">#CAMPOQUIJANO<\/a>\u00a0<a href=\"http:\/\/nahuelproducciones.com.ar\/radioquijano\/\" target=\"_blank\" rel=\"noreferrer noopener\">#RadioQuijano<\/a>   <\/p>\n","protected":false},"excerpt":{"rendered":"<p>Comunicado de Reprogramacion brindado el d\u00eda lunes 12 de diciembre, por la Fundaci\u00f3n Forjando Esperanza: &#x26a0;&#xfe0f;COMUNICADOEL ESPECTACULO DEL DIA 14 DE DICIEMBRE SE TRASLADA PARA EL MES DE MARZO. (Fecha a confirmar) MOTIVA ESTA DECISI\u00d3N LA APARICI\u00d3N DE CASOS CONFIRMADOS Y SOSPECHOSOS DE COVID Y LAS \u00daLTIMAS RECOMENDACIONES EMITIDAS DESDE EL MINISTERIO DE SALUD DE [&hellip;]<\/p>\n","protected":false},"author":8,"featured_media":3958,"comment_status":"open","ping_status":"open","sticky":false,"template":"","format":"standard","meta":{"_monsterinsights_skip_tracking":false,"_monsterinsights_sitenote_active":false,"_monsterinsights_sitenote_note":"","_monsterinsights_sitenote_category":0,"footnotes":""},"categories":[16],"tags":[36,776,774,775],"class_list":["post-3954","post","type-post","status-publish","format-standard","has-post-thumbnail","hentry","category-noticias","tag-campo-quijano","tag-fundacion-forjando-esperanza","tag-los-nocheros","tag-postergacion-del-show-de-los-nocheros"],"yoast_head":"<!-- This site is optimized with the Yoast SEO plugin v20.8 - https:\/\/yoast.com\/wordpress\/plugins\/seo\/ -->\n<title>EL ESPECT\u00c1CULO DE &quot;LOS NOCHEROS&quot; DEL DIA 14 DE DICIEMBRE SE TRASLADA PARA EL MES DE MARZO. - RQ 99.9<\/title>\n<meta name=\"description\" content=\"LOS QUE COMPRARON ENTRADAS PUEDEN CONSERVARLAS PARA MARZO.EN CASO DE REQUERIR DEVOLUCI\u00d3N DEBEN MANDAR UN WHATSAPP AL 3875471744\" \/>\n<meta name=\"robots\" content=\"index, follow, max-snippet:-1, max-image-preview:large, max-video-preview:-1\" \/>\n<link rel=\"canonical\" href=\"https:\/\/nahuelproducciones.com.ar\/radioquijano\/el-espectaculo-de-los-nocheros-del-dia-14-de-diciembre-se-traslada-para-el-mes-de-marzo\/\" \/>\n<meta property=\"og:locale\" content=\"es_ES\" \/>\n<meta property=\"og:type\" content=\"article\" \/>\n<meta property=\"og:title\" content=\"EL ESPECT\u00c1CULO DE &quot;LOS NOCHEROS&quot; DEL DIA 14 DE DICIEMBRE SE TRASLADA PARA EL MES DE MARZO. - RQ 99.9\" \/>\n<meta property=\"og:description\" content=\"LOS QUE COMPRARON ENTRADAS PUEDEN CONSERVARLAS PARA MARZO.EN CASO DE REQUERIR DEVOLUCI\u00d3N DEBEN MANDAR UN WHATSAPP AL 3875471744\" \/>\n<meta property=\"og:url\" content=\"https:\/\/nahuelproducciones.com.ar\/radioquijano\/el-espectaculo-de-los-nocheros-del-dia-14-de-diciembre-se-traslada-para-el-mes-de-marzo\/\" \/>\n<meta property=\"og:site_name\" content=\"RQ 99.9\" \/>\n<meta property=\"article:publisher\" content=\"https:\/\/www.facebook.com\/nahuelproducciones999\/\" \/>\n<meta property=\"article:published_time\" content=\"2022-12-14T12:52:59+00:00\" \/>\n<meta property=\"article:modified_time\" content=\"2022-12-14T12:53:00+00:00\" \/>\n<meta property=\"og:image\" content=\"https:\/\/nahuelproducciones.com.ar\/radioquijano\/wp-content\/uploads\/2022\/12\/nocheros-a-marzo-e1671022300464.jpg\" \/>\n\t<meta property=\"og:image:width\" content=\"600\" \/>\n\t<meta property=\"og:image:height\" content=\"600\" \/>\n\t<meta property=\"og:image:type\" content=\"image\/jpeg\" \/>\n<meta name=\"author\" content=\"Cecilia Pastrana\" \/>\n<meta name=\"twitter:card\" content=\"summary_large_image\" \/>\n<meta name=\"twitter:creator\" content=\"@nahuproduciones\" \/>\n<meta name=\"twitter:site\" content=\"@nahuproduciones\" \/>\n<meta name=\"twitter:label1\" content=\"Escrito por\" \/>\n\t<meta name=\"twitter:data1\" content=\"Cecilia Pastrana\" \/>\n\t<meta name=\"twitter:label2\" content=\"Tiempo de lectura\" \/>\n\t<meta name=\"twitter:data2\" content=\"2 minutos\" \/>\n<script type=\"application\/ld+json\" class=\"yoast-schema-graph\">{\"@context\":\"https:\/\/schema.org\",\"@graph\":[{\"@type\":\"WebPage\",\"@id\":\"https:\/\/nahuelproducciones.com.ar\/radioquijano\/el-espectaculo-de-los-nocheros-del-dia-14-de-diciembre-se-traslada-para-el-mes-de-marzo\/\",\"url\":\"https:\/\/nahuelproducciones.com.ar\/radioquijano\/el-espectaculo-de-los-nocheros-del-dia-14-de-diciembre-se-traslada-para-el-mes-de-marzo\/\",\"name\":\"EL ESPECT\u00c1CULO DE \\\"LOS NOCHEROS\\\" DEL DIA 14 DE DICIEMBRE SE TRASLADA PARA EL MES DE MARZO. - RQ 99.9\",\"isPartOf\":{\"@id\":\"https:\/\/nahuelproducciones.com.ar\/radioquijano\/#website\"},\"datePublished\":\"2022-12-14T12:52:59+00:00\",\"dateModified\":\"2022-12-14T12:53:00+00:00\",\"author\":{\"@id\":\"https:\/\/nahuelproducciones.com.ar\/radioquijano\/#\/schema\/person\/e8a4f939e2cb487fe6d0c54042c9d32c\"},\"description\":\"LOS QUE COMPRARON ENTRADAS PUEDEN CONSERVARLAS PARA MARZO.EN CASO DE REQUERIR DEVOLUCI\u00d3N DEBEN MANDAR UN WHATSAPP AL 3875471744\",\"breadcrumb\":{\"@id\":\"https:\/\/nahuelproducciones.com.ar\/radioquijano\/el-espectaculo-de-los-nocheros-del-dia-14-de-diciembre-se-traslada-para-el-mes-de-marzo\/#breadcrumb\"},\"inLanguage\":\"es\",\"potentialAction\":[{\"@type\":\"ReadAction\",\"target\":[\"https:\/\/nahuelproducciones.com.ar\/radioquijano\/el-espectaculo-de-los-nocheros-del-dia-14-de-diciembre-se-traslada-para-el-mes-de-marzo\/\"]}]},{\"@type\":\"BreadcrumbList\",\"@id\":\"https:\/\/nahuelproducciones.com.ar\/radioquijano\/el-espectaculo-de-los-nocheros-del-dia-14-de-diciembre-se-traslada-para-el-mes-de-marzo\/#breadcrumb\",\"itemListElement\":[{\"@type\":\"ListItem\",\"position\":1,\"name\":\"Portada\",\"item\":\"https:\/\/nahuelproducciones.com.ar\/radioquijano\/\"},{\"@type\":\"ListItem\",\"position\":2,\"name\":\"EL ESPECT\u00c1CULO DE \u00abLOS NOCHEROS\u00bb DEL DIA 14 DE DICIEMBRE SE TRASLADA PARA EL MES DE MARZO.\"}]},{\"@type\":\"WebSite\",\"@id\":\"https:\/\/nahuelproducciones.com.ar\/radioquijano\/#website\",\"url\":\"https:\/\/nahuelproducciones.com.ar\/radioquijano\/\",\"name\":\"RQ 99.9\",\"description\":\"Radio Quijano 99.9 MHz\",\"potentialAction\":[{\"@type\":\"SearchAction\",\"target\":{\"@type\":\"EntryPoint\",\"urlTemplate\":\"https:\/\/nahuelproducciones.com.ar\/radioquijano\/?s={search_term_string}\"},\"query-input\":\"required name=search_term_string\"}],\"inLanguage\":\"es\"},{\"@type\":\"Person\",\"@id\":\"https:\/\/nahuelproducciones.com.ar\/radioquijano\/#\/schema\/person\/e8a4f939e2cb487fe6d0c54042c9d32c\",\"name\":\"Cecilia Pastrana\",\"image\":{\"@type\":\"ImageObject\",\"inLanguage\":\"es\",\"@id\":\"https:\/\/nahuelproducciones.com.ar\/radioquijano\/#\/schema\/person\/image\/\",\"url\":\"https:\/\/secure.gravatar.com\/avatar\/661a3ef63a8488d4f2794ed44af8cf71420f7e106f3072c40125114df5157749?s=96&d=mm&r=g\",\"contentUrl\":\"https:\/\/secure.gravatar.com\/avatar\/661a3ef63a8488d4f2794ed44af8cf71420f7e106f3072c40125114df5157749?s=96&d=mm&r=g\",\"caption\":\"Cecilia Pastrana\"},\"sameAs\":[\"cecy\"],\"url\":\"https:\/\/nahuelproducciones.com.ar\/radioquijano\/author\/cecy\/\"}]}<\/script>\n<!-- \/ Yoast SEO plugin. -->","yoast_head_json":{"title":"EL ESPECT\u00c1CULO DE \"LOS NOCHEROS\" DEL DIA 14 DE DICIEMBRE SE TRASLADA PARA EL MES DE MARZO. - RQ 99.9","description":"LOS QUE COMPRARON ENTRADAS PUEDEN CONSERVARLAS PARA MARZO.EN CASO DE REQUERIR DEVOLUCI\u00d3N DEBEN MANDAR UN WHATSAPP AL 3875471744","robots":{"index":"index","follow":"follow","max-snippet":"max-snippet:-1","max-image-preview":"max-image-preview:large","max-video-preview":"max-video-preview:-1"},"canonical":"https:\/\/nahuelproducciones.com.ar\/radioquijano\/el-espectaculo-de-los-nocheros-del-dia-14-de-diciembre-se-traslada-para-el-mes-de-marzo\/","og_locale":"es_ES","og_type":"article","og_title":"EL ESPECT\u00c1CULO DE \"LOS NOCHEROS\" DEL DIA 14 DE DICIEMBRE SE TRASLADA PARA EL MES DE MARZO. - RQ 99.9","og_description":"LOS QUE COMPRARON ENTRADAS PUEDEN CONSERVARLAS PARA MARZO.EN CASO DE REQUERIR DEVOLUCI\u00d3N DEBEN MANDAR UN WHATSAPP AL 3875471744","og_url":"https:\/\/nahuelproducciones.com.ar\/radioquijano\/el-espectaculo-de-los-nocheros-del-dia-14-de-diciembre-se-traslada-para-el-mes-de-marzo\/","og_site_name":"RQ 99.9","article_publisher":"https:\/\/www.facebook.com\/nahuelproducciones999\/","article_published_time":"2022-12-14T12:52:59+00:00","article_modified_time":"2022-12-14T12:53:00+00:00","og_image":[{"width":600,"height":600,"url":"https:\/\/nahuelproducciones.com.ar\/radioquijano\/wp-content\/uploads\/2022\/12\/nocheros-a-marzo-e1671022300464.jpg","type":"image\/jpeg"}],"author":"Cecilia Pastrana","twitter_card":"summary_large_image","twitter_creator":"@nahuproduciones","twitter_site":"@nahuproduciones","twitter_misc":{"Escrito por":"Cecilia Pastrana","Tiempo de lectura":"2 minutos"},"schema":{"@context":"https:\/\/schema.org","@graph":[{"@type":"WebPage","@id":"https:\/\/nahuelproducciones.com.ar\/radioquijano\/el-espectaculo-de-los-nocheros-del-dia-14-de-diciembre-se-traslada-para-el-mes-de-marzo\/","url":"https:\/\/nahuelproducciones.com.ar\/radioquijano\/el-espectaculo-de-los-nocheros-del-dia-14-de-diciembre-se-traslada-para-el-mes-de-marzo\/","name":"EL ESPECT\u00c1CULO DE \"LOS NOCHEROS\" DEL DIA 14 DE DICIEMBRE SE TRASLADA PARA EL MES DE MARZO. - RQ 99.9","isPartOf":{"@id":"https:\/\/nahuelproducciones.com.ar\/radioquijano\/#website"},"datePublished":"2022-12-14T12:52:59+00:00","dateModified":"2022-12-14T12:53:00+00:00","author":{"@id":"https:\/\/nahuelproducciones.com.ar\/radioquijano\/#\/schema\/person\/e8a4f939e2cb487fe6d0c54042c9d32c"},"description":"LOS QUE COMPRARON ENTRADAS PUEDEN CONSERVARLAS PARA MARZO.EN CASO DE REQUERIR DEVOLUCI\u00d3N DEBEN MANDAR UN WHATSAPP AL 3875471744","breadcrumb":{"@id":"https:\/\/nahuelproducciones.com.ar\/radioquijano\/el-espectaculo-de-los-nocheros-del-dia-14-de-diciembre-se-traslada-para-el-mes-de-marzo\/#breadcrumb"},"inLanguage":"es","potentialAction":[{"@type":"ReadAction","target":["https:\/\/nahuelproducciones.com.ar\/radioquijano\/el-espectaculo-de-los-nocheros-del-dia-14-de-diciembre-se-traslada-para-el-mes-de-marzo\/"]}]},{"@type":"BreadcrumbList","@id":"https:\/\/nahuelproducciones.com.ar\/radioquijano\/el-espectaculo-de-los-nocheros-del-dia-14-de-diciembre-se-traslada-para-el-mes-de-marzo\/#breadcrumb","itemListElement":[{"@type":"ListItem","position":1,"name":"Portada","item":"https:\/\/nahuelproducciones.com.ar\/radioquijano\/"},{"@type":"ListItem","position":2,"name":"EL ESPECT\u00c1CULO DE \u00abLOS NOCHEROS\u00bb DEL DIA 14 DE DICIEMBRE SE TRASLADA PARA EL MES DE MARZO."}]},{"@type":"WebSite","@id":"https:\/\/nahuelproducciones.com.ar\/radioquijano\/#website","url":"https:\/\/nahuelproducciones.com.ar\/radioquijano\/","name":"RQ 99.9","description":"Radio Quijano 99.9 MHz","potentialAction":[{"@type":"SearchAction","target":{"@type":"EntryPoint","urlTemplate":"https:\/\/nahuelproducciones.com.ar\/radioquijano\/?s={search_term_string}"},"query-input":"required name=search_term_string"}],"inLanguage":"es"},{"@type":"Person","@id":"https:\/\/nahuelproducciones.com.ar\/radioquijano\/#\/schema\/person\/e8a4f939e2cb487fe6d0c54042c9d32c","name":"Cecilia Pastrana","image":{"@type":"ImageObject","inLanguage":"es","@id":"https:\/\/nahuelproducciones.com.ar\/radioquijano\/#\/schema\/person\/image\/","url":"https:\/\/secure.gravatar.com\/avatar\/661a3ef63a8488d4f2794ed44af8cf71420f7e106f3072c40125114df5157749?s=96&d=mm&r=g","contentUrl":"https:\/\/secure.gravatar.com\/avatar\/661a3ef63a8488d4f2794ed44af8cf71420f7e106f3072c40125114df5157749?s=96&d=mm&r=g","caption":"Cecilia Pastrana"},"sameAs":["cecy"],"url":"https:\/\/nahuelproducciones.com.ar\/radioquijano\/author\/cecy\/"}]}},"_links":{"self":[{"href":"https:\/\/nahuelproducciones.com.ar\/radioquijano\/wp-json\/wp\/v2\/posts\/3954","targetHints":{"allow":["GET"]}}],"collection":[{"href":"https:\/\/nahuelproducciones.com.ar\/radioquijano\/wp-json\/wp\/v2\/posts"}],"about":[{"href":"https:\/\/nahuelproducciones.com.ar\/radioquijano\/wp-json\/wp\/v2\/types\/post"}],"author":[{"embeddable":true,"href":"https:\/\/nahuelproducciones.com.ar\/radioquijano\/wp-json\/wp\/v2\/users\/8"}],"replies":[{"embeddable":true,"href":"https:\/\/nahuelproducciones.com.ar\/radioquijano\/wp-json\/wp\/v2\/comments?post=3954"}],"version-history":[{"count":2,"href":"https:\/\/nahuelproducciones.com.ar\/radioquijano\/wp-json\/wp\/v2\/posts\/3954\/revisions"}],"predecessor-version":[{"id":3960,"href":"https:\/\/nahuelproducciones.com.ar\/radioquijano\/wp-json\/wp\/v2\/posts\/3954\/revisions\/3960"}],"wp:featuredmedia":[{"embeddable":true,"href":"https:\/\/nahuelproducciones.com.ar\/radioquijano\/wp-json\/wp\/v2\/media\/3958"}],"wp:attachment":[{"href":"https:\/\/nahuelproducciones.com.ar\/radioquijano\/wp-json\/wp\/v2\/media?parent=3954"}],"wp:term":[{"taxonomy":"category","embeddable":true,"href":"https:\/\/nahuelproducciones.com.ar\/radioquijano\/wp-json\/wp\/v2\/categories?post=3954"},{"taxonomy":"post_tag","embeddable":true,"href":"https:\/\/nahuelproducciones.com.ar\/radioquijano\/wp-json\/wp\/v2\/tags?post=3954"}],"curies":[{"name":"wp","href":"https:\/\/api.w.org\/{rel}","templated":true}]}}