{"id":3961,"date":"2022-12-14T10:25:18","date_gmt":"2022-12-14T13:25:18","guid":{"rendered":"https:\/\/nahuelproducciones.com.ar\/radioquijano\/?p=3961"},"modified":"2022-12-14T11:43:57","modified_gmt":"2022-12-14T14:43:57","slug":"argentina-en-la-final-quijano-tambien-salio-a-las-calles-a-festejar","status":"publish","type":"post","link":"https:\/\/nahuelproducciones.com.ar\/radioquijano\/argentina-en-la-final-quijano-tambien-salio-a-las-calles-a-festejar\/","title":{"rendered":"Argentina en la final: Quijano tambi\u00e9n sali\u00f3 a las calles a festejar."},"content":{"rendered":"\n<p>La Plaza Mart\u00edn Fierro fue el centro de los festejos tras la holgada victoria de la Scaloneta por 3 a 0 contra el duro Croacia.<\/p>\n\n\n\n<p>Una inmensa marea celeste y blanca cant\u00f3, bail\u00f3, se observaron caras pintadas en los festej\u00f3 del paso a la Final del mundial 2022.<\/p>\n\n\n\n<p>La Plaza, no se fue el \u00fanico lugar donde se manifest\u00f3 . Las redes sociales se hicieron eco y fueron el muestrario de que lo que comenz\u00f3 a suceder en cada  pueblo, ciudad y rinc\u00f3n de la Argentina.<\/p>\n\n\n\n<p>Las escenas de la alegr\u00eda  ante el triunfo de la Selecci\u00f3n en un partido en el que Lionel Messi brill\u00f3 y se espera que se repitan el pr\u00f3ximo domingo 18,  cuando se juegue la Final a 12:00 hs.<\/p>\n\n\n\n<p><\/p>\n\n\n\n<p>Compartimos im\u00e1genes de los festejos del pueblo:<\/p>\n\n\n\n<iframe loading=\"lazy\" src=\"https:\/\/www.facebook.com\/plugins\/video.php?height=314&#038;href=https%3A%2F%2Fwww.facebook.com%2Fcecypastrana%2Fvideos%2F535608164915163%2F&#038;show_text=true&#038;width=560&#038;t=0\" width=\"760\" height=\"429\" style=\"border:none;overflow:hidden\" scrolling=\"no\" frameborder=\"0\" allowfullscreen=\"true\" allow=\"autoplay; clipboard-write; encrypted-media; picture-in-picture; web-share\" allowFullScreen=\"true\"><\/iframe>\n\n\n\n<p><\/p>\n\n\n\n<p><\/p>\n\n\n\n<figure class=\"wp-block-gallery columns-3 is-cropped wp-block-gallery-1 is-layout-flex wp-block-gallery-is-layout-flex\"><ul class=\"blocks-gallery-grid\"><li class=\"blocks-gallery-item\"><figure><img loading=\"lazy\" decoding=\"async\" width=\"706\" height=\"970\" src=\"https:\/\/nahuelproducciones.com.ar\/radioquijano\/wp-content\/uploads\/2022\/12\/WhatsApp-Image-2022-12-14-at-10.09.29-AM-1.jpeg\" alt=\"\" data-id=\"3963\" data-full-url=\"https:\/\/nahuelproducciones.com.ar\/radioquijano\/wp-content\/uploads\/2022\/12\/WhatsApp-Image-2022-12-14-at-10.09.29-AM-1.jpeg\" data-link=\"https:\/\/nahuelproducciones.com.ar\/radioquijano\/?attachment_id=3963\" class=\"wp-image-3963\" srcset=\"https:\/\/nahuelproducciones.com.ar\/radioquijano\/wp-content\/uploads\/2022\/12\/WhatsApp-Image-2022-12-14-at-10.09.29-AM-1.jpeg 706w, https:\/\/nahuelproducciones.com.ar\/radioquijano\/wp-content\/uploads\/2022\/12\/WhatsApp-Image-2022-12-14-at-10.09.29-AM-1-218x300.jpeg 218w, https:\/\/nahuelproducciones.com.ar\/radioquijano\/wp-content\/uploads\/2022\/12\/WhatsApp-Image-2022-12-14-at-10.09.29-AM-1-150x206.jpeg 150w\" sizes=\"auto, (max-width: 706px) 100vw, 706px\" \/><\/figure><\/li><li class=\"blocks-gallery-item\"><figure><img loading=\"lazy\" decoding=\"async\" width=\"461\" height=\"1024\" src=\"https:\/\/nahuelproducciones.com.ar\/radioquijano\/wp-content\/uploads\/2022\/12\/WhatsApp-Image-2022-12-14-at-10.09.30-AM-2-461x1024.jpeg\" alt=\"\" data-id=\"3964\" data-full-url=\"https:\/\/nahuelproducciones.com.ar\/radioquijano\/wp-content\/uploads\/2022\/12\/WhatsApp-Image-2022-12-14-at-10.09.30-AM-2.jpeg\" data-link=\"https:\/\/nahuelproducciones.com.ar\/radioquijano\/?attachment_id=3964\" class=\"wp-image-3964\" srcset=\"https:\/\/nahuelproducciones.com.ar\/radioquijano\/wp-content\/uploads\/2022\/12\/WhatsApp-Image-2022-12-14-at-10.09.30-AM-2-461x1024.jpeg 461w, https:\/\/nahuelproducciones.com.ar\/radioquijano\/wp-content\/uploads\/2022\/12\/WhatsApp-Image-2022-12-14-at-10.09.30-AM-2-135x300.jpeg 135w, https:\/\/nahuelproducciones.com.ar\/radioquijano\/wp-content\/uploads\/2022\/12\/WhatsApp-Image-2022-12-14-at-10.09.30-AM-2-691x1536.jpeg 691w, https:\/\/nahuelproducciones.com.ar\/radioquijano\/wp-content\/uploads\/2022\/12\/WhatsApp-Image-2022-12-14-at-10.09.30-AM-2-150x333.jpeg 150w, https:\/\/nahuelproducciones.com.ar\/radioquijano\/wp-content\/uploads\/2022\/12\/WhatsApp-Image-2022-12-14-at-10.09.30-AM-2.jpeg 720w\" sizes=\"auto, (max-width: 461px) 100vw, 461px\" \/><\/figure><\/li><li class=\"blocks-gallery-item\"><figure><img loading=\"lazy\" decoding=\"async\" width=\"461\" height=\"1024\" src=\"https:\/\/nahuelproducciones.com.ar\/radioquijano\/wp-content\/uploads\/2022\/12\/WhatsApp-Image-2022-12-14-at-10.09.30-AM-1-461x1024.jpeg\" alt=\"\" data-id=\"3965\" data-full-url=\"https:\/\/nahuelproducciones.com.ar\/radioquijano\/wp-content\/uploads\/2022\/12\/WhatsApp-Image-2022-12-14-at-10.09.30-AM-1.jpeg\" data-link=\"https:\/\/nahuelproducciones.com.ar\/radioquijano\/?attachment_id=3965\" class=\"wp-image-3965\" srcset=\"https:\/\/nahuelproducciones.com.ar\/radioquijano\/wp-content\/uploads\/2022\/12\/WhatsApp-Image-2022-12-14-at-10.09.30-AM-1-461x1024.jpeg 461w, https:\/\/nahuelproducciones.com.ar\/radioquijano\/wp-content\/uploads\/2022\/12\/WhatsApp-Image-2022-12-14-at-10.09.30-AM-1-135x300.jpeg 135w, https:\/\/nahuelproducciones.com.ar\/radioquijano\/wp-content\/uploads\/2022\/12\/WhatsApp-Image-2022-12-14-at-10.09.30-AM-1-691x1536.jpeg 691w, https:\/\/nahuelproducciones.com.ar\/radioquijano\/wp-content\/uploads\/2022\/12\/WhatsApp-Image-2022-12-14-at-10.09.30-AM-1-150x333.jpeg 150w, https:\/\/nahuelproducciones.com.ar\/radioquijano\/wp-content\/uploads\/2022\/12\/WhatsApp-Image-2022-12-14-at-10.09.30-AM-1.jpeg 720w\" sizes=\"auto, (max-width: 461px) 100vw, 461px\" \/><\/figure><\/li><li class=\"blocks-gallery-item\"><figure><img loading=\"lazy\" decoding=\"async\" width=\"461\" height=\"1024\" src=\"https:\/\/nahuelproducciones.com.ar\/radioquijano\/wp-content\/uploads\/2022\/12\/WhatsApp-Image-2022-12-14-at-10.09.30-AM-461x1024.jpeg\" alt=\"\" data-id=\"3966\" data-full-url=\"https:\/\/nahuelproducciones.com.ar\/radioquijano\/wp-content\/uploads\/2022\/12\/WhatsApp-Image-2022-12-14-at-10.09.30-AM.jpeg\" data-link=\"https:\/\/nahuelproducciones.com.ar\/radioquijano\/?attachment_id=3966\" class=\"wp-image-3966\" srcset=\"https:\/\/nahuelproducciones.com.ar\/radioquijano\/wp-content\/uploads\/2022\/12\/WhatsApp-Image-2022-12-14-at-10.09.30-AM-461x1024.jpeg 461w, https:\/\/nahuelproducciones.com.ar\/radioquijano\/wp-content\/uploads\/2022\/12\/WhatsApp-Image-2022-12-14-at-10.09.30-AM-135x300.jpeg 135w, https:\/\/nahuelproducciones.com.ar\/radioquijano\/wp-content\/uploads\/2022\/12\/WhatsApp-Image-2022-12-14-at-10.09.30-AM-691x1536.jpeg 691w, https:\/\/nahuelproducciones.com.ar\/radioquijano\/wp-content\/uploads\/2022\/12\/WhatsApp-Image-2022-12-14-at-10.09.30-AM-150x333.jpeg 150w, https:\/\/nahuelproducciones.com.ar\/radioquijano\/wp-content\/uploads\/2022\/12\/WhatsApp-Image-2022-12-14-at-10.09.30-AM.jpeg 720w\" sizes=\"auto, (max-width: 461px) 100vw, 461px\" \/><\/figure><\/li><li class=\"blocks-gallery-item\"><figure><img loading=\"lazy\" decoding=\"async\" width=\"461\" height=\"1024\" src=\"https:\/\/nahuelproducciones.com.ar\/radioquijano\/wp-content\/uploads\/2022\/12\/WhatsApp-Image-2022-12-14-at-10.09.29-AM-461x1024.jpeg\" alt=\"\" data-id=\"3967\" data-full-url=\"https:\/\/nahuelproducciones.com.ar\/radioquijano\/wp-content\/uploads\/2022\/12\/WhatsApp-Image-2022-12-14-at-10.09.29-AM.jpeg\" data-link=\"https:\/\/nahuelproducciones.com.ar\/radioquijano\/?attachment_id=3967\" class=\"wp-image-3967\" srcset=\"https:\/\/nahuelproducciones.com.ar\/radioquijano\/wp-content\/uploads\/2022\/12\/WhatsApp-Image-2022-12-14-at-10.09.29-AM-461x1024.jpeg 461w, https:\/\/nahuelproducciones.com.ar\/radioquijano\/wp-content\/uploads\/2022\/12\/WhatsApp-Image-2022-12-14-at-10.09.29-AM-135x300.jpeg 135w, https:\/\/nahuelproducciones.com.ar\/radioquijano\/wp-content\/uploads\/2022\/12\/WhatsApp-Image-2022-12-14-at-10.09.29-AM-691x1536.jpeg 691w, https:\/\/nahuelproducciones.com.ar\/radioquijano\/wp-content\/uploads\/2022\/12\/WhatsApp-Image-2022-12-14-at-10.09.29-AM-150x333.jpeg 150w, https:\/\/nahuelproducciones.com.ar\/radioquijano\/wp-content\/uploads\/2022\/12\/WhatsApp-Image-2022-12-14-at-10.09.29-AM.jpeg 720w\" sizes=\"auto, (max-width: 461px) 100vw, 461px\" \/><\/figure><\/li><li class=\"blocks-gallery-item\"><figure><img loading=\"lazy\" decoding=\"async\" width=\"461\" height=\"1024\" src=\"https:\/\/nahuelproducciones.com.ar\/radioquijano\/wp-content\/uploads\/2022\/12\/WhatsApp-Image-2022-12-14-at-10.09.28-AM-1-461x1024.jpeg\" alt=\"\" data-id=\"3968\" data-full-url=\"https:\/\/nahuelproducciones.com.ar\/radioquijano\/wp-content\/uploads\/2022\/12\/WhatsApp-Image-2022-12-14-at-10.09.28-AM-1.jpeg\" data-link=\"https:\/\/nahuelproducciones.com.ar\/radioquijano\/?attachment_id=3968\" class=\"wp-image-3968\" srcset=\"https:\/\/nahuelproducciones.com.ar\/radioquijano\/wp-content\/uploads\/2022\/12\/WhatsApp-Image-2022-12-14-at-10.09.28-AM-1-461x1024.jpeg 461w, https:\/\/nahuelproducciones.com.ar\/radioquijano\/wp-content\/uploads\/2022\/12\/WhatsApp-Image-2022-12-14-at-10.09.28-AM-1-135x300.jpeg 135w, https:\/\/nahuelproducciones.com.ar\/radioquijano\/wp-content\/uploads\/2022\/12\/WhatsApp-Image-2022-12-14-at-10.09.28-AM-1-691x1536.jpeg 691w, https:\/\/nahuelproducciones.com.ar\/radioquijano\/wp-content\/uploads\/2022\/12\/WhatsApp-Image-2022-12-14-at-10.09.28-AM-1-150x333.jpeg 150w, https:\/\/nahuelproducciones.com.ar\/radioquijano\/wp-content\/uploads\/2022\/12\/WhatsApp-Image-2022-12-14-at-10.09.28-AM-1.jpeg 720w\" sizes=\"auto, (max-width: 461px) 100vw, 461px\" \/><\/figure><\/li><li class=\"blocks-gallery-item\"><figure><img loading=\"lazy\" decoding=\"async\" width=\"461\" height=\"1024\" src=\"https:\/\/nahuelproducciones.com.ar\/radioquijano\/wp-content\/uploads\/2022\/12\/WhatsApp-Image-2022-12-14-at-10.09.28-AM-461x1024.jpeg\" alt=\"\" data-id=\"3969\" data-full-url=\"https:\/\/nahuelproducciones.com.ar\/radioquijano\/wp-content\/uploads\/2022\/12\/WhatsApp-Image-2022-12-14-at-10.09.28-AM.jpeg\" data-link=\"https:\/\/nahuelproducciones.com.ar\/radioquijano\/?attachment_id=3969\" class=\"wp-image-3969\" srcset=\"https:\/\/nahuelproducciones.com.ar\/radioquijano\/wp-content\/uploads\/2022\/12\/WhatsApp-Image-2022-12-14-at-10.09.28-AM-461x1024.jpeg 461w, https:\/\/nahuelproducciones.com.ar\/radioquijano\/wp-content\/uploads\/2022\/12\/WhatsApp-Image-2022-12-14-at-10.09.28-AM-135x300.jpeg 135w, https:\/\/nahuelproducciones.com.ar\/radioquijano\/wp-content\/uploads\/2022\/12\/WhatsApp-Image-2022-12-14-at-10.09.28-AM-691x1536.jpeg 691w, https:\/\/nahuelproducciones.com.ar\/radioquijano\/wp-content\/uploads\/2022\/12\/WhatsApp-Image-2022-12-14-at-10.09.28-AM-150x333.jpeg 150w, https:\/\/nahuelproducciones.com.ar\/radioquijano\/wp-content\/uploads\/2022\/12\/WhatsApp-Image-2022-12-14-at-10.09.28-AM.jpeg 720w\" sizes=\"auto, (max-width: 461px) 100vw, 461px\" \/><\/figure><\/li><li class=\"blocks-gallery-item\"><figure><img loading=\"lazy\" decoding=\"async\" width=\"461\" height=\"1024\" src=\"https:\/\/nahuelproducciones.com.ar\/radioquijano\/wp-content\/uploads\/2022\/12\/WhatsApp-Image-2022-12-14-at-10.09.27-AM-461x1024.jpeg\" alt=\"\" data-id=\"3970\" data-full-url=\"https:\/\/nahuelproducciones.com.ar\/radioquijano\/wp-content\/uploads\/2022\/12\/WhatsApp-Image-2022-12-14-at-10.09.27-AM.jpeg\" data-link=\"https:\/\/nahuelproducciones.com.ar\/radioquijano\/?attachment_id=3970\" class=\"wp-image-3970\" srcset=\"https:\/\/nahuelproducciones.com.ar\/radioquijano\/wp-content\/uploads\/2022\/12\/WhatsApp-Image-2022-12-14-at-10.09.27-AM-461x1024.jpeg 461w, https:\/\/nahuelproducciones.com.ar\/radioquijano\/wp-content\/uploads\/2022\/12\/WhatsApp-Image-2022-12-14-at-10.09.27-AM-135x300.jpeg 135w, https:\/\/nahuelproducciones.com.ar\/radioquijano\/wp-content\/uploads\/2022\/12\/WhatsApp-Image-2022-12-14-at-10.09.27-AM-691x1536.jpeg 691w, https:\/\/nahuelproducciones.com.ar\/radioquijano\/wp-content\/uploads\/2022\/12\/WhatsApp-Image-2022-12-14-at-10.09.27-AM-150x333.jpeg 150w, https:\/\/nahuelproducciones.com.ar\/radioquijano\/wp-content\/uploads\/2022\/12\/WhatsApp-Image-2022-12-14-at-10.09.27-AM.jpeg 720w\" sizes=\"auto, (max-width: 461px) 100vw, 461px\" \/><\/figure><\/li><\/ul><figcaption class=\"blocks-gallery-caption\"> <a href=\"https:\/\/nahuelproducciones.com.ar\/index.php\/rq999\" target=\"_blank\" rel=\"noreferrer noopener\">#RQ99.9Mhz<\/a>&nbsp;<a href=\"https:\/\/nahuelproducciones.com.ar\/\" target=\"_blank\" rel=\"noreferrer noopener\">#CAMPOQUIJANO<\/a>&nbsp;<a href=\"http:\/\/nahuelproducciones.com.ar\/radioquijano\/\" target=\"_blank\" rel=\"noreferrer noopener\">#RadioQuijano<\/a>   <\/figcaption><\/figure>\n","protected":false},"excerpt":{"rendered":"<p>La Plaza Mart\u00edn Fierro fue el centro de los festejos tras la holgada victoria de la Scaloneta por 3 a 0 contra el duro Croacia. Una inmensa marea celeste y blanca cant\u00f3, bail\u00f3, se observaron caras pintadas en los festej\u00f3 del paso a la Final del mundial 2022. La Plaza, no se fue el \u00fanico [&hellip;]<\/p>\n","protected":false},"author":8,"featured_media":3965,"comment_status":"open","ping_status":"open","sticky":false,"template":"","format":"standard","meta":{"_monsterinsights_skip_tracking":false,"_monsterinsights_sitenote_active":false,"_monsterinsights_sitenote_note":"","_monsterinsights_sitenote_category":0,"footnotes":""},"categories":[16],"tags":[358,36,778,779],"class_list":["post-3961","post","type-post","status-publish","format-standard","has-post-thumbnail","hentry","category-noticias","tag-argentina","tag-campo-quijano","tag-final-del-mundial-qatar-2022","tag-plaza-marin-fierro"],"yoast_head":"<!-- This site is optimized with the Yoast SEO plugin v20.8 - https:\/\/yoast.com\/wordpress\/plugins\/seo\/ -->\n<title>Argentina en la final: Quijano tambi\u00e9n sali\u00f3 a las calles a festejar. - RQ 99.9<\/title>\n<meta name=\"description\" content=\"Las escenas de la alegr\u00eda ante el triunfo de la Selecci\u00f3n en un partido en el que Lionel Messi brill\u00f3, se espera que se repitan el pr\u00f3ximo domingo 18 cuando se juegue la Final a 12:00 hs.\" \/>\n<meta name=\"robots\" content=\"index, follow, max-snippet:-1, max-image-preview:large, max-video-preview:-1\" \/>\n<link rel=\"canonical\" href=\"https:\/\/nahuelproducciones.com.ar\/radioquijano\/argentina-en-la-final-quijano-tambien-salio-a-las-calles-a-festejar\/\" \/>\n<meta property=\"og:locale\" content=\"es_ES\" \/>\n<meta property=\"og:type\" content=\"article\" \/>\n<meta property=\"og:title\" content=\"Argentina en la final: Quijano tambi\u00e9n sali\u00f3 a las calles a festejar. - RQ 99.9\" \/>\n<meta property=\"og:description\" content=\"Las escenas de la alegr\u00eda ante el triunfo de la Selecci\u00f3n en un partido en el que Lionel Messi brill\u00f3, se espera que se repitan el pr\u00f3ximo domingo 18 cuando se juegue la Final a 12:00 hs.\" \/>\n<meta property=\"og:url\" content=\"https:\/\/nahuelproducciones.com.ar\/radioquijano\/argentina-en-la-final-quijano-tambien-salio-a-las-calles-a-festejar\/\" \/>\n<meta property=\"og:site_name\" content=\"RQ 99.9\" \/>\n<meta property=\"article:publisher\" content=\"https:\/\/www.facebook.com\/nahuelproducciones999\/\" \/>\n<meta property=\"article:published_time\" content=\"2022-12-14T13:25:18+00:00\" \/>\n<meta property=\"article:modified_time\" content=\"2022-12-14T14:43:57+00:00\" \/>\n<meta property=\"og:image\" content=\"https:\/\/nahuelproducciones.com.ar\/radioquijano\/wp-content\/uploads\/2022\/12\/WhatsApp-Image-2022-12-14-at-10.09.30-AM-1.jpeg\" \/>\n\t<meta property=\"og:image:width\" content=\"720\" \/>\n\t<meta property=\"og:image:height\" content=\"1600\" \/>\n\t<meta property=\"og:image:type\" content=\"image\/jpeg\" \/>\n<meta name=\"author\" content=\"Cecilia Pastrana\" \/>\n<meta name=\"twitter:card\" content=\"summary_large_image\" \/>\n<meta name=\"twitter:creator\" content=\"@nahuproduciones\" \/>\n<meta name=\"twitter:site\" content=\"@nahuproduciones\" \/>\n<meta name=\"twitter:label1\" content=\"Escrito por\" \/>\n\t<meta name=\"twitter:data1\" content=\"Cecilia Pastrana\" \/>\n\t<meta name=\"twitter:label2\" content=\"Tiempo de lectura\" \/>\n\t<meta name=\"twitter:data2\" content=\"3 minutos\" \/>\n<script type=\"application\/ld+json\" class=\"yoast-schema-graph\">{\"@context\":\"https:\/\/schema.org\",\"@graph\":[{\"@type\":\"WebPage\",\"@id\":\"https:\/\/nahuelproducciones.com.ar\/radioquijano\/argentina-en-la-final-quijano-tambien-salio-a-las-calles-a-festejar\/\",\"url\":\"https:\/\/nahuelproducciones.com.ar\/radioquijano\/argentina-en-la-final-quijano-tambien-salio-a-las-calles-a-festejar\/\",\"name\":\"Argentina en la final: Quijano tambi\u00e9n sali\u00f3 a las calles a festejar. - RQ 99.9\",\"isPartOf\":{\"@id\":\"https:\/\/nahuelproducciones.com.ar\/radioquijano\/#website\"},\"datePublished\":\"2022-12-14T13:25:18+00:00\",\"dateModified\":\"2022-12-14T14:43:57+00:00\",\"author\":{\"@id\":\"https:\/\/nahuelproducciones.com.ar\/radioquijano\/#\/schema\/person\/e8a4f939e2cb487fe6d0c54042c9d32c\"},\"description\":\"Las escenas de la alegr\u00eda ante el triunfo de la Selecci\u00f3n en un partido en el que Lionel Messi brill\u00f3, se espera que se repitan el pr\u00f3ximo domingo 18 cuando se juegue la Final a 12:00 hs.\",\"breadcrumb\":{\"@id\":\"https:\/\/nahuelproducciones.com.ar\/radioquijano\/argentina-en-la-final-quijano-tambien-salio-a-las-calles-a-festejar\/#breadcrumb\"},\"inLanguage\":\"es\",\"potentialAction\":[{\"@type\":\"ReadAction\",\"target\":[\"https:\/\/nahuelproducciones.com.ar\/radioquijano\/argentina-en-la-final-quijano-tambien-salio-a-las-calles-a-festejar\/\"]}]},{\"@type\":\"BreadcrumbList\",\"@id\":\"https:\/\/nahuelproducciones.com.ar\/radioquijano\/argentina-en-la-final-quijano-tambien-salio-a-las-calles-a-festejar\/#breadcrumb\",\"itemListElement\":[{\"@type\":\"ListItem\",\"position\":1,\"name\":\"Portada\",\"item\":\"https:\/\/nahuelproducciones.com.ar\/radioquijano\/\"},{\"@type\":\"ListItem\",\"position\":2,\"name\":\"Argentina en la final: Quijano tambi\u00e9n sali\u00f3 a las calles a festejar.\"}]},{\"@type\":\"WebSite\",\"@id\":\"https:\/\/nahuelproducciones.com.ar\/radioquijano\/#website\",\"url\":\"https:\/\/nahuelproducciones.com.ar\/radioquijano\/\",\"name\":\"RQ 99.9\",\"description\":\"Radio Quijano 99.9 MHz\",\"potentialAction\":[{\"@type\":\"SearchAction\",\"target\":{\"@type\":\"EntryPoint\",\"urlTemplate\":\"https:\/\/nahuelproducciones.com.ar\/radioquijano\/?s={search_term_string}\"},\"query-input\":\"required name=search_term_string\"}],\"inLanguage\":\"es\"},{\"@type\":\"Person\",\"@id\":\"https:\/\/nahuelproducciones.com.ar\/radioquijano\/#\/schema\/person\/e8a4f939e2cb487fe6d0c54042c9d32c\",\"name\":\"Cecilia Pastrana\",\"image\":{\"@type\":\"ImageObject\",\"inLanguage\":\"es\",\"@id\":\"https:\/\/nahuelproducciones.com.ar\/radioquijano\/#\/schema\/person\/image\/\",\"url\":\"https:\/\/secure.gravatar.com\/avatar\/661a3ef63a8488d4f2794ed44af8cf71420f7e106f3072c40125114df5157749?s=96&d=mm&r=g\",\"contentUrl\":\"https:\/\/secure.gravatar.com\/avatar\/661a3ef63a8488d4f2794ed44af8cf71420f7e106f3072c40125114df5157749?s=96&d=mm&r=g\",\"caption\":\"Cecilia Pastrana\"},\"sameAs\":[\"cecy\"],\"url\":\"https:\/\/nahuelproducciones.com.ar\/radioquijano\/author\/cecy\/\"}]}<\/script>\n<!-- \/ Yoast SEO plugin. -->","yoast_head_json":{"title":"Argentina en la final: Quijano tambi\u00e9n sali\u00f3 a las calles a festejar. - RQ 99.9","description":"Las escenas de la alegr\u00eda ante el triunfo de la Selecci\u00f3n en un partido en el que Lionel Messi brill\u00f3, se espera que se repitan el pr\u00f3ximo domingo 18 cuando se juegue la Final a 12:00 hs.","robots":{"index":"index","follow":"follow","max-snippet":"max-snippet:-1","max-image-preview":"max-image-preview:large","max-video-preview":"max-video-preview:-1"},"canonical":"https:\/\/nahuelproducciones.com.ar\/radioquijano\/argentina-en-la-final-quijano-tambien-salio-a-las-calles-a-festejar\/","og_locale":"es_ES","og_type":"article","og_title":"Argentina en la final: Quijano tambi\u00e9n sali\u00f3 a las calles a festejar. - RQ 99.9","og_description":"Las escenas de la alegr\u00eda ante el triunfo de la Selecci\u00f3n en un partido en el que Lionel Messi brill\u00f3, se espera que se repitan el pr\u00f3ximo domingo 18 cuando se juegue la Final a 12:00 hs.","og_url":"https:\/\/nahuelproducciones.com.ar\/radioquijano\/argentina-en-la-final-quijano-tambien-salio-a-las-calles-a-festejar\/","og_site_name":"RQ 99.9","article_publisher":"https:\/\/www.facebook.com\/nahuelproducciones999\/","article_published_time":"2022-12-14T13:25:18+00:00","article_modified_time":"2022-12-14T14:43:57+00:00","og_image":[{"width":720,"height":1600,"url":"https:\/\/nahuelproducciones.com.ar\/radioquijano\/wp-content\/uploads\/2022\/12\/WhatsApp-Image-2022-12-14-at-10.09.30-AM-1.jpeg","type":"image\/jpeg"}],"author":"Cecilia Pastrana","twitter_card":"summary_large_image","twitter_creator":"@nahuproduciones","twitter_site":"@nahuproduciones","twitter_misc":{"Escrito por":"Cecilia Pastrana","Tiempo de lectura":"3 minutos"},"schema":{"@context":"https:\/\/schema.org","@graph":[{"@type":"WebPage","@id":"https:\/\/nahuelproducciones.com.ar\/radioquijano\/argentina-en-la-final-quijano-tambien-salio-a-las-calles-a-festejar\/","url":"https:\/\/nahuelproducciones.com.ar\/radioquijano\/argentina-en-la-final-quijano-tambien-salio-a-las-calles-a-festejar\/","name":"Argentina en la final: Quijano tambi\u00e9n sali\u00f3 a las calles a festejar. - RQ 99.9","isPartOf":{"@id":"https:\/\/nahuelproducciones.com.ar\/radioquijano\/#website"},"datePublished":"2022-12-14T13:25:18+00:00","dateModified":"2022-12-14T14:43:57+00:00","author":{"@id":"https:\/\/nahuelproducciones.com.ar\/radioquijano\/#\/schema\/person\/e8a4f939e2cb487fe6d0c54042c9d32c"},"description":"Las escenas de la alegr\u00eda ante el triunfo de la Selecci\u00f3n en un partido en el que Lionel Messi brill\u00f3, se espera que se repitan el pr\u00f3ximo domingo 18 cuando se juegue la Final a 12:00 hs.","breadcrumb":{"@id":"https:\/\/nahuelproducciones.com.ar\/radioquijano\/argentina-en-la-final-quijano-tambien-salio-a-las-calles-a-festejar\/#breadcrumb"},"inLanguage":"es","potentialAction":[{"@type":"ReadAction","target":["https:\/\/nahuelproducciones.com.ar\/radioquijano\/argentina-en-la-final-quijano-tambien-salio-a-las-calles-a-festejar\/"]}]},{"@type":"BreadcrumbList","@id":"https:\/\/nahuelproducciones.com.ar\/radioquijano\/argentina-en-la-final-quijano-tambien-salio-a-las-calles-a-festejar\/#breadcrumb","itemListElement":[{"@type":"ListItem","position":1,"name":"Portada","item":"https:\/\/nahuelproducciones.com.ar\/radioquijano\/"},{"@type":"ListItem","position":2,"name":"Argentina en la final: Quijano tambi\u00e9n sali\u00f3 a las calles a festejar."}]},{"@type":"WebSite","@id":"https:\/\/nahuelproducciones.com.ar\/radioquijano\/#website","url":"https:\/\/nahuelproducciones.com.ar\/radioquijano\/","name":"RQ 99.9","description":"Radio Quijano 99.9 MHz","potentialAction":[{"@type":"SearchAction","target":{"@type":"EntryPoint","urlTemplate":"https:\/\/nahuelproducciones.com.ar\/radioquijano\/?s={search_term_string}"},"query-input":"required name=search_term_string"}],"inLanguage":"es"},{"@type":"Person","@id":"https:\/\/nahuelproducciones.com.ar\/radioquijano\/#\/schema\/person\/e8a4f939e2cb487fe6d0c54042c9d32c","name":"Cecilia Pastrana","image":{"@type":"ImageObject","inLanguage":"es","@id":"https:\/\/nahuelproducciones.com.ar\/radioquijano\/#\/schema\/person\/image\/","url":"https:\/\/secure.gravatar.com\/avatar\/661a3ef63a8488d4f2794ed44af8cf71420f7e106f3072c40125114df5157749?s=96&d=mm&r=g","contentUrl":"https:\/\/secure.gravatar.com\/avatar\/661a3ef63a8488d4f2794ed44af8cf71420f7e106f3072c40125114df5157749?s=96&d=mm&r=g","caption":"Cecilia Pastrana"},"sameAs":["cecy"],"url":"https:\/\/nahuelproducciones.com.ar\/radioquijano\/author\/cecy\/"}]}},"_links":{"self":[{"href":"https:\/\/nahuelproducciones.com.ar\/radioquijano\/wp-json\/wp\/v2\/posts\/3961","targetHints":{"allow":["GET"]}}],"collection":[{"href":"https:\/\/nahuelproducciones.com.ar\/radioquijano\/wp-json\/wp\/v2\/posts"}],"about":[{"href":"https:\/\/nahuelproducciones.com.ar\/radioquijano\/wp-json\/wp\/v2\/types\/post"}],"author":[{"embeddable":true,"href":"https:\/\/nahuelproducciones.com.ar\/radioquijano\/wp-json\/wp\/v2\/users\/8"}],"replies":[{"embeddable":true,"href":"https:\/\/nahuelproducciones.com.ar\/radioquijano\/wp-json\/wp\/v2\/comments?post=3961"}],"version-history":[{"count":10,"href":"https:\/\/nahuelproducciones.com.ar\/radioquijano\/wp-json\/wp\/v2\/posts\/3961\/revisions"}],"predecessor-version":[{"id":3987,"href":"https:\/\/nahuelproducciones.com.ar\/radioquijano\/wp-json\/wp\/v2\/posts\/3961\/revisions\/3987"}],"wp:featuredmedia":[{"embeddable":true,"href":"https:\/\/nahuelproducciones.com.ar\/radioquijano\/wp-json\/wp\/v2\/media\/3965"}],"wp:attachment":[{"href":"https:\/\/nahuelproducciones.com.ar\/radioquijano\/wp-json\/wp\/v2\/media?parent=3961"}],"wp:term":[{"taxonomy":"category","embeddable":true,"href":"https:\/\/nahuelproducciones.com.ar\/radioquijano\/wp-json\/wp\/v2\/categories?post=3961"},{"taxonomy":"post_tag","embeddable":true,"href":"https:\/\/nahuelproducciones.com.ar\/radioquijano\/wp-json\/wp\/v2\/tags?post=3961"}],"curies":[{"name":"wp","href":"https:\/\/api.w.org\/{rel}","templated":true}]}}