{"id":3989,"date":"2022-12-15T11:15:11","date_gmt":"2022-12-15T14:15:11","guid":{"rendered":"https:\/\/nahuelproducciones.com.ar\/radioquijano\/?p=3989"},"modified":"2022-12-15T11:17:22","modified_gmt":"2022-12-15T14:17:22","slug":"por-un-pedido-de-la-defensa-se-suspendio-la-apertura-del-debate-en-la-causa-contra-el-exintendente-manuel-cornejo","status":"publish","type":"post","link":"https:\/\/nahuelproducciones.com.ar\/radioquijano\/por-un-pedido-de-la-defensa-se-suspendio-la-apertura-del-debate-en-la-causa-contra-el-exintendente-manuel-cornejo\/","title":{"rendered":"Por un pedido de la defensa se suspendi\u00f3 la apertura del debate en la causa contra el exintendente Manuel Cornejo"},"content":{"rendered":"\n<p>Ante un pedido efectuado por la defensa t\u00e9cnica de Manuel Cornejo, y en resguardo del derecho de defensa de las partes, el juez de la Sala VI del Tribunal de Juicio,&nbsp;<strong>Guillermo Pereyra<\/strong>, orden\u00f3 suspender la apertura del debate hasta tanto se fije nueva fecha para ello.<\/p>\n\n\n\n<p>No obstante, la causa continuar\u00e1 habilitada para que contin\u00fae su tr\u00e1mite durante la feria judicial de enero.&nbsp;<\/p>\n\n\n\n<p>Manuel Cornejo, exintendente de Campo Quijano, fue imputado por la supuesta comisi\u00f3n de los delitos de incumplimiento de los deberes de funcionario p\u00fablico, peculado (cuatro hechos), todo en concurso real. Por su parte, Carmen Rosa M\u00e9ndez, exsecretaria de Hacienda de ese municipio, est\u00e1 acusada como autora de los delitos de incumplimiento de los deberes de funcionaria p\u00fablica y peculado, todo en concurso real.<\/p>\n\n\n\n<p>La causa inici\u00f3 el 28 de enero de 2020, con la denuncia de quien en ese entonces ejerc\u00eda el cargo de intendente de Campo Quijano, Carlos H\u00e9ctor Folloni. Expuso que desde que asumi\u00f3 su gesti\u00f3n, el 10 de diciembre anterior, evidenci\u00f3 un incumplimiento injustificado e intencional de la normativa vigente. Agreg\u00f3 que advirti\u00f3 desorden y ausencia de documentaci\u00f3n en el ejido municipal relacionada a la actividad contable. Esto le hizo sospechar de una actividad il\u00edcita.<\/p>\n\n\n\n<p>Agreg\u00f3 el denunciante que de la investigaci\u00f3n se pudieron verificar las irregularidades del exintendente.<\/p>\n\n\n\n<p><\/p>\n\n\n\n<p>Fuente: Poder Judicial de la Provincia de Salta.<\/p>\n\n\n\n<p><\/p>\n\n\n\n<p>  <a href=\"https:\/\/nahuelproducciones.com.ar\/index.php\/rq999\" target=\"_blank\" rel=\"noreferrer noopener\">#RQ99.9Mhz<\/a>\u00a0<a href=\"https:\/\/nahuelproducciones.com.ar\/\" target=\"_blank\" rel=\"noreferrer noopener\">#CAMPOQUIJANO<\/a>\u00a0<a href=\"http:\/\/nahuelproducciones.com.ar\/radioquijano\/\" target=\"_blank\" rel=\"noreferrer noopener\">#RadioQuijano<\/a>    <\/p>\n","protected":false},"excerpt":{"rendered":"<p>Ante un pedido efectuado por la defensa t\u00e9cnica de Manuel Cornejo, y en resguardo del derecho de defensa de las partes, el juez de la Sala VI del Tribunal de Juicio,&nbsp;Guillermo Pereyra, orden\u00f3 suspender la apertura del debate hasta tanto se fije nueva fecha para ello. No obstante, la causa continuar\u00e1 habilitada para que contin\u00fae [&hellip;]<\/p>\n","protected":false},"author":8,"featured_media":3990,"comment_status":"open","ping_status":"open","sticky":false,"template":"","format":"standard","meta":{"_monsterinsights_skip_tracking":false,"_monsterinsights_sitenote_active":false,"_monsterinsights_sitenote_note":"","_monsterinsights_sitenote_category":0,"footnotes":""},"categories":[16],"tags":[36,58,780,84,71],"class_list":["post-3989","post","type-post","status-publish","format-standard","has-post-thumbnail","hentry","category-noticias","tag-campo-quijano","tag-carlos-folloni","tag-causa","tag-manuel-cornejo","tag-municipalidad-de-campo-quijano"],"yoast_head":"<!-- This site is optimized with the Yoast SEO plugin v20.8 - https:\/\/yoast.com\/wordpress\/plugins\/seo\/ -->\n<title>Por un pedido de la defensa se suspendi\u00f3 la apertura del debate en la causa contra el exintendente Manuel Cornejo - RQ 99.9<\/title>\n<meta name=\"description\" content=\"No obstante, la causa continuar\u00e1 habilitada para que contin\u00fae su tr\u00e1mite durante la feria judicial de enero\" \/>\n<meta name=\"robots\" content=\"index, follow, max-snippet:-1, max-image-preview:large, max-video-preview:-1\" \/>\n<link rel=\"canonical\" href=\"https:\/\/nahuelproducciones.com.ar\/radioquijano\/por-un-pedido-de-la-defensa-se-suspendio-la-apertura-del-debate-en-la-causa-contra-el-exintendente-manuel-cornejo\/\" \/>\n<meta property=\"og:locale\" content=\"es_ES\" \/>\n<meta property=\"og:type\" content=\"article\" \/>\n<meta property=\"og:title\" content=\"Por un pedido de la defensa se suspendi\u00f3 la apertura del debate en la causa contra el exintendente Manuel Cornejo - RQ 99.9\" \/>\n<meta property=\"og:description\" content=\"No obstante, la causa continuar\u00e1 habilitada para que contin\u00fae su tr\u00e1mite durante la feria judicial de enero\" \/>\n<meta property=\"og:url\" content=\"https:\/\/nahuelproducciones.com.ar\/radioquijano\/por-un-pedido-de-la-defensa-se-suspendio-la-apertura-del-debate-en-la-causa-contra-el-exintendente-manuel-cornejo\/\" \/>\n<meta property=\"og:site_name\" content=\"RQ 99.9\" \/>\n<meta property=\"article:publisher\" content=\"https:\/\/www.facebook.com\/nahuelproducciones999\/\" \/>\n<meta property=\"article:published_time\" content=\"2022-12-15T14:15:11+00:00\" \/>\n<meta property=\"article:modified_time\" content=\"2022-12-15T14:17:22+00:00\" \/>\n<meta property=\"og:image\" content=\"https:\/\/nahuelproducciones.com.ar\/radioquijano\/wp-content\/uploads\/2022\/12\/tmb1_foto-ilustrativa-144731-172335.jpg\" \/>\n\t<meta property=\"og:image:width\" content=\"641\" \/>\n\t<meta property=\"og:image:height\" content=\"450\" \/>\n\t<meta property=\"og:image:type\" content=\"image\/jpeg\" \/>\n<meta name=\"author\" content=\"Cecilia Pastrana\" \/>\n<meta name=\"twitter:card\" content=\"summary_large_image\" \/>\n<meta name=\"twitter:creator\" content=\"@nahuproduciones\" \/>\n<meta name=\"twitter:site\" content=\"@nahuproduciones\" \/>\n<meta name=\"twitter:label1\" content=\"Escrito por\" \/>\n\t<meta name=\"twitter:data1\" content=\"Cecilia Pastrana\" \/>\n\t<meta name=\"twitter:label2\" content=\"Tiempo de lectura\" \/>\n\t<meta name=\"twitter:data2\" content=\"2 minutos\" \/>\n<script type=\"application\/ld+json\" class=\"yoast-schema-graph\">{\"@context\":\"https:\/\/schema.org\",\"@graph\":[{\"@type\":\"WebPage\",\"@id\":\"https:\/\/nahuelproducciones.com.ar\/radioquijano\/por-un-pedido-de-la-defensa-se-suspendio-la-apertura-del-debate-en-la-causa-contra-el-exintendente-manuel-cornejo\/\",\"url\":\"https:\/\/nahuelproducciones.com.ar\/radioquijano\/por-un-pedido-de-la-defensa-se-suspendio-la-apertura-del-debate-en-la-causa-contra-el-exintendente-manuel-cornejo\/\",\"name\":\"Por un pedido de la defensa se suspendi\u00f3 la apertura del debate en la causa contra el exintendente Manuel Cornejo - RQ 99.9\",\"isPartOf\":{\"@id\":\"https:\/\/nahuelproducciones.com.ar\/radioquijano\/#website\"},\"datePublished\":\"2022-12-15T14:15:11+00:00\",\"dateModified\":\"2022-12-15T14:17:22+00:00\",\"author\":{\"@id\":\"https:\/\/nahuelproducciones.com.ar\/radioquijano\/#\/schema\/person\/e8a4f939e2cb487fe6d0c54042c9d32c\"},\"description\":\"No obstante, la causa continuar\u00e1 habilitada para que contin\u00fae su tr\u00e1mite durante la feria judicial de enero\",\"breadcrumb\":{\"@id\":\"https:\/\/nahuelproducciones.com.ar\/radioquijano\/por-un-pedido-de-la-defensa-se-suspendio-la-apertura-del-debate-en-la-causa-contra-el-exintendente-manuel-cornejo\/#breadcrumb\"},\"inLanguage\":\"es\",\"potentialAction\":[{\"@type\":\"ReadAction\",\"target\":[\"https:\/\/nahuelproducciones.com.ar\/radioquijano\/por-un-pedido-de-la-defensa-se-suspendio-la-apertura-del-debate-en-la-causa-contra-el-exintendente-manuel-cornejo\/\"]}]},{\"@type\":\"BreadcrumbList\",\"@id\":\"https:\/\/nahuelproducciones.com.ar\/radioquijano\/por-un-pedido-de-la-defensa-se-suspendio-la-apertura-del-debate-en-la-causa-contra-el-exintendente-manuel-cornejo\/#breadcrumb\",\"itemListElement\":[{\"@type\":\"ListItem\",\"position\":1,\"name\":\"Portada\",\"item\":\"https:\/\/nahuelproducciones.com.ar\/radioquijano\/\"},{\"@type\":\"ListItem\",\"position\":2,\"name\":\"Por un pedido de la defensa se suspendi\u00f3 la apertura del debate en la causa contra el exintendente Manuel Cornejo\"}]},{\"@type\":\"WebSite\",\"@id\":\"https:\/\/nahuelproducciones.com.ar\/radioquijano\/#website\",\"url\":\"https:\/\/nahuelproducciones.com.ar\/radioquijano\/\",\"name\":\"RQ 99.9\",\"description\":\"Radio Quijano 99.9 MHz\",\"potentialAction\":[{\"@type\":\"SearchAction\",\"target\":{\"@type\":\"EntryPoint\",\"urlTemplate\":\"https:\/\/nahuelproducciones.com.ar\/radioquijano\/?s={search_term_string}\"},\"query-input\":\"required name=search_term_string\"}],\"inLanguage\":\"es\"},{\"@type\":\"Person\",\"@id\":\"https:\/\/nahuelproducciones.com.ar\/radioquijano\/#\/schema\/person\/e8a4f939e2cb487fe6d0c54042c9d32c\",\"name\":\"Cecilia Pastrana\",\"image\":{\"@type\":\"ImageObject\",\"inLanguage\":\"es\",\"@id\":\"https:\/\/nahuelproducciones.com.ar\/radioquijano\/#\/schema\/person\/image\/\",\"url\":\"https:\/\/secure.gravatar.com\/avatar\/661a3ef63a8488d4f2794ed44af8cf71420f7e106f3072c40125114df5157749?s=96&d=mm&r=g\",\"contentUrl\":\"https:\/\/secure.gravatar.com\/avatar\/661a3ef63a8488d4f2794ed44af8cf71420f7e106f3072c40125114df5157749?s=96&d=mm&r=g\",\"caption\":\"Cecilia Pastrana\"},\"sameAs\":[\"cecy\"],\"url\":\"https:\/\/nahuelproducciones.com.ar\/radioquijano\/author\/cecy\/\"}]}<\/script>\n<!-- \/ Yoast SEO plugin. -->","yoast_head_json":{"title":"Por un pedido de la defensa se suspendi\u00f3 la apertura del debate en la causa contra el exintendente Manuel Cornejo - RQ 99.9","description":"No obstante, la causa continuar\u00e1 habilitada para que contin\u00fae su tr\u00e1mite durante la feria judicial de enero","robots":{"index":"index","follow":"follow","max-snippet":"max-snippet:-1","max-image-preview":"max-image-preview:large","max-video-preview":"max-video-preview:-1"},"canonical":"https:\/\/nahuelproducciones.com.ar\/radioquijano\/por-un-pedido-de-la-defensa-se-suspendio-la-apertura-del-debate-en-la-causa-contra-el-exintendente-manuel-cornejo\/","og_locale":"es_ES","og_type":"article","og_title":"Por un pedido de la defensa se suspendi\u00f3 la apertura del debate en la causa contra el exintendente Manuel Cornejo - RQ 99.9","og_description":"No obstante, la causa continuar\u00e1 habilitada para que contin\u00fae su tr\u00e1mite durante la feria judicial de enero","og_url":"https:\/\/nahuelproducciones.com.ar\/radioquijano\/por-un-pedido-de-la-defensa-se-suspendio-la-apertura-del-debate-en-la-causa-contra-el-exintendente-manuel-cornejo\/","og_site_name":"RQ 99.9","article_publisher":"https:\/\/www.facebook.com\/nahuelproducciones999\/","article_published_time":"2022-12-15T14:15:11+00:00","article_modified_time":"2022-12-15T14:17:22+00:00","og_image":[{"width":641,"height":450,"url":"https:\/\/nahuelproducciones.com.ar\/radioquijano\/wp-content\/uploads\/2022\/12\/tmb1_foto-ilustrativa-144731-172335.jpg","type":"image\/jpeg"}],"author":"Cecilia Pastrana","twitter_card":"summary_large_image","twitter_creator":"@nahuproduciones","twitter_site":"@nahuproduciones","twitter_misc":{"Escrito por":"Cecilia Pastrana","Tiempo de lectura":"2 minutos"},"schema":{"@context":"https:\/\/schema.org","@graph":[{"@type":"WebPage","@id":"https:\/\/nahuelproducciones.com.ar\/radioquijano\/por-un-pedido-de-la-defensa-se-suspendio-la-apertura-del-debate-en-la-causa-contra-el-exintendente-manuel-cornejo\/","url":"https:\/\/nahuelproducciones.com.ar\/radioquijano\/por-un-pedido-de-la-defensa-se-suspendio-la-apertura-del-debate-en-la-causa-contra-el-exintendente-manuel-cornejo\/","name":"Por un pedido de la defensa se suspendi\u00f3 la apertura del debate en la causa contra el exintendente Manuel Cornejo - RQ 99.9","isPartOf":{"@id":"https:\/\/nahuelproducciones.com.ar\/radioquijano\/#website"},"datePublished":"2022-12-15T14:15:11+00:00","dateModified":"2022-12-15T14:17:22+00:00","author":{"@id":"https:\/\/nahuelproducciones.com.ar\/radioquijano\/#\/schema\/person\/e8a4f939e2cb487fe6d0c54042c9d32c"},"description":"No obstante, la causa continuar\u00e1 habilitada para que contin\u00fae su tr\u00e1mite durante la feria judicial de enero","breadcrumb":{"@id":"https:\/\/nahuelproducciones.com.ar\/radioquijano\/por-un-pedido-de-la-defensa-se-suspendio-la-apertura-del-debate-en-la-causa-contra-el-exintendente-manuel-cornejo\/#breadcrumb"},"inLanguage":"es","potentialAction":[{"@type":"ReadAction","target":["https:\/\/nahuelproducciones.com.ar\/radioquijano\/por-un-pedido-de-la-defensa-se-suspendio-la-apertura-del-debate-en-la-causa-contra-el-exintendente-manuel-cornejo\/"]}]},{"@type":"BreadcrumbList","@id":"https:\/\/nahuelproducciones.com.ar\/radioquijano\/por-un-pedido-de-la-defensa-se-suspendio-la-apertura-del-debate-en-la-causa-contra-el-exintendente-manuel-cornejo\/#breadcrumb","itemListElement":[{"@type":"ListItem","position":1,"name":"Portada","item":"https:\/\/nahuelproducciones.com.ar\/radioquijano\/"},{"@type":"ListItem","position":2,"name":"Por un pedido de la defensa se suspendi\u00f3 la apertura del debate en la causa contra el exintendente Manuel Cornejo"}]},{"@type":"WebSite","@id":"https:\/\/nahuelproducciones.com.ar\/radioquijano\/#website","url":"https:\/\/nahuelproducciones.com.ar\/radioquijano\/","name":"RQ 99.9","description":"Radio Quijano 99.9 MHz","potentialAction":[{"@type":"SearchAction","target":{"@type":"EntryPoint","urlTemplate":"https:\/\/nahuelproducciones.com.ar\/radioquijano\/?s={search_term_string}"},"query-input":"required name=search_term_string"}],"inLanguage":"es"},{"@type":"Person","@id":"https:\/\/nahuelproducciones.com.ar\/radioquijano\/#\/schema\/person\/e8a4f939e2cb487fe6d0c54042c9d32c","name":"Cecilia Pastrana","image":{"@type":"ImageObject","inLanguage":"es","@id":"https:\/\/nahuelproducciones.com.ar\/radioquijano\/#\/schema\/person\/image\/","url":"https:\/\/secure.gravatar.com\/avatar\/661a3ef63a8488d4f2794ed44af8cf71420f7e106f3072c40125114df5157749?s=96&d=mm&r=g","contentUrl":"https:\/\/secure.gravatar.com\/avatar\/661a3ef63a8488d4f2794ed44af8cf71420f7e106f3072c40125114df5157749?s=96&d=mm&r=g","caption":"Cecilia Pastrana"},"sameAs":["cecy"],"url":"https:\/\/nahuelproducciones.com.ar\/radioquijano\/author\/cecy\/"}]}},"_links":{"self":[{"href":"https:\/\/nahuelproducciones.com.ar\/radioquijano\/wp-json\/wp\/v2\/posts\/3989","targetHints":{"allow":["GET"]}}],"collection":[{"href":"https:\/\/nahuelproducciones.com.ar\/radioquijano\/wp-json\/wp\/v2\/posts"}],"about":[{"href":"https:\/\/nahuelproducciones.com.ar\/radioquijano\/wp-json\/wp\/v2\/types\/post"}],"author":[{"embeddable":true,"href":"https:\/\/nahuelproducciones.com.ar\/radioquijano\/wp-json\/wp\/v2\/users\/8"}],"replies":[{"embeddable":true,"href":"https:\/\/nahuelproducciones.com.ar\/radioquijano\/wp-json\/wp\/v2\/comments?post=3989"}],"version-history":[{"count":2,"href":"https:\/\/nahuelproducciones.com.ar\/radioquijano\/wp-json\/wp\/v2\/posts\/3989\/revisions"}],"predecessor-version":[{"id":3993,"href":"https:\/\/nahuelproducciones.com.ar\/radioquijano\/wp-json\/wp\/v2\/posts\/3989\/revisions\/3993"}],"wp:featuredmedia":[{"embeddable":true,"href":"https:\/\/nahuelproducciones.com.ar\/radioquijano\/wp-json\/wp\/v2\/media\/3990"}],"wp:attachment":[{"href":"https:\/\/nahuelproducciones.com.ar\/radioquijano\/wp-json\/wp\/v2\/media?parent=3989"}],"wp:term":[{"taxonomy":"category","embeddable":true,"href":"https:\/\/nahuelproducciones.com.ar\/radioquijano\/wp-json\/wp\/v2\/categories?post=3989"},{"taxonomy":"post_tag","embeddable":true,"href":"https:\/\/nahuelproducciones.com.ar\/radioquijano\/wp-json\/wp\/v2\/tags?post=3989"}],"curies":[{"name":"wp","href":"https:\/\/api.w.org\/{rel}","templated":true}]}}