{"id":4008,"date":"2022-12-19T22:06:24","date_gmt":"2022-12-20T01:06:24","guid":{"rendered":"https:\/\/nahuelproducciones.com.ar\/radioquijano\/?p=4008"},"modified":"2022-12-19T22:10:18","modified_gmt":"2022-12-20T01:10:18","slug":"el-feriado-nacional-para-festejar-con-la-seleccion-regira-tambien-en-la-provincia-de-salta","status":"publish","type":"post","link":"https:\/\/nahuelproducciones.com.ar\/radioquijano\/el-feriado-nacional-para-festejar-con-la-seleccion-regira-tambien-en-la-provincia-de-salta\/","title":{"rendered":"El feriado nacional para festejar con la Selecci\u00f3n regir\u00e1 tambi\u00e9n en la Provincia de Salta."},"content":{"rendered":"\n<p>El presidente Alberto Fern\u00e1ndez decret\u00f3 feriado nacional para ma\u00f1ana 20 de diciembre, por los festejos del seleccionado argentino de f\u00fatbol, que se consagr\u00f3 ayer campe\u00f3n mundial en Qatar\u00a0.<\/p>\n\n\n\n<p>Para ma\u00f1ana se espera que una multitud salga a las calles para celebrar con los campeones, quienes har\u00e1n un recorrido desde la localidad bonaerense de Ezeiza hasta la zona del Obelisco, en pleno centro de la ciudad de Buenos Aires.<\/p>\n\n\n\n<blockquote class=\"wp-block-quote is-layout-flow wp-block-quote-is-layout-flow\"><p>El gobernador Gustavo S\u00e1enz instruy\u00f3 toda la administraci\u00f3n p\u00fablica haga efectiva la medida del gobierno nacional en toda la provincia: se suspenden los ex\u00e1menes y las clases en los establecimientos, y los hospitales atiende s\u00f3lo guardias, a fin de garantizar la cobertura de urgencias y emergencias.<\/p><\/blockquote>\n\n\n\n<p> <a href=\"https:\/\/nahuelproducciones.com.ar\/index.php\/rq999\" target=\"_blank\" rel=\"noreferrer noopener\">#RQ99.9Mhz<\/a>\u00a0<a href=\"https:\/\/nahuelproducciones.com.ar\/\" target=\"_blank\" rel=\"noreferrer noopener\">#CAMPOQUIJANO<\/a>\u00a0<a href=\"http:\/\/nahuelproducciones.com.ar\/radioquijano\/\" target=\"_blank\" rel=\"noreferrer noopener\">#RadioQuijano<\/a>    <\/p>\n","protected":false},"excerpt":{"rendered":"<p>El presidente Alberto Fern\u00e1ndez decret\u00f3 feriado nacional para ma\u00f1ana 20 de diciembre, por los festejos del seleccionado argentino de f\u00fatbol, que se consagr\u00f3 ayer campe\u00f3n mundial en Qatar\u00a0. Para ma\u00f1ana se espera que una multitud salga a las calles para celebrar con los campeones, quienes har\u00e1n un recorrido desde la localidad bonaerense de Ezeiza hasta [&hellip;]<\/p>\n","protected":false},"author":8,"featured_media":4012,"comment_status":"open","ping_status":"open","sticky":false,"template":"","format":"standard","meta":{"_monsterinsights_skip_tracking":false,"_monsterinsights_sitenote_active":false,"_monsterinsights_sitenote_note":"","_monsterinsights_sitenote_category":0,"footnotes":""},"categories":[16],"tags":[786,657,785,784],"class_list":["post-4008","post","type-post","status-publish","format-standard","has-post-thumbnail","hentry","category-noticias","tag-campeones-del-mundo","tag-provincia-de-salta","tag-scaloneta","tag-seleccion-argentina"],"yoast_head":"<!-- This site is optimized with the Yoast SEO plugin v20.8 - https:\/\/yoast.com\/wordpress\/plugins\/seo\/ -->\n<title>El feriado nacional para festejar con la Selecci\u00f3n regir\u00e1 tambi\u00e9n en la Provincia de Salta. - RQ 99.9<\/title>\n<meta name=\"description\" content=\"El gobernador Gustavo S\u00e1enz instruy\u00f3 toda la administraci\u00f3n p\u00fablica haga efectiva la medida del gobierno nacional en toda la provincia\" \/>\n<meta name=\"robots\" content=\"index, follow, max-snippet:-1, max-image-preview:large, max-video-preview:-1\" \/>\n<link rel=\"canonical\" href=\"https:\/\/nahuelproducciones.com.ar\/radioquijano\/el-feriado-nacional-para-festejar-con-la-seleccion-regira-tambien-en-la-provincia-de-salta\/\" \/>\n<meta property=\"og:locale\" content=\"es_ES\" \/>\n<meta property=\"og:type\" content=\"article\" \/>\n<meta property=\"og:title\" content=\"El feriado nacional para festejar con la Selecci\u00f3n regir\u00e1 tambi\u00e9n en la Provincia de Salta. - RQ 99.9\" \/>\n<meta property=\"og:description\" content=\"El gobernador Gustavo S\u00e1enz instruy\u00f3 toda la administraci\u00f3n p\u00fablica haga efectiva la medida del gobierno nacional en toda la provincia\" \/>\n<meta property=\"og:url\" content=\"https:\/\/nahuelproducciones.com.ar\/radioquijano\/el-feriado-nacional-para-festejar-con-la-seleccion-regira-tambien-en-la-provincia-de-salta\/\" \/>\n<meta property=\"og:site_name\" content=\"RQ 99.9\" \/>\n<meta property=\"article:publisher\" content=\"https:\/\/www.facebook.com\/nahuelproducciones999\/\" \/>\n<meta property=\"article:published_time\" content=\"2022-12-20T01:06:24+00:00\" \/>\n<meta property=\"article:modified_time\" content=\"2022-12-20T01:10:18+00:00\" \/>\n<meta property=\"og:image\" content=\"https:\/\/nahuelproducciones.com.ar\/radioquijano\/wp-content\/uploads\/2022\/12\/WhatsApp-Image-2022-12-19-at-10.02.45-PM-1.jpeg\" \/>\n\t<meta property=\"og:image:width\" content=\"584\" \/>\n\t<meta property=\"og:image:height\" content=\"321\" \/>\n\t<meta property=\"og:image:type\" content=\"image\/jpeg\" \/>\n<meta name=\"author\" content=\"Cecilia Pastrana\" \/>\n<meta name=\"twitter:card\" content=\"summary_large_image\" \/>\n<meta name=\"twitter:creator\" content=\"@nahuproduciones\" \/>\n<meta name=\"twitter:site\" content=\"@nahuproduciones\" \/>\n<meta name=\"twitter:label1\" content=\"Escrito por\" \/>\n\t<meta name=\"twitter:data1\" content=\"Cecilia Pastrana\" \/>\n\t<meta name=\"twitter:label2\" content=\"Tiempo de lectura\" \/>\n\t<meta name=\"twitter:data2\" content=\"1 minuto\" \/>\n<script type=\"application\/ld+json\" class=\"yoast-schema-graph\">{\"@context\":\"https:\/\/schema.org\",\"@graph\":[{\"@type\":\"WebPage\",\"@id\":\"https:\/\/nahuelproducciones.com.ar\/radioquijano\/el-feriado-nacional-para-festejar-con-la-seleccion-regira-tambien-en-la-provincia-de-salta\/\",\"url\":\"https:\/\/nahuelproducciones.com.ar\/radioquijano\/el-feriado-nacional-para-festejar-con-la-seleccion-regira-tambien-en-la-provincia-de-salta\/\",\"name\":\"El feriado nacional para festejar con la Selecci\u00f3n regir\u00e1 tambi\u00e9n en la Provincia de Salta. - RQ 99.9\",\"isPartOf\":{\"@id\":\"https:\/\/nahuelproducciones.com.ar\/radioquijano\/#website\"},\"datePublished\":\"2022-12-20T01:06:24+00:00\",\"dateModified\":\"2022-12-20T01:10:18+00:00\",\"author\":{\"@id\":\"https:\/\/nahuelproducciones.com.ar\/radioquijano\/#\/schema\/person\/e8a4f939e2cb487fe6d0c54042c9d32c\"},\"description\":\"El gobernador Gustavo S\u00e1enz instruy\u00f3 toda la administraci\u00f3n p\u00fablica haga efectiva la medida del gobierno nacional en toda la provincia\",\"breadcrumb\":{\"@id\":\"https:\/\/nahuelproducciones.com.ar\/radioquijano\/el-feriado-nacional-para-festejar-con-la-seleccion-regira-tambien-en-la-provincia-de-salta\/#breadcrumb\"},\"inLanguage\":\"es\",\"potentialAction\":[{\"@type\":\"ReadAction\",\"target\":[\"https:\/\/nahuelproducciones.com.ar\/radioquijano\/el-feriado-nacional-para-festejar-con-la-seleccion-regira-tambien-en-la-provincia-de-salta\/\"]}]},{\"@type\":\"BreadcrumbList\",\"@id\":\"https:\/\/nahuelproducciones.com.ar\/radioquijano\/el-feriado-nacional-para-festejar-con-la-seleccion-regira-tambien-en-la-provincia-de-salta\/#breadcrumb\",\"itemListElement\":[{\"@type\":\"ListItem\",\"position\":1,\"name\":\"Portada\",\"item\":\"https:\/\/nahuelproducciones.com.ar\/radioquijano\/\"},{\"@type\":\"ListItem\",\"position\":2,\"name\":\"El feriado nacional para festejar con la Selecci\u00f3n regir\u00e1 tambi\u00e9n en la Provincia de Salta.\"}]},{\"@type\":\"WebSite\",\"@id\":\"https:\/\/nahuelproducciones.com.ar\/radioquijano\/#website\",\"url\":\"https:\/\/nahuelproducciones.com.ar\/radioquijano\/\",\"name\":\"RQ 99.9\",\"description\":\"Radio Quijano 99.9 MHz\",\"potentialAction\":[{\"@type\":\"SearchAction\",\"target\":{\"@type\":\"EntryPoint\",\"urlTemplate\":\"https:\/\/nahuelproducciones.com.ar\/radioquijano\/?s={search_term_string}\"},\"query-input\":\"required name=search_term_string\"}],\"inLanguage\":\"es\"},{\"@type\":\"Person\",\"@id\":\"https:\/\/nahuelproducciones.com.ar\/radioquijano\/#\/schema\/person\/e8a4f939e2cb487fe6d0c54042c9d32c\",\"name\":\"Cecilia Pastrana\",\"image\":{\"@type\":\"ImageObject\",\"inLanguage\":\"es\",\"@id\":\"https:\/\/nahuelproducciones.com.ar\/radioquijano\/#\/schema\/person\/image\/\",\"url\":\"https:\/\/secure.gravatar.com\/avatar\/661a3ef63a8488d4f2794ed44af8cf71420f7e106f3072c40125114df5157749?s=96&d=mm&r=g\",\"contentUrl\":\"https:\/\/secure.gravatar.com\/avatar\/661a3ef63a8488d4f2794ed44af8cf71420f7e106f3072c40125114df5157749?s=96&d=mm&r=g\",\"caption\":\"Cecilia Pastrana\"},\"sameAs\":[\"cecy\"],\"url\":\"https:\/\/nahuelproducciones.com.ar\/radioquijano\/author\/cecy\/\"}]}<\/script>\n<!-- \/ Yoast SEO plugin. -->","yoast_head_json":{"title":"El feriado nacional para festejar con la Selecci\u00f3n regir\u00e1 tambi\u00e9n en la Provincia de Salta. - RQ 99.9","description":"El gobernador Gustavo S\u00e1enz instruy\u00f3 toda la administraci\u00f3n p\u00fablica haga efectiva la medida del gobierno nacional en toda la provincia","robots":{"index":"index","follow":"follow","max-snippet":"max-snippet:-1","max-image-preview":"max-image-preview:large","max-video-preview":"max-video-preview:-1"},"canonical":"https:\/\/nahuelproducciones.com.ar\/radioquijano\/el-feriado-nacional-para-festejar-con-la-seleccion-regira-tambien-en-la-provincia-de-salta\/","og_locale":"es_ES","og_type":"article","og_title":"El feriado nacional para festejar con la Selecci\u00f3n regir\u00e1 tambi\u00e9n en la Provincia de Salta. - RQ 99.9","og_description":"El gobernador Gustavo S\u00e1enz instruy\u00f3 toda la administraci\u00f3n p\u00fablica haga efectiva la medida del gobierno nacional en toda la provincia","og_url":"https:\/\/nahuelproducciones.com.ar\/radioquijano\/el-feriado-nacional-para-festejar-con-la-seleccion-regira-tambien-en-la-provincia-de-salta\/","og_site_name":"RQ 99.9","article_publisher":"https:\/\/www.facebook.com\/nahuelproducciones999\/","article_published_time":"2022-12-20T01:06:24+00:00","article_modified_time":"2022-12-20T01:10:18+00:00","og_image":[{"width":584,"height":321,"url":"https:\/\/nahuelproducciones.com.ar\/radioquijano\/wp-content\/uploads\/2022\/12\/WhatsApp-Image-2022-12-19-at-10.02.45-PM-1.jpeg","type":"image\/jpeg"}],"author":"Cecilia Pastrana","twitter_card":"summary_large_image","twitter_creator":"@nahuproduciones","twitter_site":"@nahuproduciones","twitter_misc":{"Escrito por":"Cecilia Pastrana","Tiempo de lectura":"1 minuto"},"schema":{"@context":"https:\/\/schema.org","@graph":[{"@type":"WebPage","@id":"https:\/\/nahuelproducciones.com.ar\/radioquijano\/el-feriado-nacional-para-festejar-con-la-seleccion-regira-tambien-en-la-provincia-de-salta\/","url":"https:\/\/nahuelproducciones.com.ar\/radioquijano\/el-feriado-nacional-para-festejar-con-la-seleccion-regira-tambien-en-la-provincia-de-salta\/","name":"El feriado nacional para festejar con la Selecci\u00f3n regir\u00e1 tambi\u00e9n en la Provincia de Salta. - RQ 99.9","isPartOf":{"@id":"https:\/\/nahuelproducciones.com.ar\/radioquijano\/#website"},"datePublished":"2022-12-20T01:06:24+00:00","dateModified":"2022-12-20T01:10:18+00:00","author":{"@id":"https:\/\/nahuelproducciones.com.ar\/radioquijano\/#\/schema\/person\/e8a4f939e2cb487fe6d0c54042c9d32c"},"description":"El gobernador Gustavo S\u00e1enz instruy\u00f3 toda la administraci\u00f3n p\u00fablica haga efectiva la medida del gobierno nacional en toda la provincia","breadcrumb":{"@id":"https:\/\/nahuelproducciones.com.ar\/radioquijano\/el-feriado-nacional-para-festejar-con-la-seleccion-regira-tambien-en-la-provincia-de-salta\/#breadcrumb"},"inLanguage":"es","potentialAction":[{"@type":"ReadAction","target":["https:\/\/nahuelproducciones.com.ar\/radioquijano\/el-feriado-nacional-para-festejar-con-la-seleccion-regira-tambien-en-la-provincia-de-salta\/"]}]},{"@type":"BreadcrumbList","@id":"https:\/\/nahuelproducciones.com.ar\/radioquijano\/el-feriado-nacional-para-festejar-con-la-seleccion-regira-tambien-en-la-provincia-de-salta\/#breadcrumb","itemListElement":[{"@type":"ListItem","position":1,"name":"Portada","item":"https:\/\/nahuelproducciones.com.ar\/radioquijano\/"},{"@type":"ListItem","position":2,"name":"El feriado nacional para festejar con la Selecci\u00f3n regir\u00e1 tambi\u00e9n en la Provincia de Salta."}]},{"@type":"WebSite","@id":"https:\/\/nahuelproducciones.com.ar\/radioquijano\/#website","url":"https:\/\/nahuelproducciones.com.ar\/radioquijano\/","name":"RQ 99.9","description":"Radio Quijano 99.9 MHz","potentialAction":[{"@type":"SearchAction","target":{"@type":"EntryPoint","urlTemplate":"https:\/\/nahuelproducciones.com.ar\/radioquijano\/?s={search_term_string}"},"query-input":"required name=search_term_string"}],"inLanguage":"es"},{"@type":"Person","@id":"https:\/\/nahuelproducciones.com.ar\/radioquijano\/#\/schema\/person\/e8a4f939e2cb487fe6d0c54042c9d32c","name":"Cecilia Pastrana","image":{"@type":"ImageObject","inLanguage":"es","@id":"https:\/\/nahuelproducciones.com.ar\/radioquijano\/#\/schema\/person\/image\/","url":"https:\/\/secure.gravatar.com\/avatar\/661a3ef63a8488d4f2794ed44af8cf71420f7e106f3072c40125114df5157749?s=96&d=mm&r=g","contentUrl":"https:\/\/secure.gravatar.com\/avatar\/661a3ef63a8488d4f2794ed44af8cf71420f7e106f3072c40125114df5157749?s=96&d=mm&r=g","caption":"Cecilia Pastrana"},"sameAs":["cecy"],"url":"https:\/\/nahuelproducciones.com.ar\/radioquijano\/author\/cecy\/"}]}},"_links":{"self":[{"href":"https:\/\/nahuelproducciones.com.ar\/radioquijano\/wp-json\/wp\/v2\/posts\/4008","targetHints":{"allow":["GET"]}}],"collection":[{"href":"https:\/\/nahuelproducciones.com.ar\/radioquijano\/wp-json\/wp\/v2\/posts"}],"about":[{"href":"https:\/\/nahuelproducciones.com.ar\/radioquijano\/wp-json\/wp\/v2\/types\/post"}],"author":[{"embeddable":true,"href":"https:\/\/nahuelproducciones.com.ar\/radioquijano\/wp-json\/wp\/v2\/users\/8"}],"replies":[{"embeddable":true,"href":"https:\/\/nahuelproducciones.com.ar\/radioquijano\/wp-json\/wp\/v2\/comments?post=4008"}],"version-history":[{"count":3,"href":"https:\/\/nahuelproducciones.com.ar\/radioquijano\/wp-json\/wp\/v2\/posts\/4008\/revisions"}],"predecessor-version":[{"id":4014,"href":"https:\/\/nahuelproducciones.com.ar\/radioquijano\/wp-json\/wp\/v2\/posts\/4008\/revisions\/4014"}],"wp:featuredmedia":[{"embeddable":true,"href":"https:\/\/nahuelproducciones.com.ar\/radioquijano\/wp-json\/wp\/v2\/media\/4012"}],"wp:attachment":[{"href":"https:\/\/nahuelproducciones.com.ar\/radioquijano\/wp-json\/wp\/v2\/media?parent=4008"}],"wp:term":[{"taxonomy":"category","embeddable":true,"href":"https:\/\/nahuelproducciones.com.ar\/radioquijano\/wp-json\/wp\/v2\/categories?post=4008"},{"taxonomy":"post_tag","embeddable":true,"href":"https:\/\/nahuelproducciones.com.ar\/radioquijano\/wp-json\/wp\/v2\/tags?post=4008"}],"curies":[{"name":"wp","href":"https:\/\/api.w.org\/{rel}","templated":true}]}}