{"id":4015,"date":"2022-12-19T22:44:11","date_gmt":"2022-12-20T01:44:11","guid":{"rendered":"https:\/\/nahuelproducciones.com.ar\/radioquijano\/?p=4015"},"modified":"2022-12-19T22:44:12","modified_gmt":"2022-12-20T01:44:12","slug":"por-el-feriado-nacional-el-registro-civil-solo-atendera-con-guardias-en-salta","status":"publish","type":"post","link":"https:\/\/nahuelproducciones.com.ar\/radioquijano\/por-el-feriado-nacional-el-registro-civil-solo-atendera-con-guardias-en-salta\/","title":{"rendered":"Por el feriado nacional el Registro Civil s\u00f3lo atender\u00e1 con guardias en Salta."},"content":{"rendered":"\n<p>Se mantendr\u00e1n activas las inscripciones de nacimiento y defunciones.<\/p>\n\n\n\n<p>Debido al feriado nacional decretado por el Presidente de la Naci\u00f3n para este martes 20 de diciembre por la llegada de la Selecci\u00f3n Nacional tras haber ganado la Copa del Mundo el Registro Civil atender\u00e1 solamente con guardias de nacimientos y defunciones.<\/p>\n\n\n\n<p>Las inscripciones de nacimiento se atender\u00e1n en el Hospital Materno Infantil y las de defunciones en la oficina central del organismo Almirante Brown 160.&nbsp;<\/p>\n\n\n\n<p>Los turnos ya asignados de identificaci\u00f3n ser\u00e1n reprogramados, los correspondientes a matrimonios y uniones convivenciales se realizar\u00e1n respetando lo acordado previamente.&nbsp;<\/p>\n\n\n\n<hr class=\"wp-block-separator\"\/>\n\n\n\n<p>Fuente:\u00a0<strong>Secretar\u00eda de Prensa y Comunicaci\u00f3n<\/strong><\/p>\n\n\n\n<p><a href=\"https:\/\/nahuelproducciones.com.ar\/index.php\/rq999\" target=\"_blank\" rel=\"noreferrer noopener\">#RQ99.9Mhz<\/a>\u00a0<a href=\"https:\/\/nahuelproducciones.com.ar\/\" target=\"_blank\" rel=\"noreferrer noopener\">#CAMPOQUIJANO<\/a>\u00a0<a href=\"http:\/\/nahuelproducciones.com.ar\/radioquijano\/\" target=\"_blank\" rel=\"noreferrer noopener\">#RadioQuijano<\/a><\/p>\n","protected":false},"excerpt":{"rendered":"<p>Se mantendr\u00e1n activas las inscripciones de nacimiento y defunciones. Debido al feriado nacional decretado por el Presidente de la Naci\u00f3n para este martes 20 de diciembre por la llegada de la Selecci\u00f3n Nacional tras haber ganado la Copa del Mundo el Registro Civil atender\u00e1 solamente con guardias de nacimientos y defunciones. Las inscripciones de nacimiento [&hellip;]<\/p>\n","protected":false},"author":8,"featured_media":4016,"comment_status":"open","ping_status":"open","sticky":false,"template":"","format":"standard","meta":{"_monsterinsights_skip_tracking":false,"_monsterinsights_sitenote_active":false,"_monsterinsights_sitenote_note":"","_monsterinsights_sitenote_category":0,"footnotes":""},"categories":[16],"tags":[36,657,787],"class_list":["post-4015","post","type-post","status-publish","format-standard","has-post-thumbnail","hentry","category-noticias","tag-campo-quijano","tag-provincia-de-salta","tag-registro-civil"],"yoast_head":"<!-- This site is optimized with the Yoast SEO plugin v20.8 - https:\/\/yoast.com\/wordpress\/plugins\/seo\/ -->\n<title>Por el feriado nacional el Registro Civil s\u00f3lo atender\u00e1 con guardias en Salta. - RQ 99.9<\/title>\n<meta name=\"description\" content=\"Las inscripciones de nacimiento se atender\u00e1n en el Hospital Materno Infantil y las de defunciones en la oficina central del organismo Almirante Brown 160.\u00a0\" \/>\n<meta name=\"robots\" content=\"index, follow, max-snippet:-1, max-image-preview:large, max-video-preview:-1\" \/>\n<link rel=\"canonical\" href=\"https:\/\/nahuelproducciones.com.ar\/radioquijano\/por-el-feriado-nacional-el-registro-civil-solo-atendera-con-guardias-en-salta\/\" \/>\n<meta property=\"og:locale\" content=\"es_ES\" \/>\n<meta property=\"og:type\" content=\"article\" \/>\n<meta property=\"og:title\" content=\"Por el feriado nacional el Registro Civil s\u00f3lo atender\u00e1 con guardias en Salta. - RQ 99.9\" \/>\n<meta property=\"og:description\" content=\"Las inscripciones de nacimiento se atender\u00e1n en el Hospital Materno Infantil y las de defunciones en la oficina central del organismo Almirante Brown 160.\u00a0\" \/>\n<meta property=\"og:url\" content=\"https:\/\/nahuelproducciones.com.ar\/radioquijano\/por-el-feriado-nacional-el-registro-civil-solo-atendera-con-guardias-en-salta\/\" \/>\n<meta property=\"og:site_name\" content=\"RQ 99.9\" \/>\n<meta property=\"article:publisher\" content=\"https:\/\/www.facebook.com\/nahuelproducciones999\/\" \/>\n<meta property=\"article:published_time\" content=\"2022-12-20T01:44:11+00:00\" \/>\n<meta property=\"article:modified_time\" content=\"2022-12-20T01:44:12+00:00\" \/>\n<meta property=\"og:image\" content=\"https:\/\/nahuelproducciones.com.ar\/radioquijano\/wp-content\/uploads\/2022\/12\/86895-por-el-feriado-nacional-el-registro-civil-solo-atendera-con-guardias.jpeg\" \/>\n\t<meta property=\"og:image:width\" content=\"560\" \/>\n\t<meta property=\"og:image:height\" content=\"421\" \/>\n\t<meta property=\"og:image:type\" content=\"image\/jpeg\" \/>\n<meta name=\"author\" content=\"Cecilia Pastrana\" \/>\n<meta name=\"twitter:card\" content=\"summary_large_image\" \/>\n<meta name=\"twitter:creator\" content=\"@nahuproduciones\" \/>\n<meta name=\"twitter:site\" content=\"@nahuproduciones\" \/>\n<meta name=\"twitter:label1\" content=\"Escrito por\" \/>\n\t<meta name=\"twitter:data1\" content=\"Cecilia Pastrana\" \/>\n\t<meta name=\"twitter:label2\" content=\"Tiempo de lectura\" \/>\n\t<meta name=\"twitter:data2\" content=\"1 minuto\" \/>\n<script type=\"application\/ld+json\" class=\"yoast-schema-graph\">{\"@context\":\"https:\/\/schema.org\",\"@graph\":[{\"@type\":\"WebPage\",\"@id\":\"https:\/\/nahuelproducciones.com.ar\/radioquijano\/por-el-feriado-nacional-el-registro-civil-solo-atendera-con-guardias-en-salta\/\",\"url\":\"https:\/\/nahuelproducciones.com.ar\/radioquijano\/por-el-feriado-nacional-el-registro-civil-solo-atendera-con-guardias-en-salta\/\",\"name\":\"Por el feriado nacional el Registro Civil s\u00f3lo atender\u00e1 con guardias en Salta. - RQ 99.9\",\"isPartOf\":{\"@id\":\"https:\/\/nahuelproducciones.com.ar\/radioquijano\/#website\"},\"datePublished\":\"2022-12-20T01:44:11+00:00\",\"dateModified\":\"2022-12-20T01:44:12+00:00\",\"author\":{\"@id\":\"https:\/\/nahuelproducciones.com.ar\/radioquijano\/#\/schema\/person\/e8a4f939e2cb487fe6d0c54042c9d32c\"},\"description\":\"Las inscripciones de nacimiento se atender\u00e1n en el Hospital Materno Infantil y las de defunciones en la oficina central del organismo Almirante Brown 160.\u00a0\",\"breadcrumb\":{\"@id\":\"https:\/\/nahuelproducciones.com.ar\/radioquijano\/por-el-feriado-nacional-el-registro-civil-solo-atendera-con-guardias-en-salta\/#breadcrumb\"},\"inLanguage\":\"es\",\"potentialAction\":[{\"@type\":\"ReadAction\",\"target\":[\"https:\/\/nahuelproducciones.com.ar\/radioquijano\/por-el-feriado-nacional-el-registro-civil-solo-atendera-con-guardias-en-salta\/\"]}]},{\"@type\":\"BreadcrumbList\",\"@id\":\"https:\/\/nahuelproducciones.com.ar\/radioquijano\/por-el-feriado-nacional-el-registro-civil-solo-atendera-con-guardias-en-salta\/#breadcrumb\",\"itemListElement\":[{\"@type\":\"ListItem\",\"position\":1,\"name\":\"Portada\",\"item\":\"https:\/\/nahuelproducciones.com.ar\/radioquijano\/\"},{\"@type\":\"ListItem\",\"position\":2,\"name\":\"Por el feriado nacional el Registro Civil s\u00f3lo atender\u00e1 con guardias en Salta.\"}]},{\"@type\":\"WebSite\",\"@id\":\"https:\/\/nahuelproducciones.com.ar\/radioquijano\/#website\",\"url\":\"https:\/\/nahuelproducciones.com.ar\/radioquijano\/\",\"name\":\"RQ 99.9\",\"description\":\"Radio Quijano 99.9 MHz\",\"potentialAction\":[{\"@type\":\"SearchAction\",\"target\":{\"@type\":\"EntryPoint\",\"urlTemplate\":\"https:\/\/nahuelproducciones.com.ar\/radioquijano\/?s={search_term_string}\"},\"query-input\":\"required name=search_term_string\"}],\"inLanguage\":\"es\"},{\"@type\":\"Person\",\"@id\":\"https:\/\/nahuelproducciones.com.ar\/radioquijano\/#\/schema\/person\/e8a4f939e2cb487fe6d0c54042c9d32c\",\"name\":\"Cecilia Pastrana\",\"image\":{\"@type\":\"ImageObject\",\"inLanguage\":\"es\",\"@id\":\"https:\/\/nahuelproducciones.com.ar\/radioquijano\/#\/schema\/person\/image\/\",\"url\":\"https:\/\/secure.gravatar.com\/avatar\/661a3ef63a8488d4f2794ed44af8cf71420f7e106f3072c40125114df5157749?s=96&d=mm&r=g\",\"contentUrl\":\"https:\/\/secure.gravatar.com\/avatar\/661a3ef63a8488d4f2794ed44af8cf71420f7e106f3072c40125114df5157749?s=96&d=mm&r=g\",\"caption\":\"Cecilia Pastrana\"},\"sameAs\":[\"cecy\"],\"url\":\"https:\/\/nahuelproducciones.com.ar\/radioquijano\/author\/cecy\/\"}]}<\/script>\n<!-- \/ Yoast SEO plugin. -->","yoast_head_json":{"title":"Por el feriado nacional el Registro Civil s\u00f3lo atender\u00e1 con guardias en Salta. - RQ 99.9","description":"Las inscripciones de nacimiento se atender\u00e1n en el Hospital Materno Infantil y las de defunciones en la oficina central del organismo Almirante Brown 160.\u00a0","robots":{"index":"index","follow":"follow","max-snippet":"max-snippet:-1","max-image-preview":"max-image-preview:large","max-video-preview":"max-video-preview:-1"},"canonical":"https:\/\/nahuelproducciones.com.ar\/radioquijano\/por-el-feriado-nacional-el-registro-civil-solo-atendera-con-guardias-en-salta\/","og_locale":"es_ES","og_type":"article","og_title":"Por el feriado nacional el Registro Civil s\u00f3lo atender\u00e1 con guardias en Salta. - RQ 99.9","og_description":"Las inscripciones de nacimiento se atender\u00e1n en el Hospital Materno Infantil y las de defunciones en la oficina central del organismo Almirante Brown 160.\u00a0","og_url":"https:\/\/nahuelproducciones.com.ar\/radioquijano\/por-el-feriado-nacional-el-registro-civil-solo-atendera-con-guardias-en-salta\/","og_site_name":"RQ 99.9","article_publisher":"https:\/\/www.facebook.com\/nahuelproducciones999\/","article_published_time":"2022-12-20T01:44:11+00:00","article_modified_time":"2022-12-20T01:44:12+00:00","og_image":[{"width":560,"height":421,"url":"https:\/\/nahuelproducciones.com.ar\/radioquijano\/wp-content\/uploads\/2022\/12\/86895-por-el-feriado-nacional-el-registro-civil-solo-atendera-con-guardias.jpeg","type":"image\/jpeg"}],"author":"Cecilia Pastrana","twitter_card":"summary_large_image","twitter_creator":"@nahuproduciones","twitter_site":"@nahuproduciones","twitter_misc":{"Escrito por":"Cecilia Pastrana","Tiempo de lectura":"1 minuto"},"schema":{"@context":"https:\/\/schema.org","@graph":[{"@type":"WebPage","@id":"https:\/\/nahuelproducciones.com.ar\/radioquijano\/por-el-feriado-nacional-el-registro-civil-solo-atendera-con-guardias-en-salta\/","url":"https:\/\/nahuelproducciones.com.ar\/radioquijano\/por-el-feriado-nacional-el-registro-civil-solo-atendera-con-guardias-en-salta\/","name":"Por el feriado nacional el Registro Civil s\u00f3lo atender\u00e1 con guardias en Salta. - RQ 99.9","isPartOf":{"@id":"https:\/\/nahuelproducciones.com.ar\/radioquijano\/#website"},"datePublished":"2022-12-20T01:44:11+00:00","dateModified":"2022-12-20T01:44:12+00:00","author":{"@id":"https:\/\/nahuelproducciones.com.ar\/radioquijano\/#\/schema\/person\/e8a4f939e2cb487fe6d0c54042c9d32c"},"description":"Las inscripciones de nacimiento se atender\u00e1n en el Hospital Materno Infantil y las de defunciones en la oficina central del organismo Almirante Brown 160.\u00a0","breadcrumb":{"@id":"https:\/\/nahuelproducciones.com.ar\/radioquijano\/por-el-feriado-nacional-el-registro-civil-solo-atendera-con-guardias-en-salta\/#breadcrumb"},"inLanguage":"es","potentialAction":[{"@type":"ReadAction","target":["https:\/\/nahuelproducciones.com.ar\/radioquijano\/por-el-feriado-nacional-el-registro-civil-solo-atendera-con-guardias-en-salta\/"]}]},{"@type":"BreadcrumbList","@id":"https:\/\/nahuelproducciones.com.ar\/radioquijano\/por-el-feriado-nacional-el-registro-civil-solo-atendera-con-guardias-en-salta\/#breadcrumb","itemListElement":[{"@type":"ListItem","position":1,"name":"Portada","item":"https:\/\/nahuelproducciones.com.ar\/radioquijano\/"},{"@type":"ListItem","position":2,"name":"Por el feriado nacional el Registro Civil s\u00f3lo atender\u00e1 con guardias en Salta."}]},{"@type":"WebSite","@id":"https:\/\/nahuelproducciones.com.ar\/radioquijano\/#website","url":"https:\/\/nahuelproducciones.com.ar\/radioquijano\/","name":"RQ 99.9","description":"Radio Quijano 99.9 MHz","potentialAction":[{"@type":"SearchAction","target":{"@type":"EntryPoint","urlTemplate":"https:\/\/nahuelproducciones.com.ar\/radioquijano\/?s={search_term_string}"},"query-input":"required name=search_term_string"}],"inLanguage":"es"},{"@type":"Person","@id":"https:\/\/nahuelproducciones.com.ar\/radioquijano\/#\/schema\/person\/e8a4f939e2cb487fe6d0c54042c9d32c","name":"Cecilia Pastrana","image":{"@type":"ImageObject","inLanguage":"es","@id":"https:\/\/nahuelproducciones.com.ar\/radioquijano\/#\/schema\/person\/image\/","url":"https:\/\/secure.gravatar.com\/avatar\/661a3ef63a8488d4f2794ed44af8cf71420f7e106f3072c40125114df5157749?s=96&d=mm&r=g","contentUrl":"https:\/\/secure.gravatar.com\/avatar\/661a3ef63a8488d4f2794ed44af8cf71420f7e106f3072c40125114df5157749?s=96&d=mm&r=g","caption":"Cecilia Pastrana"},"sameAs":["cecy"],"url":"https:\/\/nahuelproducciones.com.ar\/radioquijano\/author\/cecy\/"}]}},"_links":{"self":[{"href":"https:\/\/nahuelproducciones.com.ar\/radioquijano\/wp-json\/wp\/v2\/posts\/4015","targetHints":{"allow":["GET"]}}],"collection":[{"href":"https:\/\/nahuelproducciones.com.ar\/radioquijano\/wp-json\/wp\/v2\/posts"}],"about":[{"href":"https:\/\/nahuelproducciones.com.ar\/radioquijano\/wp-json\/wp\/v2\/types\/post"}],"author":[{"embeddable":true,"href":"https:\/\/nahuelproducciones.com.ar\/radioquijano\/wp-json\/wp\/v2\/users\/8"}],"replies":[{"embeddable":true,"href":"https:\/\/nahuelproducciones.com.ar\/radioquijano\/wp-json\/wp\/v2\/comments?post=4015"}],"version-history":[{"count":1,"href":"https:\/\/nahuelproducciones.com.ar\/radioquijano\/wp-json\/wp\/v2\/posts\/4015\/revisions"}],"predecessor-version":[{"id":4017,"href":"https:\/\/nahuelproducciones.com.ar\/radioquijano\/wp-json\/wp\/v2\/posts\/4015\/revisions\/4017"}],"wp:featuredmedia":[{"embeddable":true,"href":"https:\/\/nahuelproducciones.com.ar\/radioquijano\/wp-json\/wp\/v2\/media\/4016"}],"wp:attachment":[{"href":"https:\/\/nahuelproducciones.com.ar\/radioquijano\/wp-json\/wp\/v2\/media?parent=4015"}],"wp:term":[{"taxonomy":"category","embeddable":true,"href":"https:\/\/nahuelproducciones.com.ar\/radioquijano\/wp-json\/wp\/v2\/categories?post=4015"},{"taxonomy":"post_tag","embeddable":true,"href":"https:\/\/nahuelproducciones.com.ar\/radioquijano\/wp-json\/wp\/v2\/tags?post=4015"}],"curies":[{"name":"wp","href":"https:\/\/api.w.org\/{rel}","templated":true}]}}