{"id":4018,"date":"2022-12-19T23:43:58","date_gmt":"2022-12-20T02:43:58","guid":{"rendered":"https:\/\/nahuelproducciones.com.ar\/radioquijano\/?p=4018"},"modified":"2022-12-19T23:43:59","modified_gmt":"2022-12-20T02:43:59","slug":"saenz-retrocedio-y-no-adhiere-al-feriado-decretado-por-fernandez","status":"publish","type":"post","link":"https:\/\/nahuelproducciones.com.ar\/radioquijano\/saenz-retrocedio-y-no-adhiere-al-feriado-decretado-por-fernandez\/","title":{"rendered":"Saenz retrocedi\u00f3 y no adhiere al feriado decretado por Fern\u00e1ndez."},"content":{"rendered":"\n<p>La Administraci\u00f3n P\u00fablica provincial trabajar\u00e1 ma\u00f1ana de manera normal<\/p>\n\n\n\n<p>La medida alcanza a todos los organismos dependientes del Poder Ejecutivo Provincial<\/p>\n\n\n\n<p>Por expresas instrucciones del gobernador Gustavo S\u00e1enz y pese a los alcances del feriado nacional, se instruy\u00f3 a funcionarios del Ejecutivo Provincial para que ma\u00f1ana las actividades se desarrollen de manera normal.<\/p>\n\n\n\n<p>Esto tendr\u00e1 alcance en todas las dependencias del Poder Ejecutivo Provincial.<\/p>\n\n\n\n<p>Desde el Gobierno y en p\u00e1gina oficial de la Provincia  anunci\u00f3 como se implementar\u00edan las medidas necesarias a efectos de mantener la continuidad de los servicios esenciales en adhesi\u00f3n al feriado decretado por el Presidente Alberto Fernandez.<\/p>\n\n\n\n<p>A est\u00e1 hora se anuncia que se retrotrae la medida y ma\u00f1ana se trabaje normalmente en el \u00e1mbito de la administraci\u00f3n p\u00fablica.<\/p>\n\n\n\n<p>Im\u00e1genes de la publicaci\u00f3n de https:\/\/www.salta.gob.ar\/prensa\/noticias , que ya fueron eliminadas .<\/p>\n\n\n\n<div class=\"wp-block-image\"><figure class=\"aligncenter size-full is-resized\"><img loading=\"lazy\" decoding=\"async\" src=\"https:\/\/nahuelproducciones.com.ar\/radioquijano\/wp-content\/uploads\/2022\/12\/WhatsApp-Image-2022-12-19-at-11.30.03-PM.jpeg\" alt=\"\" class=\"wp-image-4020\" width=\"569\" height=\"154\" srcset=\"https:\/\/nahuelproducciones.com.ar\/radioquijano\/wp-content\/uploads\/2022\/12\/WhatsApp-Image-2022-12-19-at-11.30.03-PM.jpeg 511w, https:\/\/nahuelproducciones.com.ar\/radioquijano\/wp-content\/uploads\/2022\/12\/WhatsApp-Image-2022-12-19-at-11.30.03-PM-300x81.jpeg 300w, https:\/\/nahuelproducciones.com.ar\/radioquijano\/wp-content\/uploads\/2022\/12\/WhatsApp-Image-2022-12-19-at-11.30.03-PM-150x41.jpeg 150w\" sizes=\"auto, (max-width: 569px) 100vw, 569px\" \/><\/figure><\/div>\n\n\n\n<div class=\"wp-block-image\"><figure class=\"aligncenter size-large is-resized\"><img loading=\"lazy\" decoding=\"async\" src=\"https:\/\/nahuelproducciones.com.ar\/radioquijano\/wp-content\/uploads\/2022\/12\/WhatsApp-Image-2022-12-19-at-11.10.16-PM-1024x454.jpeg\" alt=\"\" class=\"wp-image-4021\" width=\"578\" height=\"256\" srcset=\"https:\/\/nahuelproducciones.com.ar\/radioquijano\/wp-content\/uploads\/2022\/12\/WhatsApp-Image-2022-12-19-at-11.10.16-PM-1024x454.jpeg 1024w, https:\/\/nahuelproducciones.com.ar\/radioquijano\/wp-content\/uploads\/2022\/12\/WhatsApp-Image-2022-12-19-at-11.10.16-PM-300x133.jpeg 300w, https:\/\/nahuelproducciones.com.ar\/radioquijano\/wp-content\/uploads\/2022\/12\/WhatsApp-Image-2022-12-19-at-11.10.16-PM-768x341.jpeg 768w, https:\/\/nahuelproducciones.com.ar\/radioquijano\/wp-content\/uploads\/2022\/12\/WhatsApp-Image-2022-12-19-at-11.10.16-PM-150x67.jpeg 150w, https:\/\/nahuelproducciones.com.ar\/radioquijano\/wp-content\/uploads\/2022\/12\/WhatsApp-Image-2022-12-19-at-11.10.16-PM.jpeg 1280w\" sizes=\"auto, (max-width: 578px) 100vw, 578px\" \/><\/figure><\/div>\n\n\n\n<div class=\"wp-block-image\"><figure class=\"aligncenter size-full is-resized\"><img loading=\"lazy\" decoding=\"async\" src=\"https:\/\/nahuelproducciones.com.ar\/radioquijano\/wp-content\/uploads\/2022\/12\/WhatsApp-Image-2022-12-19-at-11.10.38-PM.jpeg\" alt=\"\" class=\"wp-image-4024\" width=\"570\" height=\"360\" srcset=\"https:\/\/nahuelproducciones.com.ar\/radioquijano\/wp-content\/uploads\/2022\/12\/WhatsApp-Image-2022-12-19-at-11.10.38-PM.jpeg 816w, https:\/\/nahuelproducciones.com.ar\/radioquijano\/wp-content\/uploads\/2022\/12\/WhatsApp-Image-2022-12-19-at-11.10.38-PM-300x190.jpeg 300w, https:\/\/nahuelproducciones.com.ar\/radioquijano\/wp-content\/uploads\/2022\/12\/WhatsApp-Image-2022-12-19-at-11.10.38-PM-768x486.jpeg 768w, https:\/\/nahuelproducciones.com.ar\/radioquijano\/wp-content\/uploads\/2022\/12\/WhatsApp-Image-2022-12-19-at-11.10.38-PM-150x95.jpeg 150w\" sizes=\"auto, (max-width: 570px) 100vw, 570px\" \/><\/figure><\/div>\n\n\n\n<p><a href=\"https:\/\/nahuelproducciones.com.ar\/index.php\/rq999\" target=\"_blank\" rel=\"noreferrer noopener\">#RQ99.9Mhz<\/a>\u00a0<a href=\"https:\/\/nahuelproducciones.com.ar\/\" target=\"_blank\" rel=\"noreferrer noopener\">#CAMPOQUIJANO<\/a>\u00a0<a href=\"http:\/\/nahuelproducciones.com.ar\/radioquijano\/\" target=\"_blank\" rel=\"noreferrer noopener\">#RadioQuijano<\/a><\/p>\n","protected":false},"excerpt":{"rendered":"<p>La Administraci\u00f3n P\u00fablica provincial trabajar\u00e1 ma\u00f1ana de manera normal La medida alcanza a todos los organismos dependientes del Poder Ejecutivo Provincial Por expresas instrucciones del gobernador Gustavo S\u00e1enz y pese a los alcances del feriado nacional, se instruy\u00f3 a funcionarios del Ejecutivo Provincial para que ma\u00f1ana las actividades se desarrollen de manera normal. Esto tendr\u00e1 [&hellip;]<\/p>\n","protected":false},"author":8,"featured_media":4025,"comment_status":"open","ping_status":"open","sticky":false,"template":"","format":"standard","meta":{"_monsterinsights_skip_tracking":false,"_monsterinsights_sitenote_active":false,"_monsterinsights_sitenote_note":"","_monsterinsights_sitenote_category":0,"footnotes":""},"categories":[16],"tags":[102,657,785],"class_list":["post-4018","post","type-post","status-publish","format-standard","has-post-thumbnail","hentry","category-noticias","tag-gustavo-saenzsalta","tag-provincia-de-salta","tag-scaloneta"],"yoast_head":"<!-- This site is optimized with the Yoast SEO plugin v20.8 - https:\/\/yoast.com\/wordpress\/plugins\/seo\/ -->\n<title>Saenz retrocedi\u00f3 y no adhiere al feriado decretado por Fern\u00e1ndez. - RQ 99.9<\/title>\n<meta name=\"description\" content=\"La Administraci\u00f3n P\u00fablica provincial trabajara ma\u00f1ana de manera normal\" \/>\n<meta name=\"robots\" content=\"index, follow, max-snippet:-1, max-image-preview:large, max-video-preview:-1\" \/>\n<link rel=\"canonical\" href=\"https:\/\/nahuelproducciones.com.ar\/radioquijano\/saenz-retrocedio-y-no-adhiere-al-feriado-decretado-por-fernandez\/\" \/>\n<meta property=\"og:locale\" content=\"es_ES\" \/>\n<meta property=\"og:type\" content=\"article\" \/>\n<meta property=\"og:title\" content=\"Saenz retrocedi\u00f3 y no adhiere al feriado decretado por Fern\u00e1ndez. - RQ 99.9\" \/>\n<meta property=\"og:description\" content=\"La Administraci\u00f3n P\u00fablica provincial trabajara ma\u00f1ana de manera normal\" \/>\n<meta property=\"og:url\" content=\"https:\/\/nahuelproducciones.com.ar\/radioquijano\/saenz-retrocedio-y-no-adhiere-al-feriado-decretado-por-fernandez\/\" \/>\n<meta property=\"og:site_name\" content=\"RQ 99.9\" \/>\n<meta property=\"article:publisher\" content=\"https:\/\/www.facebook.com\/nahuelproducciones999\/\" \/>\n<meta property=\"article:published_time\" content=\"2022-12-20T02:43:58+00:00\" \/>\n<meta property=\"article:modified_time\" content=\"2022-12-20T02:43:59+00:00\" \/>\n<meta property=\"og:image\" content=\"https:\/\/nahuelproducciones.com.ar\/radioquijano\/wp-content\/uploads\/2022\/12\/91949-gustavo-saenz-destacara-el-potencial-minero-y-productivo-de-la-provincia.jpg\" \/>\n\t<meta property=\"og:image:width\" content=\"1100\" \/>\n\t<meta property=\"og:image:height\" content=\"627\" \/>\n\t<meta property=\"og:image:type\" content=\"image\/jpeg\" \/>\n<meta name=\"author\" content=\"Cecilia Pastrana\" \/>\n<meta name=\"twitter:card\" content=\"summary_large_image\" \/>\n<meta name=\"twitter:creator\" content=\"@nahuproduciones\" \/>\n<meta name=\"twitter:site\" content=\"@nahuproduciones\" \/>\n<meta name=\"twitter:label1\" content=\"Escrito por\" \/>\n\t<meta name=\"twitter:data1\" content=\"Cecilia Pastrana\" \/>\n\t<meta name=\"twitter:label2\" content=\"Tiempo de lectura\" \/>\n\t<meta name=\"twitter:data2\" content=\"2 minutos\" \/>\n<script type=\"application\/ld+json\" class=\"yoast-schema-graph\">{\"@context\":\"https:\/\/schema.org\",\"@graph\":[{\"@type\":\"WebPage\",\"@id\":\"https:\/\/nahuelproducciones.com.ar\/radioquijano\/saenz-retrocedio-y-no-adhiere-al-feriado-decretado-por-fernandez\/\",\"url\":\"https:\/\/nahuelproducciones.com.ar\/radioquijano\/saenz-retrocedio-y-no-adhiere-al-feriado-decretado-por-fernandez\/\",\"name\":\"Saenz retrocedi\u00f3 y no adhiere al feriado decretado por Fern\u00e1ndez. - RQ 99.9\",\"isPartOf\":{\"@id\":\"https:\/\/nahuelproducciones.com.ar\/radioquijano\/#website\"},\"datePublished\":\"2022-12-20T02:43:58+00:00\",\"dateModified\":\"2022-12-20T02:43:59+00:00\",\"author\":{\"@id\":\"https:\/\/nahuelproducciones.com.ar\/radioquijano\/#\/schema\/person\/e8a4f939e2cb487fe6d0c54042c9d32c\"},\"description\":\"La Administraci\u00f3n P\u00fablica provincial trabajara ma\u00f1ana de manera normal\",\"breadcrumb\":{\"@id\":\"https:\/\/nahuelproducciones.com.ar\/radioquijano\/saenz-retrocedio-y-no-adhiere-al-feriado-decretado-por-fernandez\/#breadcrumb\"},\"inLanguage\":\"es\",\"potentialAction\":[{\"@type\":\"ReadAction\",\"target\":[\"https:\/\/nahuelproducciones.com.ar\/radioquijano\/saenz-retrocedio-y-no-adhiere-al-feriado-decretado-por-fernandez\/\"]}]},{\"@type\":\"BreadcrumbList\",\"@id\":\"https:\/\/nahuelproducciones.com.ar\/radioquijano\/saenz-retrocedio-y-no-adhiere-al-feriado-decretado-por-fernandez\/#breadcrumb\",\"itemListElement\":[{\"@type\":\"ListItem\",\"position\":1,\"name\":\"Portada\",\"item\":\"https:\/\/nahuelproducciones.com.ar\/radioquijano\/\"},{\"@type\":\"ListItem\",\"position\":2,\"name\":\"Saenz retrocedi\u00f3 y no adhiere al feriado decretado por Fern\u00e1ndez.\"}]},{\"@type\":\"WebSite\",\"@id\":\"https:\/\/nahuelproducciones.com.ar\/radioquijano\/#website\",\"url\":\"https:\/\/nahuelproducciones.com.ar\/radioquijano\/\",\"name\":\"RQ 99.9\",\"description\":\"Radio Quijano 99.9 MHz\",\"potentialAction\":[{\"@type\":\"SearchAction\",\"target\":{\"@type\":\"EntryPoint\",\"urlTemplate\":\"https:\/\/nahuelproducciones.com.ar\/radioquijano\/?s={search_term_string}\"},\"query-input\":\"required name=search_term_string\"}],\"inLanguage\":\"es\"},{\"@type\":\"Person\",\"@id\":\"https:\/\/nahuelproducciones.com.ar\/radioquijano\/#\/schema\/person\/e8a4f939e2cb487fe6d0c54042c9d32c\",\"name\":\"Cecilia Pastrana\",\"image\":{\"@type\":\"ImageObject\",\"inLanguage\":\"es\",\"@id\":\"https:\/\/nahuelproducciones.com.ar\/radioquijano\/#\/schema\/person\/image\/\",\"url\":\"https:\/\/secure.gravatar.com\/avatar\/661a3ef63a8488d4f2794ed44af8cf71420f7e106f3072c40125114df5157749?s=96&d=mm&r=g\",\"contentUrl\":\"https:\/\/secure.gravatar.com\/avatar\/661a3ef63a8488d4f2794ed44af8cf71420f7e106f3072c40125114df5157749?s=96&d=mm&r=g\",\"caption\":\"Cecilia Pastrana\"},\"sameAs\":[\"cecy\"],\"url\":\"https:\/\/nahuelproducciones.com.ar\/radioquijano\/author\/cecy\/\"}]}<\/script>\n<!-- \/ Yoast SEO plugin. -->","yoast_head_json":{"title":"Saenz retrocedi\u00f3 y no adhiere al feriado decretado por Fern\u00e1ndez. - RQ 99.9","description":"La Administraci\u00f3n P\u00fablica provincial trabajara ma\u00f1ana de manera normal","robots":{"index":"index","follow":"follow","max-snippet":"max-snippet:-1","max-image-preview":"max-image-preview:large","max-video-preview":"max-video-preview:-1"},"canonical":"https:\/\/nahuelproducciones.com.ar\/radioquijano\/saenz-retrocedio-y-no-adhiere-al-feriado-decretado-por-fernandez\/","og_locale":"es_ES","og_type":"article","og_title":"Saenz retrocedi\u00f3 y no adhiere al feriado decretado por Fern\u00e1ndez. - RQ 99.9","og_description":"La Administraci\u00f3n P\u00fablica provincial trabajara ma\u00f1ana de manera normal","og_url":"https:\/\/nahuelproducciones.com.ar\/radioquijano\/saenz-retrocedio-y-no-adhiere-al-feriado-decretado-por-fernandez\/","og_site_name":"RQ 99.9","article_publisher":"https:\/\/www.facebook.com\/nahuelproducciones999\/","article_published_time":"2022-12-20T02:43:58+00:00","article_modified_time":"2022-12-20T02:43:59+00:00","og_image":[{"width":1100,"height":627,"url":"https:\/\/nahuelproducciones.com.ar\/radioquijano\/wp-content\/uploads\/2022\/12\/91949-gustavo-saenz-destacara-el-potencial-minero-y-productivo-de-la-provincia.jpg","type":"image\/jpeg"}],"author":"Cecilia Pastrana","twitter_card":"summary_large_image","twitter_creator":"@nahuproduciones","twitter_site":"@nahuproduciones","twitter_misc":{"Escrito por":"Cecilia Pastrana","Tiempo de lectura":"2 minutos"},"schema":{"@context":"https:\/\/schema.org","@graph":[{"@type":"WebPage","@id":"https:\/\/nahuelproducciones.com.ar\/radioquijano\/saenz-retrocedio-y-no-adhiere-al-feriado-decretado-por-fernandez\/","url":"https:\/\/nahuelproducciones.com.ar\/radioquijano\/saenz-retrocedio-y-no-adhiere-al-feriado-decretado-por-fernandez\/","name":"Saenz retrocedi\u00f3 y no adhiere al feriado decretado por Fern\u00e1ndez. - RQ 99.9","isPartOf":{"@id":"https:\/\/nahuelproducciones.com.ar\/radioquijano\/#website"},"datePublished":"2022-12-20T02:43:58+00:00","dateModified":"2022-12-20T02:43:59+00:00","author":{"@id":"https:\/\/nahuelproducciones.com.ar\/radioquijano\/#\/schema\/person\/e8a4f939e2cb487fe6d0c54042c9d32c"},"description":"La Administraci\u00f3n P\u00fablica provincial trabajara ma\u00f1ana de manera normal","breadcrumb":{"@id":"https:\/\/nahuelproducciones.com.ar\/radioquijano\/saenz-retrocedio-y-no-adhiere-al-feriado-decretado-por-fernandez\/#breadcrumb"},"inLanguage":"es","potentialAction":[{"@type":"ReadAction","target":["https:\/\/nahuelproducciones.com.ar\/radioquijano\/saenz-retrocedio-y-no-adhiere-al-feriado-decretado-por-fernandez\/"]}]},{"@type":"BreadcrumbList","@id":"https:\/\/nahuelproducciones.com.ar\/radioquijano\/saenz-retrocedio-y-no-adhiere-al-feriado-decretado-por-fernandez\/#breadcrumb","itemListElement":[{"@type":"ListItem","position":1,"name":"Portada","item":"https:\/\/nahuelproducciones.com.ar\/radioquijano\/"},{"@type":"ListItem","position":2,"name":"Saenz retrocedi\u00f3 y no adhiere al feriado decretado por Fern\u00e1ndez."}]},{"@type":"WebSite","@id":"https:\/\/nahuelproducciones.com.ar\/radioquijano\/#website","url":"https:\/\/nahuelproducciones.com.ar\/radioquijano\/","name":"RQ 99.9","description":"Radio Quijano 99.9 MHz","potentialAction":[{"@type":"SearchAction","target":{"@type":"EntryPoint","urlTemplate":"https:\/\/nahuelproducciones.com.ar\/radioquijano\/?s={search_term_string}"},"query-input":"required name=search_term_string"}],"inLanguage":"es"},{"@type":"Person","@id":"https:\/\/nahuelproducciones.com.ar\/radioquijano\/#\/schema\/person\/e8a4f939e2cb487fe6d0c54042c9d32c","name":"Cecilia Pastrana","image":{"@type":"ImageObject","inLanguage":"es","@id":"https:\/\/nahuelproducciones.com.ar\/radioquijano\/#\/schema\/person\/image\/","url":"https:\/\/secure.gravatar.com\/avatar\/661a3ef63a8488d4f2794ed44af8cf71420f7e106f3072c40125114df5157749?s=96&d=mm&r=g","contentUrl":"https:\/\/secure.gravatar.com\/avatar\/661a3ef63a8488d4f2794ed44af8cf71420f7e106f3072c40125114df5157749?s=96&d=mm&r=g","caption":"Cecilia Pastrana"},"sameAs":["cecy"],"url":"https:\/\/nahuelproducciones.com.ar\/radioquijano\/author\/cecy\/"}]}},"_links":{"self":[{"href":"https:\/\/nahuelproducciones.com.ar\/radioquijano\/wp-json\/wp\/v2\/posts\/4018","targetHints":{"allow":["GET"]}}],"collection":[{"href":"https:\/\/nahuelproducciones.com.ar\/radioquijano\/wp-json\/wp\/v2\/posts"}],"about":[{"href":"https:\/\/nahuelproducciones.com.ar\/radioquijano\/wp-json\/wp\/v2\/types\/post"}],"author":[{"embeddable":true,"href":"https:\/\/nahuelproducciones.com.ar\/radioquijano\/wp-json\/wp\/v2\/users\/8"}],"replies":[{"embeddable":true,"href":"https:\/\/nahuelproducciones.com.ar\/radioquijano\/wp-json\/wp\/v2\/comments?post=4018"}],"version-history":[{"count":1,"href":"https:\/\/nahuelproducciones.com.ar\/radioquijano\/wp-json\/wp\/v2\/posts\/4018\/revisions"}],"predecessor-version":[{"id":4026,"href":"https:\/\/nahuelproducciones.com.ar\/radioquijano\/wp-json\/wp\/v2\/posts\/4018\/revisions\/4026"}],"wp:featuredmedia":[{"embeddable":true,"href":"https:\/\/nahuelproducciones.com.ar\/radioquijano\/wp-json\/wp\/v2\/media\/4025"}],"wp:attachment":[{"href":"https:\/\/nahuelproducciones.com.ar\/radioquijano\/wp-json\/wp\/v2\/media?parent=4018"}],"wp:term":[{"taxonomy":"category","embeddable":true,"href":"https:\/\/nahuelproducciones.com.ar\/radioquijano\/wp-json\/wp\/v2\/categories?post=4018"},{"taxonomy":"post_tag","embeddable":true,"href":"https:\/\/nahuelproducciones.com.ar\/radioquijano\/wp-json\/wp\/v2\/tags?post=4018"}],"curies":[{"name":"wp","href":"https:\/\/api.w.org\/{rel}","templated":true}]}}