{"id":4141,"date":"2023-01-01T18:44:19","date_gmt":"2023-01-01T21:44:19","guid":{"rendered":"https:\/\/nahuelproducciones.com.ar\/radioquijano\/?p=4141"},"modified":"2023-01-01T21:24:56","modified_gmt":"2023-01-02T00:24:56","slug":"campo-quijano-el-furor-de-la-pirotecnia","status":"publish","type":"post","link":"https:\/\/nahuelproducciones.com.ar\/radioquijano\/campo-quijano-el-furor-de-la-pirotecnia\/","title":{"rendered":"Campo Quijano el furor de la pirotecnia"},"content":{"rendered":"\n<p>La noche de Navidad parec\u00eda un buen indicio respecto a la toma de conciencia por el uso de pirotecnia sonora, debido al poco ruido escuchado mientras daban las 00:00.<\/p>\n\n\n\n<p>Pero este 31 a la noche la historia fue diferente, el poder\u00edo de los estruendo en barrios del pueblo hizo estremecer a mas de uno y por consiguiente la triste y dolorosa realidad la vivieron familiares al ver da\u00f1o que le provocaron a ni\u00f1os adultos y no hace falta que de m\u00e1s detalles, pues la todos conocemos la realidad. P\u00e1rrafo aparte y no menos importante el da\u00f1o causado a animales, ya que al cierre de esta edici\u00f3n se puede ver en redes sociales la b\u00fasqueda de mascotas que huyeron por los estruendos.<\/p>\n\n\n\n<p>Cabe se\u00f1alar que lo que se hace a trav\u00e9s de personas  que en alguna oportunidad intentaron conformarse como ong, o protectoras de animales no alcanza, pues solo quedaron en intenciones y alguna que otra publicaci\u00f3n de deseo.<\/p>\n\n\n\n<p>Por parte de la intendencia de Carlos Folloni, solo un flyers publicado con datos demasiados livianos como para ser considerados como campa\u00f1a publicitaria. En estos t\u00e9rminos no podemos decir que <strong>\u00abPor lo menos algo se hace\u00bb<\/strong>, ya que la municipalidad tiene \u00e1reas sensibles a esta problem\u00e1tica: <strong>Discapacidad<\/strong>, <strong>Ni\u00f1ez y familia<\/strong>, <strong>Adultos mayores<\/strong>, <strong>Zoonosis<\/strong>, <strong>Deportes<\/strong>, que deben tener injerencia en el planteo y ejecuci\u00f3n de pol\u00edticas p\u00fablicas adecuadas a la situaci\u00f3n. Sin dejar de lado la obligatoriedad de cumplir y hacer cumplir todas las leyes y normativas. As\u00ed lo determinan nuestras Constituciones y para ello le ha sido delegado el Poder de Polic\u00eda.<\/p>\n\n\n\n<p>Es cierto hay falta de empat\u00eda en la poblaci\u00f3n, pero tambi\u00e9n es cierto que los que NO conocen la realidad no solo del sufrimiento animal sino tambi\u00e9n del humano, son los que tendr\u00edan que ser el p\u00fablico objetivo de campa\u00f1as serias, consecuentes con esa realidad, y sobre todo permanentes. Con penetraci\u00f3n espec\u00edfica en modos y modelos de influenciar con el mensaje <strong>\u00abNO A LA PIROTECNIA\u00bb<\/strong>.<\/p>\n\n\n\n<p>Mientras tengamos dispersas las intensiones de un pueblo mejor, estas y muchas otras situaciones irregulares nos suceder\u00e1n.<\/p>\n\n\n\n<div class=\"wp-block-columns is-layout-flex wp-container-core-columns-is-layout-9d6595d7 wp-block-columns-is-layout-flex\">\n<div class=\"wp-block-column is-layout-flow wp-block-column-is-layout-flow\">\n<iframe loading=\"lazy\" src=\"https:\/\/www.facebook.com\/plugins\/post.php?href=https%3A%2F%2Fwww.facebook.com%2FGestionCarlosFolloni%2Fposts%2Fpfbid02bDrqBstUNJFUgqfPchuo5Uf4giLUe7v7FgWn1L2v6duofZjEoa4gjUpNbetc51v8l&#038;show_text=false&#038;width=500\" width=\"400\" height=\"498\" style=\"border:none;overflow:hidden\" scrolling=\"no\" frameborder=\"0\" allowfullscreen=\"true\" allow=\"autoplay; clipboard-write; encrypted-media; picture-in-picture; web-share\"><\/iframe>\n<\/div>\n\n\n\n<div class=\"wp-block-column is-layout-flow wp-block-column-is-layout-flow\">\n<iframe loading=\"lazy\" src=\"https:\/\/www.facebook.com\/plugins\/post.php?href=https%3A%2F%2Fwww.facebook.com%2Fcecypastrana%2Fposts%2Fpfbid034vT3dKo1cT94i4HHi33xd9X6ht21EHDXzyRt4m95cJn2YEFhqB9FchV3JHLu7iC3l&#038;show_text=true&#038;width=500\" width=\"400\" height=\"482\" style=\"border:none;overflow:hidden\" scrolling=\"no\" frameborder=\"0\" allowfullscreen=\"true\" allow=\"autoplay; clipboard-write; encrypted-media; picture-in-picture; web-share\"><\/iframe>\n<\/div>\n<\/div>\n","protected":false},"excerpt":{"rendered":"<p>La noche de Navidad parec\u00eda un buen indicio respecto a la toma de conciencia por el uso de pirotecnia sonora, debido al poco ruido escuchado mientras daban las 00:00. Pero este 31 a la noche la historia fue diferente, el poder\u00edo de los estruendo en barrios del pueblo hizo estremecer a mas de uno y [&hellip;]<\/p>\n","protected":false},"author":6,"featured_media":4160,"comment_status":"open","ping_status":"open","sticky":false,"template":"","format":"standard","meta":{"_monsterinsights_skip_tracking":false,"_monsterinsights_sitenote_active":false,"_monsterinsights_sitenote_note":"","_monsterinsights_sitenote_category":0,"footnotes":""},"categories":[16],"tags":[73,36,58,75,63,84,71,100,47,62],"class_list":["post-4141","post","type-post","status-publish","format-standard","has-post-thumbnail","hentry","category-noticias","tag-ariel-gallardo","tag-campo-quijano","tag-carlos-folloni","tag-concejo-deliberante-de-campo-quijano","tag-lino-yonar","tag-manuel-cornejo","tag-municipalidad-de-campo-quijano","tag-municipio-de-campo-quijano","tag-rosario-de-lerma","tag-topo-ramos"],"yoast_head":"<!-- This site is optimized with the Yoast SEO plugin v20.8 - https:\/\/yoast.com\/wordpress\/plugins\/seo\/ -->\n<title>Campo Quijano el furor de la pirotecnia - RQ 99.9<\/title>\n<meta name=\"robots\" content=\"index, follow, max-snippet:-1, max-image-preview:large, max-video-preview:-1\" \/>\n<link rel=\"canonical\" href=\"https:\/\/nahuelproducciones.com.ar\/radioquijano\/campo-quijano-el-furor-de-la-pirotecnia\/\" \/>\n<meta property=\"og:locale\" content=\"es_ES\" \/>\n<meta property=\"og:type\" content=\"article\" \/>\n<meta property=\"og:title\" content=\"Campo Quijano el furor de la pirotecnia - RQ 99.9\" \/>\n<meta property=\"og:description\" content=\"La noche de Navidad parec\u00eda un buen indicio respecto a la toma de conciencia por el uso de pirotecnia sonora, debido al poco ruido escuchado mientras daban las 00:00. Pero este 31 a la noche la historia fue diferente, el poder\u00edo de los estruendo en barrios del pueblo hizo estremecer a mas de uno y [&hellip;]\" \/>\n<meta property=\"og:url\" content=\"https:\/\/nahuelproducciones.com.ar\/radioquijano\/campo-quijano-el-furor-de-la-pirotecnia\/\" \/>\n<meta property=\"og:site_name\" content=\"RQ 99.9\" \/>\n<meta property=\"article:publisher\" content=\"https:\/\/www.facebook.com\/nahuelproducciones999\/\" \/>\n<meta property=\"article:published_time\" content=\"2023-01-01T21:44:19+00:00\" \/>\n<meta property=\"article:modified_time\" content=\"2023-01-02T00:24:56+00:00\" \/>\n<meta property=\"og:image\" content=\"https:\/\/nahuelproducciones.com.ar\/radioquijano\/wp-content\/uploads\/2023\/01\/pirotecnia-cer.jpg\" \/>\n\t<meta property=\"og:image:width\" content=\"700\" \/>\n\t<meta property=\"og:image:height\" content=\"350\" \/>\n\t<meta property=\"og:image:type\" content=\"image\/jpeg\" \/>\n<meta name=\"author\" content=\"Ricardo Guzman\" \/>\n<meta name=\"twitter:card\" content=\"summary_large_image\" \/>\n<meta name=\"twitter:creator\" content=\"@nahuproduciones\" \/>\n<meta name=\"twitter:site\" content=\"@nahuproduciones\" \/>\n<meta name=\"twitter:label1\" content=\"Escrito por\" \/>\n\t<meta name=\"twitter:data1\" content=\"Ricardo Guzman\" \/>\n\t<meta name=\"twitter:label2\" content=\"Tiempo de lectura\" \/>\n\t<meta name=\"twitter:data2\" content=\"2 minutos\" \/>\n<script type=\"application\/ld+json\" class=\"yoast-schema-graph\">{\"@context\":\"https:\/\/schema.org\",\"@graph\":[{\"@type\":\"WebPage\",\"@id\":\"https:\/\/nahuelproducciones.com.ar\/radioquijano\/campo-quijano-el-furor-de-la-pirotecnia\/\",\"url\":\"https:\/\/nahuelproducciones.com.ar\/radioquijano\/campo-quijano-el-furor-de-la-pirotecnia\/\",\"name\":\"Campo Quijano el furor de la pirotecnia - RQ 99.9\",\"isPartOf\":{\"@id\":\"https:\/\/nahuelproducciones.com.ar\/radioquijano\/#website\"},\"datePublished\":\"2023-01-01T21:44:19+00:00\",\"dateModified\":\"2023-01-02T00:24:56+00:00\",\"author\":{\"@id\":\"https:\/\/nahuelproducciones.com.ar\/radioquijano\/#\/schema\/person\/b9b81a110cbdf07949e2cd02d478ab9d\"},\"breadcrumb\":{\"@id\":\"https:\/\/nahuelproducciones.com.ar\/radioquijano\/campo-quijano-el-furor-de-la-pirotecnia\/#breadcrumb\"},\"inLanguage\":\"es\",\"potentialAction\":[{\"@type\":\"ReadAction\",\"target\":[\"https:\/\/nahuelproducciones.com.ar\/radioquijano\/campo-quijano-el-furor-de-la-pirotecnia\/\"]}]},{\"@type\":\"BreadcrumbList\",\"@id\":\"https:\/\/nahuelproducciones.com.ar\/radioquijano\/campo-quijano-el-furor-de-la-pirotecnia\/#breadcrumb\",\"itemListElement\":[{\"@type\":\"ListItem\",\"position\":1,\"name\":\"Portada\",\"item\":\"https:\/\/nahuelproducciones.com.ar\/radioquijano\/\"},{\"@type\":\"ListItem\",\"position\":2,\"name\":\"Campo Quijano el furor de la pirotecnia\"}]},{\"@type\":\"WebSite\",\"@id\":\"https:\/\/nahuelproducciones.com.ar\/radioquijano\/#website\",\"url\":\"https:\/\/nahuelproducciones.com.ar\/radioquijano\/\",\"name\":\"RQ 99.9\",\"description\":\"Radio Quijano 99.9 MHz\",\"potentialAction\":[{\"@type\":\"SearchAction\",\"target\":{\"@type\":\"EntryPoint\",\"urlTemplate\":\"https:\/\/nahuelproducciones.com.ar\/radioquijano\/?s={search_term_string}\"},\"query-input\":\"required name=search_term_string\"}],\"inLanguage\":\"es\"},{\"@type\":\"Person\",\"@id\":\"https:\/\/nahuelproducciones.com.ar\/radioquijano\/#\/schema\/person\/b9b81a110cbdf07949e2cd02d478ab9d\",\"name\":\"Ricardo Guzman\",\"image\":{\"@type\":\"ImageObject\",\"inLanguage\":\"es\",\"@id\":\"https:\/\/nahuelproducciones.com.ar\/radioquijano\/#\/schema\/person\/image\/\",\"url\":\"https:\/\/secure.gravatar.com\/avatar\/a5d582deda251f95dc882b72fc6e7b4854f88bb25c3154519210afffa7d706e8?s=96&d=mm&r=g\",\"contentUrl\":\"https:\/\/secure.gravatar.com\/avatar\/a5d582deda251f95dc882b72fc6e7b4854f88bb25c3154519210afffa7d706e8?s=96&d=mm&r=g\",\"caption\":\"Ricardo Guzman\"},\"url\":\"https:\/\/nahuelproducciones.com.ar\/radioquijano\/author\/cady\/\"}]}<\/script>\n<!-- \/ Yoast SEO plugin. -->","yoast_head_json":{"title":"Campo Quijano el furor de la pirotecnia - RQ 99.9","robots":{"index":"index","follow":"follow","max-snippet":"max-snippet:-1","max-image-preview":"max-image-preview:large","max-video-preview":"max-video-preview:-1"},"canonical":"https:\/\/nahuelproducciones.com.ar\/radioquijano\/campo-quijano-el-furor-de-la-pirotecnia\/","og_locale":"es_ES","og_type":"article","og_title":"Campo Quijano el furor de la pirotecnia - RQ 99.9","og_description":"La noche de Navidad parec\u00eda un buen indicio respecto a la toma de conciencia por el uso de pirotecnia sonora, debido al poco ruido escuchado mientras daban las 00:00. Pero este 31 a la noche la historia fue diferente, el poder\u00edo de los estruendo en barrios del pueblo hizo estremecer a mas de uno y [&hellip;]","og_url":"https:\/\/nahuelproducciones.com.ar\/radioquijano\/campo-quijano-el-furor-de-la-pirotecnia\/","og_site_name":"RQ 99.9","article_publisher":"https:\/\/www.facebook.com\/nahuelproducciones999\/","article_published_time":"2023-01-01T21:44:19+00:00","article_modified_time":"2023-01-02T00:24:56+00:00","og_image":[{"width":700,"height":350,"url":"https:\/\/nahuelproducciones.com.ar\/radioquijano\/wp-content\/uploads\/2023\/01\/pirotecnia-cer.jpg","type":"image\/jpeg"}],"author":"Ricardo Guzman","twitter_card":"summary_large_image","twitter_creator":"@nahuproduciones","twitter_site":"@nahuproduciones","twitter_misc":{"Escrito por":"Ricardo Guzman","Tiempo de lectura":"2 minutos"},"schema":{"@context":"https:\/\/schema.org","@graph":[{"@type":"WebPage","@id":"https:\/\/nahuelproducciones.com.ar\/radioquijano\/campo-quijano-el-furor-de-la-pirotecnia\/","url":"https:\/\/nahuelproducciones.com.ar\/radioquijano\/campo-quijano-el-furor-de-la-pirotecnia\/","name":"Campo Quijano el furor de la pirotecnia - RQ 99.9","isPartOf":{"@id":"https:\/\/nahuelproducciones.com.ar\/radioquijano\/#website"},"datePublished":"2023-01-01T21:44:19+00:00","dateModified":"2023-01-02T00:24:56+00:00","author":{"@id":"https:\/\/nahuelproducciones.com.ar\/radioquijano\/#\/schema\/person\/b9b81a110cbdf07949e2cd02d478ab9d"},"breadcrumb":{"@id":"https:\/\/nahuelproducciones.com.ar\/radioquijano\/campo-quijano-el-furor-de-la-pirotecnia\/#breadcrumb"},"inLanguage":"es","potentialAction":[{"@type":"ReadAction","target":["https:\/\/nahuelproducciones.com.ar\/radioquijano\/campo-quijano-el-furor-de-la-pirotecnia\/"]}]},{"@type":"BreadcrumbList","@id":"https:\/\/nahuelproducciones.com.ar\/radioquijano\/campo-quijano-el-furor-de-la-pirotecnia\/#breadcrumb","itemListElement":[{"@type":"ListItem","position":1,"name":"Portada","item":"https:\/\/nahuelproducciones.com.ar\/radioquijano\/"},{"@type":"ListItem","position":2,"name":"Campo Quijano el furor de la pirotecnia"}]},{"@type":"WebSite","@id":"https:\/\/nahuelproducciones.com.ar\/radioquijano\/#website","url":"https:\/\/nahuelproducciones.com.ar\/radioquijano\/","name":"RQ 99.9","description":"Radio Quijano 99.9 MHz","potentialAction":[{"@type":"SearchAction","target":{"@type":"EntryPoint","urlTemplate":"https:\/\/nahuelproducciones.com.ar\/radioquijano\/?s={search_term_string}"},"query-input":"required name=search_term_string"}],"inLanguage":"es"},{"@type":"Person","@id":"https:\/\/nahuelproducciones.com.ar\/radioquijano\/#\/schema\/person\/b9b81a110cbdf07949e2cd02d478ab9d","name":"Ricardo Guzman","image":{"@type":"ImageObject","inLanguage":"es","@id":"https:\/\/nahuelproducciones.com.ar\/radioquijano\/#\/schema\/person\/image\/","url":"https:\/\/secure.gravatar.com\/avatar\/a5d582deda251f95dc882b72fc6e7b4854f88bb25c3154519210afffa7d706e8?s=96&d=mm&r=g","contentUrl":"https:\/\/secure.gravatar.com\/avatar\/a5d582deda251f95dc882b72fc6e7b4854f88bb25c3154519210afffa7d706e8?s=96&d=mm&r=g","caption":"Ricardo Guzman"},"url":"https:\/\/nahuelproducciones.com.ar\/radioquijano\/author\/cady\/"}]}},"_links":{"self":[{"href":"https:\/\/nahuelproducciones.com.ar\/radioquijano\/wp-json\/wp\/v2\/posts\/4141","targetHints":{"allow":["GET"]}}],"collection":[{"href":"https:\/\/nahuelproducciones.com.ar\/radioquijano\/wp-json\/wp\/v2\/posts"}],"about":[{"href":"https:\/\/nahuelproducciones.com.ar\/radioquijano\/wp-json\/wp\/v2\/types\/post"}],"author":[{"embeddable":true,"href":"https:\/\/nahuelproducciones.com.ar\/radioquijano\/wp-json\/wp\/v2\/users\/6"}],"replies":[{"embeddable":true,"href":"https:\/\/nahuelproducciones.com.ar\/radioquijano\/wp-json\/wp\/v2\/comments?post=4141"}],"version-history":[{"count":12,"href":"https:\/\/nahuelproducciones.com.ar\/radioquijano\/wp-json\/wp\/v2\/posts\/4141\/revisions"}],"predecessor-version":[{"id":4162,"href":"https:\/\/nahuelproducciones.com.ar\/radioquijano\/wp-json\/wp\/v2\/posts\/4141\/revisions\/4162"}],"wp:featuredmedia":[{"embeddable":true,"href":"https:\/\/nahuelproducciones.com.ar\/radioquijano\/wp-json\/wp\/v2\/media\/4160"}],"wp:attachment":[{"href":"https:\/\/nahuelproducciones.com.ar\/radioquijano\/wp-json\/wp\/v2\/media?parent=4141"}],"wp:term":[{"taxonomy":"category","embeddable":true,"href":"https:\/\/nahuelproducciones.com.ar\/radioquijano\/wp-json\/wp\/v2\/categories?post=4141"},{"taxonomy":"post_tag","embeddable":true,"href":"https:\/\/nahuelproducciones.com.ar\/radioquijano\/wp-json\/wp\/v2\/tags?post=4141"}],"curies":[{"name":"wp","href":"https:\/\/api.w.org\/{rel}","templated":true}]}}