{"id":4270,"date":"2023-01-18T11:02:58","date_gmt":"2023-01-18T14:02:58","guid":{"rendered":"https:\/\/nahuelproducciones.com.ar\/radioquijano\/?p=4270"},"modified":"2023-01-18T11:02:58","modified_gmt":"2023-01-18T14:02:58","slug":"inicia-la-convocatoria-de-proyectos-socioproductivos-2023","status":"publish","type":"post","link":"https:\/\/nahuelproducciones.com.ar\/radioquijano\/inicia-la-convocatoria-de-proyectos-socioproductivos-2023\/","title":{"rendered":"Inicia la convocatoria de proyectos socioproductivos 2023"},"content":{"rendered":"\n<p>Dirigida a organizaciones comunitarias, las postulaciones se realizan en portalosc.salta.gob.ar hasta el 5 de marzo. Los proyectos que resulten seleccionados recibir\u00e1n un aporte econ\u00f3mico de hasta $800.000, seg\u00fan el tipo de proyecto, su alcance, impacto y presupuesto.<\/p>\n\n\n\n<p>La Coordinaci\u00f3n de Enlace y Relaciones Pol\u00edticas de la Gobernaci\u00f3n, a trav\u00e9s de la convocatoria destinada a organizaciones comunitarias para la presentaci\u00f3n de proyectos socio productivos, pretende promover pol\u00edticas p\u00fablicas y alianzas que favorezcan el desarrollo de la comunidad, incentivando la participaci\u00f3n en el desarrollo de proyectos que procuren un impacto social en su contexto de desarrollo.<\/p>\n\n\n\n<p>En este sentido, se convoca a organizaciones comunitarias (Fundaciones, Asociaciones Simples, Asociaciones Civiles, Cooperativas y Grupos Asociativos sin Personer\u00eda Jur\u00eddica) que se encuentren trabajando en territorio de la provincia de Salta para presentar iniciativas de acuerdo a las siguientes l\u00edneas concursables:<\/p>\n\n\n\n<ul class=\"wp-block-list\"><li>Desarrollo de unidades productivas y fortalecimiento de cadenas de valor.<\/li><li>Generaci\u00f3n de empleo e integraci\u00f3n de mujeres y\/o grupos vulnerables en procesos de desarrollo productivo y econom\u00eda solidaria.<\/li><li>Acompa\u00f1amiento integral a la econom\u00eda social y popular.<\/li><li>Desarrollo local, educaci\u00f3n, territorio, h\u00e1bitat urbano y medio ambiente.<\/li><li>Prestaci\u00f3n de servicios sociales (proyectos vinculados a inclusi\u00f3n y emprendedurismo).<\/li><li>Discapacidad y Adultos mayores: Accesibilidad e inclusi\u00f3n educativa, laboral y deportiva.<\/li><\/ul>\n\n\n\n<p>Para las l\u00edneas de trabajo propuestas los montos -seg\u00fan el tipo de proyecto, su alcance, impacto, presupuesto y nivel de implementaci\u00f3n-, son los siguientes:<\/p>\n\n\n\n<ul class=\"wp-block-list\"><li>GRUPOS ASOCIATIVOS: hasta $500.000<\/li><li>PERSONAS JUR\u00cdDICAS: hasta $800.000<\/li><\/ul>\n\n\n\n<p>Las postulaciones de proyectos se recibir\u00e1n hasta el 5 de marzo, fecha en la que se dar\u00e1 inicio al proceso de evaluaci\u00f3n.<br><br>La selecci\u00f3n ser\u00e1 realizada por un comit\u00e9 integrado por representantes de la Coordinaci\u00f3n de Enlace y Relaciones Pol\u00edticas de la Gobernaci\u00f3n, de organismos gubernamentales provinciales, e instituciones p\u00fablicas y privadas.<\/p>\n\n\n\n<p>En el sitio&nbsp;portalosc.salta.gob.ar&nbsp;se encuentran disponibles las bases y condiciones de la convocatoria, como as\u00ed tambi\u00e9n el link de inscripci\u00f3n y el formulario de presentaci\u00f3n de proyecto.<\/p>\n\n\n\n<p>Para consultas y\/o mayor informaci\u00f3n:&nbsp;convocatoriaparaorganizaciones@gmail.com&nbsp;o 387 4362306<\/p>\n\n\n\n<hr class=\"wp-block-separator\"\/>\n\n\n\n<p>Fuente:\u00a0<strong>Secretar\u00eda de Prensa y Comunicaci\u00f3n<\/strong><\/p>\n\n\n\n<p> <a href=\"https:\/\/nahuelproducciones.com.ar\/index.php\/rq999\" target=\"_blank\" rel=\"noreferrer noopener\">#RQ99.9Mhz<\/a>\u00a0<a href=\"https:\/\/nahuelproducciones.com.ar\/\" target=\"_blank\" rel=\"noreferrer noopener\">#CAMPOQUIJANO<\/a>\u00a0<a href=\"http:\/\/nahuelproducciones.com.ar\/radioquijano\/\" target=\"_blank\" rel=\"noreferrer noopener\">#RadioQuijano<\/a>  <\/p>\n\n\n\n<p><\/p>\n","protected":false},"excerpt":{"rendered":"<p>Dirigida a organizaciones comunitarias, las postulaciones se realizan en portalosc.salta.gob.ar hasta el 5 de marzo. Los proyectos que resulten seleccionados recibir\u00e1n un aporte econ\u00f3mico de hasta $800.000, seg\u00fan el tipo de proyecto, su alcance, impacto y presupuesto. La Coordinaci\u00f3n de Enlace y Relaciones Pol\u00edticas de la Gobernaci\u00f3n, a trav\u00e9s de la convocatoria destinada a organizaciones [&hellip;]<\/p>\n","protected":false},"author":8,"featured_media":4271,"comment_status":"open","ping_status":"open","sticky":false,"template":"","format":"standard","meta":{"_monsterinsights_skip_tracking":false,"_monsterinsights_sitenote_active":false,"_monsterinsights_sitenote_note":"","_monsterinsights_sitenote_category":0,"footnotes":""},"categories":[16],"tags":[834,657,833],"class_list":["post-4270","post","type-post","status-publish","format-standard","has-post-thumbnail","hentry","category-noticias","tag-convocatoria","tag-provincia-de-salta","tag-proyectos-socioproductivos-2023"],"yoast_head":"<!-- This site is optimized with the Yoast SEO plugin v20.8 - https:\/\/yoast.com\/wordpress\/plugins\/seo\/ -->\n<title>Inicia la convocatoria de proyectos socioproductivos 2023 - RQ 99.9<\/title>\n<meta name=\"description\" content=\"Dirigida a organizaciones comunitarias, las postulaciones se realizan en portalosc.salta.gob.ar hasta el 5 de marzo. Los proyectos que resulten seleccionados recibir\u00e1n un aporte econ\u00f3mico de hasta $800.000, seg\u00fan el tipo de proyecto, su alcance, impacto y presupuesto.\" \/>\n<meta name=\"robots\" content=\"index, follow, max-snippet:-1, max-image-preview:large, max-video-preview:-1\" \/>\n<link rel=\"canonical\" href=\"https:\/\/nahuelproducciones.com.ar\/radioquijano\/inicia-la-convocatoria-de-proyectos-socioproductivos-2023\/\" \/>\n<meta property=\"og:locale\" content=\"es_ES\" \/>\n<meta property=\"og:type\" content=\"article\" \/>\n<meta property=\"og:title\" content=\"Inicia la convocatoria de proyectos socioproductivos 2023 - RQ 99.9\" \/>\n<meta property=\"og:description\" content=\"Dirigida a organizaciones comunitarias, las postulaciones se realizan en portalosc.salta.gob.ar hasta el 5 de marzo. Los proyectos que resulten seleccionados recibir\u00e1n un aporte econ\u00f3mico de hasta $800.000, seg\u00fan el tipo de proyecto, su alcance, impacto y presupuesto.\" \/>\n<meta property=\"og:url\" content=\"https:\/\/nahuelproducciones.com.ar\/radioquijano\/inicia-la-convocatoria-de-proyectos-socioproductivos-2023\/\" \/>\n<meta property=\"og:site_name\" content=\"RQ 99.9\" \/>\n<meta property=\"article:publisher\" content=\"https:\/\/www.facebook.com\/nahuelproducciones999\/\" \/>\n<meta property=\"article:published_time\" content=\"2023-01-18T14:02:58+00:00\" \/>\n<meta property=\"og:image\" content=\"https:\/\/nahuelproducciones.com.ar\/radioquijano\/wp-content\/uploads\/2023\/01\/87346-inicia-la-convocatoria-de-proyectos-socioproductivos-2023.jpeg\" \/>\n\t<meta property=\"og:image:width\" content=\"480\" \/>\n\t<meta property=\"og:image:height\" content=\"600\" \/>\n\t<meta property=\"og:image:type\" content=\"image\/jpeg\" \/>\n<meta name=\"author\" content=\"Cecilia Pastrana\" \/>\n<meta name=\"twitter:card\" content=\"summary_large_image\" \/>\n<meta name=\"twitter:creator\" content=\"@nahuproduciones\" \/>\n<meta name=\"twitter:site\" content=\"@nahuproduciones\" \/>\n<meta name=\"twitter:label1\" content=\"Escrito por\" \/>\n\t<meta name=\"twitter:data1\" content=\"Cecilia Pastrana\" \/>\n\t<meta name=\"twitter:label2\" content=\"Tiempo de lectura\" \/>\n\t<meta name=\"twitter:data2\" content=\"2 minutos\" \/>\n<script type=\"application\/ld+json\" class=\"yoast-schema-graph\">{\"@context\":\"https:\/\/schema.org\",\"@graph\":[{\"@type\":\"WebPage\",\"@id\":\"https:\/\/nahuelproducciones.com.ar\/radioquijano\/inicia-la-convocatoria-de-proyectos-socioproductivos-2023\/\",\"url\":\"https:\/\/nahuelproducciones.com.ar\/radioquijano\/inicia-la-convocatoria-de-proyectos-socioproductivos-2023\/\",\"name\":\"Inicia la convocatoria de proyectos socioproductivos 2023 - RQ 99.9\",\"isPartOf\":{\"@id\":\"https:\/\/nahuelproducciones.com.ar\/radioquijano\/#website\"},\"datePublished\":\"2023-01-18T14:02:58+00:00\",\"dateModified\":\"2023-01-18T14:02:58+00:00\",\"author\":{\"@id\":\"https:\/\/nahuelproducciones.com.ar\/radioquijano\/#\/schema\/person\/e8a4f939e2cb487fe6d0c54042c9d32c\"},\"description\":\"Dirigida a organizaciones comunitarias, las postulaciones se realizan en portalosc.salta.gob.ar hasta el 5 de marzo. Los proyectos que resulten seleccionados recibir\u00e1n un aporte econ\u00f3mico de hasta $800.000, seg\u00fan el tipo de proyecto, su alcance, impacto y presupuesto.\",\"breadcrumb\":{\"@id\":\"https:\/\/nahuelproducciones.com.ar\/radioquijano\/inicia-la-convocatoria-de-proyectos-socioproductivos-2023\/#breadcrumb\"},\"inLanguage\":\"es\",\"potentialAction\":[{\"@type\":\"ReadAction\",\"target\":[\"https:\/\/nahuelproducciones.com.ar\/radioquijano\/inicia-la-convocatoria-de-proyectos-socioproductivos-2023\/\"]}]},{\"@type\":\"BreadcrumbList\",\"@id\":\"https:\/\/nahuelproducciones.com.ar\/radioquijano\/inicia-la-convocatoria-de-proyectos-socioproductivos-2023\/#breadcrumb\",\"itemListElement\":[{\"@type\":\"ListItem\",\"position\":1,\"name\":\"Portada\",\"item\":\"https:\/\/nahuelproducciones.com.ar\/radioquijano\/\"},{\"@type\":\"ListItem\",\"position\":2,\"name\":\"Inicia la convocatoria de proyectos socioproductivos 2023\"}]},{\"@type\":\"WebSite\",\"@id\":\"https:\/\/nahuelproducciones.com.ar\/radioquijano\/#website\",\"url\":\"https:\/\/nahuelproducciones.com.ar\/radioquijano\/\",\"name\":\"RQ 99.9\",\"description\":\"Radio Quijano 99.9 MHz\",\"potentialAction\":[{\"@type\":\"SearchAction\",\"target\":{\"@type\":\"EntryPoint\",\"urlTemplate\":\"https:\/\/nahuelproducciones.com.ar\/radioquijano\/?s={search_term_string}\"},\"query-input\":\"required name=search_term_string\"}],\"inLanguage\":\"es\"},{\"@type\":\"Person\",\"@id\":\"https:\/\/nahuelproducciones.com.ar\/radioquijano\/#\/schema\/person\/e8a4f939e2cb487fe6d0c54042c9d32c\",\"name\":\"Cecilia Pastrana\",\"image\":{\"@type\":\"ImageObject\",\"inLanguage\":\"es\",\"@id\":\"https:\/\/nahuelproducciones.com.ar\/radioquijano\/#\/schema\/person\/image\/\",\"url\":\"https:\/\/secure.gravatar.com\/avatar\/661a3ef63a8488d4f2794ed44af8cf71420f7e106f3072c40125114df5157749?s=96&d=mm&r=g\",\"contentUrl\":\"https:\/\/secure.gravatar.com\/avatar\/661a3ef63a8488d4f2794ed44af8cf71420f7e106f3072c40125114df5157749?s=96&d=mm&r=g\",\"caption\":\"Cecilia Pastrana\"},\"sameAs\":[\"cecy\"],\"url\":\"https:\/\/nahuelproducciones.com.ar\/radioquijano\/author\/cecy\/\"}]}<\/script>\n<!-- \/ Yoast SEO plugin. -->","yoast_head_json":{"title":"Inicia la convocatoria de proyectos socioproductivos 2023 - RQ 99.9","description":"Dirigida a organizaciones comunitarias, las postulaciones se realizan en portalosc.salta.gob.ar hasta el 5 de marzo. Los proyectos que resulten seleccionados recibir\u00e1n un aporte econ\u00f3mico de hasta $800.000, seg\u00fan el tipo de proyecto, su alcance, impacto y presupuesto.","robots":{"index":"index","follow":"follow","max-snippet":"max-snippet:-1","max-image-preview":"max-image-preview:large","max-video-preview":"max-video-preview:-1"},"canonical":"https:\/\/nahuelproducciones.com.ar\/radioquijano\/inicia-la-convocatoria-de-proyectos-socioproductivos-2023\/","og_locale":"es_ES","og_type":"article","og_title":"Inicia la convocatoria de proyectos socioproductivos 2023 - RQ 99.9","og_description":"Dirigida a organizaciones comunitarias, las postulaciones se realizan en portalosc.salta.gob.ar hasta el 5 de marzo. Los proyectos que resulten seleccionados recibir\u00e1n un aporte econ\u00f3mico de hasta $800.000, seg\u00fan el tipo de proyecto, su alcance, impacto y presupuesto.","og_url":"https:\/\/nahuelproducciones.com.ar\/radioquijano\/inicia-la-convocatoria-de-proyectos-socioproductivos-2023\/","og_site_name":"RQ 99.9","article_publisher":"https:\/\/www.facebook.com\/nahuelproducciones999\/","article_published_time":"2023-01-18T14:02:58+00:00","og_image":[{"width":480,"height":600,"url":"https:\/\/nahuelproducciones.com.ar\/radioquijano\/wp-content\/uploads\/2023\/01\/87346-inicia-la-convocatoria-de-proyectos-socioproductivos-2023.jpeg","type":"image\/jpeg"}],"author":"Cecilia Pastrana","twitter_card":"summary_large_image","twitter_creator":"@nahuproduciones","twitter_site":"@nahuproduciones","twitter_misc":{"Escrito por":"Cecilia Pastrana","Tiempo de lectura":"2 minutos"},"schema":{"@context":"https:\/\/schema.org","@graph":[{"@type":"WebPage","@id":"https:\/\/nahuelproducciones.com.ar\/radioquijano\/inicia-la-convocatoria-de-proyectos-socioproductivos-2023\/","url":"https:\/\/nahuelproducciones.com.ar\/radioquijano\/inicia-la-convocatoria-de-proyectos-socioproductivos-2023\/","name":"Inicia la convocatoria de proyectos socioproductivos 2023 - RQ 99.9","isPartOf":{"@id":"https:\/\/nahuelproducciones.com.ar\/radioquijano\/#website"},"datePublished":"2023-01-18T14:02:58+00:00","dateModified":"2023-01-18T14:02:58+00:00","author":{"@id":"https:\/\/nahuelproducciones.com.ar\/radioquijano\/#\/schema\/person\/e8a4f939e2cb487fe6d0c54042c9d32c"},"description":"Dirigida a organizaciones comunitarias, las postulaciones se realizan en portalosc.salta.gob.ar hasta el 5 de marzo. Los proyectos que resulten seleccionados recibir\u00e1n un aporte econ\u00f3mico de hasta $800.000, seg\u00fan el tipo de proyecto, su alcance, impacto y presupuesto.","breadcrumb":{"@id":"https:\/\/nahuelproducciones.com.ar\/radioquijano\/inicia-la-convocatoria-de-proyectos-socioproductivos-2023\/#breadcrumb"},"inLanguage":"es","potentialAction":[{"@type":"ReadAction","target":["https:\/\/nahuelproducciones.com.ar\/radioquijano\/inicia-la-convocatoria-de-proyectos-socioproductivos-2023\/"]}]},{"@type":"BreadcrumbList","@id":"https:\/\/nahuelproducciones.com.ar\/radioquijano\/inicia-la-convocatoria-de-proyectos-socioproductivos-2023\/#breadcrumb","itemListElement":[{"@type":"ListItem","position":1,"name":"Portada","item":"https:\/\/nahuelproducciones.com.ar\/radioquijano\/"},{"@type":"ListItem","position":2,"name":"Inicia la convocatoria de proyectos socioproductivos 2023"}]},{"@type":"WebSite","@id":"https:\/\/nahuelproducciones.com.ar\/radioquijano\/#website","url":"https:\/\/nahuelproducciones.com.ar\/radioquijano\/","name":"RQ 99.9","description":"Radio Quijano 99.9 MHz","potentialAction":[{"@type":"SearchAction","target":{"@type":"EntryPoint","urlTemplate":"https:\/\/nahuelproducciones.com.ar\/radioquijano\/?s={search_term_string}"},"query-input":"required name=search_term_string"}],"inLanguage":"es"},{"@type":"Person","@id":"https:\/\/nahuelproducciones.com.ar\/radioquijano\/#\/schema\/person\/e8a4f939e2cb487fe6d0c54042c9d32c","name":"Cecilia Pastrana","image":{"@type":"ImageObject","inLanguage":"es","@id":"https:\/\/nahuelproducciones.com.ar\/radioquijano\/#\/schema\/person\/image\/","url":"https:\/\/secure.gravatar.com\/avatar\/661a3ef63a8488d4f2794ed44af8cf71420f7e106f3072c40125114df5157749?s=96&d=mm&r=g","contentUrl":"https:\/\/secure.gravatar.com\/avatar\/661a3ef63a8488d4f2794ed44af8cf71420f7e106f3072c40125114df5157749?s=96&d=mm&r=g","caption":"Cecilia Pastrana"},"sameAs":["cecy"],"url":"https:\/\/nahuelproducciones.com.ar\/radioquijano\/author\/cecy\/"}]}},"_links":{"self":[{"href":"https:\/\/nahuelproducciones.com.ar\/radioquijano\/wp-json\/wp\/v2\/posts\/4270","targetHints":{"allow":["GET"]}}],"collection":[{"href":"https:\/\/nahuelproducciones.com.ar\/radioquijano\/wp-json\/wp\/v2\/posts"}],"about":[{"href":"https:\/\/nahuelproducciones.com.ar\/radioquijano\/wp-json\/wp\/v2\/types\/post"}],"author":[{"embeddable":true,"href":"https:\/\/nahuelproducciones.com.ar\/radioquijano\/wp-json\/wp\/v2\/users\/8"}],"replies":[{"embeddable":true,"href":"https:\/\/nahuelproducciones.com.ar\/radioquijano\/wp-json\/wp\/v2\/comments?post=4270"}],"version-history":[{"count":1,"href":"https:\/\/nahuelproducciones.com.ar\/radioquijano\/wp-json\/wp\/v2\/posts\/4270\/revisions"}],"predecessor-version":[{"id":4272,"href":"https:\/\/nahuelproducciones.com.ar\/radioquijano\/wp-json\/wp\/v2\/posts\/4270\/revisions\/4272"}],"wp:featuredmedia":[{"embeddable":true,"href":"https:\/\/nahuelproducciones.com.ar\/radioquijano\/wp-json\/wp\/v2\/media\/4271"}],"wp:attachment":[{"href":"https:\/\/nahuelproducciones.com.ar\/radioquijano\/wp-json\/wp\/v2\/media?parent=4270"}],"wp:term":[{"taxonomy":"category","embeddable":true,"href":"https:\/\/nahuelproducciones.com.ar\/radioquijano\/wp-json\/wp\/v2\/categories?post=4270"},{"taxonomy":"post_tag","embeddable":true,"href":"https:\/\/nahuelproducciones.com.ar\/radioquijano\/wp-json\/wp\/v2\/tags?post=4270"}],"curies":[{"name":"wp","href":"https:\/\/api.w.org\/{rel}","templated":true}]}}