{"id":4276,"date":"2023-01-20T00:18:14","date_gmt":"2023-01-20T03:18:14","guid":{"rendered":"https:\/\/nahuelproducciones.com.ar\/radioquijano\/?p=4276"},"modified":"2023-01-20T00:24:38","modified_gmt":"2023-01-20T03:24:38","slug":"el-dr-mariano-zerda-deberia-reemplazar-a-la-concejal-cornejo","status":"publish","type":"post","link":"https:\/\/nahuelproducciones.com.ar\/radioquijano\/el-dr-mariano-zerda-deberia-reemplazar-a-la-concejal-cornejo\/","title":{"rendered":"El Dr. Mariano Zerda deber\u00eda reemplazar a Marina Cornejo en el Concejo Deliberante de Campo Quijano."},"content":{"rendered":"\n<p>Marina Cornejo present\u00f3 su renuncia a la concejal\u00eda de Campo Quijano el d\u00eda 16 de diciembre del 2022 y en su nota manifiesta \u00abRazones Personales\u00bb.<\/p>\n\n\n\n<p>A un mes ya cumplido, todav\u00eda no fue  aceptada la renuncia. No hubo sesi\u00f3n o comisi\u00f3n que evaluara la dimisi\u00f3n. Por lo tanto a\u00fan no podemos contar con la presencia del nuevo Concejal para completar el Cuerpo Deliberativo.<\/p>\n\n\n\n<p>Zerda, se\u00f1al\u00f3 a RQ99.9Mhz que no puede ingresar a su banca legislativa ya que todav\u00eda no se acept\u00f3 la renuncia de  Cornejo. \u00c9l mismo ingres\u00f3 una nota por mesa de entrada dirigida al Presidente del Concejo para tomar conocimiento de esta situaci\u00f3n pero no recibi\u00f3 respuesta lo que llama la atenci\u00f3n la dilaci\u00f3n de la situaci\u00f3n.<\/p>\n\n\n\n<p>En este momento, urge que se tome una decisi\u00f3n ejecutiva sobre este problema en virtud de la representatividad pol\u00edtica y popular en el \u00f3rgano legislativo municipal, m\u00e1s a\u00fan por la falta de soluci\u00f3n a m\u00e1s de un meses de presentada la renuncia a  la banca.Escucha la entrevista completa.<\/p>\n\n\n\n<figure class=\"wp-block-audio\"><audio controls src=\"https:\/\/nahuelproducciones.com.ar\/radioquijano\/wp-content\/uploads\/2023\/01\/17-01-2023-Dr-Mariano-Zerda-no-sabe-cuando-asumira-a-la-banca-que-renuncio-la-Concejal-Cornejo.mp3\"><\/audio><\/figure>\n","protected":false},"excerpt":{"rendered":"<p>Marina Cornejo present\u00f3 su renuncia a la concejal\u00eda de Campo Quijano el d\u00eda 16 de diciembre del 2022 y en su nota manifiesta \u00abRazones Personales\u00bb. A un mes ya cumplido, todav\u00eda no fue aceptada la renuncia. No hubo sesi\u00f3n o comisi\u00f3n que evaluara la dimisi\u00f3n. Por lo tanto a\u00fan no podemos contar con la presencia [&hellip;]<\/p>\n","protected":false},"author":8,"featured_media":4278,"comment_status":"open","ping_status":"open","sticky":false,"template":"","format":"standard","meta":{"_monsterinsights_skip_tracking":false,"_monsterinsights_sitenote_active":false,"_monsterinsights_sitenote_note":"","_monsterinsights_sitenote_category":0,"footnotes":""},"categories":[16],"tags":[36,75,836,323],"class_list":["post-4276","post","type-post","status-publish","format-standard","has-post-thumbnail","hentry","category-noticias","tag-campo-quijano","tag-concejo-deliberante-de-campo-quijano","tag-dr-mariano-zerda","tag-marina-cornejo"],"yoast_head":"<!-- This site is optimized with the Yoast SEO plugin v20.8 - https:\/\/yoast.com\/wordpress\/plugins\/seo\/ -->\n<title>El Dr. Mariano Zerda deber\u00eda reemplazar a Marina Cornejo en el Concejo Deliberante de Campo Quijano. - RQ 99.9<\/title>\n<meta name=\"description\" content=\"Urge que se tome una decisi\u00f3n ejecutiva sobre este problema en virtud de la representatividad pol\u00edtica y popular en el \u00f3rgano municipal, m\u00e1s a\u00fan por la falta de soluci\u00f3n a m\u00e1s de un meses de presentada la renuncia a la banca.\" \/>\n<meta name=\"robots\" content=\"index, follow, max-snippet:-1, max-image-preview:large, max-video-preview:-1\" \/>\n<link rel=\"canonical\" href=\"https:\/\/nahuelproducciones.com.ar\/radioquijano\/el-dr-mariano-zerda-deberia-reemplazar-a-la-concejal-cornejo\/\" \/>\n<meta property=\"og:locale\" content=\"es_ES\" \/>\n<meta property=\"og:type\" content=\"article\" \/>\n<meta property=\"og:title\" content=\"El Dr. Mariano Zerda deber\u00eda reemplazar a Marina Cornejo en el Concejo Deliberante de Campo Quijano. - RQ 99.9\" \/>\n<meta property=\"og:description\" content=\"Urge que se tome una decisi\u00f3n ejecutiva sobre este problema en virtud de la representatividad pol\u00edtica y popular en el \u00f3rgano municipal, m\u00e1s a\u00fan por la falta de soluci\u00f3n a m\u00e1s de un meses de presentada la renuncia a la banca.\" \/>\n<meta property=\"og:url\" content=\"https:\/\/nahuelproducciones.com.ar\/radioquijano\/el-dr-mariano-zerda-deberia-reemplazar-a-la-concejal-cornejo\/\" \/>\n<meta property=\"og:site_name\" content=\"RQ 99.9\" \/>\n<meta property=\"article:publisher\" content=\"https:\/\/www.facebook.com\/nahuelproducciones999\/\" \/>\n<meta property=\"article:published_time\" content=\"2023-01-20T03:18:14+00:00\" \/>\n<meta property=\"article:modified_time\" content=\"2023-01-20T03:24:38+00:00\" \/>\n<meta property=\"og:image\" content=\"https:\/\/nahuelproducciones.com.ar\/radioquijano\/wp-content\/uploads\/2023\/01\/Angel-Mariano-Zerda-e1674180065245.jpg\" \/>\n\t<meta property=\"og:image:width\" content=\"700\" \/>\n\t<meta property=\"og:image:height\" content=\"695\" \/>\n\t<meta property=\"og:image:type\" content=\"image\/jpeg\" \/>\n<meta name=\"author\" content=\"Cecilia Pastrana\" \/>\n<meta name=\"twitter:card\" content=\"summary_large_image\" \/>\n<meta name=\"twitter:creator\" content=\"@nahuproduciones\" \/>\n<meta name=\"twitter:site\" content=\"@nahuproduciones\" \/>\n<meta name=\"twitter:label1\" content=\"Escrito por\" \/>\n\t<meta name=\"twitter:data1\" content=\"Cecilia Pastrana\" \/>\n\t<meta name=\"twitter:label2\" content=\"Tiempo de lectura\" \/>\n\t<meta name=\"twitter:data2\" content=\"1 minuto\" \/>\n<script type=\"application\/ld+json\" class=\"yoast-schema-graph\">{\"@context\":\"https:\/\/schema.org\",\"@graph\":[{\"@type\":\"WebPage\",\"@id\":\"https:\/\/nahuelproducciones.com.ar\/radioquijano\/el-dr-mariano-zerda-deberia-reemplazar-a-la-concejal-cornejo\/\",\"url\":\"https:\/\/nahuelproducciones.com.ar\/radioquijano\/el-dr-mariano-zerda-deberia-reemplazar-a-la-concejal-cornejo\/\",\"name\":\"El Dr. Mariano Zerda deber\u00eda reemplazar a Marina Cornejo en el Concejo Deliberante de Campo Quijano. - RQ 99.9\",\"isPartOf\":{\"@id\":\"https:\/\/nahuelproducciones.com.ar\/radioquijano\/#website\"},\"datePublished\":\"2023-01-20T03:18:14+00:00\",\"dateModified\":\"2023-01-20T03:24:38+00:00\",\"author\":{\"@id\":\"https:\/\/nahuelproducciones.com.ar\/radioquijano\/#\/schema\/person\/e8a4f939e2cb487fe6d0c54042c9d32c\"},\"description\":\"Urge que se tome una decisi\u00f3n ejecutiva sobre este problema en virtud de la representatividad pol\u00edtica y popular en el \u00f3rgano municipal, m\u00e1s a\u00fan por la falta de soluci\u00f3n a m\u00e1s de un meses de presentada la renuncia a la banca.\",\"breadcrumb\":{\"@id\":\"https:\/\/nahuelproducciones.com.ar\/radioquijano\/el-dr-mariano-zerda-deberia-reemplazar-a-la-concejal-cornejo\/#breadcrumb\"},\"inLanguage\":\"es\",\"potentialAction\":[{\"@type\":\"ReadAction\",\"target\":[\"https:\/\/nahuelproducciones.com.ar\/radioquijano\/el-dr-mariano-zerda-deberia-reemplazar-a-la-concejal-cornejo\/\"]}]},{\"@type\":\"BreadcrumbList\",\"@id\":\"https:\/\/nahuelproducciones.com.ar\/radioquijano\/el-dr-mariano-zerda-deberia-reemplazar-a-la-concejal-cornejo\/#breadcrumb\",\"itemListElement\":[{\"@type\":\"ListItem\",\"position\":1,\"name\":\"Portada\",\"item\":\"https:\/\/nahuelproducciones.com.ar\/radioquijano\/\"},{\"@type\":\"ListItem\",\"position\":2,\"name\":\"El Dr. Mariano Zerda deber\u00eda reemplazar a Marina Cornejo en el Concejo Deliberante de Campo Quijano.\"}]},{\"@type\":\"WebSite\",\"@id\":\"https:\/\/nahuelproducciones.com.ar\/radioquijano\/#website\",\"url\":\"https:\/\/nahuelproducciones.com.ar\/radioquijano\/\",\"name\":\"RQ 99.9\",\"description\":\"Radio Quijano 99.9 MHz\",\"potentialAction\":[{\"@type\":\"SearchAction\",\"target\":{\"@type\":\"EntryPoint\",\"urlTemplate\":\"https:\/\/nahuelproducciones.com.ar\/radioquijano\/?s={search_term_string}\"},\"query-input\":\"required name=search_term_string\"}],\"inLanguage\":\"es\"},{\"@type\":\"Person\",\"@id\":\"https:\/\/nahuelproducciones.com.ar\/radioquijano\/#\/schema\/person\/e8a4f939e2cb487fe6d0c54042c9d32c\",\"name\":\"Cecilia Pastrana\",\"image\":{\"@type\":\"ImageObject\",\"inLanguage\":\"es\",\"@id\":\"https:\/\/nahuelproducciones.com.ar\/radioquijano\/#\/schema\/person\/image\/\",\"url\":\"https:\/\/secure.gravatar.com\/avatar\/661a3ef63a8488d4f2794ed44af8cf71420f7e106f3072c40125114df5157749?s=96&d=mm&r=g\",\"contentUrl\":\"https:\/\/secure.gravatar.com\/avatar\/661a3ef63a8488d4f2794ed44af8cf71420f7e106f3072c40125114df5157749?s=96&d=mm&r=g\",\"caption\":\"Cecilia Pastrana\"},\"sameAs\":[\"cecy\"],\"url\":\"https:\/\/nahuelproducciones.com.ar\/radioquijano\/author\/cecy\/\"}]}<\/script>\n<!-- \/ Yoast SEO plugin. -->","yoast_head_json":{"title":"El Dr. Mariano Zerda deber\u00eda reemplazar a Marina Cornejo en el Concejo Deliberante de Campo Quijano. - RQ 99.9","description":"Urge que se tome una decisi\u00f3n ejecutiva sobre este problema en virtud de la representatividad pol\u00edtica y popular en el \u00f3rgano municipal, m\u00e1s a\u00fan por la falta de soluci\u00f3n a m\u00e1s de un meses de presentada la renuncia a la banca.","robots":{"index":"index","follow":"follow","max-snippet":"max-snippet:-1","max-image-preview":"max-image-preview:large","max-video-preview":"max-video-preview:-1"},"canonical":"https:\/\/nahuelproducciones.com.ar\/radioquijano\/el-dr-mariano-zerda-deberia-reemplazar-a-la-concejal-cornejo\/","og_locale":"es_ES","og_type":"article","og_title":"El Dr. Mariano Zerda deber\u00eda reemplazar a Marina Cornejo en el Concejo Deliberante de Campo Quijano. - RQ 99.9","og_description":"Urge que se tome una decisi\u00f3n ejecutiva sobre este problema en virtud de la representatividad pol\u00edtica y popular en el \u00f3rgano municipal, m\u00e1s a\u00fan por la falta de soluci\u00f3n a m\u00e1s de un meses de presentada la renuncia a la banca.","og_url":"https:\/\/nahuelproducciones.com.ar\/radioquijano\/el-dr-mariano-zerda-deberia-reemplazar-a-la-concejal-cornejo\/","og_site_name":"RQ 99.9","article_publisher":"https:\/\/www.facebook.com\/nahuelproducciones999\/","article_published_time":"2023-01-20T03:18:14+00:00","article_modified_time":"2023-01-20T03:24:38+00:00","og_image":[{"width":700,"height":695,"url":"https:\/\/nahuelproducciones.com.ar\/radioquijano\/wp-content\/uploads\/2023\/01\/Angel-Mariano-Zerda-e1674180065245.jpg","type":"image\/jpeg"}],"author":"Cecilia Pastrana","twitter_card":"summary_large_image","twitter_creator":"@nahuproduciones","twitter_site":"@nahuproduciones","twitter_misc":{"Escrito por":"Cecilia Pastrana","Tiempo de lectura":"1 minuto"},"schema":{"@context":"https:\/\/schema.org","@graph":[{"@type":"WebPage","@id":"https:\/\/nahuelproducciones.com.ar\/radioquijano\/el-dr-mariano-zerda-deberia-reemplazar-a-la-concejal-cornejo\/","url":"https:\/\/nahuelproducciones.com.ar\/radioquijano\/el-dr-mariano-zerda-deberia-reemplazar-a-la-concejal-cornejo\/","name":"El Dr. Mariano Zerda deber\u00eda reemplazar a Marina Cornejo en el Concejo Deliberante de Campo Quijano. - RQ 99.9","isPartOf":{"@id":"https:\/\/nahuelproducciones.com.ar\/radioquijano\/#website"},"datePublished":"2023-01-20T03:18:14+00:00","dateModified":"2023-01-20T03:24:38+00:00","author":{"@id":"https:\/\/nahuelproducciones.com.ar\/radioquijano\/#\/schema\/person\/e8a4f939e2cb487fe6d0c54042c9d32c"},"description":"Urge que se tome una decisi\u00f3n ejecutiva sobre este problema en virtud de la representatividad pol\u00edtica y popular en el \u00f3rgano municipal, m\u00e1s a\u00fan por la falta de soluci\u00f3n a m\u00e1s de un meses de presentada la renuncia a la banca.","breadcrumb":{"@id":"https:\/\/nahuelproducciones.com.ar\/radioquijano\/el-dr-mariano-zerda-deberia-reemplazar-a-la-concejal-cornejo\/#breadcrumb"},"inLanguage":"es","potentialAction":[{"@type":"ReadAction","target":["https:\/\/nahuelproducciones.com.ar\/radioquijano\/el-dr-mariano-zerda-deberia-reemplazar-a-la-concejal-cornejo\/"]}]},{"@type":"BreadcrumbList","@id":"https:\/\/nahuelproducciones.com.ar\/radioquijano\/el-dr-mariano-zerda-deberia-reemplazar-a-la-concejal-cornejo\/#breadcrumb","itemListElement":[{"@type":"ListItem","position":1,"name":"Portada","item":"https:\/\/nahuelproducciones.com.ar\/radioquijano\/"},{"@type":"ListItem","position":2,"name":"El Dr. Mariano Zerda deber\u00eda reemplazar a Marina Cornejo en el Concejo Deliberante de Campo Quijano."}]},{"@type":"WebSite","@id":"https:\/\/nahuelproducciones.com.ar\/radioquijano\/#website","url":"https:\/\/nahuelproducciones.com.ar\/radioquijano\/","name":"RQ 99.9","description":"Radio Quijano 99.9 MHz","potentialAction":[{"@type":"SearchAction","target":{"@type":"EntryPoint","urlTemplate":"https:\/\/nahuelproducciones.com.ar\/radioquijano\/?s={search_term_string}"},"query-input":"required name=search_term_string"}],"inLanguage":"es"},{"@type":"Person","@id":"https:\/\/nahuelproducciones.com.ar\/radioquijano\/#\/schema\/person\/e8a4f939e2cb487fe6d0c54042c9d32c","name":"Cecilia Pastrana","image":{"@type":"ImageObject","inLanguage":"es","@id":"https:\/\/nahuelproducciones.com.ar\/radioquijano\/#\/schema\/person\/image\/","url":"https:\/\/secure.gravatar.com\/avatar\/661a3ef63a8488d4f2794ed44af8cf71420f7e106f3072c40125114df5157749?s=96&d=mm&r=g","contentUrl":"https:\/\/secure.gravatar.com\/avatar\/661a3ef63a8488d4f2794ed44af8cf71420f7e106f3072c40125114df5157749?s=96&d=mm&r=g","caption":"Cecilia Pastrana"},"sameAs":["cecy"],"url":"https:\/\/nahuelproducciones.com.ar\/radioquijano\/author\/cecy\/"}]}},"_links":{"self":[{"href":"https:\/\/nahuelproducciones.com.ar\/radioquijano\/wp-json\/wp\/v2\/posts\/4276","targetHints":{"allow":["GET"]}}],"collection":[{"href":"https:\/\/nahuelproducciones.com.ar\/radioquijano\/wp-json\/wp\/v2\/posts"}],"about":[{"href":"https:\/\/nahuelproducciones.com.ar\/radioquijano\/wp-json\/wp\/v2\/types\/post"}],"author":[{"embeddable":true,"href":"https:\/\/nahuelproducciones.com.ar\/radioquijano\/wp-json\/wp\/v2\/users\/8"}],"replies":[{"embeddable":true,"href":"https:\/\/nahuelproducciones.com.ar\/radioquijano\/wp-json\/wp\/v2\/comments?post=4276"}],"version-history":[{"count":3,"href":"https:\/\/nahuelproducciones.com.ar\/radioquijano\/wp-json\/wp\/v2\/posts\/4276\/revisions"}],"predecessor-version":[{"id":4283,"href":"https:\/\/nahuelproducciones.com.ar\/radioquijano\/wp-json\/wp\/v2\/posts\/4276\/revisions\/4283"}],"wp:featuredmedia":[{"embeddable":true,"href":"https:\/\/nahuelproducciones.com.ar\/radioquijano\/wp-json\/wp\/v2\/media\/4278"}],"wp:attachment":[{"href":"https:\/\/nahuelproducciones.com.ar\/radioquijano\/wp-json\/wp\/v2\/media?parent=4276"}],"wp:term":[{"taxonomy":"category","embeddable":true,"href":"https:\/\/nahuelproducciones.com.ar\/radioquijano\/wp-json\/wp\/v2\/categories?post=4276"},{"taxonomy":"post_tag","embeddable":true,"href":"https:\/\/nahuelproducciones.com.ar\/radioquijano\/wp-json\/wp\/v2\/tags?post=4276"}],"curies":[{"name":"wp","href":"https:\/\/api.w.org\/{rel}","templated":true}]}}