{"id":4285,"date":"2023-01-23T11:10:47","date_gmt":"2023-01-23T14:10:47","guid":{"rendered":"https:\/\/nahuelproducciones.com.ar\/radioquijano\/?p=4285"},"modified":"2023-01-23T11:16:36","modified_gmt":"2023-01-23T14:16:36","slug":"hieren-a-jovenes-a-cuchillazos-en-campo-quijano","status":"publish","type":"post","link":"https:\/\/nahuelproducciones.com.ar\/radioquijano\/hieren-a-jovenes-a-cuchillazos-en-campo-quijano\/","title":{"rendered":"Hieren a j\u00f3venes a cuchilladas en Campo Quijano."},"content":{"rendered":"\n<p>Dos j\u00f3venes fueron atacados a cuchilladas cuando se encontraban cerca del Camping Municipal \u00abJuanillo L\u00f3pez\u00bb.<\/p>\n\n\n\n<p>El hecho ocurri\u00f3 en la tarde del jueves 19 de este mes, los heridos cuentan que se encontraban por la esquina del camping sentados donde en un momento los acusados pasaron en una motocicleta 250 cc color blanca y al retornar  detuvieron la marcha quedando al frente de los j\u00f3venes donde le comenzaron a vociferar \u00abque miras, sos pesado\u00bb. <\/p>\n\n\n\n<p>Este fue el inicio del ataque violento y el uso de arma blanca que ocasion\u00f3 que los j\u00f3venes fueran trasladados a dependencias de Salud p\u00fablica. A este momento ya se encuentran en buen estado de salud y con alta m\u00e9dica.<\/p>\n\n\n\n<p>Por la gravedad del hecho radicaron la denuncia y est\u00e1n preocupados de que esto pueda repetirse en otras personas, por eso ponen en alerta a la comunidad.<\/p>\n\n\n\n<p>Te dejamos las denuncias a consideraci\u00f3n.<\/p>\n\n\n\n<div class=\"wp-block-columns is-layout-flex wp-container-core-columns-is-layout-9d6595d7 wp-block-columns-is-layout-flex\">\n<div class=\"wp-block-column is-layout-flow wp-block-column-is-layout-flow\" style=\"flex-basis:100%\">\n<div class=\"wp-block-columns is-layout-flex wp-container-core-columns-is-layout-9d6595d7 wp-block-columns-is-layout-flex\">\n<div class=\"wp-block-column is-layout-flow wp-block-column-is-layout-flow\" style=\"flex-basis:100%\">\n<figure class=\"wp-block-gallery columns-3 is-cropped wp-block-gallery-1 is-layout-flex wp-block-gallery-is-layout-flex\"><ul class=\"blocks-gallery-grid\"><li class=\"blocks-gallery-item\"><figure><img loading=\"lazy\" decoding=\"async\" width=\"1024\" height=\"768\" src=\"https:\/\/nahuelproducciones.com.ar\/radioquijano\/wp-content\/uploads\/2023\/01\/WhatsApp-Image-2023-01-21-at-11.45.43-AM-1024x768.jpeg\" alt=\"\" data-id=\"4291\" data-full-url=\"https:\/\/nahuelproducciones.com.ar\/radioquijano\/wp-content\/uploads\/2023\/01\/WhatsApp-Image-2023-01-21-at-11.45.43-AM.jpeg\" data-link=\"https:\/\/nahuelproducciones.com.ar\/radioquijano\/?attachment_id=4291\" class=\"wp-image-4291\"\/><\/figure><\/li><li class=\"blocks-gallery-item\"><figure><img loading=\"lazy\" decoding=\"async\" width=\"1024\" height=\"861\" src=\"https:\/\/nahuelproducciones.com.ar\/radioquijano\/wp-content\/uploads\/2023\/01\/WhatsApp-Image-2023-01-21-at-11.45.55-AM-1024x861.jpeg\" alt=\"\" data-id=\"4292\" data-full-url=\"https:\/\/nahuelproducciones.com.ar\/radioquijano\/wp-content\/uploads\/2023\/01\/WhatsApp-Image-2023-01-21-at-11.45.55-AM.jpeg\" data-link=\"https:\/\/nahuelproducciones.com.ar\/radioquijano\/?attachment_id=4292\" class=\"wp-image-4292\" srcset=\"https:\/\/nahuelproducciones.com.ar\/radioquijano\/wp-content\/uploads\/2023\/01\/WhatsApp-Image-2023-01-21-at-11.45.55-AM-1024x861.jpeg 1024w, https:\/\/nahuelproducciones.com.ar\/radioquijano\/wp-content\/uploads\/2023\/01\/WhatsApp-Image-2023-01-21-at-11.45.55-AM-300x252.jpeg 300w, https:\/\/nahuelproducciones.com.ar\/radioquijano\/wp-content\/uploads\/2023\/01\/WhatsApp-Image-2023-01-21-at-11.45.55-AM-768x646.jpeg 768w, https:\/\/nahuelproducciones.com.ar\/radioquijano\/wp-content\/uploads\/2023\/01\/WhatsApp-Image-2023-01-21-at-11.45.55-AM-150x126.jpeg 150w, https:\/\/nahuelproducciones.com.ar\/radioquijano\/wp-content\/uploads\/2023\/01\/WhatsApp-Image-2023-01-21-at-11.45.55-AM.jpeg 1280w\" sizes=\"auto, (max-width: 1024px) 100vw, 1024px\" \/><\/figure><\/li><li class=\"blocks-gallery-item\"><figure><img loading=\"lazy\" decoding=\"async\" width=\"768\" height=\"1024\" src=\"https:\/\/nahuelproducciones.com.ar\/radioquijano\/wp-content\/uploads\/2023\/01\/WhatsApp-Image-2023-01-21-at-1.07.26-PM-768x1024.jpeg\" alt=\"\" data-id=\"4286\" class=\"wp-image-4286\" srcset=\"https:\/\/nahuelproducciones.com.ar\/radioquijano\/wp-content\/uploads\/2023\/01\/WhatsApp-Image-2023-01-21-at-1.07.26-PM-768x1024.jpeg 768w, https:\/\/nahuelproducciones.com.ar\/radioquijano\/wp-content\/uploads\/2023\/01\/WhatsApp-Image-2023-01-21-at-1.07.26-PM-225x300.jpeg 225w, https:\/\/nahuelproducciones.com.ar\/radioquijano\/wp-content\/uploads\/2023\/01\/WhatsApp-Image-2023-01-21-at-1.07.26-PM-1152x1536.jpeg 1152w, https:\/\/nahuelproducciones.com.ar\/radioquijano\/wp-content\/uploads\/2023\/01\/WhatsApp-Image-2023-01-21-at-1.07.26-PM-640x853.jpeg 640w, https:\/\/nahuelproducciones.com.ar\/radioquijano\/wp-content\/uploads\/2023\/01\/WhatsApp-Image-2023-01-21-at-1.07.26-PM-150x200.jpeg 150w, https:\/\/nahuelproducciones.com.ar\/radioquijano\/wp-content\/uploads\/2023\/01\/WhatsApp-Image-2023-01-21-at-1.07.26-PM.jpeg 1200w\" sizes=\"auto, (max-width: 768px) 100vw, 768px\" \/><\/figure><\/li><li class=\"blocks-gallery-item\"><figure><img loading=\"lazy\" decoding=\"async\" width=\"768\" height=\"1024\" src=\"https:\/\/nahuelproducciones.com.ar\/radioquijano\/wp-content\/uploads\/2023\/01\/WhatsApp-Image-2023-01-21-at-12.07.03-PM-1-e1674482665862-768x1024.jpeg\" alt=\"\" data-id=\"4290\" data-link=\"https:\/\/nahuelproducciones.com.ar\/radioquijano\/?attachment_id=4290\" class=\"wp-image-4290\" srcset=\"https:\/\/nahuelproducciones.com.ar\/radioquijano\/wp-content\/uploads\/2023\/01\/WhatsApp-Image-2023-01-21-at-12.07.03-PM-1-e1674482665862-768x1024.jpeg 768w, https:\/\/nahuelproducciones.com.ar\/radioquijano\/wp-content\/uploads\/2023\/01\/WhatsApp-Image-2023-01-21-at-12.07.03-PM-1-e1674482665862-225x300.jpeg 225w, https:\/\/nahuelproducciones.com.ar\/radioquijano\/wp-content\/uploads\/2023\/01\/WhatsApp-Image-2023-01-21-at-12.07.03-PM-1-e1674482665862-640x853.jpeg 640w, https:\/\/nahuelproducciones.com.ar\/radioquijano\/wp-content\/uploads\/2023\/01\/WhatsApp-Image-2023-01-21-at-12.07.03-PM-1-e1674482665862-150x200.jpeg 150w, https:\/\/nahuelproducciones.com.ar\/radioquijano\/wp-content\/uploads\/2023\/01\/WhatsApp-Image-2023-01-21-at-12.07.03-PM-1-e1674482665862.jpeg 960w\" sizes=\"auto, (max-width: 768px) 100vw, 768px\" \/><\/figure><\/li><li class=\"blocks-gallery-item\"><figure><img loading=\"lazy\" decoding=\"async\" width=\"768\" height=\"1024\" src=\"https:\/\/nahuelproducciones.com.ar\/radioquijano\/wp-content\/uploads\/2023\/01\/WhatsApp-Image-2023-01-21-at-1.07.27-PM-768x1024.jpeg\" alt=\"\" data-id=\"4287\" data-link=\"https:\/\/nahuelproducciones.com.ar\/radioquijano\/?attachment_id=4287\" class=\"wp-image-4287\" srcset=\"https:\/\/nahuelproducciones.com.ar\/radioquijano\/wp-content\/uploads\/2023\/01\/WhatsApp-Image-2023-01-21-at-1.07.27-PM-768x1024.jpeg 768w, https:\/\/nahuelproducciones.com.ar\/radioquijano\/wp-content\/uploads\/2023\/01\/WhatsApp-Image-2023-01-21-at-1.07.27-PM-225x300.jpeg 225w, https:\/\/nahuelproducciones.com.ar\/radioquijano\/wp-content\/uploads\/2023\/01\/WhatsApp-Image-2023-01-21-at-1.07.27-PM-1152x1536.jpeg 1152w, https:\/\/nahuelproducciones.com.ar\/radioquijano\/wp-content\/uploads\/2023\/01\/WhatsApp-Image-2023-01-21-at-1.07.27-PM-640x853.jpeg 640w, https:\/\/nahuelproducciones.com.ar\/radioquijano\/wp-content\/uploads\/2023\/01\/WhatsApp-Image-2023-01-21-at-1.07.27-PM-150x200.jpeg 150w, https:\/\/nahuelproducciones.com.ar\/radioquijano\/wp-content\/uploads\/2023\/01\/WhatsApp-Image-2023-01-21-at-1.07.27-PM.jpeg 1200w\" sizes=\"auto, (max-width: 768px) 100vw, 768px\" \/><\/figure><\/li><li class=\"blocks-gallery-item\"><figure><img loading=\"lazy\" decoding=\"async\" width=\"768\" height=\"1024\" src=\"https:\/\/nahuelproducciones.com.ar\/radioquijano\/wp-content\/uploads\/2023\/01\/WhatsApp-Image-2023-01-21-at-12.07.04-PM-768x1024.jpeg\" alt=\"\" data-id=\"4289\" data-link=\"https:\/\/nahuelproducciones.com.ar\/radioquijano\/?attachment_id=4289\" class=\"wp-image-4289\" srcset=\"https:\/\/nahuelproducciones.com.ar\/radioquijano\/wp-content\/uploads\/2023\/01\/WhatsApp-Image-2023-01-21-at-12.07.04-PM-768x1024.jpeg 768w, https:\/\/nahuelproducciones.com.ar\/radioquijano\/wp-content\/uploads\/2023\/01\/WhatsApp-Image-2023-01-21-at-12.07.04-PM-225x300.jpeg 225w, https:\/\/nahuelproducciones.com.ar\/radioquijano\/wp-content\/uploads\/2023\/01\/WhatsApp-Image-2023-01-21-at-12.07.04-PM-1152x1536.jpeg 1152w, https:\/\/nahuelproducciones.com.ar\/radioquijano\/wp-content\/uploads\/2023\/01\/WhatsApp-Image-2023-01-21-at-12.07.04-PM-640x853.jpeg 640w, https:\/\/nahuelproducciones.com.ar\/radioquijano\/wp-content\/uploads\/2023\/01\/WhatsApp-Image-2023-01-21-at-12.07.04-PM-150x200.jpeg 150w, https:\/\/nahuelproducciones.com.ar\/radioquijano\/wp-content\/uploads\/2023\/01\/WhatsApp-Image-2023-01-21-at-12.07.04-PM.jpeg 1200w\" sizes=\"auto, (max-width: 768px) 100vw, 768px\" \/><\/figure><\/li><\/ul><figcaption class=\"blocks-gallery-caption\"><a href=\"https:\/\/nahuelproducciones.com.ar\/index.php\/rq999\" target=\"_blank\" rel=\"noreferrer noopener\">#RQ99.9Mhz<\/a>\u00a0<a href=\"https:\/\/nahuelproducciones.com.ar\/\" target=\"_blank\" rel=\"noreferrer noopener\">#CAMPOQUIJANO<\/a>\u00a0<a href=\"http:\/\/nahuelproducciones.com.ar\/radioquijano\/\" target=\"_blank\" rel=\"noreferrer noopener\">#RadioQuijano<\/a><\/figcaption><\/figure>\n<\/div>\n<\/div>\n<\/div>\n<\/div>\n\n\n\n<p><\/p>\n\n\n\n<p><\/p>\n\n\n\n<p><\/p>\n","protected":false},"excerpt":{"rendered":"<p>Dos j\u00f3venes fueron atacados a cuchilladas cuando se encontraban cerca del Camping Municipal \u00abJuanillo L\u00f3pez\u00bb. El hecho ocurri\u00f3 en la tarde del jueves 19 de este mes, los heridos cuentan que se encontraban por la esquina del camping sentados donde en un momento los acusados pasaron en una motocicleta 250 cc color blanca y al [&hellip;]<\/p>\n","protected":false},"author":8,"featured_media":4291,"comment_status":"open","ping_status":"open","sticky":false,"template":"","format":"standard","meta":{"_monsterinsights_skip_tracking":false,"_monsterinsights_sitenote_active":false,"_monsterinsights_sitenote_note":"","_monsterinsights_sitenote_category":0,"footnotes":""},"categories":[16],"tags":[837,36,71],"class_list":["post-4285","post","type-post","status-publish","format-standard","has-post-thumbnail","hentry","category-noticias","tag-arma-blanca","tag-campo-quijano","tag-municipalidad-de-campo-quijano"],"yoast_head":"<!-- This site is optimized with the Yoast SEO plugin v20.8 - https:\/\/yoast.com\/wordpress\/plugins\/seo\/ -->\n<title>Hieren a j\u00f3venes a cuchilladas en Campo Quijano. - RQ 99.9<\/title>\n<meta name=\"description\" content=\"A este momento ya se encuentran en buen estado de salud y con alta m\u00e9dica.\" \/>\n<meta name=\"robots\" content=\"index, follow, max-snippet:-1, max-image-preview:large, max-video-preview:-1\" \/>\n<link rel=\"canonical\" href=\"https:\/\/nahuelproducciones.com.ar\/radioquijano\/hieren-a-jovenes-a-cuchillazos-en-campo-quijano\/\" \/>\n<meta property=\"og:locale\" content=\"es_ES\" \/>\n<meta property=\"og:type\" content=\"article\" \/>\n<meta property=\"og:title\" content=\"Hieren a j\u00f3venes a cuchilladas en Campo Quijano. - RQ 99.9\" \/>\n<meta property=\"og:description\" content=\"A este momento ya se encuentran en buen estado de salud y con alta m\u00e9dica.\" \/>\n<meta property=\"og:url\" content=\"https:\/\/nahuelproducciones.com.ar\/radioquijano\/hieren-a-jovenes-a-cuchillazos-en-campo-quijano\/\" \/>\n<meta property=\"og:site_name\" content=\"RQ 99.9\" \/>\n<meta property=\"article:publisher\" content=\"https:\/\/www.facebook.com\/nahuelproducciones999\/\" \/>\n<meta property=\"article:published_time\" content=\"2023-01-23T14:10:47+00:00\" \/>\n<meta property=\"article:modified_time\" content=\"2023-01-23T14:16:36+00:00\" \/>\n<meta property=\"og:image\" content=\"https:\/\/nahuelproducciones.com.ar\/radioquijano\/wp-content\/uploads\/2023\/01\/WhatsApp-Image-2023-01-21-at-11.45.43-AM-e1674482929346.jpeg\" \/>\n\t<meta property=\"og:image:width\" content=\"700\" \/>\n\t<meta property=\"og:image:height\" content=\"525\" \/>\n\t<meta property=\"og:image:type\" content=\"image\/jpeg\" \/>\n<meta name=\"author\" content=\"Cecilia Pastrana\" \/>\n<meta name=\"twitter:card\" content=\"summary_large_image\" \/>\n<meta name=\"twitter:creator\" content=\"@nahuproduciones\" \/>\n<meta name=\"twitter:site\" content=\"@nahuproduciones\" \/>\n<meta name=\"twitter:label1\" content=\"Escrito por\" \/>\n\t<meta name=\"twitter:data1\" content=\"Cecilia Pastrana\" \/>\n\t<meta name=\"twitter:label2\" content=\"Tiempo de lectura\" \/>\n\t<meta name=\"twitter:data2\" content=\"2 minutos\" \/>\n<script type=\"application\/ld+json\" class=\"yoast-schema-graph\">{\"@context\":\"https:\/\/schema.org\",\"@graph\":[{\"@type\":\"WebPage\",\"@id\":\"https:\/\/nahuelproducciones.com.ar\/radioquijano\/hieren-a-jovenes-a-cuchillazos-en-campo-quijano\/\",\"url\":\"https:\/\/nahuelproducciones.com.ar\/radioquijano\/hieren-a-jovenes-a-cuchillazos-en-campo-quijano\/\",\"name\":\"Hieren a j\u00f3venes a cuchilladas en Campo Quijano. - RQ 99.9\",\"isPartOf\":{\"@id\":\"https:\/\/nahuelproducciones.com.ar\/radioquijano\/#website\"},\"datePublished\":\"2023-01-23T14:10:47+00:00\",\"dateModified\":\"2023-01-23T14:16:36+00:00\",\"author\":{\"@id\":\"https:\/\/nahuelproducciones.com.ar\/radioquijano\/#\/schema\/person\/e8a4f939e2cb487fe6d0c54042c9d32c\"},\"description\":\"A este momento ya se encuentran en buen estado de salud y con alta m\u00e9dica.\",\"breadcrumb\":{\"@id\":\"https:\/\/nahuelproducciones.com.ar\/radioquijano\/hieren-a-jovenes-a-cuchillazos-en-campo-quijano\/#breadcrumb\"},\"inLanguage\":\"es\",\"potentialAction\":[{\"@type\":\"ReadAction\",\"target\":[\"https:\/\/nahuelproducciones.com.ar\/radioquijano\/hieren-a-jovenes-a-cuchillazos-en-campo-quijano\/\"]}]},{\"@type\":\"BreadcrumbList\",\"@id\":\"https:\/\/nahuelproducciones.com.ar\/radioquijano\/hieren-a-jovenes-a-cuchillazos-en-campo-quijano\/#breadcrumb\",\"itemListElement\":[{\"@type\":\"ListItem\",\"position\":1,\"name\":\"Portada\",\"item\":\"https:\/\/nahuelproducciones.com.ar\/radioquijano\/\"},{\"@type\":\"ListItem\",\"position\":2,\"name\":\"Hieren a j\u00f3venes a cuchilladas en Campo Quijano.\"}]},{\"@type\":\"WebSite\",\"@id\":\"https:\/\/nahuelproducciones.com.ar\/radioquijano\/#website\",\"url\":\"https:\/\/nahuelproducciones.com.ar\/radioquijano\/\",\"name\":\"RQ 99.9\",\"description\":\"Radio Quijano 99.9 MHz\",\"potentialAction\":[{\"@type\":\"SearchAction\",\"target\":{\"@type\":\"EntryPoint\",\"urlTemplate\":\"https:\/\/nahuelproducciones.com.ar\/radioquijano\/?s={search_term_string}\"},\"query-input\":\"required name=search_term_string\"}],\"inLanguage\":\"es\"},{\"@type\":\"Person\",\"@id\":\"https:\/\/nahuelproducciones.com.ar\/radioquijano\/#\/schema\/person\/e8a4f939e2cb487fe6d0c54042c9d32c\",\"name\":\"Cecilia Pastrana\",\"image\":{\"@type\":\"ImageObject\",\"inLanguage\":\"es\",\"@id\":\"https:\/\/nahuelproducciones.com.ar\/radioquijano\/#\/schema\/person\/image\/\",\"url\":\"https:\/\/secure.gravatar.com\/avatar\/661a3ef63a8488d4f2794ed44af8cf71420f7e106f3072c40125114df5157749?s=96&d=mm&r=g\",\"contentUrl\":\"https:\/\/secure.gravatar.com\/avatar\/661a3ef63a8488d4f2794ed44af8cf71420f7e106f3072c40125114df5157749?s=96&d=mm&r=g\",\"caption\":\"Cecilia Pastrana\"},\"sameAs\":[\"cecy\"],\"url\":\"https:\/\/nahuelproducciones.com.ar\/radioquijano\/author\/cecy\/\"}]}<\/script>\n<!-- \/ Yoast SEO plugin. -->","yoast_head_json":{"title":"Hieren a j\u00f3venes a cuchilladas en Campo Quijano. - RQ 99.9","description":"A este momento ya se encuentran en buen estado de salud y con alta m\u00e9dica.","robots":{"index":"index","follow":"follow","max-snippet":"max-snippet:-1","max-image-preview":"max-image-preview:large","max-video-preview":"max-video-preview:-1"},"canonical":"https:\/\/nahuelproducciones.com.ar\/radioquijano\/hieren-a-jovenes-a-cuchillazos-en-campo-quijano\/","og_locale":"es_ES","og_type":"article","og_title":"Hieren a j\u00f3venes a cuchilladas en Campo Quijano. - RQ 99.9","og_description":"A este momento ya se encuentran en buen estado de salud y con alta m\u00e9dica.","og_url":"https:\/\/nahuelproducciones.com.ar\/radioquijano\/hieren-a-jovenes-a-cuchillazos-en-campo-quijano\/","og_site_name":"RQ 99.9","article_publisher":"https:\/\/www.facebook.com\/nahuelproducciones999\/","article_published_time":"2023-01-23T14:10:47+00:00","article_modified_time":"2023-01-23T14:16:36+00:00","og_image":[{"width":700,"height":525,"url":"https:\/\/nahuelproducciones.com.ar\/radioquijano\/wp-content\/uploads\/2023\/01\/WhatsApp-Image-2023-01-21-at-11.45.43-AM-e1674482929346.jpeg","type":"image\/jpeg"}],"author":"Cecilia Pastrana","twitter_card":"summary_large_image","twitter_creator":"@nahuproduciones","twitter_site":"@nahuproduciones","twitter_misc":{"Escrito por":"Cecilia Pastrana","Tiempo de lectura":"2 minutos"},"schema":{"@context":"https:\/\/schema.org","@graph":[{"@type":"WebPage","@id":"https:\/\/nahuelproducciones.com.ar\/radioquijano\/hieren-a-jovenes-a-cuchillazos-en-campo-quijano\/","url":"https:\/\/nahuelproducciones.com.ar\/radioquijano\/hieren-a-jovenes-a-cuchillazos-en-campo-quijano\/","name":"Hieren a j\u00f3venes a cuchilladas en Campo Quijano. - RQ 99.9","isPartOf":{"@id":"https:\/\/nahuelproducciones.com.ar\/radioquijano\/#website"},"datePublished":"2023-01-23T14:10:47+00:00","dateModified":"2023-01-23T14:16:36+00:00","author":{"@id":"https:\/\/nahuelproducciones.com.ar\/radioquijano\/#\/schema\/person\/e8a4f939e2cb487fe6d0c54042c9d32c"},"description":"A este momento ya se encuentran en buen estado de salud y con alta m\u00e9dica.","breadcrumb":{"@id":"https:\/\/nahuelproducciones.com.ar\/radioquijano\/hieren-a-jovenes-a-cuchillazos-en-campo-quijano\/#breadcrumb"},"inLanguage":"es","potentialAction":[{"@type":"ReadAction","target":["https:\/\/nahuelproducciones.com.ar\/radioquijano\/hieren-a-jovenes-a-cuchillazos-en-campo-quijano\/"]}]},{"@type":"BreadcrumbList","@id":"https:\/\/nahuelproducciones.com.ar\/radioquijano\/hieren-a-jovenes-a-cuchillazos-en-campo-quijano\/#breadcrumb","itemListElement":[{"@type":"ListItem","position":1,"name":"Portada","item":"https:\/\/nahuelproducciones.com.ar\/radioquijano\/"},{"@type":"ListItem","position":2,"name":"Hieren a j\u00f3venes a cuchilladas en Campo Quijano."}]},{"@type":"WebSite","@id":"https:\/\/nahuelproducciones.com.ar\/radioquijano\/#website","url":"https:\/\/nahuelproducciones.com.ar\/radioquijano\/","name":"RQ 99.9","description":"Radio Quijano 99.9 MHz","potentialAction":[{"@type":"SearchAction","target":{"@type":"EntryPoint","urlTemplate":"https:\/\/nahuelproducciones.com.ar\/radioquijano\/?s={search_term_string}"},"query-input":"required name=search_term_string"}],"inLanguage":"es"},{"@type":"Person","@id":"https:\/\/nahuelproducciones.com.ar\/radioquijano\/#\/schema\/person\/e8a4f939e2cb487fe6d0c54042c9d32c","name":"Cecilia Pastrana","image":{"@type":"ImageObject","inLanguage":"es","@id":"https:\/\/nahuelproducciones.com.ar\/radioquijano\/#\/schema\/person\/image\/","url":"https:\/\/secure.gravatar.com\/avatar\/661a3ef63a8488d4f2794ed44af8cf71420f7e106f3072c40125114df5157749?s=96&d=mm&r=g","contentUrl":"https:\/\/secure.gravatar.com\/avatar\/661a3ef63a8488d4f2794ed44af8cf71420f7e106f3072c40125114df5157749?s=96&d=mm&r=g","caption":"Cecilia Pastrana"},"sameAs":["cecy"],"url":"https:\/\/nahuelproducciones.com.ar\/radioquijano\/author\/cecy\/"}]}},"_links":{"self":[{"href":"https:\/\/nahuelproducciones.com.ar\/radioquijano\/wp-json\/wp\/v2\/posts\/4285","targetHints":{"allow":["GET"]}}],"collection":[{"href":"https:\/\/nahuelproducciones.com.ar\/radioquijano\/wp-json\/wp\/v2\/posts"}],"about":[{"href":"https:\/\/nahuelproducciones.com.ar\/radioquijano\/wp-json\/wp\/v2\/types\/post"}],"author":[{"embeddable":true,"href":"https:\/\/nahuelproducciones.com.ar\/radioquijano\/wp-json\/wp\/v2\/users\/8"}],"replies":[{"embeddable":true,"href":"https:\/\/nahuelproducciones.com.ar\/radioquijano\/wp-json\/wp\/v2\/comments?post=4285"}],"version-history":[{"count":3,"href":"https:\/\/nahuelproducciones.com.ar\/radioquijano\/wp-json\/wp\/v2\/posts\/4285\/revisions"}],"predecessor-version":[{"id":4297,"href":"https:\/\/nahuelproducciones.com.ar\/radioquijano\/wp-json\/wp\/v2\/posts\/4285\/revisions\/4297"}],"wp:featuredmedia":[{"embeddable":true,"href":"https:\/\/nahuelproducciones.com.ar\/radioquijano\/wp-json\/wp\/v2\/media\/4291"}],"wp:attachment":[{"href":"https:\/\/nahuelproducciones.com.ar\/radioquijano\/wp-json\/wp\/v2\/media?parent=4285"}],"wp:term":[{"taxonomy":"category","embeddable":true,"href":"https:\/\/nahuelproducciones.com.ar\/radioquijano\/wp-json\/wp\/v2\/categories?post=4285"},{"taxonomy":"post_tag","embeddable":true,"href":"https:\/\/nahuelproducciones.com.ar\/radioquijano\/wp-json\/wp\/v2\/tags?post=4285"}],"curies":[{"name":"wp","href":"https:\/\/api.w.org\/{rel}","templated":true}]}}