{"id":4331,"date":"2023-01-29T19:27:39","date_gmt":"2023-01-29T22:27:39","guid":{"rendered":"https:\/\/nahuelproducciones.com.ar\/radioquijano\/?p=4331"},"modified":"2023-01-29T20:12:19","modified_gmt":"2023-01-29T23:12:19","slug":"entrevista-al-diputado-provincial-roque-cornejo","status":"publish","type":"post","link":"https:\/\/nahuelproducciones.com.ar\/radioquijano\/entrevista-al-diputado-provincial-roque-cornejo\/","title":{"rendered":"Entrevista al Diputado provincial Roque Cornejo"},"content":{"rendered":"\n<p>Por Radio Quijano 99.9 MHz. se refiri\u00f3 a la situaci\u00f3n socio pol\u00edtica de la provincia de Salta por la falta de obras, falta de planificaci\u00f3n y de pol\u00edticas p\u00fablicas adecuadas a las necesidades de la gente.<\/p>\n\n\n\n<p>Remarc\u00f3 que solo fueron convocados por parte del gobierno provincial como parte oposici\u00f3n para hablar de la eliminaci\u00f3n de las elecciones PASO, nunca fueron consultados respecto de proyectos o ideas.<\/p>\n\n\n\n<p>Se\u00f1al\u00f3 tambi\u00e9n que existen 24.000 millones de pesos sin ejecutar. Hay partidas como el plan alimentar o las becas que nos ejecutaron.<\/p>\n\n\n\n<p>No hay plan de salud, ni programa econ\u00f3mico social, en definitiva no hay un plan de gobierno, Salta no tiene rumbo.<\/p>\n\n\n\n<p>Con respecto al gasto por publicidad de gobierno o denominada pauta oficial, el legislador indic\u00f3 que no se esta respetando la ley nacional de \u00e9tica p\u00fablica, ya que la pauta oficial no puede ser usada como propaganda electoral pol\u00edtica.<\/p>\n\n\n\n<p>En cuanto a AVENCEMOS SALTA y la nueva mayor\u00eda convocada por Salta independiente y en donde tambi\u00e9n est\u00e1 Ahora Patria  y otros estratos pol\u00edticos conjugan la voluntad de una Salta de pie, opositora al gobierno de Gustavo S\u00e1enz.<\/p>\n\n\n\n<p>Escucha la entrevista aqui:<\/p>\n\n\n\n<figure class=\"wp-block-audio\"><audio controls src=\"https:\/\/nahuelproducciones.com.ar\/radioquijano\/wp-content\/uploads\/2023\/01\/28-01-2023-Diputado-Roque-Cornejo.mp3\"><\/audio><\/figure>\n","protected":false},"excerpt":{"rendered":"<p>Por Radio Quijano 99.9 MHz. se refiri\u00f3 a la situaci\u00f3n socio pol\u00edtica de la provincia de Salta por la falta de obras, falta de planificaci\u00f3n y de pol\u00edticas p\u00fablicas adecuadas a las necesidades de la gente. Remarc\u00f3 que solo fueron convocados por parte del gobierno provincial como parte oposici\u00f3n para hablar de la eliminaci\u00f3n de [&hellip;]<\/p>\n","protected":false},"author":6,"featured_media":4335,"comment_status":"open","ping_status":"open","sticky":false,"template":"","format":"standard","meta":{"_monsterinsights_skip_tracking":false,"_monsterinsights_sitenote_active":false,"_monsterinsights_sitenote_note":"","_monsterinsights_sitenote_category":0,"footnotes":""},"categories":[16],"tags":[850,852,855,853,65,28,851,854],"class_list":["post-4331","post","type-post","status-publish","format-standard","has-post-thumbnail","hentry","category-noticias","tag-ahora-patria","tag-avancemos-salta","tag-cristina-fiore","tag-felipe-biella","tag-gustavo-saenz","tag-salta","tag-salta-independiente","tag-zapata"],"yoast_head":"<!-- This site is optimized with the Yoast SEO plugin v20.8 - https:\/\/yoast.com\/wordpress\/plugins\/seo\/ -->\n<title>Entrevista al Diputado provincial Roque Cornejo - RQ 99.9<\/title>\n<meta name=\"robots\" content=\"index, follow, max-snippet:-1, max-image-preview:large, max-video-preview:-1\" \/>\n<link rel=\"canonical\" href=\"https:\/\/nahuelproducciones.com.ar\/radioquijano\/entrevista-al-diputado-provincial-roque-cornejo\/\" \/>\n<meta property=\"og:locale\" content=\"es_ES\" \/>\n<meta property=\"og:type\" content=\"article\" \/>\n<meta property=\"og:title\" content=\"Entrevista al Diputado provincial Roque Cornejo - RQ 99.9\" \/>\n<meta property=\"og:description\" content=\"Por Radio Quijano 99.9 MHz. se refiri\u00f3 a la situaci\u00f3n socio pol\u00edtica de la provincia de Salta por la falta de obras, falta de planificaci\u00f3n y de pol\u00edticas p\u00fablicas adecuadas a las necesidades de la gente. Remarc\u00f3 que solo fueron convocados por parte del gobierno provincial como parte oposici\u00f3n para hablar de la eliminaci\u00f3n de [&hellip;]\" \/>\n<meta property=\"og:url\" content=\"https:\/\/nahuelproducciones.com.ar\/radioquijano\/entrevista-al-diputado-provincial-roque-cornejo\/\" \/>\n<meta property=\"og:site_name\" content=\"RQ 99.9\" \/>\n<meta property=\"article:publisher\" content=\"https:\/\/www.facebook.com\/nahuelproducciones999\/\" \/>\n<meta property=\"article:published_time\" content=\"2023-01-29T22:27:39+00:00\" \/>\n<meta property=\"article:modified_time\" content=\"2023-01-29T23:12:19+00:00\" \/>\n<meta property=\"og:image\" content=\"https:\/\/nahuelproducciones.com.ar\/radioquijano\/wp-content\/uploads\/2023\/01\/DIPUTADO-ROQUE-CORNEJO.jpeg\" \/>\n\t<meta property=\"og:image:width\" content=\"700\" \/>\n\t<meta property=\"og:image:height\" content=\"381\" \/>\n\t<meta property=\"og:image:type\" content=\"image\/jpeg\" \/>\n<meta name=\"author\" content=\"Ricardo Guzman\" \/>\n<meta name=\"twitter:card\" content=\"summary_large_image\" \/>\n<meta name=\"twitter:creator\" content=\"@nahuproduciones\" \/>\n<meta name=\"twitter:site\" content=\"@nahuproduciones\" \/>\n<meta name=\"twitter:label1\" content=\"Escrito por\" \/>\n\t<meta name=\"twitter:data1\" content=\"Ricardo Guzman\" \/>\n\t<meta name=\"twitter:label2\" content=\"Tiempo de lectura\" \/>\n\t<meta name=\"twitter:data2\" content=\"1 minuto\" \/>\n<script type=\"application\/ld+json\" class=\"yoast-schema-graph\">{\"@context\":\"https:\/\/schema.org\",\"@graph\":[{\"@type\":\"WebPage\",\"@id\":\"https:\/\/nahuelproducciones.com.ar\/radioquijano\/entrevista-al-diputado-provincial-roque-cornejo\/\",\"url\":\"https:\/\/nahuelproducciones.com.ar\/radioquijano\/entrevista-al-diputado-provincial-roque-cornejo\/\",\"name\":\"Entrevista al Diputado provincial Roque Cornejo - RQ 99.9\",\"isPartOf\":{\"@id\":\"https:\/\/nahuelproducciones.com.ar\/radioquijano\/#website\"},\"datePublished\":\"2023-01-29T22:27:39+00:00\",\"dateModified\":\"2023-01-29T23:12:19+00:00\",\"author\":{\"@id\":\"https:\/\/nahuelproducciones.com.ar\/radioquijano\/#\/schema\/person\/b9b81a110cbdf07949e2cd02d478ab9d\"},\"breadcrumb\":{\"@id\":\"https:\/\/nahuelproducciones.com.ar\/radioquijano\/entrevista-al-diputado-provincial-roque-cornejo\/#breadcrumb\"},\"inLanguage\":\"es\",\"potentialAction\":[{\"@type\":\"ReadAction\",\"target\":[\"https:\/\/nahuelproducciones.com.ar\/radioquijano\/entrevista-al-diputado-provincial-roque-cornejo\/\"]}]},{\"@type\":\"BreadcrumbList\",\"@id\":\"https:\/\/nahuelproducciones.com.ar\/radioquijano\/entrevista-al-diputado-provincial-roque-cornejo\/#breadcrumb\",\"itemListElement\":[{\"@type\":\"ListItem\",\"position\":1,\"name\":\"Portada\",\"item\":\"https:\/\/nahuelproducciones.com.ar\/radioquijano\/\"},{\"@type\":\"ListItem\",\"position\":2,\"name\":\"Entrevista al Diputado provincial Roque Cornejo\"}]},{\"@type\":\"WebSite\",\"@id\":\"https:\/\/nahuelproducciones.com.ar\/radioquijano\/#website\",\"url\":\"https:\/\/nahuelproducciones.com.ar\/radioquijano\/\",\"name\":\"RQ 99.9\",\"description\":\"Radio Quijano 99.9 MHz\",\"potentialAction\":[{\"@type\":\"SearchAction\",\"target\":{\"@type\":\"EntryPoint\",\"urlTemplate\":\"https:\/\/nahuelproducciones.com.ar\/radioquijano\/?s={search_term_string}\"},\"query-input\":\"required name=search_term_string\"}],\"inLanguage\":\"es\"},{\"@type\":\"Person\",\"@id\":\"https:\/\/nahuelproducciones.com.ar\/radioquijano\/#\/schema\/person\/b9b81a110cbdf07949e2cd02d478ab9d\",\"name\":\"Ricardo Guzman\",\"image\":{\"@type\":\"ImageObject\",\"inLanguage\":\"es\",\"@id\":\"https:\/\/nahuelproducciones.com.ar\/radioquijano\/#\/schema\/person\/image\/\",\"url\":\"https:\/\/secure.gravatar.com\/avatar\/a5d582deda251f95dc882b72fc6e7b4854f88bb25c3154519210afffa7d706e8?s=96&d=mm&r=g\",\"contentUrl\":\"https:\/\/secure.gravatar.com\/avatar\/a5d582deda251f95dc882b72fc6e7b4854f88bb25c3154519210afffa7d706e8?s=96&d=mm&r=g\",\"caption\":\"Ricardo Guzman\"},\"url\":\"https:\/\/nahuelproducciones.com.ar\/radioquijano\/author\/cady\/\"}]}<\/script>\n<!-- \/ Yoast SEO plugin. -->","yoast_head_json":{"title":"Entrevista al Diputado provincial Roque Cornejo - RQ 99.9","robots":{"index":"index","follow":"follow","max-snippet":"max-snippet:-1","max-image-preview":"max-image-preview:large","max-video-preview":"max-video-preview:-1"},"canonical":"https:\/\/nahuelproducciones.com.ar\/radioquijano\/entrevista-al-diputado-provincial-roque-cornejo\/","og_locale":"es_ES","og_type":"article","og_title":"Entrevista al Diputado provincial Roque Cornejo - RQ 99.9","og_description":"Por Radio Quijano 99.9 MHz. se refiri\u00f3 a la situaci\u00f3n socio pol\u00edtica de la provincia de Salta por la falta de obras, falta de planificaci\u00f3n y de pol\u00edticas p\u00fablicas adecuadas a las necesidades de la gente. Remarc\u00f3 que solo fueron convocados por parte del gobierno provincial como parte oposici\u00f3n para hablar de la eliminaci\u00f3n de [&hellip;]","og_url":"https:\/\/nahuelproducciones.com.ar\/radioquijano\/entrevista-al-diputado-provincial-roque-cornejo\/","og_site_name":"RQ 99.9","article_publisher":"https:\/\/www.facebook.com\/nahuelproducciones999\/","article_published_time":"2023-01-29T22:27:39+00:00","article_modified_time":"2023-01-29T23:12:19+00:00","og_image":[{"width":700,"height":381,"url":"https:\/\/nahuelproducciones.com.ar\/radioquijano\/wp-content\/uploads\/2023\/01\/DIPUTADO-ROQUE-CORNEJO.jpeg","type":"image\/jpeg"}],"author":"Ricardo Guzman","twitter_card":"summary_large_image","twitter_creator":"@nahuproduciones","twitter_site":"@nahuproduciones","twitter_misc":{"Escrito por":"Ricardo Guzman","Tiempo de lectura":"1 minuto"},"schema":{"@context":"https:\/\/schema.org","@graph":[{"@type":"WebPage","@id":"https:\/\/nahuelproducciones.com.ar\/radioquijano\/entrevista-al-diputado-provincial-roque-cornejo\/","url":"https:\/\/nahuelproducciones.com.ar\/radioquijano\/entrevista-al-diputado-provincial-roque-cornejo\/","name":"Entrevista al Diputado provincial Roque Cornejo - RQ 99.9","isPartOf":{"@id":"https:\/\/nahuelproducciones.com.ar\/radioquijano\/#website"},"datePublished":"2023-01-29T22:27:39+00:00","dateModified":"2023-01-29T23:12:19+00:00","author":{"@id":"https:\/\/nahuelproducciones.com.ar\/radioquijano\/#\/schema\/person\/b9b81a110cbdf07949e2cd02d478ab9d"},"breadcrumb":{"@id":"https:\/\/nahuelproducciones.com.ar\/radioquijano\/entrevista-al-diputado-provincial-roque-cornejo\/#breadcrumb"},"inLanguage":"es","potentialAction":[{"@type":"ReadAction","target":["https:\/\/nahuelproducciones.com.ar\/radioquijano\/entrevista-al-diputado-provincial-roque-cornejo\/"]}]},{"@type":"BreadcrumbList","@id":"https:\/\/nahuelproducciones.com.ar\/radioquijano\/entrevista-al-diputado-provincial-roque-cornejo\/#breadcrumb","itemListElement":[{"@type":"ListItem","position":1,"name":"Portada","item":"https:\/\/nahuelproducciones.com.ar\/radioquijano\/"},{"@type":"ListItem","position":2,"name":"Entrevista al Diputado provincial Roque Cornejo"}]},{"@type":"WebSite","@id":"https:\/\/nahuelproducciones.com.ar\/radioquijano\/#website","url":"https:\/\/nahuelproducciones.com.ar\/radioquijano\/","name":"RQ 99.9","description":"Radio Quijano 99.9 MHz","potentialAction":[{"@type":"SearchAction","target":{"@type":"EntryPoint","urlTemplate":"https:\/\/nahuelproducciones.com.ar\/radioquijano\/?s={search_term_string}"},"query-input":"required name=search_term_string"}],"inLanguage":"es"},{"@type":"Person","@id":"https:\/\/nahuelproducciones.com.ar\/radioquijano\/#\/schema\/person\/b9b81a110cbdf07949e2cd02d478ab9d","name":"Ricardo Guzman","image":{"@type":"ImageObject","inLanguage":"es","@id":"https:\/\/nahuelproducciones.com.ar\/radioquijano\/#\/schema\/person\/image\/","url":"https:\/\/secure.gravatar.com\/avatar\/a5d582deda251f95dc882b72fc6e7b4854f88bb25c3154519210afffa7d706e8?s=96&d=mm&r=g","contentUrl":"https:\/\/secure.gravatar.com\/avatar\/a5d582deda251f95dc882b72fc6e7b4854f88bb25c3154519210afffa7d706e8?s=96&d=mm&r=g","caption":"Ricardo Guzman"},"url":"https:\/\/nahuelproducciones.com.ar\/radioquijano\/author\/cady\/"}]}},"_links":{"self":[{"href":"https:\/\/nahuelproducciones.com.ar\/radioquijano\/wp-json\/wp\/v2\/posts\/4331","targetHints":{"allow":["GET"]}}],"collection":[{"href":"https:\/\/nahuelproducciones.com.ar\/radioquijano\/wp-json\/wp\/v2\/posts"}],"about":[{"href":"https:\/\/nahuelproducciones.com.ar\/radioquijano\/wp-json\/wp\/v2\/types\/post"}],"author":[{"embeddable":true,"href":"https:\/\/nahuelproducciones.com.ar\/radioquijano\/wp-json\/wp\/v2\/users\/6"}],"replies":[{"embeddable":true,"href":"https:\/\/nahuelproducciones.com.ar\/radioquijano\/wp-json\/wp\/v2\/comments?post=4331"}],"version-history":[{"count":1,"href":"https:\/\/nahuelproducciones.com.ar\/radioquijano\/wp-json\/wp\/v2\/posts\/4331\/revisions"}],"predecessor-version":[{"id":4333,"href":"https:\/\/nahuelproducciones.com.ar\/radioquijano\/wp-json\/wp\/v2\/posts\/4331\/revisions\/4333"}],"wp:featuredmedia":[{"embeddable":true,"href":"https:\/\/nahuelproducciones.com.ar\/radioquijano\/wp-json\/wp\/v2\/media\/4335"}],"wp:attachment":[{"href":"https:\/\/nahuelproducciones.com.ar\/radioquijano\/wp-json\/wp\/v2\/media?parent=4331"}],"wp:term":[{"taxonomy":"category","embeddable":true,"href":"https:\/\/nahuelproducciones.com.ar\/radioquijano\/wp-json\/wp\/v2\/categories?post=4331"},{"taxonomy":"post_tag","embeddable":true,"href":"https:\/\/nahuelproducciones.com.ar\/radioquijano\/wp-json\/wp\/v2\/tags?post=4331"}],"curies":[{"name":"wp","href":"https:\/\/api.w.org\/{rel}","templated":true}]}}