{"id":4347,"date":"2023-02-05T09:06:00","date_gmt":"2023-02-05T12:06:00","guid":{"rendered":"https:\/\/nahuelproducciones.com.ar\/radioquijano\/?p=4347"},"modified":"2023-02-05T10:25:09","modified_gmt":"2023-02-05T13:25:09","slug":"vecinos-de-potrero-de-linares-piden-respuestas-y-folloni-no-responde","status":"publish","type":"post","link":"https:\/\/nahuelproducciones.com.ar\/radioquijano\/vecinos-de-potrero-de-linares-piden-respuestas-y-folloni-no-responde\/","title":{"rendered":"La Silleta: Vecinos de Potrero de Linares piden respuestas y Folloni, no escucha."},"content":{"rendered":"\n<p>Hace muchos a\u00f1os atr\u00e1s en la zona de Potrero de Linares fundaron la Asociaci\u00f3n de Peque\u00f1os Productores Agro-ganaderos, y con el correr del tiempo comenzaron a luchar por los derechos de las tierras donde viven y trabajan, y que son terrenos fiscales.<\/p>\n\n\n\n<p>El Concejal Ariel Gallardo y cont\u00f3 POR RQ99.9Mhz que llega a \u00e9l a fines del a\u00f1o pasado documentaci\u00f3n en donde los habitantes de la zona le cuentan la realidad que ellos viven desde el a\u00f1o 1932.<\/p>\n\n\n\n<p>El concejal cuenta que en el a\u00f1o 2019, los vecinos de Potrero de Linares, gestionaron y consiguieron que la provincia les otorgue $ 500 mil para hacer mensuras de la zona. La provincia dep\u00f3sito el dinero en la cuenta del municipio de Campo Quijano, y en esa oportunidad el ex intendente Cornejo solamente les entrego $250 mil.<\/p>\n\n\n\n<p>Tambi\u00e9n mencionaron que hablaron con Carlos Folloni , he hicieron llegar una nota y documentaci\u00f3n para que como actual intendente pueda responderles lo que pas\u00f3 con el dinero del subsidio, pero hasta la fecha Folloni no los volvi\u00f3 a contactar y no les dijo nada del dinero que a\u00fan debe \u00abtener\u00bb el municipio.<\/p>\n\n\n\n<p>En agosto del 2022 le  lleg\u00f3 a Gallardo las copias de la documentaci\u00f3n que se le acerc\u00f3 al intendente Folloni en su momento. Desde ese entonces el concejal habla con los  miembros de la asociaci\u00f3n y ellos le confirman todos  los hechos.<\/p>\n\n\n\n<p>El edil, suma a estos otros documentos que respaldan o documentan el ingreso del dinero a la cuenta del municipio y  realiza la denuncia en Fiscal\u00eda de Delitos Econ\u00f3micos.<\/p>\n\n\n\n<p>Los primeros d\u00edas de noviembre Fiscal\u00eda de Delitos Econ\u00f3micos env\u00edo un oficio al municipio preguntando por los fondos del 2019, y hasta mediados de enero de 2023 la gesti\u00f3n de Folloni no hab\u00eda respondido al pedido judicial.<\/p>\n\n\n\n<p>A Gallardo le preocupa que la actual gesti\u00f3n Municipal este dilatando la respuesta en perjuicio de la investigaci\u00f3n. Y teme que en la causa en la que Carlos Folloni denuncia al ex intendente Manuel Cornejo y que ya se encuentra con  elevaci\u00f3n a juicio oral \u00e9ste hecho no se haya investigado ya que el municipio supuestamente realiz\u00f3 un gran auditor\u00eda interna de los a\u00f1o 2017, 2018 y 2019.<\/p>\n\n\n\n<p>Escucha la entrevista completa:<\/p>\n\n\n\n<figure class=\"wp-block-audio\"><audio controls src=\"https:\/\/nahuelproducciones.com.ar\/radioquijano\/wp-content\/uploads\/2023\/02\/04-02-2022-Concejal-Sriel-Gallardo-denuncia-por-terrenos-Potrero-de-Linares.mp3\"><\/audio><\/figure>\n\n\n\n<figure class=\"wp-block-gallery aligncenter columns-2 is-cropped wp-block-gallery-1 is-layout-flex wp-block-gallery-is-layout-flex\"><ul class=\"blocks-gallery-grid\"><li class=\"blocks-gallery-item\"><figure><img loading=\"lazy\" decoding=\"async\" width=\"711\" height=\"1024\" src=\"https:\/\/nahuelproducciones.com.ar\/radioquijano\/wp-content\/uploads\/2023\/02\/ACTA-H1-711x1024.jpeg\" alt=\"\" data-id=\"4358\" data-link=\"https:\/\/nahuelproducciones.com.ar\/radioquijano\/vecinos-de-potrero-de-linares-piden-respuestas-y-folloni-no-responde\/acta-h1\/\" class=\"wp-image-4358\" srcset=\"https:\/\/nahuelproducciones.com.ar\/radioquijano\/wp-content\/uploads\/2023\/02\/ACTA-H1-711x1024.jpeg 711w, https:\/\/nahuelproducciones.com.ar\/radioquijano\/wp-content\/uploads\/2023\/02\/ACTA-H1-208x300.jpeg 208w, https:\/\/nahuelproducciones.com.ar\/radioquijano\/wp-content\/uploads\/2023\/02\/ACTA-H1-768x1107.jpeg 768w, https:\/\/nahuelproducciones.com.ar\/radioquijano\/wp-content\/uploads\/2023\/02\/ACTA-H1-150x216.jpeg 150w, https:\/\/nahuelproducciones.com.ar\/radioquijano\/wp-content\/uploads\/2023\/02\/ACTA-H1.jpeg 1063w\" sizes=\"auto, (max-width: 711px) 100vw, 711px\" \/><\/figure><\/li><li class=\"blocks-gallery-item\"><figure><img loading=\"lazy\" decoding=\"async\" width=\"720\" height=\"1024\" src=\"https:\/\/nahuelproducciones.com.ar\/radioquijano\/wp-content\/uploads\/2023\/02\/ACTA-H2-720x1024.jpeg\" alt=\"\" data-id=\"4357\" data-link=\"https:\/\/nahuelproducciones.com.ar\/radioquijano\/vecinos-de-potrero-de-linares-piden-respuestas-y-folloni-no-responde\/acta-h2\/\" class=\"wp-image-4357\" srcset=\"https:\/\/nahuelproducciones.com.ar\/radioquijano\/wp-content\/uploads\/2023\/02\/ACTA-H2-720x1024.jpeg 720w, https:\/\/nahuelproducciones.com.ar\/radioquijano\/wp-content\/uploads\/2023\/02\/ACTA-H2-211x300.jpeg 211w, https:\/\/nahuelproducciones.com.ar\/radioquijano\/wp-content\/uploads\/2023\/02\/ACTA-H2-768x1092.jpeg 768w, https:\/\/nahuelproducciones.com.ar\/radioquijano\/wp-content\/uploads\/2023\/02\/ACTA-H2-150x213.jpeg 150w, https:\/\/nahuelproducciones.com.ar\/radioquijano\/wp-content\/uploads\/2023\/02\/ACTA-H2.jpeg 1068w\" sizes=\"auto, (max-width: 720px) 100vw, 720px\" \/><\/figure><\/li><\/ul><\/figure>\n\n\n\n<figure class=\"wp-block-gallery aligncenter columns-1 is-cropped wp-block-gallery-2 is-layout-flex wp-block-gallery-is-layout-flex\"><ul class=\"blocks-gallery-grid\"><li class=\"blocks-gallery-item\"><figure><img loading=\"lazy\" decoding=\"async\" width=\"768\" height=\"1024\" src=\"https:\/\/nahuelproducciones.com.ar\/radioquijano\/wp-content\/uploads\/2023\/02\/Constancia-Secr-de-asuntos-municipaes-Miguel-Calabro-1-768x1024.jpeg\" alt=\"\" data-id=\"4361\" data-full-url=\"https:\/\/nahuelproducciones.com.ar\/radioquijano\/wp-content\/uploads\/2023\/02\/Constancia-Secr-de-asuntos-municipaes-Miguel-Calabro-1.jpeg\" data-link=\"https:\/\/nahuelproducciones.com.ar\/radioquijano\/vecinos-de-potrero-de-linares-piden-respuestas-y-folloni-no-responde\/constancia-secr-de-asuntos-municipaes-miguel-calabro-1\/\" class=\"wp-image-4361\" srcset=\"https:\/\/nahuelproducciones.com.ar\/radioquijano\/wp-content\/uploads\/2023\/02\/Constancia-Secr-de-asuntos-municipaes-Miguel-Calabro-1-768x1024.jpeg 768w, https:\/\/nahuelproducciones.com.ar\/radioquijano\/wp-content\/uploads\/2023\/02\/Constancia-Secr-de-asuntos-municipaes-Miguel-Calabro-1-225x300.jpeg 225w, https:\/\/nahuelproducciones.com.ar\/radioquijano\/wp-content\/uploads\/2023\/02\/Constancia-Secr-de-asuntos-municipaes-Miguel-Calabro-1-1152x1536.jpeg 1152w, https:\/\/nahuelproducciones.com.ar\/radioquijano\/wp-content\/uploads\/2023\/02\/Constancia-Secr-de-asuntos-municipaes-Miguel-Calabro-1-640x853.jpeg 640w, https:\/\/nahuelproducciones.com.ar\/radioquijano\/wp-content\/uploads\/2023\/02\/Constancia-Secr-de-asuntos-municipaes-Miguel-Calabro-1-150x200.jpeg 150w, https:\/\/nahuelproducciones.com.ar\/radioquijano\/wp-content\/uploads\/2023\/02\/Constancia-Secr-de-asuntos-municipaes-Miguel-Calabro-1.jpeg 1200w\" sizes=\"auto, (max-width: 768px) 100vw, 768px\" \/><\/figure><\/li><\/ul><\/figure>\n\n\n\n<figure class=\"wp-block-gallery aligncenter columns-1 is-cropped wp-block-gallery-3 is-layout-flex wp-block-gallery-is-layout-flex\"><ul class=\"blocks-gallery-grid\"><li class=\"blocks-gallery-item\"><figure><img loading=\"lazy\" decoding=\"async\" width=\"741\" height=\"1024\" src=\"https:\/\/nahuelproducciones.com.ar\/radioquijano\/wp-content\/uploads\/2023\/02\/Nota-a-Carlos-Folloni-741x1024.jpeg\" alt=\"\" data-id=\"4362\" data-full-url=\"https:\/\/nahuelproducciones.com.ar\/radioquijano\/wp-content\/uploads\/2023\/02\/Nota-a-Carlos-Folloni.jpeg\" data-link=\"https:\/\/nahuelproducciones.com.ar\/radioquijano\/vecinos-de-potrero-de-linares-piden-respuestas-y-folloni-no-responde\/nota-a-carlos-folloni\/\" class=\"wp-image-4362\" srcset=\"https:\/\/nahuelproducciones.com.ar\/radioquijano\/wp-content\/uploads\/2023\/02\/Nota-a-Carlos-Folloni-741x1024.jpeg 741w, https:\/\/nahuelproducciones.com.ar\/radioquijano\/wp-content\/uploads\/2023\/02\/Nota-a-Carlos-Folloni-217x300.jpeg 217w, https:\/\/nahuelproducciones.com.ar\/radioquijano\/wp-content\/uploads\/2023\/02\/Nota-a-Carlos-Folloni-768x1062.jpeg 768w, https:\/\/nahuelproducciones.com.ar\/radioquijano\/wp-content\/uploads\/2023\/02\/Nota-a-Carlos-Folloni-150x207.jpeg 150w, https:\/\/nahuelproducciones.com.ar\/radioquijano\/wp-content\/uploads\/2023\/02\/Nota-a-Carlos-Folloni.jpeg 1077w\" sizes=\"auto, (max-width: 741px) 100vw, 741px\" \/><\/figure><\/li><\/ul><\/figure>\n\n\n\n<figure class=\"wp-block-gallery columns-1 is-cropped wp-block-gallery-4 is-layout-flex wp-block-gallery-is-layout-flex\"><ul class=\"blocks-gallery-grid\"><li class=\"blocks-gallery-item\"><figure><img loading=\"lazy\" decoding=\"async\" width=\"621\" height=\"1024\" src=\"https:\/\/nahuelproducciones.com.ar\/radioquijano\/wp-content\/uploads\/2023\/02\/denuncia-1-621x1024.webp\" alt=\"\" data-id=\"4366\" data-full-url=\"https:\/\/nahuelproducciones.com.ar\/radioquijano\/wp-content\/uploads\/2023\/02\/denuncia-1.webp\" data-link=\"https:\/\/nahuelproducciones.com.ar\/radioquijano\/vecinos-de-potrero-de-linares-piden-respuestas-y-folloni-no-responde\/denuncia-1\/\" class=\"wp-image-4366\" srcset=\"https:\/\/nahuelproducciones.com.ar\/radioquijano\/wp-content\/uploads\/2023\/02\/denuncia-1-621x1024.webp 621w, https:\/\/nahuelproducciones.com.ar\/radioquijano\/wp-content\/uploads\/2023\/02\/denuncia-1-182x300.webp 182w, https:\/\/nahuelproducciones.com.ar\/radioquijano\/wp-content\/uploads\/2023\/02\/denuncia-1-150x247.webp 150w, https:\/\/nahuelproducciones.com.ar\/radioquijano\/wp-content\/uploads\/2023\/02\/denuncia-1.webp 677w\" sizes=\"auto, (max-width: 621px) 100vw, 621px\" \/><\/figure><\/li><\/ul><\/figure>\n\n\n\n<figure class=\"wp-block-gallery columns-1 is-cropped wp-block-gallery-5 is-layout-flex wp-block-gallery-is-layout-flex\"><ul class=\"blocks-gallery-grid\"><li class=\"blocks-gallery-item\"><figure><img loading=\"lazy\" decoding=\"async\" width=\"581\" height=\"765\" src=\"https:\/\/nahuelproducciones.com.ar\/radioquijano\/wp-content\/uploads\/2023\/02\/denuncia-2.webp\" alt=\"\" data-id=\"4367\" data-full-url=\"https:\/\/nahuelproducciones.com.ar\/radioquijano\/wp-content\/uploads\/2023\/02\/denuncia-2.webp\" data-link=\"https:\/\/nahuelproducciones.com.ar\/radioquijano\/vecinos-de-potrero-de-linares-piden-respuestas-y-folloni-no-responde\/denuncia-2\/\" class=\"wp-image-4367\" srcset=\"https:\/\/nahuelproducciones.com.ar\/radioquijano\/wp-content\/uploads\/2023\/02\/denuncia-2.webp 581w, https:\/\/nahuelproducciones.com.ar\/radioquijano\/wp-content\/uploads\/2023\/02\/denuncia-2-228x300.webp 228w, https:\/\/nahuelproducciones.com.ar\/radioquijano\/wp-content\/uploads\/2023\/02\/denuncia-2-150x198.webp 150w\" sizes=\"auto, (max-width: 581px) 100vw, 581px\" \/><\/figure><\/li><\/ul><\/figure>\n\n\n\n<figure class=\"wp-block-gallery columns-1 is-cropped wp-block-gallery-6 is-layout-flex wp-block-gallery-is-layout-flex\"><ul class=\"blocks-gallery-grid\"><li class=\"blocks-gallery-item\"><figure><img loading=\"lazy\" decoding=\"async\" width=\"607\" height=\"755\" src=\"https:\/\/nahuelproducciones.com.ar\/radioquijano\/wp-content\/uploads\/2023\/02\/denuncia-3.webp\" alt=\"\" data-id=\"4368\" data-full-url=\"https:\/\/nahuelproducciones.com.ar\/radioquijano\/wp-content\/uploads\/2023\/02\/denuncia-3.webp\" data-link=\"https:\/\/nahuelproducciones.com.ar\/radioquijano\/vecinos-de-potrero-de-linares-piden-respuestas-y-folloni-no-responde\/denuncia-3\/\" class=\"wp-image-4368\" srcset=\"https:\/\/nahuelproducciones.com.ar\/radioquijano\/wp-content\/uploads\/2023\/02\/denuncia-3.webp 607w, https:\/\/nahuelproducciones.com.ar\/radioquijano\/wp-content\/uploads\/2023\/02\/denuncia-3-241x300.webp 241w, https:\/\/nahuelproducciones.com.ar\/radioquijano\/wp-content\/uploads\/2023\/02\/denuncia-3-150x187.webp 150w\" sizes=\"auto, (max-width: 607px) 100vw, 607px\" \/><\/figure><\/li><\/ul><\/figure>\n\n\n\n<figure class=\"wp-block-gallery columns-1 is-cropped wp-block-gallery-7 is-layout-flex wp-block-gallery-is-layout-flex\"><ul class=\"blocks-gallery-grid\"><li class=\"blocks-gallery-item\"><figure><img loading=\"lazy\" decoding=\"async\" width=\"573\" height=\"777\" src=\"https:\/\/nahuelproducciones.com.ar\/radioquijano\/wp-content\/uploads\/2023\/02\/denuncia-4.webp\" alt=\"\" data-id=\"4369\" data-full-url=\"https:\/\/nahuelproducciones.com.ar\/radioquijano\/wp-content\/uploads\/2023\/02\/denuncia-4.webp\" data-link=\"https:\/\/nahuelproducciones.com.ar\/radioquijano\/vecinos-de-potrero-de-linares-piden-respuestas-y-folloni-no-responde\/denuncia-4\/\" class=\"wp-image-4369\" srcset=\"https:\/\/nahuelproducciones.com.ar\/radioquijano\/wp-content\/uploads\/2023\/02\/denuncia-4.webp 573w, https:\/\/nahuelproducciones.com.ar\/radioquijano\/wp-content\/uploads\/2023\/02\/denuncia-4-221x300.webp 221w, https:\/\/nahuelproducciones.com.ar\/radioquijano\/wp-content\/uploads\/2023\/02\/denuncia-4-150x203.webp 150w\" sizes=\"auto, (max-width: 573px) 100vw, 573px\" \/><\/figure><\/li><\/ul><\/figure>\n\n\n\n<figure class=\"wp-block-gallery columns-1 is-cropped wp-block-gallery-8 is-layout-flex wp-block-gallery-is-layout-flex\"><ul class=\"blocks-gallery-grid\"><li class=\"blocks-gallery-item\"><figure><img loading=\"lazy\" decoding=\"async\" width=\"519\" height=\"733\" src=\"https:\/\/nahuelproducciones.com.ar\/radioquijano\/wp-content\/uploads\/2023\/02\/denuncia-5.webp\" alt=\"\" data-id=\"4370\" data-full-url=\"https:\/\/nahuelproducciones.com.ar\/radioquijano\/wp-content\/uploads\/2023\/02\/denuncia-5.webp\" data-link=\"https:\/\/nahuelproducciones.com.ar\/radioquijano\/vecinos-de-potrero-de-linares-piden-respuestas-y-folloni-no-responde\/denuncia-5\/\" class=\"wp-image-4370\" srcset=\"https:\/\/nahuelproducciones.com.ar\/radioquijano\/wp-content\/uploads\/2023\/02\/denuncia-5.webp 519w, https:\/\/nahuelproducciones.com.ar\/radioquijano\/wp-content\/uploads\/2023\/02\/denuncia-5-212x300.webp 212w, https:\/\/nahuelproducciones.com.ar\/radioquijano\/wp-content\/uploads\/2023\/02\/denuncia-5-150x212.webp 150w\" sizes=\"auto, (max-width: 519px) 100vw, 519px\" \/><\/figure><\/li><\/ul><\/figure>\n","protected":false},"excerpt":{"rendered":"<p>Hace muchos a\u00f1os atr\u00e1s en la zona de Potrero de Linares fundaron la Asociaci\u00f3n de Peque\u00f1os Productores Agro-ganaderos, y con el correr del tiempo comenzaron a luchar por los derechos de las tierras donde viven y trabajan, y que son terrenos fiscales. El Concejal Ariel Gallardo y cont\u00f3 POR RQ99.9Mhz que llega a \u00e9l a [&hellip;]<\/p>\n","protected":false},"author":8,"featured_media":4356,"comment_status":"open","ping_status":"open","sticky":false,"template":"","format":"standard","meta":{"_monsterinsights_skip_tracking":false,"_monsterinsights_sitenote_active":false,"_monsterinsights_sitenote_note":"","_monsterinsights_sitenote_category":0,"footnotes":""},"categories":[16],"tags":[73,36,58,75,859,77,63,84,71,100,86,858,47,62],"class_list":["post-4347","post","type-post","status-publish","format-standard","has-post-thumbnail","hentry","category-noticias","tag-ariel-gallardo","tag-campo-quijano","tag-carlos-folloni","tag-concejo-deliberante-de-campo-quijano","tag-diputados","tag-la-silleta","tag-lino-yonar","tag-manuel-cornejo","tag-municipalidad-de-campo-quijano","tag-municipio-de-campo-quijano","tag-nacho-jarsun","tag-potrero-de-linares","tag-rosario-de-lerma","tag-topo-ramos"],"yoast_head":"<!-- This site is optimized with the Yoast SEO plugin v20.8 - https:\/\/yoast.com\/wordpress\/plugins\/seo\/ -->\n<title>La Silleta: Vecinos de Potrero de Linares piden respuestas y Folloni, no escucha. - RQ 99.9<\/title>\n<meta name=\"description\" content=\"Los primeros d\u00edas de noviembre Fiscal\u00eda de Delitos Econ\u00f3mico env\u00edo un oficio al municipio preguntando por los fondos del 2019, y hasta mediados de enero de 2023 la gesti\u00f3n de Folloni no hab\u00eda contestado al ofici\u00f3.\" \/>\n<meta name=\"robots\" content=\"index, follow, max-snippet:-1, max-image-preview:large, max-video-preview:-1\" \/>\n<link rel=\"canonical\" href=\"https:\/\/nahuelproducciones.com.ar\/radioquijano\/vecinos-de-potrero-de-linares-piden-respuestas-y-folloni-no-responde\/\" \/>\n<meta property=\"og:locale\" content=\"es_ES\" \/>\n<meta property=\"og:type\" content=\"article\" \/>\n<meta property=\"og:title\" content=\"La Silleta: Vecinos de Potrero de Linares piden respuestas y Folloni, no escucha. - RQ 99.9\" \/>\n<meta property=\"og:description\" content=\"Los primeros d\u00edas de noviembre Fiscal\u00eda de Delitos Econ\u00f3mico env\u00edo un oficio al municipio preguntando por los fondos del 2019, y hasta mediados de enero de 2023 la gesti\u00f3n de Folloni no hab\u00eda contestado al ofici\u00f3.\" \/>\n<meta property=\"og:url\" content=\"https:\/\/nahuelproducciones.com.ar\/radioquijano\/vecinos-de-potrero-de-linares-piden-respuestas-y-folloni-no-responde\/\" \/>\n<meta property=\"og:site_name\" content=\"RQ 99.9\" \/>\n<meta property=\"article:publisher\" content=\"https:\/\/www.facebook.com\/nahuelproducciones999\/\" \/>\n<meta property=\"article:published_time\" content=\"2023-02-05T12:06:00+00:00\" \/>\n<meta property=\"article:modified_time\" content=\"2023-02-05T13:25:09+00:00\" \/>\n<meta property=\"og:image\" content=\"https:\/\/nahuelproducciones.com.ar\/radioquijano\/wp-content\/uploads\/2023\/02\/potrero-de-Linares.jpg\" \/>\n\t<meta property=\"og:image:width\" content=\"719\" \/>\n\t<meta property=\"og:image:height\" content=\"411\" \/>\n\t<meta property=\"og:image:type\" content=\"image\/jpeg\" \/>\n<meta name=\"author\" content=\"Cecilia Pastrana\" \/>\n<meta name=\"twitter:card\" content=\"summary_large_image\" \/>\n<meta name=\"twitter:creator\" content=\"@nahuproduciones\" \/>\n<meta name=\"twitter:site\" content=\"@nahuproduciones\" \/>\n<meta name=\"twitter:label1\" content=\"Escrito por\" \/>\n\t<meta name=\"twitter:data1\" content=\"Cecilia Pastrana\" \/>\n\t<meta name=\"twitter:label2\" content=\"Tiempo de lectura\" \/>\n\t<meta name=\"twitter:data2\" content=\"4 minutos\" \/>\n<script type=\"application\/ld+json\" class=\"yoast-schema-graph\">{\"@context\":\"https:\/\/schema.org\",\"@graph\":[{\"@type\":\"WebPage\",\"@id\":\"https:\/\/nahuelproducciones.com.ar\/radioquijano\/vecinos-de-potrero-de-linares-piden-respuestas-y-folloni-no-responde\/\",\"url\":\"https:\/\/nahuelproducciones.com.ar\/radioquijano\/vecinos-de-potrero-de-linares-piden-respuestas-y-folloni-no-responde\/\",\"name\":\"La Silleta: Vecinos de Potrero de Linares piden respuestas y Folloni, no escucha. - RQ 99.9\",\"isPartOf\":{\"@id\":\"https:\/\/nahuelproducciones.com.ar\/radioquijano\/#website\"},\"datePublished\":\"2023-02-05T12:06:00+00:00\",\"dateModified\":\"2023-02-05T13:25:09+00:00\",\"author\":{\"@id\":\"https:\/\/nahuelproducciones.com.ar\/radioquijano\/#\/schema\/person\/e8a4f939e2cb487fe6d0c54042c9d32c\"},\"description\":\"Los primeros d\u00edas de noviembre Fiscal\u00eda de Delitos Econ\u00f3mico env\u00edo un oficio al municipio preguntando por los fondos del 2019, y hasta mediados de enero de 2023 la gesti\u00f3n de Folloni no hab\u00eda contestado al ofici\u00f3.\",\"breadcrumb\":{\"@id\":\"https:\/\/nahuelproducciones.com.ar\/radioquijano\/vecinos-de-potrero-de-linares-piden-respuestas-y-folloni-no-responde\/#breadcrumb\"},\"inLanguage\":\"es\",\"potentialAction\":[{\"@type\":\"ReadAction\",\"target\":[\"https:\/\/nahuelproducciones.com.ar\/radioquijano\/vecinos-de-potrero-de-linares-piden-respuestas-y-folloni-no-responde\/\"]}]},{\"@type\":\"BreadcrumbList\",\"@id\":\"https:\/\/nahuelproducciones.com.ar\/radioquijano\/vecinos-de-potrero-de-linares-piden-respuestas-y-folloni-no-responde\/#breadcrumb\",\"itemListElement\":[{\"@type\":\"ListItem\",\"position\":1,\"name\":\"Portada\",\"item\":\"https:\/\/nahuelproducciones.com.ar\/radioquijano\/\"},{\"@type\":\"ListItem\",\"position\":2,\"name\":\"La Silleta: Vecinos de Potrero de Linares piden respuestas y Folloni, no escucha.\"}]},{\"@type\":\"WebSite\",\"@id\":\"https:\/\/nahuelproducciones.com.ar\/radioquijano\/#website\",\"url\":\"https:\/\/nahuelproducciones.com.ar\/radioquijano\/\",\"name\":\"RQ 99.9\",\"description\":\"Radio Quijano 99.9 MHz\",\"potentialAction\":[{\"@type\":\"SearchAction\",\"target\":{\"@type\":\"EntryPoint\",\"urlTemplate\":\"https:\/\/nahuelproducciones.com.ar\/radioquijano\/?s={search_term_string}\"},\"query-input\":\"required name=search_term_string\"}],\"inLanguage\":\"es\"},{\"@type\":\"Person\",\"@id\":\"https:\/\/nahuelproducciones.com.ar\/radioquijano\/#\/schema\/person\/e8a4f939e2cb487fe6d0c54042c9d32c\",\"name\":\"Cecilia Pastrana\",\"image\":{\"@type\":\"ImageObject\",\"inLanguage\":\"es\",\"@id\":\"https:\/\/nahuelproducciones.com.ar\/radioquijano\/#\/schema\/person\/image\/\",\"url\":\"https:\/\/secure.gravatar.com\/avatar\/661a3ef63a8488d4f2794ed44af8cf71420f7e106f3072c40125114df5157749?s=96&d=mm&r=g\",\"contentUrl\":\"https:\/\/secure.gravatar.com\/avatar\/661a3ef63a8488d4f2794ed44af8cf71420f7e106f3072c40125114df5157749?s=96&d=mm&r=g\",\"caption\":\"Cecilia Pastrana\"},\"sameAs\":[\"cecy\"],\"url\":\"https:\/\/nahuelproducciones.com.ar\/radioquijano\/author\/cecy\/\"}]}<\/script>\n<!-- \/ Yoast SEO plugin. -->","yoast_head_json":{"title":"La Silleta: Vecinos de Potrero de Linares piden respuestas y Folloni, no escucha. - RQ 99.9","description":"Los primeros d\u00edas de noviembre Fiscal\u00eda de Delitos Econ\u00f3mico env\u00edo un oficio al municipio preguntando por los fondos del 2019, y hasta mediados de enero de 2023 la gesti\u00f3n de Folloni no hab\u00eda contestado al ofici\u00f3.","robots":{"index":"index","follow":"follow","max-snippet":"max-snippet:-1","max-image-preview":"max-image-preview:large","max-video-preview":"max-video-preview:-1"},"canonical":"https:\/\/nahuelproducciones.com.ar\/radioquijano\/vecinos-de-potrero-de-linares-piden-respuestas-y-folloni-no-responde\/","og_locale":"es_ES","og_type":"article","og_title":"La Silleta: Vecinos de Potrero de Linares piden respuestas y Folloni, no escucha. - RQ 99.9","og_description":"Los primeros d\u00edas de noviembre Fiscal\u00eda de Delitos Econ\u00f3mico env\u00edo un oficio al municipio preguntando por los fondos del 2019, y hasta mediados de enero de 2023 la gesti\u00f3n de Folloni no hab\u00eda contestado al ofici\u00f3.","og_url":"https:\/\/nahuelproducciones.com.ar\/radioquijano\/vecinos-de-potrero-de-linares-piden-respuestas-y-folloni-no-responde\/","og_site_name":"RQ 99.9","article_publisher":"https:\/\/www.facebook.com\/nahuelproducciones999\/","article_published_time":"2023-02-05T12:06:00+00:00","article_modified_time":"2023-02-05T13:25:09+00:00","og_image":[{"width":719,"height":411,"url":"https:\/\/nahuelproducciones.com.ar\/radioquijano\/wp-content\/uploads\/2023\/02\/potrero-de-Linares.jpg","type":"image\/jpeg"}],"author":"Cecilia Pastrana","twitter_card":"summary_large_image","twitter_creator":"@nahuproduciones","twitter_site":"@nahuproduciones","twitter_misc":{"Escrito por":"Cecilia Pastrana","Tiempo de lectura":"4 minutos"},"schema":{"@context":"https:\/\/schema.org","@graph":[{"@type":"WebPage","@id":"https:\/\/nahuelproducciones.com.ar\/radioquijano\/vecinos-de-potrero-de-linares-piden-respuestas-y-folloni-no-responde\/","url":"https:\/\/nahuelproducciones.com.ar\/radioquijano\/vecinos-de-potrero-de-linares-piden-respuestas-y-folloni-no-responde\/","name":"La Silleta: Vecinos de Potrero de Linares piden respuestas y Folloni, no escucha. - RQ 99.9","isPartOf":{"@id":"https:\/\/nahuelproducciones.com.ar\/radioquijano\/#website"},"datePublished":"2023-02-05T12:06:00+00:00","dateModified":"2023-02-05T13:25:09+00:00","author":{"@id":"https:\/\/nahuelproducciones.com.ar\/radioquijano\/#\/schema\/person\/e8a4f939e2cb487fe6d0c54042c9d32c"},"description":"Los primeros d\u00edas de noviembre Fiscal\u00eda de Delitos Econ\u00f3mico env\u00edo un oficio al municipio preguntando por los fondos del 2019, y hasta mediados de enero de 2023 la gesti\u00f3n de Folloni no hab\u00eda contestado al ofici\u00f3.","breadcrumb":{"@id":"https:\/\/nahuelproducciones.com.ar\/radioquijano\/vecinos-de-potrero-de-linares-piden-respuestas-y-folloni-no-responde\/#breadcrumb"},"inLanguage":"es","potentialAction":[{"@type":"ReadAction","target":["https:\/\/nahuelproducciones.com.ar\/radioquijano\/vecinos-de-potrero-de-linares-piden-respuestas-y-folloni-no-responde\/"]}]},{"@type":"BreadcrumbList","@id":"https:\/\/nahuelproducciones.com.ar\/radioquijano\/vecinos-de-potrero-de-linares-piden-respuestas-y-folloni-no-responde\/#breadcrumb","itemListElement":[{"@type":"ListItem","position":1,"name":"Portada","item":"https:\/\/nahuelproducciones.com.ar\/radioquijano\/"},{"@type":"ListItem","position":2,"name":"La Silleta: Vecinos de Potrero de Linares piden respuestas y Folloni, no escucha."}]},{"@type":"WebSite","@id":"https:\/\/nahuelproducciones.com.ar\/radioquijano\/#website","url":"https:\/\/nahuelproducciones.com.ar\/radioquijano\/","name":"RQ 99.9","description":"Radio Quijano 99.9 MHz","potentialAction":[{"@type":"SearchAction","target":{"@type":"EntryPoint","urlTemplate":"https:\/\/nahuelproducciones.com.ar\/radioquijano\/?s={search_term_string}"},"query-input":"required name=search_term_string"}],"inLanguage":"es"},{"@type":"Person","@id":"https:\/\/nahuelproducciones.com.ar\/radioquijano\/#\/schema\/person\/e8a4f939e2cb487fe6d0c54042c9d32c","name":"Cecilia Pastrana","image":{"@type":"ImageObject","inLanguage":"es","@id":"https:\/\/nahuelproducciones.com.ar\/radioquijano\/#\/schema\/person\/image\/","url":"https:\/\/secure.gravatar.com\/avatar\/661a3ef63a8488d4f2794ed44af8cf71420f7e106f3072c40125114df5157749?s=96&d=mm&r=g","contentUrl":"https:\/\/secure.gravatar.com\/avatar\/661a3ef63a8488d4f2794ed44af8cf71420f7e106f3072c40125114df5157749?s=96&d=mm&r=g","caption":"Cecilia Pastrana"},"sameAs":["cecy"],"url":"https:\/\/nahuelproducciones.com.ar\/radioquijano\/author\/cecy\/"}]}},"_links":{"self":[{"href":"https:\/\/nahuelproducciones.com.ar\/radioquijano\/wp-json\/wp\/v2\/posts\/4347","targetHints":{"allow":["GET"]}}],"collection":[{"href":"https:\/\/nahuelproducciones.com.ar\/radioquijano\/wp-json\/wp\/v2\/posts"}],"about":[{"href":"https:\/\/nahuelproducciones.com.ar\/radioquijano\/wp-json\/wp\/v2\/types\/post"}],"author":[{"embeddable":true,"href":"https:\/\/nahuelproducciones.com.ar\/radioquijano\/wp-json\/wp\/v2\/users\/8"}],"replies":[{"embeddable":true,"href":"https:\/\/nahuelproducciones.com.ar\/radioquijano\/wp-json\/wp\/v2\/comments?post=4347"}],"version-history":[{"count":7,"href":"https:\/\/nahuelproducciones.com.ar\/radioquijano\/wp-json\/wp\/v2\/posts\/4347\/revisions"}],"predecessor-version":[{"id":4371,"href":"https:\/\/nahuelproducciones.com.ar\/radioquijano\/wp-json\/wp\/v2\/posts\/4347\/revisions\/4371"}],"wp:featuredmedia":[{"embeddable":true,"href":"https:\/\/nahuelproducciones.com.ar\/radioquijano\/wp-json\/wp\/v2\/media\/4356"}],"wp:attachment":[{"href":"https:\/\/nahuelproducciones.com.ar\/radioquijano\/wp-json\/wp\/v2\/media?parent=4347"}],"wp:term":[{"taxonomy":"category","embeddable":true,"href":"https:\/\/nahuelproducciones.com.ar\/radioquijano\/wp-json\/wp\/v2\/categories?post=4347"},{"taxonomy":"post_tag","embeddable":true,"href":"https:\/\/nahuelproducciones.com.ar\/radioquijano\/wp-json\/wp\/v2\/tags?post=4347"}],"curies":[{"name":"wp","href":"https:\/\/api.w.org\/{rel}","templated":true}]}}