{"id":4372,"date":"2023-02-06T10:33:26","date_gmt":"2023-02-06T13:33:26","guid":{"rendered":"https:\/\/nahuelproducciones.com.ar\/radioquijano\/?p=4372"},"modified":"2023-02-06T10:33:27","modified_gmt":"2023-02-06T13:33:27","slug":"proyecto-para-optimizar-la-circulacion-en-ruta-nacional-51","status":"publish","type":"post","link":"https:\/\/nahuelproducciones.com.ar\/radioquijano\/proyecto-para-optimizar-la-circulacion-en-ruta-nacional-51\/","title":{"rendered":"Proyecto para optimizar la circulaci\u00f3n en Ruta Nacional 51"},"content":{"rendered":"\n<p>El plan abarca la ejecuci\u00f3n de una ruta alternativa en Campo Quijano, que unir\u00e1 la RN51 con la RP36, para evitar el tr\u00e1nsito pesado por el centro del pueblo.<\/p>\n\n\n\n<p>La Ruta Nacional 51 constituye un paso obligado para las empresas mineras radicadas en La Puna salte\u00f1a, por eso esfundamental su optimizaci\u00f3n para brindar una soluci\u00f3n tanto al pueblo de Campo Quijano como a las compa\u00f1\u00edas mineras.<\/p>\n\n\n\n<p>Tambi\u00e9n se busca desarrollar un \u00e1rea industrial a la vera del nuevo trazado de la ruta, beneficiando a los habitantes de la zona y a la provincia en general.<\/p>\n\n\n\n<p>\u201cEsta obra surge desde la necesidad de incluir a las localidades de Campo Quijano y Rosario de Lerma en el crecimiento de la miner\u00eda que est\u00e1 instal\u00e1ndose en la provincia y generando puestos de trabajo y condiciones de desarrollo\u201d, manifest\u00f3&nbsp;<strong>Alberto Castillo<\/strong>, presidente de REMSa.<\/p>\n\n\n\n<p>\u201cSe consult\u00f3 con el gobernador Gustavo S\u00e1enz y se decidi\u00f3 realizar esta Bypass de la RN 51 para garantizar la seguridad vial de los vecinos de Campo Quijano, brindarles mejor infraestructura y liberarlos del tr\u00e1nsito pesado que va a seguir incrementando por el sector minero\u201d.<\/p>\n\n\n\n<p>Para ejecutar la mencionada obra, se firmar\u00e1 un convenio de colaboraci\u00f3n con la Direcci\u00f3n de Vialidad de la Provincia y REMSa, quien financiar\u00e1 la obra.<\/p>\n\n\n\n<p>\u201cUna vez pavimentada la RN51 se calcula que circular\u00edan alrededor de 700 camiones por d\u00eda, por lo que es muy necesario ordenar ese tr\u00e1nsito para seguridad de la gente\u201d, agreg\u00f3 Castillo. \u201cAdem\u00e1s se espera que esta obra genere gran beneficio y crecimiento econ\u00f3mico para todos los salte\u00f1os\u201d, remarc\u00f3.<\/p>\n\n\n\n<p>Se mantuvo una reuni\u00f3n con el intendente de Campo Quijano, Carlos Folloni y representantes de Obras P\u00fablicas de la Municipalidad; el Director de Vialidad de Salta, Jorge Gonzalo Macedo; el presidente de REMSa, Alberto Castillo y propietarios de los terrenos solicitados para la obra, para presentarles el proyecto y conocer sus opiniones, y luego se realiz\u00f3 un recorrido por la zona.<\/p>\n\n\n\n<div class=\"wp-block-image\"><figure class=\"aligncenter is-resized\"><a href=\"https:\/\/www.salta.gob.ar\/public\/images\/noticias\/contenidos\/5629-proyecto-para-optimizar-la-circulacion-en-ruta-nacional-51.jpg\"><img loading=\"lazy\" decoding=\"async\" src=\"https:\/\/www.salta.gob.ar\/public\/images\/noticias\/contenidos\/5629-proyecto-para-optimizar-la-circulacion-en-ruta-nacional-51.jpg\" alt=\"Proyecto para optimizar la circulaci\u00f3n en Ruta Nacional 51\" width=\"408\" height=\"306\"\/><\/a><\/figure><\/div>\n\n\n\n<hr class=\"wp-block-separator\"\/>\n\n\n\n<p>Fuente:&nbsp;<strong>Secretar\u00eda de Prensa y Comunicaci\u00f3n<\/strong><\/p>\n\n\n\n<p><\/p>\n","protected":false},"excerpt":{"rendered":"<p>El plan abarca la ejecuci\u00f3n de una ruta alternativa en Campo Quijano, que unir\u00e1 la RN51 con la RP36, para evitar el tr\u00e1nsito pesado por el centro del pueblo. La Ruta Nacional 51 constituye un paso obligado para las empresas mineras radicadas en La Puna salte\u00f1a, por eso esfundamental su optimizaci\u00f3n para brindar una soluci\u00f3n [&hellip;]<\/p>\n","protected":false},"author":8,"featured_media":4373,"comment_status":"open","ping_status":"open","sticky":false,"template":"","format":"standard","meta":{"_monsterinsights_skip_tracking":false,"_monsterinsights_sitenote_active":false,"_monsterinsights_sitenote_note":"","_monsterinsights_sitenote_category":0,"footnotes":""},"categories":[16],"tags":[71,860,339,861],"class_list":["post-4372","post","type-post","status-publish","format-standard","has-post-thumbnail","hentry","category-noticias","tag-municipalidad-de-campo-quijano","tag-remsa","tag-ruta-nacional-51","tag-vialidad-nacional"],"yoast_head":"<!-- This site is optimized with the Yoast SEO plugin v20.8 - https:\/\/yoast.com\/wordpress\/plugins\/seo\/ -->\n<title>Proyecto para optimizar la circulaci\u00f3n en Ruta Nacional 51 - RQ 99.9<\/title>\n<meta name=\"description\" content=\"El plan abarca la ejecuci\u00f3n de una ruta alternativa en Campo Quijano, que unir\u00e1 la RN51 con la RP36, para evitar el tr\u00e1nsito pesado por el centro del pueblo.\" \/>\n<meta name=\"robots\" content=\"index, follow, max-snippet:-1, max-image-preview:large, max-video-preview:-1\" \/>\n<link rel=\"canonical\" href=\"https:\/\/nahuelproducciones.com.ar\/radioquijano\/proyecto-para-optimizar-la-circulacion-en-ruta-nacional-51\/\" \/>\n<meta property=\"og:locale\" content=\"es_ES\" \/>\n<meta property=\"og:type\" content=\"article\" \/>\n<meta property=\"og:title\" content=\"Proyecto para optimizar la circulaci\u00f3n en Ruta Nacional 51 - RQ 99.9\" \/>\n<meta property=\"og:description\" content=\"El plan abarca la ejecuci\u00f3n de una ruta alternativa en Campo Quijano, que unir\u00e1 la RN51 con la RP36, para evitar el tr\u00e1nsito pesado por el centro del pueblo.\" \/>\n<meta property=\"og:url\" content=\"https:\/\/nahuelproducciones.com.ar\/radioquijano\/proyecto-para-optimizar-la-circulacion-en-ruta-nacional-51\/\" \/>\n<meta property=\"og:site_name\" content=\"RQ 99.9\" \/>\n<meta property=\"article:publisher\" content=\"https:\/\/www.facebook.com\/nahuelproducciones999\/\" \/>\n<meta property=\"article:published_time\" content=\"2023-02-06T13:33:26+00:00\" \/>\n<meta property=\"article:modified_time\" content=\"2023-02-06T13:33:27+00:00\" \/>\n<meta property=\"og:image\" content=\"https:\/\/nahuelproducciones.com.ar\/radioquijano\/wp-content\/uploads\/2023\/02\/5628-proyecto-para-optimizar-la-circulacion-en-ruta-nacional-51-1.jpg\" \/>\n\t<meta property=\"og:image:width\" content=\"818\" \/>\n\t<meta property=\"og:image:height\" content=\"600\" \/>\n\t<meta property=\"og:image:type\" content=\"image\/jpeg\" \/>\n<meta name=\"author\" content=\"Cecilia Pastrana\" \/>\n<meta name=\"twitter:card\" content=\"summary_large_image\" \/>\n<meta name=\"twitter:creator\" content=\"@nahuproduciones\" \/>\n<meta name=\"twitter:site\" content=\"@nahuproduciones\" \/>\n<meta name=\"twitter:label1\" content=\"Escrito por\" \/>\n\t<meta name=\"twitter:data1\" content=\"Cecilia Pastrana\" \/>\n\t<meta name=\"twitter:label2\" content=\"Tiempo de lectura\" \/>\n\t<meta name=\"twitter:data2\" content=\"2 minutos\" \/>\n<script type=\"application\/ld+json\" class=\"yoast-schema-graph\">{\"@context\":\"https:\/\/schema.org\",\"@graph\":[{\"@type\":\"WebPage\",\"@id\":\"https:\/\/nahuelproducciones.com.ar\/radioquijano\/proyecto-para-optimizar-la-circulacion-en-ruta-nacional-51\/\",\"url\":\"https:\/\/nahuelproducciones.com.ar\/radioquijano\/proyecto-para-optimizar-la-circulacion-en-ruta-nacional-51\/\",\"name\":\"Proyecto para optimizar la circulaci\u00f3n en Ruta Nacional 51 - RQ 99.9\",\"isPartOf\":{\"@id\":\"https:\/\/nahuelproducciones.com.ar\/radioquijano\/#website\"},\"datePublished\":\"2023-02-06T13:33:26+00:00\",\"dateModified\":\"2023-02-06T13:33:27+00:00\",\"author\":{\"@id\":\"https:\/\/nahuelproducciones.com.ar\/radioquijano\/#\/schema\/person\/e8a4f939e2cb487fe6d0c54042c9d32c\"},\"description\":\"El plan abarca la ejecuci\u00f3n de una ruta alternativa en Campo Quijano, que unir\u00e1 la RN51 con la RP36, para evitar el tr\u00e1nsito pesado por el centro del pueblo.\",\"breadcrumb\":{\"@id\":\"https:\/\/nahuelproducciones.com.ar\/radioquijano\/proyecto-para-optimizar-la-circulacion-en-ruta-nacional-51\/#breadcrumb\"},\"inLanguage\":\"es\",\"potentialAction\":[{\"@type\":\"ReadAction\",\"target\":[\"https:\/\/nahuelproducciones.com.ar\/radioquijano\/proyecto-para-optimizar-la-circulacion-en-ruta-nacional-51\/\"]}]},{\"@type\":\"BreadcrumbList\",\"@id\":\"https:\/\/nahuelproducciones.com.ar\/radioquijano\/proyecto-para-optimizar-la-circulacion-en-ruta-nacional-51\/#breadcrumb\",\"itemListElement\":[{\"@type\":\"ListItem\",\"position\":1,\"name\":\"Portada\",\"item\":\"https:\/\/nahuelproducciones.com.ar\/radioquijano\/\"},{\"@type\":\"ListItem\",\"position\":2,\"name\":\"Proyecto para optimizar la circulaci\u00f3n en Ruta Nacional 51\"}]},{\"@type\":\"WebSite\",\"@id\":\"https:\/\/nahuelproducciones.com.ar\/radioquijano\/#website\",\"url\":\"https:\/\/nahuelproducciones.com.ar\/radioquijano\/\",\"name\":\"RQ 99.9\",\"description\":\"Radio Quijano 99.9 MHz\",\"potentialAction\":[{\"@type\":\"SearchAction\",\"target\":{\"@type\":\"EntryPoint\",\"urlTemplate\":\"https:\/\/nahuelproducciones.com.ar\/radioquijano\/?s={search_term_string}\"},\"query-input\":\"required name=search_term_string\"}],\"inLanguage\":\"es\"},{\"@type\":\"Person\",\"@id\":\"https:\/\/nahuelproducciones.com.ar\/radioquijano\/#\/schema\/person\/e8a4f939e2cb487fe6d0c54042c9d32c\",\"name\":\"Cecilia Pastrana\",\"image\":{\"@type\":\"ImageObject\",\"inLanguage\":\"es\",\"@id\":\"https:\/\/nahuelproducciones.com.ar\/radioquijano\/#\/schema\/person\/image\/\",\"url\":\"https:\/\/secure.gravatar.com\/avatar\/661a3ef63a8488d4f2794ed44af8cf71420f7e106f3072c40125114df5157749?s=96&d=mm&r=g\",\"contentUrl\":\"https:\/\/secure.gravatar.com\/avatar\/661a3ef63a8488d4f2794ed44af8cf71420f7e106f3072c40125114df5157749?s=96&d=mm&r=g\",\"caption\":\"Cecilia Pastrana\"},\"sameAs\":[\"cecy\"],\"url\":\"https:\/\/nahuelproducciones.com.ar\/radioquijano\/author\/cecy\/\"}]}<\/script>\n<!-- \/ Yoast SEO plugin. -->","yoast_head_json":{"title":"Proyecto para optimizar la circulaci\u00f3n en Ruta Nacional 51 - RQ 99.9","description":"El plan abarca la ejecuci\u00f3n de una ruta alternativa en Campo Quijano, que unir\u00e1 la RN51 con la RP36, para evitar el tr\u00e1nsito pesado por el centro del pueblo.","robots":{"index":"index","follow":"follow","max-snippet":"max-snippet:-1","max-image-preview":"max-image-preview:large","max-video-preview":"max-video-preview:-1"},"canonical":"https:\/\/nahuelproducciones.com.ar\/radioquijano\/proyecto-para-optimizar-la-circulacion-en-ruta-nacional-51\/","og_locale":"es_ES","og_type":"article","og_title":"Proyecto para optimizar la circulaci\u00f3n en Ruta Nacional 51 - RQ 99.9","og_description":"El plan abarca la ejecuci\u00f3n de una ruta alternativa en Campo Quijano, que unir\u00e1 la RN51 con la RP36, para evitar el tr\u00e1nsito pesado por el centro del pueblo.","og_url":"https:\/\/nahuelproducciones.com.ar\/radioquijano\/proyecto-para-optimizar-la-circulacion-en-ruta-nacional-51\/","og_site_name":"RQ 99.9","article_publisher":"https:\/\/www.facebook.com\/nahuelproducciones999\/","article_published_time":"2023-02-06T13:33:26+00:00","article_modified_time":"2023-02-06T13:33:27+00:00","og_image":[{"width":818,"height":600,"url":"https:\/\/nahuelproducciones.com.ar\/radioquijano\/wp-content\/uploads\/2023\/02\/5628-proyecto-para-optimizar-la-circulacion-en-ruta-nacional-51-1.jpg","type":"image\/jpeg"}],"author":"Cecilia Pastrana","twitter_card":"summary_large_image","twitter_creator":"@nahuproduciones","twitter_site":"@nahuproduciones","twitter_misc":{"Escrito por":"Cecilia Pastrana","Tiempo de lectura":"2 minutos"},"schema":{"@context":"https:\/\/schema.org","@graph":[{"@type":"WebPage","@id":"https:\/\/nahuelproducciones.com.ar\/radioquijano\/proyecto-para-optimizar-la-circulacion-en-ruta-nacional-51\/","url":"https:\/\/nahuelproducciones.com.ar\/radioquijano\/proyecto-para-optimizar-la-circulacion-en-ruta-nacional-51\/","name":"Proyecto para optimizar la circulaci\u00f3n en Ruta Nacional 51 - RQ 99.9","isPartOf":{"@id":"https:\/\/nahuelproducciones.com.ar\/radioquijano\/#website"},"datePublished":"2023-02-06T13:33:26+00:00","dateModified":"2023-02-06T13:33:27+00:00","author":{"@id":"https:\/\/nahuelproducciones.com.ar\/radioquijano\/#\/schema\/person\/e8a4f939e2cb487fe6d0c54042c9d32c"},"description":"El plan abarca la ejecuci\u00f3n de una ruta alternativa en Campo Quijano, que unir\u00e1 la RN51 con la RP36, para evitar el tr\u00e1nsito pesado por el centro del pueblo.","breadcrumb":{"@id":"https:\/\/nahuelproducciones.com.ar\/radioquijano\/proyecto-para-optimizar-la-circulacion-en-ruta-nacional-51\/#breadcrumb"},"inLanguage":"es","potentialAction":[{"@type":"ReadAction","target":["https:\/\/nahuelproducciones.com.ar\/radioquijano\/proyecto-para-optimizar-la-circulacion-en-ruta-nacional-51\/"]}]},{"@type":"BreadcrumbList","@id":"https:\/\/nahuelproducciones.com.ar\/radioquijano\/proyecto-para-optimizar-la-circulacion-en-ruta-nacional-51\/#breadcrumb","itemListElement":[{"@type":"ListItem","position":1,"name":"Portada","item":"https:\/\/nahuelproducciones.com.ar\/radioquijano\/"},{"@type":"ListItem","position":2,"name":"Proyecto para optimizar la circulaci\u00f3n en Ruta Nacional 51"}]},{"@type":"WebSite","@id":"https:\/\/nahuelproducciones.com.ar\/radioquijano\/#website","url":"https:\/\/nahuelproducciones.com.ar\/radioquijano\/","name":"RQ 99.9","description":"Radio Quijano 99.9 MHz","potentialAction":[{"@type":"SearchAction","target":{"@type":"EntryPoint","urlTemplate":"https:\/\/nahuelproducciones.com.ar\/radioquijano\/?s={search_term_string}"},"query-input":"required name=search_term_string"}],"inLanguage":"es"},{"@type":"Person","@id":"https:\/\/nahuelproducciones.com.ar\/radioquijano\/#\/schema\/person\/e8a4f939e2cb487fe6d0c54042c9d32c","name":"Cecilia Pastrana","image":{"@type":"ImageObject","inLanguage":"es","@id":"https:\/\/nahuelproducciones.com.ar\/radioquijano\/#\/schema\/person\/image\/","url":"https:\/\/secure.gravatar.com\/avatar\/661a3ef63a8488d4f2794ed44af8cf71420f7e106f3072c40125114df5157749?s=96&d=mm&r=g","contentUrl":"https:\/\/secure.gravatar.com\/avatar\/661a3ef63a8488d4f2794ed44af8cf71420f7e106f3072c40125114df5157749?s=96&d=mm&r=g","caption":"Cecilia Pastrana"},"sameAs":["cecy"],"url":"https:\/\/nahuelproducciones.com.ar\/radioquijano\/author\/cecy\/"}]}},"_links":{"self":[{"href":"https:\/\/nahuelproducciones.com.ar\/radioquijano\/wp-json\/wp\/v2\/posts\/4372","targetHints":{"allow":["GET"]}}],"collection":[{"href":"https:\/\/nahuelproducciones.com.ar\/radioquijano\/wp-json\/wp\/v2\/posts"}],"about":[{"href":"https:\/\/nahuelproducciones.com.ar\/radioquijano\/wp-json\/wp\/v2\/types\/post"}],"author":[{"embeddable":true,"href":"https:\/\/nahuelproducciones.com.ar\/radioquijano\/wp-json\/wp\/v2\/users\/8"}],"replies":[{"embeddable":true,"href":"https:\/\/nahuelproducciones.com.ar\/radioquijano\/wp-json\/wp\/v2\/comments?post=4372"}],"version-history":[{"count":1,"href":"https:\/\/nahuelproducciones.com.ar\/radioquijano\/wp-json\/wp\/v2\/posts\/4372\/revisions"}],"predecessor-version":[{"id":4374,"href":"https:\/\/nahuelproducciones.com.ar\/radioquijano\/wp-json\/wp\/v2\/posts\/4372\/revisions\/4374"}],"wp:featuredmedia":[{"embeddable":true,"href":"https:\/\/nahuelproducciones.com.ar\/radioquijano\/wp-json\/wp\/v2\/media\/4373"}],"wp:attachment":[{"href":"https:\/\/nahuelproducciones.com.ar\/radioquijano\/wp-json\/wp\/v2\/media?parent=4372"}],"wp:term":[{"taxonomy":"category","embeddable":true,"href":"https:\/\/nahuelproducciones.com.ar\/radioquijano\/wp-json\/wp\/v2\/categories?post=4372"},{"taxonomy":"post_tag","embeddable":true,"href":"https:\/\/nahuelproducciones.com.ar\/radioquijano\/wp-json\/wp\/v2\/tags?post=4372"}],"curies":[{"name":"wp","href":"https:\/\/api.w.org\/{rel}","templated":true}]}}