{"id":4375,"date":"2023-02-07T10:47:58","date_gmt":"2023-02-07T13:47:58","guid":{"rendered":"https:\/\/nahuelproducciones.com.ar\/radioquijano\/?p=4375"},"modified":"2023-02-07T10:48:00","modified_gmt":"2023-02-07T13:48:00","slug":"abrieron-las-inscripciones-para-el-curso-de-programacion-en-toda-la-provincia","status":"publish","type":"post","link":"https:\/\/nahuelproducciones.com.ar\/radioquijano\/abrieron-las-inscripciones-para-el-curso-de-programacion-en-toda-la-provincia\/","title":{"rendered":"Abrieron las inscripciones para el curso de programaci\u00f3n en toda la provincia"},"content":{"rendered":"\n<p>El&nbsp;<strong>Ministerio de Econom\u00eda y Servicios P\u00fablicos<\/strong>&nbsp;junto a la Fundaci\u00f3n CIMNE-IBER, abri\u00f3 las inscripciones al curso Mil Programadores hasta el 22 de febrero. Se dictar\u00e1 \u00abIntroducci\u00f3n a la programaci\u00f3n con Python\u00bb.<\/p>\n\n\n\n<p>Est\u00e1 destinado a j\u00f3venes a partir de los 18 a\u00f1os de toda la provincia. Es no arancelado y no hay l\u00edmite de cupo.<\/p>\n\n\n\n<p>Para inscribirse ingresar al siguiente link:\u00a0<a href=\"https:\/\/academiacimneiber.com\/index.php\">https:\/\/academiacimneiber.com\/index.php<\/a><\/p>\n\n\n\n<div class=\"wp-block-image\"><figure class=\"aligncenter size-large is-resized\"><img loading=\"lazy\" decoding=\"async\" src=\"https:\/\/nahuelproducciones.com.ar\/radioquijano\/wp-content\/uploads\/2023\/02\/python-que-es-1-1024x576.jpeg\" alt=\"\" class=\"wp-image-4377\" width=\"473\" height=\"266\" srcset=\"https:\/\/nahuelproducciones.com.ar\/radioquijano\/wp-content\/uploads\/2023\/02\/python-que-es-1-1024x576.jpeg 1024w, https:\/\/nahuelproducciones.com.ar\/radioquijano\/wp-content\/uploads\/2023\/02\/python-que-es-1-300x169.jpeg 300w, https:\/\/nahuelproducciones.com.ar\/radioquijano\/wp-content\/uploads\/2023\/02\/python-que-es-1-768x432.jpeg 768w, https:\/\/nahuelproducciones.com.ar\/radioquijano\/wp-content\/uploads\/2023\/02\/python-que-es-1-150x84.jpeg 150w, https:\/\/nahuelproducciones.com.ar\/radioquijano\/wp-content\/uploads\/2023\/02\/python-que-es-1.jpeg 1365w\" sizes=\"auto, (max-width: 473px) 100vw, 473px\" \/><\/figure><\/div>\n\n\n\n<p> <a href=\"https:\/\/nahuelproducciones.com.ar\/index.php\/rq999\" target=\"_blank\" rel=\"noreferrer noopener\">#RQ99.9Mhz<\/a>\u00a0<a href=\"https:\/\/nahuelproducciones.com.ar\/\" target=\"_blank\" rel=\"noreferrer noopener\">#CAMPOQUIJANO<\/a>\u00a0<a href=\"http:\/\/nahuelproducciones.com.ar\/radioquijano\/\" target=\"_blank\" rel=\"noreferrer noopener\">#RadioQuijano<\/a> <\/p>\n","protected":false},"excerpt":{"rendered":"<p>El&nbsp;Ministerio de Econom\u00eda y Servicios P\u00fablicos&nbsp;junto a la Fundaci\u00f3n CIMNE-IBER, abri\u00f3 las inscripciones al curso Mil Programadores hasta el 22 de febrero. Se dictar\u00e1 \u00abIntroducci\u00f3n a la programaci\u00f3n con Python\u00bb. Est\u00e1 destinado a j\u00f3venes a partir de los 18 a\u00f1os de toda la provincia. Es no arancelado y no hay l\u00edmite de cupo. Para inscribirse [&hellip;]<\/p>\n","protected":false},"author":8,"featured_media":4376,"comment_status":"open","ping_status":"open","sticky":false,"template":"","format":"standard","meta":{"_monsterinsights_skip_tracking":false,"_monsterinsights_sitenote_active":false,"_monsterinsights_sitenote_note":"","_monsterinsights_sitenote_category":0,"footnotes":""},"categories":[2,16],"tags":[863,864,862,100,657],"class_list":["post-4375","post","type-post","status-publish","format-standard","has-post-thumbnail","hentry","category-cultura","category-noticias","tag-fundacion-cimne-iber","tag-introduccion-a-la-programacion-con-python","tag-ministerio-de-economia-y-servicios-publicos","tag-municipio-de-campo-quijano","tag-provincia-de-salta"],"yoast_head":"<!-- This site is optimized with the Yoast SEO plugin v20.8 - https:\/\/yoast.com\/wordpress\/plugins\/seo\/ -->\n<title>Abrieron las inscripciones para el curso de programaci\u00f3n en toda la provincia - RQ 99.9<\/title>\n<meta name=\"description\" content=\"Se dictar\u00e1 &quot;Introducci\u00f3n a la programaci\u00f3n con Python&quot; destinado a j\u00f3venes de 18 a\u00f1os en adelante.\" \/>\n<meta name=\"robots\" content=\"index, follow, max-snippet:-1, max-image-preview:large, max-video-preview:-1\" \/>\n<link rel=\"canonical\" href=\"https:\/\/nahuelproducciones.com.ar\/radioquijano\/abrieron-las-inscripciones-para-el-curso-de-programacion-en-toda-la-provincia\/\" \/>\n<meta property=\"og:locale\" content=\"es_ES\" \/>\n<meta property=\"og:type\" content=\"article\" \/>\n<meta property=\"og:title\" content=\"Abrieron las inscripciones para el curso de programaci\u00f3n en toda la provincia - RQ 99.9\" \/>\n<meta property=\"og:description\" content=\"Se dictar\u00e1 &quot;Introducci\u00f3n a la programaci\u00f3n con Python&quot; destinado a j\u00f3venes de 18 a\u00f1os en adelante.\" \/>\n<meta property=\"og:url\" content=\"https:\/\/nahuelproducciones.com.ar\/radioquijano\/abrieron-las-inscripciones-para-el-curso-de-programacion-en-toda-la-provincia\/\" \/>\n<meta property=\"og:site_name\" content=\"RQ 99.9\" \/>\n<meta property=\"article:publisher\" content=\"https:\/\/www.facebook.com\/nahuelproducciones999\/\" \/>\n<meta property=\"article:published_time\" content=\"2023-02-07T13:47:58+00:00\" \/>\n<meta property=\"article:modified_time\" content=\"2023-02-07T13:48:00+00:00\" \/>\n<meta property=\"og:image\" content=\"https:\/\/nahuelproducciones.com.ar\/radioquijano\/wp-content\/uploads\/2023\/02\/python-que-es-e1675777612238.jpg\" \/>\n\t<meta property=\"og:image:width\" content=\"700\" \/>\n\t<meta property=\"og:image:height\" content=\"467\" \/>\n\t<meta property=\"og:image:type\" content=\"image\/jpeg\" \/>\n<meta name=\"author\" content=\"Cecilia Pastrana\" \/>\n<meta name=\"twitter:card\" content=\"summary_large_image\" \/>\n<meta name=\"twitter:creator\" content=\"@nahuproduciones\" \/>\n<meta name=\"twitter:site\" content=\"@nahuproduciones\" \/>\n<meta name=\"twitter:label1\" content=\"Escrito por\" \/>\n\t<meta name=\"twitter:data1\" content=\"Cecilia Pastrana\" \/>\n\t<meta name=\"twitter:label2\" content=\"Tiempo de lectura\" \/>\n\t<meta name=\"twitter:data2\" content=\"1 minuto\" \/>\n<script type=\"application\/ld+json\" class=\"yoast-schema-graph\">{\"@context\":\"https:\/\/schema.org\",\"@graph\":[{\"@type\":\"WebPage\",\"@id\":\"https:\/\/nahuelproducciones.com.ar\/radioquijano\/abrieron-las-inscripciones-para-el-curso-de-programacion-en-toda-la-provincia\/\",\"url\":\"https:\/\/nahuelproducciones.com.ar\/radioquijano\/abrieron-las-inscripciones-para-el-curso-de-programacion-en-toda-la-provincia\/\",\"name\":\"Abrieron las inscripciones para el curso de programaci\u00f3n en toda la provincia - RQ 99.9\",\"isPartOf\":{\"@id\":\"https:\/\/nahuelproducciones.com.ar\/radioquijano\/#website\"},\"datePublished\":\"2023-02-07T13:47:58+00:00\",\"dateModified\":\"2023-02-07T13:48:00+00:00\",\"author\":{\"@id\":\"https:\/\/nahuelproducciones.com.ar\/radioquijano\/#\/schema\/person\/e8a4f939e2cb487fe6d0c54042c9d32c\"},\"description\":\"Se dictar\u00e1 \\\"Introducci\u00f3n a la programaci\u00f3n con Python\\\" destinado a j\u00f3venes de 18 a\u00f1os en adelante.\",\"breadcrumb\":{\"@id\":\"https:\/\/nahuelproducciones.com.ar\/radioquijano\/abrieron-las-inscripciones-para-el-curso-de-programacion-en-toda-la-provincia\/#breadcrumb\"},\"inLanguage\":\"es\",\"potentialAction\":[{\"@type\":\"ReadAction\",\"target\":[\"https:\/\/nahuelproducciones.com.ar\/radioquijano\/abrieron-las-inscripciones-para-el-curso-de-programacion-en-toda-la-provincia\/\"]}]},{\"@type\":\"BreadcrumbList\",\"@id\":\"https:\/\/nahuelproducciones.com.ar\/radioquijano\/abrieron-las-inscripciones-para-el-curso-de-programacion-en-toda-la-provincia\/#breadcrumb\",\"itemListElement\":[{\"@type\":\"ListItem\",\"position\":1,\"name\":\"Portada\",\"item\":\"https:\/\/nahuelproducciones.com.ar\/radioquijano\/\"},{\"@type\":\"ListItem\",\"position\":2,\"name\":\"Abrieron las inscripciones para el curso de programaci\u00f3n en toda la provincia\"}]},{\"@type\":\"WebSite\",\"@id\":\"https:\/\/nahuelproducciones.com.ar\/radioquijano\/#website\",\"url\":\"https:\/\/nahuelproducciones.com.ar\/radioquijano\/\",\"name\":\"RQ 99.9\",\"description\":\"Radio Quijano 99.9 MHz\",\"potentialAction\":[{\"@type\":\"SearchAction\",\"target\":{\"@type\":\"EntryPoint\",\"urlTemplate\":\"https:\/\/nahuelproducciones.com.ar\/radioquijano\/?s={search_term_string}\"},\"query-input\":\"required name=search_term_string\"}],\"inLanguage\":\"es\"},{\"@type\":\"Person\",\"@id\":\"https:\/\/nahuelproducciones.com.ar\/radioquijano\/#\/schema\/person\/e8a4f939e2cb487fe6d0c54042c9d32c\",\"name\":\"Cecilia Pastrana\",\"image\":{\"@type\":\"ImageObject\",\"inLanguage\":\"es\",\"@id\":\"https:\/\/nahuelproducciones.com.ar\/radioquijano\/#\/schema\/person\/image\/\",\"url\":\"https:\/\/secure.gravatar.com\/avatar\/661a3ef63a8488d4f2794ed44af8cf71420f7e106f3072c40125114df5157749?s=96&d=mm&r=g\",\"contentUrl\":\"https:\/\/secure.gravatar.com\/avatar\/661a3ef63a8488d4f2794ed44af8cf71420f7e106f3072c40125114df5157749?s=96&d=mm&r=g\",\"caption\":\"Cecilia Pastrana\"},\"sameAs\":[\"cecy\"],\"url\":\"https:\/\/nahuelproducciones.com.ar\/radioquijano\/author\/cecy\/\"}]}<\/script>\n<!-- \/ Yoast SEO plugin. -->","yoast_head_json":{"title":"Abrieron las inscripciones para el curso de programaci\u00f3n en toda la provincia - RQ 99.9","description":"Se dictar\u00e1 \"Introducci\u00f3n a la programaci\u00f3n con Python\" destinado a j\u00f3venes de 18 a\u00f1os en adelante.","robots":{"index":"index","follow":"follow","max-snippet":"max-snippet:-1","max-image-preview":"max-image-preview:large","max-video-preview":"max-video-preview:-1"},"canonical":"https:\/\/nahuelproducciones.com.ar\/radioquijano\/abrieron-las-inscripciones-para-el-curso-de-programacion-en-toda-la-provincia\/","og_locale":"es_ES","og_type":"article","og_title":"Abrieron las inscripciones para el curso de programaci\u00f3n en toda la provincia - RQ 99.9","og_description":"Se dictar\u00e1 \"Introducci\u00f3n a la programaci\u00f3n con Python\" destinado a j\u00f3venes de 18 a\u00f1os en adelante.","og_url":"https:\/\/nahuelproducciones.com.ar\/radioquijano\/abrieron-las-inscripciones-para-el-curso-de-programacion-en-toda-la-provincia\/","og_site_name":"RQ 99.9","article_publisher":"https:\/\/www.facebook.com\/nahuelproducciones999\/","article_published_time":"2023-02-07T13:47:58+00:00","article_modified_time":"2023-02-07T13:48:00+00:00","og_image":[{"width":700,"height":467,"url":"https:\/\/nahuelproducciones.com.ar\/radioquijano\/wp-content\/uploads\/2023\/02\/python-que-es-e1675777612238.jpg","type":"image\/jpeg"}],"author":"Cecilia Pastrana","twitter_card":"summary_large_image","twitter_creator":"@nahuproduciones","twitter_site":"@nahuproduciones","twitter_misc":{"Escrito por":"Cecilia Pastrana","Tiempo de lectura":"1 minuto"},"schema":{"@context":"https:\/\/schema.org","@graph":[{"@type":"WebPage","@id":"https:\/\/nahuelproducciones.com.ar\/radioquijano\/abrieron-las-inscripciones-para-el-curso-de-programacion-en-toda-la-provincia\/","url":"https:\/\/nahuelproducciones.com.ar\/radioquijano\/abrieron-las-inscripciones-para-el-curso-de-programacion-en-toda-la-provincia\/","name":"Abrieron las inscripciones para el curso de programaci\u00f3n en toda la provincia - RQ 99.9","isPartOf":{"@id":"https:\/\/nahuelproducciones.com.ar\/radioquijano\/#website"},"datePublished":"2023-02-07T13:47:58+00:00","dateModified":"2023-02-07T13:48:00+00:00","author":{"@id":"https:\/\/nahuelproducciones.com.ar\/radioquijano\/#\/schema\/person\/e8a4f939e2cb487fe6d0c54042c9d32c"},"description":"Se dictar\u00e1 \"Introducci\u00f3n a la programaci\u00f3n con Python\" destinado a j\u00f3venes de 18 a\u00f1os en adelante.","breadcrumb":{"@id":"https:\/\/nahuelproducciones.com.ar\/radioquijano\/abrieron-las-inscripciones-para-el-curso-de-programacion-en-toda-la-provincia\/#breadcrumb"},"inLanguage":"es","potentialAction":[{"@type":"ReadAction","target":["https:\/\/nahuelproducciones.com.ar\/radioquijano\/abrieron-las-inscripciones-para-el-curso-de-programacion-en-toda-la-provincia\/"]}]},{"@type":"BreadcrumbList","@id":"https:\/\/nahuelproducciones.com.ar\/radioquijano\/abrieron-las-inscripciones-para-el-curso-de-programacion-en-toda-la-provincia\/#breadcrumb","itemListElement":[{"@type":"ListItem","position":1,"name":"Portada","item":"https:\/\/nahuelproducciones.com.ar\/radioquijano\/"},{"@type":"ListItem","position":2,"name":"Abrieron las inscripciones para el curso de programaci\u00f3n en toda la provincia"}]},{"@type":"WebSite","@id":"https:\/\/nahuelproducciones.com.ar\/radioquijano\/#website","url":"https:\/\/nahuelproducciones.com.ar\/radioquijano\/","name":"RQ 99.9","description":"Radio Quijano 99.9 MHz","potentialAction":[{"@type":"SearchAction","target":{"@type":"EntryPoint","urlTemplate":"https:\/\/nahuelproducciones.com.ar\/radioquijano\/?s={search_term_string}"},"query-input":"required name=search_term_string"}],"inLanguage":"es"},{"@type":"Person","@id":"https:\/\/nahuelproducciones.com.ar\/radioquijano\/#\/schema\/person\/e8a4f939e2cb487fe6d0c54042c9d32c","name":"Cecilia Pastrana","image":{"@type":"ImageObject","inLanguage":"es","@id":"https:\/\/nahuelproducciones.com.ar\/radioquijano\/#\/schema\/person\/image\/","url":"https:\/\/secure.gravatar.com\/avatar\/661a3ef63a8488d4f2794ed44af8cf71420f7e106f3072c40125114df5157749?s=96&d=mm&r=g","contentUrl":"https:\/\/secure.gravatar.com\/avatar\/661a3ef63a8488d4f2794ed44af8cf71420f7e106f3072c40125114df5157749?s=96&d=mm&r=g","caption":"Cecilia Pastrana"},"sameAs":["cecy"],"url":"https:\/\/nahuelproducciones.com.ar\/radioquijano\/author\/cecy\/"}]}},"_links":{"self":[{"href":"https:\/\/nahuelproducciones.com.ar\/radioquijano\/wp-json\/wp\/v2\/posts\/4375","targetHints":{"allow":["GET"]}}],"collection":[{"href":"https:\/\/nahuelproducciones.com.ar\/radioquijano\/wp-json\/wp\/v2\/posts"}],"about":[{"href":"https:\/\/nahuelproducciones.com.ar\/radioquijano\/wp-json\/wp\/v2\/types\/post"}],"author":[{"embeddable":true,"href":"https:\/\/nahuelproducciones.com.ar\/radioquijano\/wp-json\/wp\/v2\/users\/8"}],"replies":[{"embeddable":true,"href":"https:\/\/nahuelproducciones.com.ar\/radioquijano\/wp-json\/wp\/v2\/comments?post=4375"}],"version-history":[{"count":1,"href":"https:\/\/nahuelproducciones.com.ar\/radioquijano\/wp-json\/wp\/v2\/posts\/4375\/revisions"}],"predecessor-version":[{"id":4378,"href":"https:\/\/nahuelproducciones.com.ar\/radioquijano\/wp-json\/wp\/v2\/posts\/4375\/revisions\/4378"}],"wp:featuredmedia":[{"embeddable":true,"href":"https:\/\/nahuelproducciones.com.ar\/radioquijano\/wp-json\/wp\/v2\/media\/4376"}],"wp:attachment":[{"href":"https:\/\/nahuelproducciones.com.ar\/radioquijano\/wp-json\/wp\/v2\/media?parent=4375"}],"wp:term":[{"taxonomy":"category","embeddable":true,"href":"https:\/\/nahuelproducciones.com.ar\/radioquijano\/wp-json\/wp\/v2\/categories?post=4375"},{"taxonomy":"post_tag","embeddable":true,"href":"https:\/\/nahuelproducciones.com.ar\/radioquijano\/wp-json\/wp\/v2\/tags?post=4375"}],"curies":[{"name":"wp","href":"https:\/\/api.w.org\/{rel}","templated":true}]}}