{"id":4402,"date":"2023-02-14T13:48:27","date_gmt":"2023-02-14T16:48:27","guid":{"rendered":"https:\/\/nahuelproducciones.com.ar\/radioquijano\/?p=4402"},"modified":"2023-02-15T13:07:52","modified_gmt":"2023-02-15T16:07:52","slug":"aires-de-quijano-esperan-que-les-instalen-medidores-domiciliarios-de-electricidad","status":"publish","type":"post","link":"https:\/\/nahuelproducciones.com.ar\/radioquijano\/aires-de-quijano-esperan-que-les-instalen-medidores-domiciliarios-de-electricidad\/","title":{"rendered":"Aires de Quijano espera la instalaci\u00f3n de medidores domiciliarios de electricidad."},"content":{"rendered":"\n<p>Los vecinos del barrio Aires de Quijano esperan m\u00e1s de 15 d\u00edas la instalaci\u00f3n de los medidores de Edesa.<\/p>\n\n\n\n<p>Solicitan se concrete a la brevedad dado que necesitan del servicio y quieren regularizar su situaci\u00f3n precaria en cuanto al uso del servicio p\u00fablico..<\/p>\n\n\n\n<p>Muchos de ellos est\u00e1n sin poder realizar actividades personales fuera del domicilio, ya que est\u00e1n alertas a la llegada de los operarios.<\/p>\n\n\n\n<p>Esperan llegue el pedido a quienes corresponda.<\/p>\n\n\n\n<figure class=\"wp-block-gallery columns-2 is-cropped wp-block-gallery-1 is-layout-flex wp-block-gallery-is-layout-flex\"><ul class=\"blocks-gallery-grid\"><li class=\"blocks-gallery-item\"><figure><img loading=\"lazy\" decoding=\"async\" width=\"1024\" height=\"1024\" src=\"https:\/\/nahuelproducciones.com.ar\/radioquijano\/wp-content\/uploads\/2023\/02\/WhatsApp-Image-2023-02-14-at-12.10.04-PM-1024x1024.jpeg\" alt=\"\" data-id=\"4403\" data-full-url=\"https:\/\/nahuelproducciones.com.ar\/radioquijano\/wp-content\/uploads\/2023\/02\/WhatsApp-Image-2023-02-14-at-12.10.04-PM.jpeg\" data-link=\"https:\/\/nahuelproducciones.com.ar\/radioquijano\/?attachment_id=4403\" class=\"wp-image-4403\"\/><\/figure><\/li><li class=\"blocks-gallery-item\"><figure><img loading=\"lazy\" decoding=\"async\" width=\"1024\" height=\"1024\" src=\"https:\/\/nahuelproducciones.com.ar\/radioquijano\/wp-content\/uploads\/2023\/02\/WhatsApp-Image-2023-02-14-at-12.10.05-PM-1024x1024.jpeg\" alt=\"\" data-id=\"4404\" data-full-url=\"https:\/\/nahuelproducciones.com.ar\/radioquijano\/wp-content\/uploads\/2023\/02\/WhatsApp-Image-2023-02-14-at-12.10.05-PM.jpeg\" data-link=\"https:\/\/nahuelproducciones.com.ar\/radioquijano\/?attachment_id=4404\" class=\"wp-image-4404\" srcset=\"https:\/\/nahuelproducciones.com.ar\/radioquijano\/wp-content\/uploads\/2023\/02\/WhatsApp-Image-2023-02-14-at-12.10.05-PM-1024x1024.jpeg 1024w, https:\/\/nahuelproducciones.com.ar\/radioquijano\/wp-content\/uploads\/2023\/02\/WhatsApp-Image-2023-02-14-at-12.10.05-PM-300x300.jpeg 300w, https:\/\/nahuelproducciones.com.ar\/radioquijano\/wp-content\/uploads\/2023\/02\/WhatsApp-Image-2023-02-14-at-12.10.05-PM-768x768.jpeg 768w, https:\/\/nahuelproducciones.com.ar\/radioquijano\/wp-content\/uploads\/2023\/02\/WhatsApp-Image-2023-02-14-at-12.10.05-PM-96x96.jpeg 96w, https:\/\/nahuelproducciones.com.ar\/radioquijano\/wp-content\/uploads\/2023\/02\/WhatsApp-Image-2023-02-14-at-12.10.05-PM-150x150.jpeg 150w, https:\/\/nahuelproducciones.com.ar\/radioquijano\/wp-content\/uploads\/2023\/02\/WhatsApp-Image-2023-02-14-at-12.10.05-PM.jpeg 1280w\" sizes=\"auto, (max-width: 1024px) 100vw, 1024px\" \/><\/figure><\/li><\/ul><\/figure>\n\n\n\n<p><a href=\"https:\/\/nahuelproducciones.com.ar\/index.php\/rq999\" target=\"_blank\" rel=\"noreferrer noopener\">#RQ99.9Mhz<\/a>&nbsp;<a href=\"https:\/\/nahuelproducciones.com.ar\/\" target=\"_blank\" rel=\"noreferrer noopener\">#CAMPOQUIJANO<\/a>&nbsp;<a href=\"http:\/\/nahuelproducciones.com.ar\/radioquijano\/\" target=\"_blank\" rel=\"noreferrer noopener\">#RadioQuijano<\/a><\/p>\n","protected":false},"excerpt":{"rendered":"<p>Los vecinos del barrio Aires de Quijano esperan m\u00e1s de 15 d\u00edas la instalaci\u00f3n de los medidores de Edesa. Solicitan se concrete a la brevedad dado que necesitan del servicio y quieren regularizar su situaci\u00f3n precaria en cuanto al uso del servicio p\u00fablico.. Muchos de ellos est\u00e1n sin poder realizar actividades personales fuera del domicilio, [&hellip;]<\/p>\n","protected":false},"author":8,"featured_media":4403,"comment_status":"open","ping_status":"open","sticky":false,"template":"","format":"standard","meta":{"_monsterinsights_skip_tracking":false,"_monsterinsights_sitenote_active":false,"_monsterinsights_sitenote_note":"","_monsterinsights_sitenote_category":0,"footnotes":""},"categories":[16],"tags":[876,877,878,71],"class_list":["post-4402","post","type-post","status-publish","format-standard","has-post-thumbnail","hentry","category-noticias","tag-airesde-quijano","tag-edesa","tag-medidor","tag-municipalidad-de-campo-quijano"],"yoast_head":"<!-- This site is optimized with the Yoast SEO plugin v20.8 - https:\/\/yoast.com\/wordpress\/plugins\/seo\/ -->\n<title>Aires de Quijano espera la instalaci\u00f3n de medidores domiciliarios de electricidad. - RQ 99.9<\/title>\n<meta name=\"robots\" content=\"index, follow, max-snippet:-1, max-image-preview:large, max-video-preview:-1\" \/>\n<link rel=\"canonical\" href=\"https:\/\/nahuelproducciones.com.ar\/radioquijano\/aires-de-quijano-esperan-que-les-instalen-medidores-domiciliarios-de-electricidad\/\" \/>\n<meta property=\"og:locale\" content=\"es_ES\" \/>\n<meta property=\"og:type\" content=\"article\" \/>\n<meta property=\"og:title\" content=\"Aires de Quijano espera la instalaci\u00f3n de medidores domiciliarios de electricidad. - RQ 99.9\" \/>\n<meta property=\"og:description\" content=\"Los vecinos del barrio Aires de Quijano esperan m\u00e1s de 15 d\u00edas la instalaci\u00f3n de los medidores de Edesa. Solicitan se concrete a la brevedad dado que necesitan del servicio y quieren regularizar su situaci\u00f3n precaria en cuanto al uso del servicio p\u00fablico.. Muchos de ellos est\u00e1n sin poder realizar actividades personales fuera del domicilio, [&hellip;]\" \/>\n<meta property=\"og:url\" content=\"https:\/\/nahuelproducciones.com.ar\/radioquijano\/aires-de-quijano-esperan-que-les-instalen-medidores-domiciliarios-de-electricidad\/\" \/>\n<meta property=\"og:site_name\" content=\"RQ 99.9\" \/>\n<meta property=\"article:publisher\" content=\"https:\/\/www.facebook.com\/nahuelproducciones999\/\" \/>\n<meta property=\"article:published_time\" content=\"2023-02-14T16:48:27+00:00\" \/>\n<meta property=\"article:modified_time\" content=\"2023-02-15T16:07:52+00:00\" \/>\n<meta property=\"og:image\" content=\"https:\/\/nahuelproducciones.com.ar\/radioquijano\/wp-content\/uploads\/2023\/02\/WhatsApp-Image-2023-02-14-at-12.10.04-PM-e1676393284916.jpeg\" \/>\n\t<meta property=\"og:image:width\" content=\"700\" \/>\n\t<meta property=\"og:image:height\" content=\"700\" \/>\n\t<meta property=\"og:image:type\" content=\"image\/jpeg\" \/>\n<meta name=\"author\" content=\"Cecilia Pastrana\" \/>\n<meta name=\"twitter:card\" content=\"summary_large_image\" \/>\n<meta name=\"twitter:creator\" content=\"@nahuproduciones\" \/>\n<meta name=\"twitter:site\" content=\"@nahuproduciones\" \/>\n<meta name=\"twitter:label1\" content=\"Escrito por\" \/>\n\t<meta name=\"twitter:data1\" content=\"Cecilia Pastrana\" \/>\n\t<meta name=\"twitter:label2\" content=\"Tiempo de lectura\" \/>\n\t<meta name=\"twitter:data2\" content=\"1 minuto\" \/>\n<script type=\"application\/ld+json\" class=\"yoast-schema-graph\">{\"@context\":\"https:\/\/schema.org\",\"@graph\":[{\"@type\":\"WebPage\",\"@id\":\"https:\/\/nahuelproducciones.com.ar\/radioquijano\/aires-de-quijano-esperan-que-les-instalen-medidores-domiciliarios-de-electricidad\/\",\"url\":\"https:\/\/nahuelproducciones.com.ar\/radioquijano\/aires-de-quijano-esperan-que-les-instalen-medidores-domiciliarios-de-electricidad\/\",\"name\":\"Aires de Quijano espera la instalaci\u00f3n de medidores domiciliarios de electricidad. - RQ 99.9\",\"isPartOf\":{\"@id\":\"https:\/\/nahuelproducciones.com.ar\/radioquijano\/#website\"},\"datePublished\":\"2023-02-14T16:48:27+00:00\",\"dateModified\":\"2023-02-15T16:07:52+00:00\",\"author\":{\"@id\":\"https:\/\/nahuelproducciones.com.ar\/radioquijano\/#\/schema\/person\/e8a4f939e2cb487fe6d0c54042c9d32c\"},\"breadcrumb\":{\"@id\":\"https:\/\/nahuelproducciones.com.ar\/radioquijano\/aires-de-quijano-esperan-que-les-instalen-medidores-domiciliarios-de-electricidad\/#breadcrumb\"},\"inLanguage\":\"es\",\"potentialAction\":[{\"@type\":\"ReadAction\",\"target\":[\"https:\/\/nahuelproducciones.com.ar\/radioquijano\/aires-de-quijano-esperan-que-les-instalen-medidores-domiciliarios-de-electricidad\/\"]}]},{\"@type\":\"BreadcrumbList\",\"@id\":\"https:\/\/nahuelproducciones.com.ar\/radioquijano\/aires-de-quijano-esperan-que-les-instalen-medidores-domiciliarios-de-electricidad\/#breadcrumb\",\"itemListElement\":[{\"@type\":\"ListItem\",\"position\":1,\"name\":\"Portada\",\"item\":\"https:\/\/nahuelproducciones.com.ar\/radioquijano\/\"},{\"@type\":\"ListItem\",\"position\":2,\"name\":\"Aires de Quijano espera la instalaci\u00f3n de medidores domiciliarios de electricidad.\"}]},{\"@type\":\"WebSite\",\"@id\":\"https:\/\/nahuelproducciones.com.ar\/radioquijano\/#website\",\"url\":\"https:\/\/nahuelproducciones.com.ar\/radioquijano\/\",\"name\":\"RQ 99.9\",\"description\":\"Radio Quijano 99.9 MHz\",\"potentialAction\":[{\"@type\":\"SearchAction\",\"target\":{\"@type\":\"EntryPoint\",\"urlTemplate\":\"https:\/\/nahuelproducciones.com.ar\/radioquijano\/?s={search_term_string}\"},\"query-input\":\"required name=search_term_string\"}],\"inLanguage\":\"es\"},{\"@type\":\"Person\",\"@id\":\"https:\/\/nahuelproducciones.com.ar\/radioquijano\/#\/schema\/person\/e8a4f939e2cb487fe6d0c54042c9d32c\",\"name\":\"Cecilia Pastrana\",\"image\":{\"@type\":\"ImageObject\",\"inLanguage\":\"es\",\"@id\":\"https:\/\/nahuelproducciones.com.ar\/radioquijano\/#\/schema\/person\/image\/\",\"url\":\"https:\/\/secure.gravatar.com\/avatar\/661a3ef63a8488d4f2794ed44af8cf71420f7e106f3072c40125114df5157749?s=96&d=mm&r=g\",\"contentUrl\":\"https:\/\/secure.gravatar.com\/avatar\/661a3ef63a8488d4f2794ed44af8cf71420f7e106f3072c40125114df5157749?s=96&d=mm&r=g\",\"caption\":\"Cecilia Pastrana\"},\"sameAs\":[\"cecy\"],\"url\":\"https:\/\/nahuelproducciones.com.ar\/radioquijano\/author\/cecy\/\"}]}<\/script>\n<!-- \/ Yoast SEO plugin. -->","yoast_head_json":{"title":"Aires de Quijano espera la instalaci\u00f3n de medidores domiciliarios de electricidad. - RQ 99.9","robots":{"index":"index","follow":"follow","max-snippet":"max-snippet:-1","max-image-preview":"max-image-preview:large","max-video-preview":"max-video-preview:-1"},"canonical":"https:\/\/nahuelproducciones.com.ar\/radioquijano\/aires-de-quijano-esperan-que-les-instalen-medidores-domiciliarios-de-electricidad\/","og_locale":"es_ES","og_type":"article","og_title":"Aires de Quijano espera la instalaci\u00f3n de medidores domiciliarios de electricidad. - RQ 99.9","og_description":"Los vecinos del barrio Aires de Quijano esperan m\u00e1s de 15 d\u00edas la instalaci\u00f3n de los medidores de Edesa. Solicitan se concrete a la brevedad dado que necesitan del servicio y quieren regularizar su situaci\u00f3n precaria en cuanto al uso del servicio p\u00fablico.. Muchos de ellos est\u00e1n sin poder realizar actividades personales fuera del domicilio, [&hellip;]","og_url":"https:\/\/nahuelproducciones.com.ar\/radioquijano\/aires-de-quijano-esperan-que-les-instalen-medidores-domiciliarios-de-electricidad\/","og_site_name":"RQ 99.9","article_publisher":"https:\/\/www.facebook.com\/nahuelproducciones999\/","article_published_time":"2023-02-14T16:48:27+00:00","article_modified_time":"2023-02-15T16:07:52+00:00","og_image":[{"width":700,"height":700,"url":"https:\/\/nahuelproducciones.com.ar\/radioquijano\/wp-content\/uploads\/2023\/02\/WhatsApp-Image-2023-02-14-at-12.10.04-PM-e1676393284916.jpeg","type":"image\/jpeg"}],"author":"Cecilia Pastrana","twitter_card":"summary_large_image","twitter_creator":"@nahuproduciones","twitter_site":"@nahuproduciones","twitter_misc":{"Escrito por":"Cecilia Pastrana","Tiempo de lectura":"1 minuto"},"schema":{"@context":"https:\/\/schema.org","@graph":[{"@type":"WebPage","@id":"https:\/\/nahuelproducciones.com.ar\/radioquijano\/aires-de-quijano-esperan-que-les-instalen-medidores-domiciliarios-de-electricidad\/","url":"https:\/\/nahuelproducciones.com.ar\/radioquijano\/aires-de-quijano-esperan-que-les-instalen-medidores-domiciliarios-de-electricidad\/","name":"Aires de Quijano espera la instalaci\u00f3n de medidores domiciliarios de electricidad. - RQ 99.9","isPartOf":{"@id":"https:\/\/nahuelproducciones.com.ar\/radioquijano\/#website"},"datePublished":"2023-02-14T16:48:27+00:00","dateModified":"2023-02-15T16:07:52+00:00","author":{"@id":"https:\/\/nahuelproducciones.com.ar\/radioquijano\/#\/schema\/person\/e8a4f939e2cb487fe6d0c54042c9d32c"},"breadcrumb":{"@id":"https:\/\/nahuelproducciones.com.ar\/radioquijano\/aires-de-quijano-esperan-que-les-instalen-medidores-domiciliarios-de-electricidad\/#breadcrumb"},"inLanguage":"es","potentialAction":[{"@type":"ReadAction","target":["https:\/\/nahuelproducciones.com.ar\/radioquijano\/aires-de-quijano-esperan-que-les-instalen-medidores-domiciliarios-de-electricidad\/"]}]},{"@type":"BreadcrumbList","@id":"https:\/\/nahuelproducciones.com.ar\/radioquijano\/aires-de-quijano-esperan-que-les-instalen-medidores-domiciliarios-de-electricidad\/#breadcrumb","itemListElement":[{"@type":"ListItem","position":1,"name":"Portada","item":"https:\/\/nahuelproducciones.com.ar\/radioquijano\/"},{"@type":"ListItem","position":2,"name":"Aires de Quijano espera la instalaci\u00f3n de medidores domiciliarios de electricidad."}]},{"@type":"WebSite","@id":"https:\/\/nahuelproducciones.com.ar\/radioquijano\/#website","url":"https:\/\/nahuelproducciones.com.ar\/radioquijano\/","name":"RQ 99.9","description":"Radio Quijano 99.9 MHz","potentialAction":[{"@type":"SearchAction","target":{"@type":"EntryPoint","urlTemplate":"https:\/\/nahuelproducciones.com.ar\/radioquijano\/?s={search_term_string}"},"query-input":"required name=search_term_string"}],"inLanguage":"es"},{"@type":"Person","@id":"https:\/\/nahuelproducciones.com.ar\/radioquijano\/#\/schema\/person\/e8a4f939e2cb487fe6d0c54042c9d32c","name":"Cecilia Pastrana","image":{"@type":"ImageObject","inLanguage":"es","@id":"https:\/\/nahuelproducciones.com.ar\/radioquijano\/#\/schema\/person\/image\/","url":"https:\/\/secure.gravatar.com\/avatar\/661a3ef63a8488d4f2794ed44af8cf71420f7e106f3072c40125114df5157749?s=96&d=mm&r=g","contentUrl":"https:\/\/secure.gravatar.com\/avatar\/661a3ef63a8488d4f2794ed44af8cf71420f7e106f3072c40125114df5157749?s=96&d=mm&r=g","caption":"Cecilia Pastrana"},"sameAs":["cecy"],"url":"https:\/\/nahuelproducciones.com.ar\/radioquijano\/author\/cecy\/"}]}},"_links":{"self":[{"href":"https:\/\/nahuelproducciones.com.ar\/radioquijano\/wp-json\/wp\/v2\/posts\/4402","targetHints":{"allow":["GET"]}}],"collection":[{"href":"https:\/\/nahuelproducciones.com.ar\/radioquijano\/wp-json\/wp\/v2\/posts"}],"about":[{"href":"https:\/\/nahuelproducciones.com.ar\/radioquijano\/wp-json\/wp\/v2\/types\/post"}],"author":[{"embeddable":true,"href":"https:\/\/nahuelproducciones.com.ar\/radioquijano\/wp-json\/wp\/v2\/users\/8"}],"replies":[{"embeddable":true,"href":"https:\/\/nahuelproducciones.com.ar\/radioquijano\/wp-json\/wp\/v2\/comments?post=4402"}],"version-history":[{"count":4,"href":"https:\/\/nahuelproducciones.com.ar\/radioquijano\/wp-json\/wp\/v2\/posts\/4402\/revisions"}],"predecessor-version":[{"id":4423,"href":"https:\/\/nahuelproducciones.com.ar\/radioquijano\/wp-json\/wp\/v2\/posts\/4402\/revisions\/4423"}],"wp:featuredmedia":[{"embeddable":true,"href":"https:\/\/nahuelproducciones.com.ar\/radioquijano\/wp-json\/wp\/v2\/media\/4403"}],"wp:attachment":[{"href":"https:\/\/nahuelproducciones.com.ar\/radioquijano\/wp-json\/wp\/v2\/media?parent=4402"}],"wp:term":[{"taxonomy":"category","embeddable":true,"href":"https:\/\/nahuelproducciones.com.ar\/radioquijano\/wp-json\/wp\/v2\/categories?post=4402"},{"taxonomy":"post_tag","embeddable":true,"href":"https:\/\/nahuelproducciones.com.ar\/radioquijano\/wp-json\/wp\/v2\/tags?post=4402"}],"curies":[{"name":"wp","href":"https:\/\/api.w.org\/{rel}","templated":true}]}}