{"id":4434,"date":"2023-02-17T11:21:11","date_gmt":"2023-02-17T14:21:11","guid":{"rendered":"https:\/\/nahuelproducciones.com.ar\/radioquijano\/?p=4434"},"modified":"2023-02-17T11:21:12","modified_gmt":"2023-02-17T14:21:12","slug":"la-oficial-zalazar-era-de-campo-quijano","status":"publish","type":"post","link":"https:\/\/nahuelproducciones.com.ar\/radioquijano\/la-oficial-zalazar-era-de-campo-quijano\/","title":{"rendered":"La Oficial Zalazar era de Campo Quijano."},"content":{"rendered":"\n<p>A trav\u00e9s de un comunicado en Facebook, el municipio de Campo Quijano hizo llegar su p\u00e9same a los familiares de la oficial Maribel Zalazar, asesinada el martes \u00faltimo en la estaci\u00f3n de Retiro en la Ciudad de Buenos Aires, cuanto intent\u00f3 mediar en una pelea entre un hombre y un trabajador del subte.<\/p>\n\n\n\n<p>Maribel N\u00e9lida Zalazar, de 35 a\u00f1os, era oriunda de Campo Quijano, se desempe\u00f1aba en la Divisi\u00f3n Subtes de las l\u00edneas C, D, y H viv\u00eda en la localidad bonaerense de Glew, estaba en pareja y ten\u00eda dos hijos: uno de 13 y otro de 5 a\u00f1os.<\/p>\n\n\n\n<p>Zalazar se hab\u00eda formado en la Polic\u00eda Federal. Ingres\u00f3 en 2014 y trabaj\u00f3 en esa fuerza hasta 2016. Tres a\u00f1os despu\u00e9s pidi\u00f3 el traspaso al gobierno de la Ciudad para sumarse a la polic\u00eda local. Antes de eso, se hab\u00eda desempe\u00f1ado en un local gastron\u00f3mico en Adrogu\u00e9, hasta 2008.<\/p>\n\n\n\n<p>La autopsia confirm\u00f3 que la oficial Zalazar recibi\u00f3 un \u00fanico disparo que ingres\u00f3 por el cuello, atraves\u00f3 el t\u00f3rax y le provoc\u00f3 hemorragias internas que derivaron en su muerte, seg\u00fan lo relev\u00f3 un informe preliminar que fue entregado en las \u00faltimas horas a la Justicia.<\/p>\n\n\n\n<p>En tanto, el detenido por el crimen Oscar Gustavo Valdez (30), de nacionalidad paraguaya, se encontraba alojado desde anoche en la Unidad 28 que funciona como la alcaid\u00eda de los tribunales porte\u00f1os, en la calle Lavalle 1337, a la espera de ser indagado.<\/p>\n\n\n\n<p>Si bien en un principio se hab\u00eda informado que la oficial hab\u00eda recibido dos balazos, el informe preliminar de la autopsia que recibi\u00f3 el juez Peluso confirm\u00f3 que se trat\u00f3 de un \u00fanico disparo efectuado por su propia arma reglamentaria Bersa Thunder calibre 9 mil\u00edmetros que le arrebat\u00f3 Valdez a traici\u00f3n de Zalazar cuando lo estaba asistiendo.<\/p>\n\n\n\n<p>Los forenses determinaron que la oficial recibi\u00f3 una \u00abherida de arma de fuego que ingres\u00f3 por la zona 1 del cuello, generando un orificio de entrada en la cervical anterior, atraves\u00f3 el t\u00f3rax, lesion\u00f3 el pulm\u00f3n derecho y afect\u00f3 a la arteria subclavia generando un paro cardiorrespiratorio por p\u00e9rdida de sangre\u00bb.<\/p>\n\n\n\n<p>El informe, adem\u00e1s, agrega que el trayecto de la bala le provoc\u00f3 \u00abhemorragias internas\u00bb, y que el plomo sali\u00f3 por la zona de la espalda.<\/p>\n\n\n\n<p>Los investigadores judiciales confirmaron a Telam que el agresor lleg\u00f3 a realizar seis disparos, de acuerdo a las primeras pericias, aunque a\u00fan se aguarda el peritaje bal\u00edstico sobre la pistola Bersa Thunder que realizar\u00e1n expertos de la Polic\u00eda Federal.<\/p>\n\n\n\n<div class=\"wp-block-image\"><figure class=\"aligncenter\"><img decoding=\"async\" src=\"https:\/\/i0.wp.com\/elnoticierodigital.com.ar\/wp-content\/uploads\/2023\/02\/1265428.jpg?resize=600%2C365&amp;ssl=1\" alt=\"\"\/><\/figure><\/div>\n\n\n\n<p><em>Fuente diario\u00a0<\/em>El Tribuno<\/p>\n\n\n\n<p><a href=\"https:\/\/nahuelproducciones.com.ar\/index.php\/rq999\" target=\"_blank\" rel=\"noreferrer noopener\">#RQ99.9Mhz<\/a>\u00a0<a href=\"https:\/\/nahuelproducciones.com.ar\/\" target=\"_blank\" rel=\"noreferrer noopener\">#CAMPOQUIJANO<\/a>\u00a0<a href=\"http:\/\/nahuelproducciones.com.ar\/radioquijano\/\" target=\"_blank\" rel=\"noreferrer noopener\">#RadioQuijano<\/a><\/p>\n","protected":false},"excerpt":{"rendered":"<p>A trav\u00e9s de un comunicado en Facebook, el municipio de Campo Quijano hizo llegar su p\u00e9same a los familiares de la oficial Maribel Zalazar, asesinada el martes \u00faltimo en la estaci\u00f3n de Retiro en la Ciudad de Buenos Aires, cuanto intent\u00f3 mediar en una pelea entre un hombre y un trabajador del subte. Maribel N\u00e9lida [&hellip;]<\/p>\n","protected":false},"author":8,"featured_media":4435,"comment_status":"open","ping_status":"open","sticky":false,"template":"","format":"standard","meta":{"_monsterinsights_skip_tracking":false,"_monsterinsights_sitenote_active":false,"_monsterinsights_sitenote_note":"","_monsterinsights_sitenote_category":0,"footnotes":""},"categories":[16],"tags":[884,883,71,885],"class_list":["post-4434","post","type-post","status-publish","format-standard","has-post-thumbnail","hentry","category-noticias","tag-buenos-aires","tag-maribel-zalazar","tag-municipalidad-de-campo-quijano","tag-policia-federal"],"yoast_head":"<!-- This site is optimized with the Yoast SEO plugin v20.8 - https:\/\/yoast.com\/wordpress\/plugins\/seo\/ -->\n<title>La Oficial Zalazar era de Campo Quijano. - RQ 99.9<\/title>\n<meta name=\"description\" content=\"El detenido por el crimen Oscar Gustavo Valdez (30), de nacionalidad paraguaya.\" \/>\n<meta name=\"robots\" content=\"index, follow, max-snippet:-1, max-image-preview:large, max-video-preview:-1\" \/>\n<link rel=\"canonical\" href=\"https:\/\/nahuelproducciones.com.ar\/radioquijano\/la-oficial-zalazar-era-de-campo-quijano\/\" \/>\n<meta property=\"og:locale\" content=\"es_ES\" \/>\n<meta property=\"og:type\" content=\"article\" \/>\n<meta property=\"og:title\" content=\"La Oficial Zalazar era de Campo Quijano. - RQ 99.9\" \/>\n<meta property=\"og:description\" content=\"El detenido por el crimen Oscar Gustavo Valdez (30), de nacionalidad paraguaya.\" \/>\n<meta property=\"og:url\" content=\"https:\/\/nahuelproducciones.com.ar\/radioquijano\/la-oficial-zalazar-era-de-campo-quijano\/\" \/>\n<meta property=\"og:site_name\" content=\"RQ 99.9\" \/>\n<meta property=\"article:publisher\" content=\"https:\/\/www.facebook.com\/nahuelproducciones999\/\" \/>\n<meta property=\"article:published_time\" content=\"2023-02-17T14:21:11+00:00\" \/>\n<meta property=\"article:modified_time\" content=\"2023-02-17T14:21:12+00:00\" \/>\n<meta property=\"og:image\" content=\"https:\/\/nahuelproducciones.com.ar\/radioquijano\/wp-content\/uploads\/2023\/02\/zalazar.webp\" \/>\n\t<meta property=\"og:image:width\" content=\"600\" \/>\n\t<meta property=\"og:image:height\" content=\"365\" \/>\n\t<meta property=\"og:image:type\" content=\"image\/webp\" \/>\n<meta name=\"author\" content=\"Cecilia Pastrana\" \/>\n<meta name=\"twitter:card\" content=\"summary_large_image\" \/>\n<meta name=\"twitter:creator\" content=\"@nahuproduciones\" \/>\n<meta name=\"twitter:site\" content=\"@nahuproduciones\" \/>\n<meta name=\"twitter:label1\" content=\"Escrito por\" \/>\n\t<meta name=\"twitter:data1\" content=\"Cecilia Pastrana\" \/>\n\t<meta name=\"twitter:label2\" content=\"Tiempo de lectura\" \/>\n\t<meta name=\"twitter:data2\" content=\"3 minutos\" \/>\n<script type=\"application\/ld+json\" class=\"yoast-schema-graph\">{\"@context\":\"https:\/\/schema.org\",\"@graph\":[{\"@type\":\"WebPage\",\"@id\":\"https:\/\/nahuelproducciones.com.ar\/radioquijano\/la-oficial-zalazar-era-de-campo-quijano\/\",\"url\":\"https:\/\/nahuelproducciones.com.ar\/radioquijano\/la-oficial-zalazar-era-de-campo-quijano\/\",\"name\":\"La Oficial Zalazar era de Campo Quijano. - RQ 99.9\",\"isPartOf\":{\"@id\":\"https:\/\/nahuelproducciones.com.ar\/radioquijano\/#website\"},\"datePublished\":\"2023-02-17T14:21:11+00:00\",\"dateModified\":\"2023-02-17T14:21:12+00:00\",\"author\":{\"@id\":\"https:\/\/nahuelproducciones.com.ar\/radioquijano\/#\/schema\/person\/e8a4f939e2cb487fe6d0c54042c9d32c\"},\"description\":\"El detenido por el crimen Oscar Gustavo Valdez (30), de nacionalidad paraguaya.\",\"breadcrumb\":{\"@id\":\"https:\/\/nahuelproducciones.com.ar\/radioquijano\/la-oficial-zalazar-era-de-campo-quijano\/#breadcrumb\"},\"inLanguage\":\"es\",\"potentialAction\":[{\"@type\":\"ReadAction\",\"target\":[\"https:\/\/nahuelproducciones.com.ar\/radioquijano\/la-oficial-zalazar-era-de-campo-quijano\/\"]}]},{\"@type\":\"BreadcrumbList\",\"@id\":\"https:\/\/nahuelproducciones.com.ar\/radioquijano\/la-oficial-zalazar-era-de-campo-quijano\/#breadcrumb\",\"itemListElement\":[{\"@type\":\"ListItem\",\"position\":1,\"name\":\"Portada\",\"item\":\"https:\/\/nahuelproducciones.com.ar\/radioquijano\/\"},{\"@type\":\"ListItem\",\"position\":2,\"name\":\"La Oficial Zalazar era de Campo Quijano.\"}]},{\"@type\":\"WebSite\",\"@id\":\"https:\/\/nahuelproducciones.com.ar\/radioquijano\/#website\",\"url\":\"https:\/\/nahuelproducciones.com.ar\/radioquijano\/\",\"name\":\"RQ 99.9\",\"description\":\"Radio Quijano 99.9 MHz\",\"potentialAction\":[{\"@type\":\"SearchAction\",\"target\":{\"@type\":\"EntryPoint\",\"urlTemplate\":\"https:\/\/nahuelproducciones.com.ar\/radioquijano\/?s={search_term_string}\"},\"query-input\":\"required name=search_term_string\"}],\"inLanguage\":\"es\"},{\"@type\":\"Person\",\"@id\":\"https:\/\/nahuelproducciones.com.ar\/radioquijano\/#\/schema\/person\/e8a4f939e2cb487fe6d0c54042c9d32c\",\"name\":\"Cecilia Pastrana\",\"image\":{\"@type\":\"ImageObject\",\"inLanguage\":\"es\",\"@id\":\"https:\/\/nahuelproducciones.com.ar\/radioquijano\/#\/schema\/person\/image\/\",\"url\":\"https:\/\/secure.gravatar.com\/avatar\/661a3ef63a8488d4f2794ed44af8cf71420f7e106f3072c40125114df5157749?s=96&d=mm&r=g\",\"contentUrl\":\"https:\/\/secure.gravatar.com\/avatar\/661a3ef63a8488d4f2794ed44af8cf71420f7e106f3072c40125114df5157749?s=96&d=mm&r=g\",\"caption\":\"Cecilia Pastrana\"},\"sameAs\":[\"cecy\"],\"url\":\"https:\/\/nahuelproducciones.com.ar\/radioquijano\/author\/cecy\/\"}]}<\/script>\n<!-- \/ Yoast SEO plugin. -->","yoast_head_json":{"title":"La Oficial Zalazar era de Campo Quijano. - RQ 99.9","description":"El detenido por el crimen Oscar Gustavo Valdez (30), de nacionalidad paraguaya.","robots":{"index":"index","follow":"follow","max-snippet":"max-snippet:-1","max-image-preview":"max-image-preview:large","max-video-preview":"max-video-preview:-1"},"canonical":"https:\/\/nahuelproducciones.com.ar\/radioquijano\/la-oficial-zalazar-era-de-campo-quijano\/","og_locale":"es_ES","og_type":"article","og_title":"La Oficial Zalazar era de Campo Quijano. - RQ 99.9","og_description":"El detenido por el crimen Oscar Gustavo Valdez (30), de nacionalidad paraguaya.","og_url":"https:\/\/nahuelproducciones.com.ar\/radioquijano\/la-oficial-zalazar-era-de-campo-quijano\/","og_site_name":"RQ 99.9","article_publisher":"https:\/\/www.facebook.com\/nahuelproducciones999\/","article_published_time":"2023-02-17T14:21:11+00:00","article_modified_time":"2023-02-17T14:21:12+00:00","og_image":[{"width":600,"height":365,"url":"https:\/\/nahuelproducciones.com.ar\/radioquijano\/wp-content\/uploads\/2023\/02\/zalazar.webp","type":"image\/webp"}],"author":"Cecilia Pastrana","twitter_card":"summary_large_image","twitter_creator":"@nahuproduciones","twitter_site":"@nahuproduciones","twitter_misc":{"Escrito por":"Cecilia Pastrana","Tiempo de lectura":"3 minutos"},"schema":{"@context":"https:\/\/schema.org","@graph":[{"@type":"WebPage","@id":"https:\/\/nahuelproducciones.com.ar\/radioquijano\/la-oficial-zalazar-era-de-campo-quijano\/","url":"https:\/\/nahuelproducciones.com.ar\/radioquijano\/la-oficial-zalazar-era-de-campo-quijano\/","name":"La Oficial Zalazar era de Campo Quijano. - RQ 99.9","isPartOf":{"@id":"https:\/\/nahuelproducciones.com.ar\/radioquijano\/#website"},"datePublished":"2023-02-17T14:21:11+00:00","dateModified":"2023-02-17T14:21:12+00:00","author":{"@id":"https:\/\/nahuelproducciones.com.ar\/radioquijano\/#\/schema\/person\/e8a4f939e2cb487fe6d0c54042c9d32c"},"description":"El detenido por el crimen Oscar Gustavo Valdez (30), de nacionalidad paraguaya.","breadcrumb":{"@id":"https:\/\/nahuelproducciones.com.ar\/radioquijano\/la-oficial-zalazar-era-de-campo-quijano\/#breadcrumb"},"inLanguage":"es","potentialAction":[{"@type":"ReadAction","target":["https:\/\/nahuelproducciones.com.ar\/radioquijano\/la-oficial-zalazar-era-de-campo-quijano\/"]}]},{"@type":"BreadcrumbList","@id":"https:\/\/nahuelproducciones.com.ar\/radioquijano\/la-oficial-zalazar-era-de-campo-quijano\/#breadcrumb","itemListElement":[{"@type":"ListItem","position":1,"name":"Portada","item":"https:\/\/nahuelproducciones.com.ar\/radioquijano\/"},{"@type":"ListItem","position":2,"name":"La Oficial Zalazar era de Campo Quijano."}]},{"@type":"WebSite","@id":"https:\/\/nahuelproducciones.com.ar\/radioquijano\/#website","url":"https:\/\/nahuelproducciones.com.ar\/radioquijano\/","name":"RQ 99.9","description":"Radio Quijano 99.9 MHz","potentialAction":[{"@type":"SearchAction","target":{"@type":"EntryPoint","urlTemplate":"https:\/\/nahuelproducciones.com.ar\/radioquijano\/?s={search_term_string}"},"query-input":"required name=search_term_string"}],"inLanguage":"es"},{"@type":"Person","@id":"https:\/\/nahuelproducciones.com.ar\/radioquijano\/#\/schema\/person\/e8a4f939e2cb487fe6d0c54042c9d32c","name":"Cecilia Pastrana","image":{"@type":"ImageObject","inLanguage":"es","@id":"https:\/\/nahuelproducciones.com.ar\/radioquijano\/#\/schema\/person\/image\/","url":"https:\/\/secure.gravatar.com\/avatar\/661a3ef63a8488d4f2794ed44af8cf71420f7e106f3072c40125114df5157749?s=96&d=mm&r=g","contentUrl":"https:\/\/secure.gravatar.com\/avatar\/661a3ef63a8488d4f2794ed44af8cf71420f7e106f3072c40125114df5157749?s=96&d=mm&r=g","caption":"Cecilia Pastrana"},"sameAs":["cecy"],"url":"https:\/\/nahuelproducciones.com.ar\/radioquijano\/author\/cecy\/"}]}},"_links":{"self":[{"href":"https:\/\/nahuelproducciones.com.ar\/radioquijano\/wp-json\/wp\/v2\/posts\/4434","targetHints":{"allow":["GET"]}}],"collection":[{"href":"https:\/\/nahuelproducciones.com.ar\/radioquijano\/wp-json\/wp\/v2\/posts"}],"about":[{"href":"https:\/\/nahuelproducciones.com.ar\/radioquijano\/wp-json\/wp\/v2\/types\/post"}],"author":[{"embeddable":true,"href":"https:\/\/nahuelproducciones.com.ar\/radioquijano\/wp-json\/wp\/v2\/users\/8"}],"replies":[{"embeddable":true,"href":"https:\/\/nahuelproducciones.com.ar\/radioquijano\/wp-json\/wp\/v2\/comments?post=4434"}],"version-history":[{"count":1,"href":"https:\/\/nahuelproducciones.com.ar\/radioquijano\/wp-json\/wp\/v2\/posts\/4434\/revisions"}],"predecessor-version":[{"id":4436,"href":"https:\/\/nahuelproducciones.com.ar\/radioquijano\/wp-json\/wp\/v2\/posts\/4434\/revisions\/4436"}],"wp:featuredmedia":[{"embeddable":true,"href":"https:\/\/nahuelproducciones.com.ar\/radioquijano\/wp-json\/wp\/v2\/media\/4435"}],"wp:attachment":[{"href":"https:\/\/nahuelproducciones.com.ar\/radioquijano\/wp-json\/wp\/v2\/media?parent=4434"}],"wp:term":[{"taxonomy":"category","embeddable":true,"href":"https:\/\/nahuelproducciones.com.ar\/radioquijano\/wp-json\/wp\/v2\/categories?post=4434"},{"taxonomy":"post_tag","embeddable":true,"href":"https:\/\/nahuelproducciones.com.ar\/radioquijano\/wp-json\/wp\/v2\/tags?post=4434"}],"curies":[{"name":"wp","href":"https:\/\/api.w.org\/{rel}","templated":true}]}}