{"id":4450,"date":"2023-02-19T00:39:21","date_gmt":"2023-02-19T03:39:21","guid":{"rendered":"https:\/\/nahuelproducciones.com.ar\/radioquijano\/?p=4450"},"modified":"2023-02-19T00:53:19","modified_gmt":"2023-02-19T03:53:19","slug":"campo-quijano-saeta-informa-recorrido-del-transporte-publico-por-carnaval","status":"publish","type":"post","link":"https:\/\/nahuelproducciones.com.ar\/radioquijano\/campo-quijano-saeta-informa-recorrido-del-transporte-publico-por-carnaval\/","title":{"rendered":"Campo Quijano: Saeta informa recorrido del transporte p\u00fablico por carnaval"},"content":{"rendered":"\n<p>Recorrido literal<\/p>\n\n\n\n<p class=\"has-text-align-center\">CAMPING QUIJANO &#8211; 9 DE JULIO &#8211; SAN MART\u00cdN &#8211; CHILE &#8211; RUTA NACIONAL N\u00ba 51 &#8211; LA SILLETA &#8211; SAN LUIS &#8211; AV. KENNEDY &#8211; AV. PARAGUAY &#8211; VIRGILIO TED\u00cdN &#8211; AV. CHILE &#8211; PELLEGRINI &#8211; MENDOZA &#8211; BUENOS AIRES &#8211; AV. SAN MART\u00cdN &#8211; AV. JUJUY &#8211; AV. PARAGUAY &#8211; AV. KENNEDY &#8211; RUTA NACIONAL N\u00ba 51 &#8211; SAN LUIS &#8211; LA SILLETA &#8211; CHILE &#8211; SAN MART\u00cdN &#8211; 9 DE JULIO &#8211; CAMPING QUIJANO.<\/p>\n\n\n\n<p>SAETA informa a sus usuarios que este lunes 20 y martes 21, d\u00edas en que se registrar\u00e1n en todo el pa\u00eds los feriados de carnaval, el servicio de colectivos de SAETA se desarrollar\u00e1 con un diagrama de d\u00edas domingos.<\/p>\n\n\n\n<p>El servicio de transporte urbano de pasajeros retomar\u00e1 su frecuencia habitual a partir de la 0 hora del mi\u00e9rcoles 22 con los coches del servicio nocturno.<\/p>\n\n\n\n<p>Los usuarios podr\u00e1n seguir la localizaci\u00f3n de los colectivos de cada l\u00ednea a trav\u00e9s de SAETA APP, aplicaci\u00f3n disponible para dispositivos con sistema Android. De este modo cada usuario podr\u00e1 conocer el tiempo de espera hasta la llegada del coche a su parada. SAETA APP puede descargarse gratuitamente desde Google Play.<\/p>\n\n\n\n<p class=\"wp-block-pdfemb-pdf-embedder-viewer\"><\/p>\n","protected":false},"excerpt":{"rendered":"<p>Recorrido literal CAMPING QUIJANO &#8211; 9 DE JULIO &#8211; SAN MART\u00cdN &#8211; CHILE &#8211; RUTA NACIONAL N\u00ba 51 &#8211; LA SILLETA &#8211; SAN LUIS &#8211; AV. KENNEDY &#8211; AV. PARAGUAY &#8211; VIRGILIO TED\u00cdN &#8211; AV. CHILE &#8211; PELLEGRINI &#8211; MENDOZA &#8211; BUENOS AIRES &#8211; AV. SAN MART\u00cdN &#8211; AV. JUJUY &#8211; AV. PARAGUAY &#8211; AV. [&hellip;]<\/p>\n","protected":false},"author":6,"featured_media":4454,"comment_status":"open","ping_status":"open","sticky":false,"template":"","format":"standard","meta":{"_monsterinsights_skip_tracking":false,"_monsterinsights_sitenote_active":false,"_monsterinsights_sitenote_note":"","_monsterinsights_sitenote_category":0,"footnotes":""},"categories":[16],"tags":[36,491,71,100,892,891,404,890],"class_list":["post-4450","post","type-post","status-publish","format-standard","has-post-thumbnail","hentry","category-noticias","tag-campo-quijano","tag-claudio-mohr-presidente-de-saeta","tag-municipalidad-de-campo-quijano","tag-municipio-de-campo-quijano","tag-quijano-la-silleta-salta","tag-quijano-salta","tag-saeta","tag-salta-quijano"],"yoast_head":"<!-- This site is optimized with the Yoast SEO plugin v20.8 - https:\/\/yoast.com\/wordpress\/plugins\/seo\/ -->\n<title>Campo Quijano: Saeta informa recorrido del transporte p\u00fablico por carnaval - RQ 99.9<\/title>\n<meta name=\"robots\" content=\"index, follow, max-snippet:-1, max-image-preview:large, max-video-preview:-1\" \/>\n<link rel=\"canonical\" href=\"https:\/\/nahuelproducciones.com.ar\/radioquijano\/campo-quijano-saeta-informa-recorrido-del-transporte-publico-por-carnaval\/\" \/>\n<meta property=\"og:locale\" content=\"es_ES\" \/>\n<meta property=\"og:type\" content=\"article\" \/>\n<meta property=\"og:title\" content=\"Campo Quijano: Saeta informa recorrido del transporte p\u00fablico por carnaval - RQ 99.9\" \/>\n<meta property=\"og:description\" content=\"Recorrido literal CAMPING QUIJANO &#8211; 9 DE JULIO &#8211; SAN MART\u00cdN &#8211; CHILE &#8211; RUTA NACIONAL N\u00ba 51 &#8211; LA SILLETA &#8211; SAN LUIS &#8211; AV. KENNEDY &#8211; AV. PARAGUAY &#8211; VIRGILIO TED\u00cdN &#8211; AV. CHILE &#8211; PELLEGRINI &#8211; MENDOZA &#8211; BUENOS AIRES &#8211; AV. SAN MART\u00cdN &#8211; AV. JUJUY &#8211; AV. PARAGUAY &#8211; AV. [&hellip;]\" \/>\n<meta property=\"og:url\" content=\"https:\/\/nahuelproducciones.com.ar\/radioquijano\/campo-quijano-saeta-informa-recorrido-del-transporte-publico-por-carnaval\/\" \/>\n<meta property=\"og:site_name\" content=\"RQ 99.9\" \/>\n<meta property=\"article:publisher\" content=\"https:\/\/www.facebook.com\/nahuelproducciones999\/\" \/>\n<meta property=\"article:published_time\" content=\"2023-02-19T03:39:21+00:00\" \/>\n<meta property=\"article:modified_time\" content=\"2023-02-19T03:53:19+00:00\" \/>\n<meta property=\"og:image\" content=\"https:\/\/nahuelproducciones.com.ar\/radioquijano\/wp-content\/uploads\/2023\/02\/WhatsApp-Image-2023-02-17-at-13.11.28.jpeg\" \/>\n\t<meta property=\"og:image:width\" content=\"700\" \/>\n\t<meta property=\"og:image:height\" content=\"400\" \/>\n\t<meta property=\"og:image:type\" content=\"image\/jpeg\" \/>\n<meta name=\"author\" content=\"Ricardo Guzman\" \/>\n<meta name=\"twitter:card\" content=\"summary_large_image\" \/>\n<meta name=\"twitter:creator\" content=\"@nahuproduciones\" \/>\n<meta name=\"twitter:site\" content=\"@nahuproduciones\" \/>\n<meta name=\"twitter:label1\" content=\"Escrito por\" \/>\n\t<meta name=\"twitter:data1\" content=\"Ricardo Guzman\" \/>\n\t<meta name=\"twitter:label2\" content=\"Tiempo de lectura\" \/>\n\t<meta name=\"twitter:data2\" content=\"1 minuto\" \/>\n<script type=\"application\/ld+json\" class=\"yoast-schema-graph\">{\"@context\":\"https:\/\/schema.org\",\"@graph\":[{\"@type\":\"WebPage\",\"@id\":\"https:\/\/nahuelproducciones.com.ar\/radioquijano\/campo-quijano-saeta-informa-recorrido-del-transporte-publico-por-carnaval\/\",\"url\":\"https:\/\/nahuelproducciones.com.ar\/radioquijano\/campo-quijano-saeta-informa-recorrido-del-transporte-publico-por-carnaval\/\",\"name\":\"Campo Quijano: Saeta informa recorrido del transporte p\u00fablico por carnaval - RQ 99.9\",\"isPartOf\":{\"@id\":\"https:\/\/nahuelproducciones.com.ar\/radioquijano\/#website\"},\"datePublished\":\"2023-02-19T03:39:21+00:00\",\"dateModified\":\"2023-02-19T03:53:19+00:00\",\"author\":{\"@id\":\"https:\/\/nahuelproducciones.com.ar\/radioquijano\/#\/schema\/person\/b9b81a110cbdf07949e2cd02d478ab9d\"},\"breadcrumb\":{\"@id\":\"https:\/\/nahuelproducciones.com.ar\/radioquijano\/campo-quijano-saeta-informa-recorrido-del-transporte-publico-por-carnaval\/#breadcrumb\"},\"inLanguage\":\"es\",\"potentialAction\":[{\"@type\":\"ReadAction\",\"target\":[\"https:\/\/nahuelproducciones.com.ar\/radioquijano\/campo-quijano-saeta-informa-recorrido-del-transporte-publico-por-carnaval\/\"]}]},{\"@type\":\"BreadcrumbList\",\"@id\":\"https:\/\/nahuelproducciones.com.ar\/radioquijano\/campo-quijano-saeta-informa-recorrido-del-transporte-publico-por-carnaval\/#breadcrumb\",\"itemListElement\":[{\"@type\":\"ListItem\",\"position\":1,\"name\":\"Portada\",\"item\":\"https:\/\/nahuelproducciones.com.ar\/radioquijano\/\"},{\"@type\":\"ListItem\",\"position\":2,\"name\":\"Campo Quijano: Saeta informa recorrido del transporte p\u00fablico por carnaval\"}]},{\"@type\":\"WebSite\",\"@id\":\"https:\/\/nahuelproducciones.com.ar\/radioquijano\/#website\",\"url\":\"https:\/\/nahuelproducciones.com.ar\/radioquijano\/\",\"name\":\"RQ 99.9\",\"description\":\"Radio Quijano 99.9 MHz\",\"potentialAction\":[{\"@type\":\"SearchAction\",\"target\":{\"@type\":\"EntryPoint\",\"urlTemplate\":\"https:\/\/nahuelproducciones.com.ar\/radioquijano\/?s={search_term_string}\"},\"query-input\":\"required name=search_term_string\"}],\"inLanguage\":\"es\"},{\"@type\":\"Person\",\"@id\":\"https:\/\/nahuelproducciones.com.ar\/radioquijano\/#\/schema\/person\/b9b81a110cbdf07949e2cd02d478ab9d\",\"name\":\"Ricardo Guzman\",\"image\":{\"@type\":\"ImageObject\",\"inLanguage\":\"es\",\"@id\":\"https:\/\/nahuelproducciones.com.ar\/radioquijano\/#\/schema\/person\/image\/\",\"url\":\"https:\/\/secure.gravatar.com\/avatar\/a5d582deda251f95dc882b72fc6e7b4854f88bb25c3154519210afffa7d706e8?s=96&d=mm&r=g\",\"contentUrl\":\"https:\/\/secure.gravatar.com\/avatar\/a5d582deda251f95dc882b72fc6e7b4854f88bb25c3154519210afffa7d706e8?s=96&d=mm&r=g\",\"caption\":\"Ricardo Guzman\"},\"url\":\"https:\/\/nahuelproducciones.com.ar\/radioquijano\/author\/cady\/\"}]}<\/script>\n<!-- \/ Yoast SEO plugin. -->","yoast_head_json":{"title":"Campo Quijano: Saeta informa recorrido del transporte p\u00fablico por carnaval - RQ 99.9","robots":{"index":"index","follow":"follow","max-snippet":"max-snippet:-1","max-image-preview":"max-image-preview:large","max-video-preview":"max-video-preview:-1"},"canonical":"https:\/\/nahuelproducciones.com.ar\/radioquijano\/campo-quijano-saeta-informa-recorrido-del-transporte-publico-por-carnaval\/","og_locale":"es_ES","og_type":"article","og_title":"Campo Quijano: Saeta informa recorrido del transporte p\u00fablico por carnaval - RQ 99.9","og_description":"Recorrido literal CAMPING QUIJANO &#8211; 9 DE JULIO &#8211; SAN MART\u00cdN &#8211; CHILE &#8211; RUTA NACIONAL N\u00ba 51 &#8211; LA SILLETA &#8211; SAN LUIS &#8211; AV. KENNEDY &#8211; AV. PARAGUAY &#8211; VIRGILIO TED\u00cdN &#8211; AV. CHILE &#8211; PELLEGRINI &#8211; MENDOZA &#8211; BUENOS AIRES &#8211; AV. SAN MART\u00cdN &#8211; AV. JUJUY &#8211; AV. PARAGUAY &#8211; AV. [&hellip;]","og_url":"https:\/\/nahuelproducciones.com.ar\/radioquijano\/campo-quijano-saeta-informa-recorrido-del-transporte-publico-por-carnaval\/","og_site_name":"RQ 99.9","article_publisher":"https:\/\/www.facebook.com\/nahuelproducciones999\/","article_published_time":"2023-02-19T03:39:21+00:00","article_modified_time":"2023-02-19T03:53:19+00:00","og_image":[{"width":700,"height":400,"url":"https:\/\/nahuelproducciones.com.ar\/radioquijano\/wp-content\/uploads\/2023\/02\/WhatsApp-Image-2023-02-17-at-13.11.28.jpeg","type":"image\/jpeg"}],"author":"Ricardo Guzman","twitter_card":"summary_large_image","twitter_creator":"@nahuproduciones","twitter_site":"@nahuproduciones","twitter_misc":{"Escrito por":"Ricardo Guzman","Tiempo de lectura":"1 minuto"},"schema":{"@context":"https:\/\/schema.org","@graph":[{"@type":"WebPage","@id":"https:\/\/nahuelproducciones.com.ar\/radioquijano\/campo-quijano-saeta-informa-recorrido-del-transporte-publico-por-carnaval\/","url":"https:\/\/nahuelproducciones.com.ar\/radioquijano\/campo-quijano-saeta-informa-recorrido-del-transporte-publico-por-carnaval\/","name":"Campo Quijano: Saeta informa recorrido del transporte p\u00fablico por carnaval - RQ 99.9","isPartOf":{"@id":"https:\/\/nahuelproducciones.com.ar\/radioquijano\/#website"},"datePublished":"2023-02-19T03:39:21+00:00","dateModified":"2023-02-19T03:53:19+00:00","author":{"@id":"https:\/\/nahuelproducciones.com.ar\/radioquijano\/#\/schema\/person\/b9b81a110cbdf07949e2cd02d478ab9d"},"breadcrumb":{"@id":"https:\/\/nahuelproducciones.com.ar\/radioquijano\/campo-quijano-saeta-informa-recorrido-del-transporte-publico-por-carnaval\/#breadcrumb"},"inLanguage":"es","potentialAction":[{"@type":"ReadAction","target":["https:\/\/nahuelproducciones.com.ar\/radioquijano\/campo-quijano-saeta-informa-recorrido-del-transporte-publico-por-carnaval\/"]}]},{"@type":"BreadcrumbList","@id":"https:\/\/nahuelproducciones.com.ar\/radioquijano\/campo-quijano-saeta-informa-recorrido-del-transporte-publico-por-carnaval\/#breadcrumb","itemListElement":[{"@type":"ListItem","position":1,"name":"Portada","item":"https:\/\/nahuelproducciones.com.ar\/radioquijano\/"},{"@type":"ListItem","position":2,"name":"Campo Quijano: Saeta informa recorrido del transporte p\u00fablico por carnaval"}]},{"@type":"WebSite","@id":"https:\/\/nahuelproducciones.com.ar\/radioquijano\/#website","url":"https:\/\/nahuelproducciones.com.ar\/radioquijano\/","name":"RQ 99.9","description":"Radio Quijano 99.9 MHz","potentialAction":[{"@type":"SearchAction","target":{"@type":"EntryPoint","urlTemplate":"https:\/\/nahuelproducciones.com.ar\/radioquijano\/?s={search_term_string}"},"query-input":"required name=search_term_string"}],"inLanguage":"es"},{"@type":"Person","@id":"https:\/\/nahuelproducciones.com.ar\/radioquijano\/#\/schema\/person\/b9b81a110cbdf07949e2cd02d478ab9d","name":"Ricardo Guzman","image":{"@type":"ImageObject","inLanguage":"es","@id":"https:\/\/nahuelproducciones.com.ar\/radioquijano\/#\/schema\/person\/image\/","url":"https:\/\/secure.gravatar.com\/avatar\/a5d582deda251f95dc882b72fc6e7b4854f88bb25c3154519210afffa7d706e8?s=96&d=mm&r=g","contentUrl":"https:\/\/secure.gravatar.com\/avatar\/a5d582deda251f95dc882b72fc6e7b4854f88bb25c3154519210afffa7d706e8?s=96&d=mm&r=g","caption":"Ricardo Guzman"},"url":"https:\/\/nahuelproducciones.com.ar\/radioquijano\/author\/cady\/"}]}},"_links":{"self":[{"href":"https:\/\/nahuelproducciones.com.ar\/radioquijano\/wp-json\/wp\/v2\/posts\/4450","targetHints":{"allow":["GET"]}}],"collection":[{"href":"https:\/\/nahuelproducciones.com.ar\/radioquijano\/wp-json\/wp\/v2\/posts"}],"about":[{"href":"https:\/\/nahuelproducciones.com.ar\/radioquijano\/wp-json\/wp\/v2\/types\/post"}],"author":[{"embeddable":true,"href":"https:\/\/nahuelproducciones.com.ar\/radioquijano\/wp-json\/wp\/v2\/users\/6"}],"replies":[{"embeddable":true,"href":"https:\/\/nahuelproducciones.com.ar\/radioquijano\/wp-json\/wp\/v2\/comments?post=4450"}],"version-history":[{"count":1,"href":"https:\/\/nahuelproducciones.com.ar\/radioquijano\/wp-json\/wp\/v2\/posts\/4450\/revisions"}],"predecessor-version":[{"id":4452,"href":"https:\/\/nahuelproducciones.com.ar\/radioquijano\/wp-json\/wp\/v2\/posts\/4450\/revisions\/4452"}],"wp:featuredmedia":[{"embeddable":true,"href":"https:\/\/nahuelproducciones.com.ar\/radioquijano\/wp-json\/wp\/v2\/media\/4454"}],"wp:attachment":[{"href":"https:\/\/nahuelproducciones.com.ar\/radioquijano\/wp-json\/wp\/v2\/media?parent=4450"}],"wp:term":[{"taxonomy":"category","embeddable":true,"href":"https:\/\/nahuelproducciones.com.ar\/radioquijano\/wp-json\/wp\/v2\/categories?post=4450"},{"taxonomy":"post_tag","embeddable":true,"href":"https:\/\/nahuelproducciones.com.ar\/radioquijano\/wp-json\/wp\/v2\/tags?post=4450"}],"curies":[{"name":"wp","href":"https:\/\/api.w.org\/{rel}","templated":true}]}}