{"id":4456,"date":"2023-02-25T10:38:07","date_gmt":"2023-02-25T13:38:07","guid":{"rendered":"https:\/\/nahuelproducciones.com.ar\/radioquijano\/?p=4456"},"modified":"2023-02-25T10:38:09","modified_gmt":"2023-02-25T13:38:09","slug":"hasta-ayer-se-confirmaron-156-casos-de-dengue-en-la-provincia","status":"publish","type":"post","link":"https:\/\/nahuelproducciones.com.ar\/radioquijano\/hasta-ayer-se-confirmaron-156-casos-de-dengue-en-la-provincia\/","title":{"rendered":"Hasta ayer se confirmaron 156 casos de dengue en la provincia"},"content":{"rendered":"\n<p>El informe lo proporcion\u00f3 la Direcci\u00f3n General de Coordinaci\u00f3n Epidemiol\u00f3gica, con detalle de las localidades de residencia de las personas diagnosticadas.<\/p>\n\n\n\n<p>En lo que va del a\u00f1o, se han confirmado 156 casos de dengue en la provincia de Salta, habi\u00e9ndose registrado el primero el 18 de enero. Cabe decir que, en el a\u00f1o 2022, el primer caso se confirm\u00f3 el 9 de febrero.<\/p>\n\n\n\n<p>El director general de Coordinaci\u00f3n Epidemiol\u00f3gica del Ministerio de Salud P\u00fablica,&nbsp;<strong>Francisco Garc\u00eda Campos<\/strong>, dio a conocer el detalle de los casos confirmados hasta el mediod\u00eda del viernes 24 de febrero.<\/p>\n\n\n\n<p>El informe consigna que, de los 156 casos de dengue serotipo 2 (DEN 2), la localizaci\u00f3n, por departamento, es la siguiente:<\/p>\n\n\n\n<p>\u00b7 &nbsp; &nbsp; &nbsp; &nbsp; Capital: 2<\/p>\n\n\n\n<p>\u00b7 &nbsp; &nbsp; &nbsp; &nbsp; General G\u00fcemes: 9<\/p>\n\n\n\n<p>\u00b7 &nbsp; &nbsp; &nbsp; &nbsp; San Mart\u00edn: 103<\/p>\n\n\n\n<p>\u00b7 &nbsp; &nbsp; &nbsp; &nbsp; Iruya: 1<\/p>\n\n\n\n<p>\u00b7 &nbsp; &nbsp; &nbsp; &nbsp; Or\u00e1n: 41<\/p>\n\n\n\n<p><strong>Distribuci\u00f3n por localidad<\/strong><\/p>\n\n\n\n<p>\u00b7 &nbsp; &nbsp; &nbsp; &nbsp; En Capital, los dos casos corresponden a la ciudad de Salta.<\/p>\n\n\n\n<p>\u00b7 &nbsp; &nbsp; &nbsp; &nbsp; Los 9 casos del departamento General G\u00fcemes corresponden a la ciudad de General G\u00fcemes.<\/p>\n\n\n\n<p>\u00b7 &nbsp; &nbsp; &nbsp; &nbsp; En San Mart\u00edn, 5 casos son de Aguaray, 1 de Coronel Cornejo, 6 de Tartagal y 91 de Salvador Mazza.<\/p>\n\n\n\n<p>\u00b7 &nbsp; &nbsp; &nbsp; &nbsp; En Iruya, el \u00fanico caso es de Isla de Ca\u00f1as.<\/p>\n\n\n\n<p>\u00b7 &nbsp; &nbsp; &nbsp; &nbsp; En Or\u00e1n, 22 casos son de Aguas Blancas, 1 de Colonia Santa Rosa, 1 de Hip\u00f3lito Yrigoyen y 17 de san Ram\u00f3n de la Nueva Or\u00e1n.<\/p>\n\n\n\n<p>Se aclara que la confirmaci\u00f3n de casos puede efectuarse por prueba de laboratorio o por nexo epidemiol\u00f3gico, cuando el paciente es contacto de un caso positivo, aut\u00f3ctono o importado.<\/p>\n\n\n\n<hr class=\"wp-block-separator\"\/>\n\n\n\n<p>Fuente:\u00a0<strong>Secretar\u00eda de Prensa y Comunicaci\u00f3n<\/strong><\/p>\n\n\n\n<p> <a href=\"https:\/\/nahuelproducciones.com.ar\/index.php\/rq999\" target=\"_blank\" rel=\"noreferrer noopener\">#RQ99.9Mhz<\/a>\u00a0<a href=\"https:\/\/nahuelproducciones.com.ar\/\" target=\"_blank\" rel=\"noreferrer noopener\">#CAMPOQUIJANO<\/a>\u00a0<a href=\"http:\/\/nahuelproducciones.com.ar\/radioquijano\/\" target=\"_blank\" rel=\"noreferrer noopener\">#RadioQuijano<\/a> <\/p>\n\n\n\n<p><\/p>\n","protected":false},"excerpt":{"rendered":"<p>El informe lo proporcion\u00f3 la Direcci\u00f3n General de Coordinaci\u00f3n Epidemiol\u00f3gica, con detalle de las localidades de residencia de las personas diagnosticadas. En lo que va del a\u00f1o, se han confirmado 156 casos de dengue en la provincia de Salta, habi\u00e9ndose registrado el primero el 18 de enero. Cabe decir que, en el a\u00f1o 2022, el [&hellip;]<\/p>\n","protected":false},"author":8,"featured_media":4457,"comment_status":"open","ping_status":"open","sticky":false,"template":"","format":"standard","meta":{"_monsterinsights_skip_tracking":false,"_monsterinsights_sitenote_active":false,"_monsterinsights_sitenote_note":"","_monsterinsights_sitenote_category":0,"footnotes":""},"categories":[16],"tags":[894,893,696,100],"class_list":["post-4456","post","type-post","status-publish","format-standard","has-post-thumbnail","hentry","category-noticias","tag-casos","tag-dengue","tag-ministerio-de-salud-publica","tag-municipio-de-campo-quijano"],"yoast_head":"<!-- This site is optimized with the Yoast SEO plugin v20.8 - https:\/\/yoast.com\/wordpress\/plugins\/seo\/ -->\n<title>Hasta ayer se confirmaron 156 casos de dengue en la provincia - RQ 99.9<\/title>\n<meta name=\"description\" content=\"Capital: 2\" \/>\n<meta name=\"robots\" content=\"index, follow, max-snippet:-1, max-image-preview:large, max-video-preview:-1\" \/>\n<link rel=\"canonical\" href=\"https:\/\/nahuelproducciones.com.ar\/radioquijano\/hasta-ayer-se-confirmaron-156-casos-de-dengue-en-la-provincia\/\" \/>\n<meta property=\"og:locale\" content=\"es_ES\" \/>\n<meta property=\"og:type\" content=\"article\" \/>\n<meta property=\"og:title\" content=\"Hasta ayer se confirmaron 156 casos de dengue en la provincia - RQ 99.9\" \/>\n<meta property=\"og:description\" content=\"Capital: 2\" \/>\n<meta property=\"og:url\" content=\"https:\/\/nahuelproducciones.com.ar\/radioquijano\/hasta-ayer-se-confirmaron-156-casos-de-dengue-en-la-provincia\/\" \/>\n<meta property=\"og:site_name\" content=\"RQ 99.9\" \/>\n<meta property=\"article:publisher\" content=\"https:\/\/www.facebook.com\/nahuelproducciones999\/\" \/>\n<meta property=\"article:published_time\" content=\"2023-02-25T13:38:07+00:00\" \/>\n<meta property=\"article:modified_time\" content=\"2023-02-25T13:38:09+00:00\" \/>\n<meta property=\"og:image\" content=\"https:\/\/nahuelproducciones.com.ar\/radioquijano\/wp-content\/uploads\/2023\/02\/88092-hasta-hoy-se-confirmaron-156-casos-de-dengue-en-la-provincia.jpeg\" \/>\n\t<meta property=\"og:image:width\" content=\"560\" \/>\n\t<meta property=\"og:image:height\" content=\"315\" \/>\n\t<meta property=\"og:image:type\" content=\"image\/jpeg\" \/>\n<meta name=\"author\" content=\"Cecilia Pastrana\" \/>\n<meta name=\"twitter:card\" content=\"summary_large_image\" \/>\n<meta name=\"twitter:creator\" content=\"@nahuproduciones\" \/>\n<meta name=\"twitter:site\" content=\"@nahuproduciones\" \/>\n<meta name=\"twitter:label1\" content=\"Escrito por\" \/>\n\t<meta name=\"twitter:data1\" content=\"Cecilia Pastrana\" \/>\n\t<meta name=\"twitter:label2\" content=\"Tiempo de lectura\" \/>\n\t<meta name=\"twitter:data2\" content=\"2 minutos\" \/>\n<script type=\"application\/ld+json\" class=\"yoast-schema-graph\">{\"@context\":\"https:\/\/schema.org\",\"@graph\":[{\"@type\":\"WebPage\",\"@id\":\"https:\/\/nahuelproducciones.com.ar\/radioquijano\/hasta-ayer-se-confirmaron-156-casos-de-dengue-en-la-provincia\/\",\"url\":\"https:\/\/nahuelproducciones.com.ar\/radioquijano\/hasta-ayer-se-confirmaron-156-casos-de-dengue-en-la-provincia\/\",\"name\":\"Hasta ayer se confirmaron 156 casos de dengue en la provincia - RQ 99.9\",\"isPartOf\":{\"@id\":\"https:\/\/nahuelproducciones.com.ar\/radioquijano\/#website\"},\"datePublished\":\"2023-02-25T13:38:07+00:00\",\"dateModified\":\"2023-02-25T13:38:09+00:00\",\"author\":{\"@id\":\"https:\/\/nahuelproducciones.com.ar\/radioquijano\/#\/schema\/person\/e8a4f939e2cb487fe6d0c54042c9d32c\"},\"description\":\"Capital: 2\",\"breadcrumb\":{\"@id\":\"https:\/\/nahuelproducciones.com.ar\/radioquijano\/hasta-ayer-se-confirmaron-156-casos-de-dengue-en-la-provincia\/#breadcrumb\"},\"inLanguage\":\"es\",\"potentialAction\":[{\"@type\":\"ReadAction\",\"target\":[\"https:\/\/nahuelproducciones.com.ar\/radioquijano\/hasta-ayer-se-confirmaron-156-casos-de-dengue-en-la-provincia\/\"]}]},{\"@type\":\"BreadcrumbList\",\"@id\":\"https:\/\/nahuelproducciones.com.ar\/radioquijano\/hasta-ayer-se-confirmaron-156-casos-de-dengue-en-la-provincia\/#breadcrumb\",\"itemListElement\":[{\"@type\":\"ListItem\",\"position\":1,\"name\":\"Portada\",\"item\":\"https:\/\/nahuelproducciones.com.ar\/radioquijano\/\"},{\"@type\":\"ListItem\",\"position\":2,\"name\":\"Hasta ayer se confirmaron 156 casos de dengue en la provincia\"}]},{\"@type\":\"WebSite\",\"@id\":\"https:\/\/nahuelproducciones.com.ar\/radioquijano\/#website\",\"url\":\"https:\/\/nahuelproducciones.com.ar\/radioquijano\/\",\"name\":\"RQ 99.9\",\"description\":\"Radio Quijano 99.9 MHz\",\"potentialAction\":[{\"@type\":\"SearchAction\",\"target\":{\"@type\":\"EntryPoint\",\"urlTemplate\":\"https:\/\/nahuelproducciones.com.ar\/radioquijano\/?s={search_term_string}\"},\"query-input\":\"required name=search_term_string\"}],\"inLanguage\":\"es\"},{\"@type\":\"Person\",\"@id\":\"https:\/\/nahuelproducciones.com.ar\/radioquijano\/#\/schema\/person\/e8a4f939e2cb487fe6d0c54042c9d32c\",\"name\":\"Cecilia Pastrana\",\"image\":{\"@type\":\"ImageObject\",\"inLanguage\":\"es\",\"@id\":\"https:\/\/nahuelproducciones.com.ar\/radioquijano\/#\/schema\/person\/image\/\",\"url\":\"https:\/\/secure.gravatar.com\/avatar\/661a3ef63a8488d4f2794ed44af8cf71420f7e106f3072c40125114df5157749?s=96&d=mm&r=g\",\"contentUrl\":\"https:\/\/secure.gravatar.com\/avatar\/661a3ef63a8488d4f2794ed44af8cf71420f7e106f3072c40125114df5157749?s=96&d=mm&r=g\",\"caption\":\"Cecilia Pastrana\"},\"sameAs\":[\"cecy\"],\"url\":\"https:\/\/nahuelproducciones.com.ar\/radioquijano\/author\/cecy\/\"}]}<\/script>\n<!-- \/ Yoast SEO plugin. -->","yoast_head_json":{"title":"Hasta ayer se confirmaron 156 casos de dengue en la provincia - RQ 99.9","description":"Capital: 2","robots":{"index":"index","follow":"follow","max-snippet":"max-snippet:-1","max-image-preview":"max-image-preview:large","max-video-preview":"max-video-preview:-1"},"canonical":"https:\/\/nahuelproducciones.com.ar\/radioquijano\/hasta-ayer-se-confirmaron-156-casos-de-dengue-en-la-provincia\/","og_locale":"es_ES","og_type":"article","og_title":"Hasta ayer se confirmaron 156 casos de dengue en la provincia - RQ 99.9","og_description":"Capital: 2","og_url":"https:\/\/nahuelproducciones.com.ar\/radioquijano\/hasta-ayer-se-confirmaron-156-casos-de-dengue-en-la-provincia\/","og_site_name":"RQ 99.9","article_publisher":"https:\/\/www.facebook.com\/nahuelproducciones999\/","article_published_time":"2023-02-25T13:38:07+00:00","article_modified_time":"2023-02-25T13:38:09+00:00","og_image":[{"width":560,"height":315,"url":"https:\/\/nahuelproducciones.com.ar\/radioquijano\/wp-content\/uploads\/2023\/02\/88092-hasta-hoy-se-confirmaron-156-casos-de-dengue-en-la-provincia.jpeg","type":"image\/jpeg"}],"author":"Cecilia Pastrana","twitter_card":"summary_large_image","twitter_creator":"@nahuproduciones","twitter_site":"@nahuproduciones","twitter_misc":{"Escrito por":"Cecilia Pastrana","Tiempo de lectura":"2 minutos"},"schema":{"@context":"https:\/\/schema.org","@graph":[{"@type":"WebPage","@id":"https:\/\/nahuelproducciones.com.ar\/radioquijano\/hasta-ayer-se-confirmaron-156-casos-de-dengue-en-la-provincia\/","url":"https:\/\/nahuelproducciones.com.ar\/radioquijano\/hasta-ayer-se-confirmaron-156-casos-de-dengue-en-la-provincia\/","name":"Hasta ayer se confirmaron 156 casos de dengue en la provincia - RQ 99.9","isPartOf":{"@id":"https:\/\/nahuelproducciones.com.ar\/radioquijano\/#website"},"datePublished":"2023-02-25T13:38:07+00:00","dateModified":"2023-02-25T13:38:09+00:00","author":{"@id":"https:\/\/nahuelproducciones.com.ar\/radioquijano\/#\/schema\/person\/e8a4f939e2cb487fe6d0c54042c9d32c"},"description":"Capital: 2","breadcrumb":{"@id":"https:\/\/nahuelproducciones.com.ar\/radioquijano\/hasta-ayer-se-confirmaron-156-casos-de-dengue-en-la-provincia\/#breadcrumb"},"inLanguage":"es","potentialAction":[{"@type":"ReadAction","target":["https:\/\/nahuelproducciones.com.ar\/radioquijano\/hasta-ayer-se-confirmaron-156-casos-de-dengue-en-la-provincia\/"]}]},{"@type":"BreadcrumbList","@id":"https:\/\/nahuelproducciones.com.ar\/radioquijano\/hasta-ayer-se-confirmaron-156-casos-de-dengue-en-la-provincia\/#breadcrumb","itemListElement":[{"@type":"ListItem","position":1,"name":"Portada","item":"https:\/\/nahuelproducciones.com.ar\/radioquijano\/"},{"@type":"ListItem","position":2,"name":"Hasta ayer se confirmaron 156 casos de dengue en la provincia"}]},{"@type":"WebSite","@id":"https:\/\/nahuelproducciones.com.ar\/radioquijano\/#website","url":"https:\/\/nahuelproducciones.com.ar\/radioquijano\/","name":"RQ 99.9","description":"Radio Quijano 99.9 MHz","potentialAction":[{"@type":"SearchAction","target":{"@type":"EntryPoint","urlTemplate":"https:\/\/nahuelproducciones.com.ar\/radioquijano\/?s={search_term_string}"},"query-input":"required name=search_term_string"}],"inLanguage":"es"},{"@type":"Person","@id":"https:\/\/nahuelproducciones.com.ar\/radioquijano\/#\/schema\/person\/e8a4f939e2cb487fe6d0c54042c9d32c","name":"Cecilia Pastrana","image":{"@type":"ImageObject","inLanguage":"es","@id":"https:\/\/nahuelproducciones.com.ar\/radioquijano\/#\/schema\/person\/image\/","url":"https:\/\/secure.gravatar.com\/avatar\/661a3ef63a8488d4f2794ed44af8cf71420f7e106f3072c40125114df5157749?s=96&d=mm&r=g","contentUrl":"https:\/\/secure.gravatar.com\/avatar\/661a3ef63a8488d4f2794ed44af8cf71420f7e106f3072c40125114df5157749?s=96&d=mm&r=g","caption":"Cecilia Pastrana"},"sameAs":["cecy"],"url":"https:\/\/nahuelproducciones.com.ar\/radioquijano\/author\/cecy\/"}]}},"_links":{"self":[{"href":"https:\/\/nahuelproducciones.com.ar\/radioquijano\/wp-json\/wp\/v2\/posts\/4456","targetHints":{"allow":["GET"]}}],"collection":[{"href":"https:\/\/nahuelproducciones.com.ar\/radioquijano\/wp-json\/wp\/v2\/posts"}],"about":[{"href":"https:\/\/nahuelproducciones.com.ar\/radioquijano\/wp-json\/wp\/v2\/types\/post"}],"author":[{"embeddable":true,"href":"https:\/\/nahuelproducciones.com.ar\/radioquijano\/wp-json\/wp\/v2\/users\/8"}],"replies":[{"embeddable":true,"href":"https:\/\/nahuelproducciones.com.ar\/radioquijano\/wp-json\/wp\/v2\/comments?post=4456"}],"version-history":[{"count":1,"href":"https:\/\/nahuelproducciones.com.ar\/radioquijano\/wp-json\/wp\/v2\/posts\/4456\/revisions"}],"predecessor-version":[{"id":4458,"href":"https:\/\/nahuelproducciones.com.ar\/radioquijano\/wp-json\/wp\/v2\/posts\/4456\/revisions\/4458"}],"wp:featuredmedia":[{"embeddable":true,"href":"https:\/\/nahuelproducciones.com.ar\/radioquijano\/wp-json\/wp\/v2\/media\/4457"}],"wp:attachment":[{"href":"https:\/\/nahuelproducciones.com.ar\/radioquijano\/wp-json\/wp\/v2\/media?parent=4456"}],"wp:term":[{"taxonomy":"category","embeddable":true,"href":"https:\/\/nahuelproducciones.com.ar\/radioquijano\/wp-json\/wp\/v2\/categories?post=4456"},{"taxonomy":"post_tag","embeddable":true,"href":"https:\/\/nahuelproducciones.com.ar\/radioquijano\/wp-json\/wp\/v2\/tags?post=4456"}],"curies":[{"name":"wp","href":"https:\/\/api.w.org\/{rel}","templated":true}]}}