{"id":4508,"date":"2023-03-04T09:32:09","date_gmt":"2023-03-04T12:32:09","guid":{"rendered":"https:\/\/nahuelproducciones.com.ar\/radioquijano\/?p=4508"},"modified":"2023-03-04T09:32:10","modified_gmt":"2023-03-04T12:32:10","slug":"primera-convocatoria-a-las-becas-progresar","status":"publish","type":"post","link":"https:\/\/nahuelproducciones.com.ar\/radioquijano\/primera-convocatoria-a-las-becas-progresar\/","title":{"rendered":"Primera convocatoria a las becas Progresar"},"content":{"rendered":"\n<p>Los interesados en postularse o renovar el beneficio podr\u00e1n inscribirse ingresando a: www.argentina.gob.ar\/progresar o a trav\u00e9s de la aplicaci\u00f3n: Progresar+\u00a0<\/p>\n\n\n\n<p>El Ministerio de Educaci\u00f3n, Cultura, Ciencia y Tecnolog\u00eda&nbsp;inform\u00f3 que hasta el&nbsp;31 de marzo del corriente, se realizar\u00e1 la inscripci\u00f3n para postularse a las becas Progresar, en sus diferentes l\u00edneas:<\/p>\n\n\n\n<p>Progresar Obligatorio: Para acompa\u00f1ar el recorrido escolar de adolescentes de 16 y 17 a\u00f1os.<\/p>\n\n\n\n<p>Progresar Obligatorio: Para acompa\u00f1ar la finalizaci\u00f3n de la educaci\u00f3n primaria y secundaria de j\u00f3venes de 18 a 24 a\u00f1os.<\/p>\n\n\n\n<p>Progresar Superior: Para estudiantes de Institutos de Educaci\u00f3n Superior de gesti\u00f3n estatal de la provincia.<\/p>\n\n\n\n<p>Progresar Enfermer\u00eda: Para cursar la carrera de enfermer\u00eda en la Cruz Roja y el Instituto Carrillo.&nbsp;<\/p>\n\n\n\n<p>Progresar Trabajo: Para cursar carreras de formaci\u00f3n t\u00e9cnica- profesional teniendo entre 18 y 40 a\u00f1os de edad.<\/p>\n\n\n\n<p>Los requisitos son:<\/p>\n\n\n\n<p>De edad:<\/p>\n\n\n\n<p>\u00b7 &nbsp; &nbsp; &nbsp; &nbsp; Progresar Obligatorio: 16 a 24 a\u00f1os.<\/p>\n\n\n\n<p>\u00b7 &nbsp; &nbsp; &nbsp; &nbsp; Progresar Superior: Hasta 30 a\u00f1os para estudiantes avanzados.<\/p>\n\n\n\n<p>\u00b7 &nbsp; &nbsp; &nbsp; &nbsp; Progresar Enfermer\u00eda: Sin l\u00edmite de edad.<\/p>\n\n\n\n<p>\u00b7 &nbsp; &nbsp; &nbsp; &nbsp; Progresar Trabajo: A partir de los 18 a\u00f1os.<\/p>\n\n\n\n<p>El Programa contempla poblaciones priorizadas, para las cuales var\u00edan los requisitos de edad.<\/p>\n\n\n\n<p>De Ingresos: Los ingresos del grupo familiar no deben superar tres veces al Salario M\u00ednimo Vital y M\u00f3vil vigente en Argentina.<\/p>\n\n\n\n<p>Acad\u00e9micos: Ser estudiante regular de una instituci\u00f3n educativa y cumplir con los requisitos de avance acad\u00e9mico seg\u00fan la l\u00ednea.<\/p>\n\n\n\n<p>Los interesados en postularse o renovar el beneficio, podr\u00e1n inscribirse ingresando a:&nbsp;<a href=\"http:\/\/www.argentina.gob.ar\/progresar\">www.argentina.gob.ar\/progresar<\/a>&nbsp;o a trav\u00e9s de la aplicaci\u00f3n: progresar+<\/p>\n\n\n\n<p>Para m\u00e1s informaci\u00f3n, los interesados podr\u00e1n enviar un correo electr\u00f3nico a las siguientes direcciones: \u00a0progresar.spsesalta@gmail.com; progresar.salta@gmail.com<\/p>\n\n\n\n<p><\/p>\n\n\n\n<p><\/p>\n\n\n\n<p>Fuente:\u00a0Secretar\u00eda de Prensa y Comunicaci\u00f3n<\/p>\n\n\n\n<p> <a href=\"https:\/\/nahuelproducciones.com.ar\/index.php\/rq999\" target=\"_blank\" rel=\"noreferrer noopener\">#RQ99.9Mhz<\/a>\u00a0<a href=\"https:\/\/nahuelproducciones.com.ar\/\" target=\"_blank\" rel=\"noreferrer noopener\">#CAMPOQUIJANO<\/a>\u00a0<a href=\"http:\/\/nahuelproducciones.com.ar\/radioquijano\/\" target=\"_blank\" rel=\"noreferrer noopener\">#RadioQuijano<\/a> <\/p>\n","protected":false},"excerpt":{"rendered":"<p>Los interesados en postularse o renovar el beneficio podr\u00e1n inscribirse ingresando a: www.argentina.gob.ar\/progresar o a trav\u00e9s de la aplicaci\u00f3n: Progresar+\u00a0 El Ministerio de Educaci\u00f3n, Cultura, Ciencia y Tecnolog\u00eda&nbsp;inform\u00f3 que hasta el&nbsp;31 de marzo del corriente, se realizar\u00e1 la inscripci\u00f3n para postularse a las becas Progresar, en sus diferentes l\u00edneas: Progresar Obligatorio: Para acompa\u00f1ar el recorrido [&hellip;]<\/p>\n","protected":false},"author":8,"featured_media":4509,"comment_status":"open","ping_status":"open","sticky":false,"template":"","format":"standard","meta":{"_monsterinsights_skip_tracking":false,"_monsterinsights_sitenote_active":false,"_monsterinsights_sitenote_note":"","_monsterinsights_sitenote_category":0,"footnotes":""},"categories":[2,16],"tags":[907,906,275,603,362],"class_list":["post-4508","post","type-post","status-publish","format-standard","has-post-thumbnail","hentry","category-cultura","category-noticias","tag-becas","tag-educacion","tag-inscripcion","tag-ministerio-de-educacion","tag-progresar"],"yoast_head":"<!-- This site is optimized with the Yoast SEO plugin v20.8 - https:\/\/yoast.com\/wordpress\/plugins\/seo\/ -->\n<title>Primera convocatoria a las becas Progresar - RQ 99.9<\/title>\n<meta name=\"description\" content=\"El Programa contempla poblaciones priorizadas, para las cuales var\u00edan los requisitos de edad.\" \/>\n<meta name=\"robots\" content=\"index, follow, max-snippet:-1, max-image-preview:large, max-video-preview:-1\" \/>\n<link rel=\"canonical\" href=\"https:\/\/nahuelproducciones.com.ar\/radioquijano\/primera-convocatoria-a-las-becas-progresar\/\" \/>\n<meta property=\"og:locale\" content=\"es_ES\" \/>\n<meta property=\"og:type\" content=\"article\" \/>\n<meta property=\"og:title\" content=\"Primera convocatoria a las becas Progresar - RQ 99.9\" \/>\n<meta property=\"og:description\" content=\"El Programa contempla poblaciones priorizadas, para las cuales var\u00edan los requisitos de edad.\" \/>\n<meta property=\"og:url\" content=\"https:\/\/nahuelproducciones.com.ar\/radioquijano\/primera-convocatoria-a-las-becas-progresar\/\" \/>\n<meta property=\"og:site_name\" content=\"RQ 99.9\" \/>\n<meta property=\"article:publisher\" content=\"https:\/\/www.facebook.com\/nahuelproducciones999\/\" \/>\n<meta property=\"article:published_time\" content=\"2023-03-04T12:32:09+00:00\" \/>\n<meta property=\"article:modified_time\" content=\"2023-03-04T12:32:10+00:00\" \/>\n<meta property=\"og:image\" content=\"https:\/\/nahuelproducciones.com.ar\/radioquijano\/wp-content\/uploads\/2023\/03\/88174-primera-convocatoria-a-las-becas-progresar-20230301183431-e1677933118511.jpg\" \/>\n\t<meta property=\"og:image:width\" content=\"700\" \/>\n\t<meta property=\"og:image:height\" content=\"466\" \/>\n\t<meta property=\"og:image:type\" content=\"image\/jpeg\" \/>\n<meta name=\"author\" content=\"Cecilia Pastrana\" \/>\n<meta name=\"twitter:card\" content=\"summary_large_image\" \/>\n<meta name=\"twitter:creator\" content=\"@nahuproduciones\" \/>\n<meta name=\"twitter:site\" content=\"@nahuproduciones\" \/>\n<meta name=\"twitter:label1\" content=\"Escrito por\" \/>\n\t<meta name=\"twitter:data1\" content=\"Cecilia Pastrana\" \/>\n\t<meta name=\"twitter:label2\" content=\"Tiempo de lectura\" \/>\n\t<meta name=\"twitter:data2\" content=\"2 minutos\" \/>\n<script type=\"application\/ld+json\" class=\"yoast-schema-graph\">{\"@context\":\"https:\/\/schema.org\",\"@graph\":[{\"@type\":\"WebPage\",\"@id\":\"https:\/\/nahuelproducciones.com.ar\/radioquijano\/primera-convocatoria-a-las-becas-progresar\/\",\"url\":\"https:\/\/nahuelproducciones.com.ar\/radioquijano\/primera-convocatoria-a-las-becas-progresar\/\",\"name\":\"Primera convocatoria a las becas Progresar - RQ 99.9\",\"isPartOf\":{\"@id\":\"https:\/\/nahuelproducciones.com.ar\/radioquijano\/#website\"},\"datePublished\":\"2023-03-04T12:32:09+00:00\",\"dateModified\":\"2023-03-04T12:32:10+00:00\",\"author\":{\"@id\":\"https:\/\/nahuelproducciones.com.ar\/radioquijano\/#\/schema\/person\/e8a4f939e2cb487fe6d0c54042c9d32c\"},\"description\":\"El Programa contempla poblaciones priorizadas, para las cuales var\u00edan los requisitos de edad.\",\"breadcrumb\":{\"@id\":\"https:\/\/nahuelproducciones.com.ar\/radioquijano\/primera-convocatoria-a-las-becas-progresar\/#breadcrumb\"},\"inLanguage\":\"es\",\"potentialAction\":[{\"@type\":\"ReadAction\",\"target\":[\"https:\/\/nahuelproducciones.com.ar\/radioquijano\/primera-convocatoria-a-las-becas-progresar\/\"]}]},{\"@type\":\"BreadcrumbList\",\"@id\":\"https:\/\/nahuelproducciones.com.ar\/radioquijano\/primera-convocatoria-a-las-becas-progresar\/#breadcrumb\",\"itemListElement\":[{\"@type\":\"ListItem\",\"position\":1,\"name\":\"Portada\",\"item\":\"https:\/\/nahuelproducciones.com.ar\/radioquijano\/\"},{\"@type\":\"ListItem\",\"position\":2,\"name\":\"Primera convocatoria a las becas Progresar\"}]},{\"@type\":\"WebSite\",\"@id\":\"https:\/\/nahuelproducciones.com.ar\/radioquijano\/#website\",\"url\":\"https:\/\/nahuelproducciones.com.ar\/radioquijano\/\",\"name\":\"RQ 99.9\",\"description\":\"Radio Quijano 99.9 MHz\",\"potentialAction\":[{\"@type\":\"SearchAction\",\"target\":{\"@type\":\"EntryPoint\",\"urlTemplate\":\"https:\/\/nahuelproducciones.com.ar\/radioquijano\/?s={search_term_string}\"},\"query-input\":\"required name=search_term_string\"}],\"inLanguage\":\"es\"},{\"@type\":\"Person\",\"@id\":\"https:\/\/nahuelproducciones.com.ar\/radioquijano\/#\/schema\/person\/e8a4f939e2cb487fe6d0c54042c9d32c\",\"name\":\"Cecilia Pastrana\",\"image\":{\"@type\":\"ImageObject\",\"inLanguage\":\"es\",\"@id\":\"https:\/\/nahuelproducciones.com.ar\/radioquijano\/#\/schema\/person\/image\/\",\"url\":\"https:\/\/secure.gravatar.com\/avatar\/661a3ef63a8488d4f2794ed44af8cf71420f7e106f3072c40125114df5157749?s=96&d=mm&r=g\",\"contentUrl\":\"https:\/\/secure.gravatar.com\/avatar\/661a3ef63a8488d4f2794ed44af8cf71420f7e106f3072c40125114df5157749?s=96&d=mm&r=g\",\"caption\":\"Cecilia Pastrana\"},\"sameAs\":[\"cecy\"],\"url\":\"https:\/\/nahuelproducciones.com.ar\/radioquijano\/author\/cecy\/\"}]}<\/script>\n<!-- \/ Yoast SEO plugin. -->","yoast_head_json":{"title":"Primera convocatoria a las becas Progresar - RQ 99.9","description":"El Programa contempla poblaciones priorizadas, para las cuales var\u00edan los requisitos de edad.","robots":{"index":"index","follow":"follow","max-snippet":"max-snippet:-1","max-image-preview":"max-image-preview:large","max-video-preview":"max-video-preview:-1"},"canonical":"https:\/\/nahuelproducciones.com.ar\/radioquijano\/primera-convocatoria-a-las-becas-progresar\/","og_locale":"es_ES","og_type":"article","og_title":"Primera convocatoria a las becas Progresar - RQ 99.9","og_description":"El Programa contempla poblaciones priorizadas, para las cuales var\u00edan los requisitos de edad.","og_url":"https:\/\/nahuelproducciones.com.ar\/radioquijano\/primera-convocatoria-a-las-becas-progresar\/","og_site_name":"RQ 99.9","article_publisher":"https:\/\/www.facebook.com\/nahuelproducciones999\/","article_published_time":"2023-03-04T12:32:09+00:00","article_modified_time":"2023-03-04T12:32:10+00:00","og_image":[{"width":700,"height":466,"url":"https:\/\/nahuelproducciones.com.ar\/radioquijano\/wp-content\/uploads\/2023\/03\/88174-primera-convocatoria-a-las-becas-progresar-20230301183431-e1677933118511.jpg","type":"image\/jpeg"}],"author":"Cecilia Pastrana","twitter_card":"summary_large_image","twitter_creator":"@nahuproduciones","twitter_site":"@nahuproduciones","twitter_misc":{"Escrito por":"Cecilia Pastrana","Tiempo de lectura":"2 minutos"},"schema":{"@context":"https:\/\/schema.org","@graph":[{"@type":"WebPage","@id":"https:\/\/nahuelproducciones.com.ar\/radioquijano\/primera-convocatoria-a-las-becas-progresar\/","url":"https:\/\/nahuelproducciones.com.ar\/radioquijano\/primera-convocatoria-a-las-becas-progresar\/","name":"Primera convocatoria a las becas Progresar - RQ 99.9","isPartOf":{"@id":"https:\/\/nahuelproducciones.com.ar\/radioquijano\/#website"},"datePublished":"2023-03-04T12:32:09+00:00","dateModified":"2023-03-04T12:32:10+00:00","author":{"@id":"https:\/\/nahuelproducciones.com.ar\/radioquijano\/#\/schema\/person\/e8a4f939e2cb487fe6d0c54042c9d32c"},"description":"El Programa contempla poblaciones priorizadas, para las cuales var\u00edan los requisitos de edad.","breadcrumb":{"@id":"https:\/\/nahuelproducciones.com.ar\/radioquijano\/primera-convocatoria-a-las-becas-progresar\/#breadcrumb"},"inLanguage":"es","potentialAction":[{"@type":"ReadAction","target":["https:\/\/nahuelproducciones.com.ar\/radioquijano\/primera-convocatoria-a-las-becas-progresar\/"]}]},{"@type":"BreadcrumbList","@id":"https:\/\/nahuelproducciones.com.ar\/radioquijano\/primera-convocatoria-a-las-becas-progresar\/#breadcrumb","itemListElement":[{"@type":"ListItem","position":1,"name":"Portada","item":"https:\/\/nahuelproducciones.com.ar\/radioquijano\/"},{"@type":"ListItem","position":2,"name":"Primera convocatoria a las becas Progresar"}]},{"@type":"WebSite","@id":"https:\/\/nahuelproducciones.com.ar\/radioquijano\/#website","url":"https:\/\/nahuelproducciones.com.ar\/radioquijano\/","name":"RQ 99.9","description":"Radio Quijano 99.9 MHz","potentialAction":[{"@type":"SearchAction","target":{"@type":"EntryPoint","urlTemplate":"https:\/\/nahuelproducciones.com.ar\/radioquijano\/?s={search_term_string}"},"query-input":"required name=search_term_string"}],"inLanguage":"es"},{"@type":"Person","@id":"https:\/\/nahuelproducciones.com.ar\/radioquijano\/#\/schema\/person\/e8a4f939e2cb487fe6d0c54042c9d32c","name":"Cecilia Pastrana","image":{"@type":"ImageObject","inLanguage":"es","@id":"https:\/\/nahuelproducciones.com.ar\/radioquijano\/#\/schema\/person\/image\/","url":"https:\/\/secure.gravatar.com\/avatar\/661a3ef63a8488d4f2794ed44af8cf71420f7e106f3072c40125114df5157749?s=96&d=mm&r=g","contentUrl":"https:\/\/secure.gravatar.com\/avatar\/661a3ef63a8488d4f2794ed44af8cf71420f7e106f3072c40125114df5157749?s=96&d=mm&r=g","caption":"Cecilia Pastrana"},"sameAs":["cecy"],"url":"https:\/\/nahuelproducciones.com.ar\/radioquijano\/author\/cecy\/"}]}},"_links":{"self":[{"href":"https:\/\/nahuelproducciones.com.ar\/radioquijano\/wp-json\/wp\/v2\/posts\/4508","targetHints":{"allow":["GET"]}}],"collection":[{"href":"https:\/\/nahuelproducciones.com.ar\/radioquijano\/wp-json\/wp\/v2\/posts"}],"about":[{"href":"https:\/\/nahuelproducciones.com.ar\/radioquijano\/wp-json\/wp\/v2\/types\/post"}],"author":[{"embeddable":true,"href":"https:\/\/nahuelproducciones.com.ar\/radioquijano\/wp-json\/wp\/v2\/users\/8"}],"replies":[{"embeddable":true,"href":"https:\/\/nahuelproducciones.com.ar\/radioquijano\/wp-json\/wp\/v2\/comments?post=4508"}],"version-history":[{"count":1,"href":"https:\/\/nahuelproducciones.com.ar\/radioquijano\/wp-json\/wp\/v2\/posts\/4508\/revisions"}],"predecessor-version":[{"id":4510,"href":"https:\/\/nahuelproducciones.com.ar\/radioquijano\/wp-json\/wp\/v2\/posts\/4508\/revisions\/4510"}],"wp:featuredmedia":[{"embeddable":true,"href":"https:\/\/nahuelproducciones.com.ar\/radioquijano\/wp-json\/wp\/v2\/media\/4509"}],"wp:attachment":[{"href":"https:\/\/nahuelproducciones.com.ar\/radioquijano\/wp-json\/wp\/v2\/media?parent=4508"}],"wp:term":[{"taxonomy":"category","embeddable":true,"href":"https:\/\/nahuelproducciones.com.ar\/radioquijano\/wp-json\/wp\/v2\/categories?post=4508"},{"taxonomy":"post_tag","embeddable":true,"href":"https:\/\/nahuelproducciones.com.ar\/radioquijano\/wp-json\/wp\/v2\/tags?post=4508"}],"curies":[{"name":"wp","href":"https:\/\/api.w.org\/{rel}","templated":true}]}}