{"id":4525,"date":"2023-03-06T09:33:24","date_gmt":"2023-03-06T12:33:24","guid":{"rendered":"https:\/\/nahuelproducciones.com.ar\/radioquijano\/?p=4525"},"modified":"2023-03-06T09:33:24","modified_gmt":"2023-03-06T12:33:24","slug":"se-realizaran-pesquisas-auditivas-neonatales-por-el-dia-dia-mundial-de-la-audicion-en-salta-capital","status":"publish","type":"post","link":"https:\/\/nahuelproducciones.com.ar\/radioquijano\/se-realizaran-pesquisas-auditivas-neonatales-por-el-dia-dia-mundial-de-la-audicion-en-salta-capital\/","title":{"rendered":"Se realizar\u00e1n pesquisas auditivas neonatales por el d\u00eda D\u00eda Mundial de la Audici\u00f3n en Salta -Capital."},"content":{"rendered":"\n<p>Desde hoy 6 al 10 de marzo se atender\u00e1 a libre demanda en hospitales y centros de salud de la ciudad de Salta. Adem\u00e1s se realizar\u00e1n charlas de prevenci\u00f3n y promoci\u00f3n.<\/p>\n\n\n\n<p>En el a\u00f1o 2007, la Organizaci\u00f3n Mundial de la Salud instituy\u00f3 el 3 de marzo como D\u00eda Mundial de la Audici\u00f3n, con la finalidad de sensibilizar sobre la sordera y los defectos de audici\u00f3n y concientizar sobre el cuidado de los o\u00eddos.<\/p>\n\n\n\n<p>En este marco se recuerda que, tanto los adultos como los ni\u00f1os, deben efectuarse una revisi\u00f3n de la calidad auditiva una vez al a\u00f1o, y estar atentos a cualquier s\u00edntoma de disminuci\u00f3n de la audici\u00f3n.<\/p>\n\n\n\n<p>El lema de este a\u00f1o es \u201cCuidado de o\u00eddo y de la audici\u00f3n para todos\u201d y bajo el mismo habr\u00e1 charlas informativas y actividades de prevenci\u00f3n y promoci\u00f3n.&nbsp;<\/p>\n\n\n\n<p>El Ministerio de Salud P\u00fablica de Salta informa que en esta&nbsp;semana del 6 al 10 de marzo se realizar\u00e1n Pesquisas Auditivas a libre demanda a pacientes de 0 a 6 meses, a trav\u00e9s de la t\u00e9cnica de otoemisiones ac\u00fasticas, en hospitales y centros de salud de Salta Capital.<\/p>\n\n\n\n<p>Las actividades fueron coordinadas por la subsecretar\u00eda de Medicina Social y el \u00c1rea de Hipoacusia de la Direcci\u00f3n de Materno Infancia, junto a los gerentes de los hospitales P\u00fablico materno Infantil y Papa Francisco, los directores de Primer Nivel de Atenci\u00f3n, los jefes de los centros de salud y el servicio de fonoaudiolog\u00eda de cada Centro de Salud.<\/p>\n\n\n\n<p>La apertura de la semana de la Audici\u00f3n se realizar\u00e1 en la Escuela N\u00b0 4837 de barrio Pinares. All\u00ed se realizar\u00e1 barrido tonal a estudiantes de primero a sexto grado bajo cobertura Programa Nacional de Salud Escolar \u2013PROSANE-.<\/p>\n\n\n\n<p><strong>Cronograma de atenciones y actividades<\/strong>:<\/p>\n\n\n\n<p><strong>Lunes 6 de marzo<\/strong>:<\/p>\n\n\n\n<ul class=\"wp-block-list\"><li>Hospital P\u00fablico Materno Infantil en el horario de 8 a 12, otoemisiones ac\u00fasticas a libre demanda a pacientes de 0 a 6 meses y charla Informativa en sala de espera.<\/li><li>Centro de Salud N\u00b0 63 \u201cDr Roberto Narz\u201d (Avda. Sarmiento 655) en el horario de 8 a 10, Otoemisiones ac\u00fasticas a libre demanda a pacientes de 0 a 6 meses.<\/li><li>Centro de Salud N \u00b0 10, (O\u2019Higgins 1500 \u2013 B\u00b0 20 de febrero) en el horario de 8 a 12, Otoemisiones ac\u00fasticas a libre demanda a pacientes de 0 a 6 meses y charla Informativa en sala de espera.<\/li><li>Centro de Salud N\u00b0 1 Villa Primavera, en el horario de 8 a 12, otoemisiones ac\u00fasticas a libre demanda a pacientes de 0 a 6 meses y charla Informativa en sala de espera.<\/li><li>Centro de Salud N\u00b0 61, B\u00b0 Solidaridad en el horario de 8 a 12, otoemisiones ac\u00fasticas a libre demanda a pacientes de 0 a 6 meses y charla informativa en sala de espera.<\/li><\/ul>\n\n\n\n<p><strong>Martes 7 de marzo<\/strong><\/p>\n\n\n\n<ul class=\"wp-block-list\"><li>Centro de Salud N \u00b0 9, Villa Lavalle en el horario de 8 a 12, otoemisiones ac\u00fasticas a libre demanda a pacientes de 0 a 6 meses y charla informativa en sala de espera.<\/li><\/ul>\n\n\n\n<p><strong>Mi\u00e9rcoles 8 de marzo<\/strong><\/p>\n\n\n\n<ul class=\"wp-block-list\"><li>Centro de Salud N\u00b0 15 B\u00b0 Casta\u00f1ares en el horario de 8 a 12, otoemisiones ac\u00fasticas a libre demanda a pacientes de 0 a 6 meses &nbsp;y charla informativa en sala de espera.<\/li><li>Centro de Salud N\u00b0 27 B\u00b0 Intersindical en el horario de 8 a 12, otoemisiones ac\u00fasticas a libre demanda a pacientes de 0 a 6 meses y charla informativa en sala de espera.<\/li><\/ul>\n\n\n\n<p><strong>Jueves 9 de marzo<\/strong><\/p>\n\n\n\n<ul class=\"wp-block-list\"><li>Centro de Salud N\u00b0 6, B\u00b0 Manj\u00f3n en el horario de 8 a 12, otoemisiones ac\u00fasticas a libre demanda a pacientes de 0 a 6 meses y charla Informativa en sala de espera.<\/li><\/ul>\n\n\n\n<p><strong>Viernes 10 de marzo<\/strong><\/p>\n\n\n\n<ul class=\"wp-block-list\"><li>Hospital Papa Francisco en el horario de 8 a 12, otoemisiones ac\u00fasticas a libre demanda a pacientes de 0 a 6 meses y charla Informativa en sala de espera.<\/li><\/ul>\n\n\n\n<p><\/p>\n\n\n\n<p>Fuente:\u00a0<strong>Secretar\u00eda de Prensa y Comunicaci\u00f3n<\/strong><\/p>\n\n\n\n<p>  <a href=\"https:\/\/nahuelproducciones.com.ar\/index.php\/rq999\" target=\"_blank\" rel=\"noreferrer noopener\">#RQ99.9Mhz<\/a>\u00a0<a href=\"https:\/\/nahuelproducciones.com.ar\/\" target=\"_blank\" rel=\"noreferrer noopener\">#CAMPOQUIJANO<\/a>\u00a0<a href=\"http:\/\/nahuelproducciones.com.ar\/radioquijano\/\" target=\"_blank\" rel=\"noreferrer noopener\">#RadioQuijano<\/a>  <\/p>\n","protected":false},"excerpt":{"rendered":"<p>Desde hoy 6 al 10 de marzo se atender\u00e1 a libre demanda en hospitales y centros de salud de la ciudad de Salta. Adem\u00e1s se realizar\u00e1n charlas de prevenci\u00f3n y promoci\u00f3n. En el a\u00f1o 2007, la Organizaci\u00f3n Mundial de la Salud instituy\u00f3 el 3 de marzo como D\u00eda Mundial de la Audici\u00f3n, con la finalidad [&hellip;]<\/p>\n","protected":false},"author":8,"featured_media":4526,"comment_status":"open","ping_status":"open","sticky":false,"template":"","format":"standard","meta":{"_monsterinsights_skip_tracking":false,"_monsterinsights_sitenote_active":false,"_monsterinsights_sitenote_note":"","_monsterinsights_sitenote_category":0,"footnotes":""},"categories":[16],"tags":[696,909,908],"class_list":["post-4525","post","type-post","status-publish","format-standard","has-post-thumbnail","hentry","category-noticias","tag-ministerio-de-salud-publica","tag-pesquisas-auditivas-neonatales","tag-salta-capital"],"yoast_head":"<!-- This site is optimized with the Yoast SEO plugin v20.8 - https:\/\/yoast.com\/wordpress\/plugins\/seo\/ -->\n<title>Se realizar\u00e1n pesquisas auditivas neonatales por el d\u00eda D\u00eda Mundial de la Audici\u00f3n en Salta -Capital. - RQ 99.9<\/title>\n<meta name=\"description\" content=\"Desde hoy 6 al 10 de marzo se atender\u00e1 a libre demanda en hospitales y centros de salud de la ciudad de Salta. Adem\u00e1s se realizar\u00e1n charlas de prevenci\u00f3n y promoci\u00f3n.\" \/>\n<meta name=\"robots\" content=\"index, follow, max-snippet:-1, max-image-preview:large, max-video-preview:-1\" \/>\n<link rel=\"canonical\" href=\"https:\/\/nahuelproducciones.com.ar\/radioquijano\/se-realizaran-pesquisas-auditivas-neonatales-por-el-dia-dia-mundial-de-la-audicion-en-salta-capital\/\" \/>\n<meta property=\"og:locale\" content=\"es_ES\" \/>\n<meta property=\"og:type\" content=\"article\" \/>\n<meta property=\"og:title\" content=\"Se realizar\u00e1n pesquisas auditivas neonatales por el d\u00eda D\u00eda Mundial de la Audici\u00f3n en Salta -Capital. - RQ 99.9\" \/>\n<meta property=\"og:description\" content=\"Desde hoy 6 al 10 de marzo se atender\u00e1 a libre demanda en hospitales y centros de salud de la ciudad de Salta. Adem\u00e1s se realizar\u00e1n charlas de prevenci\u00f3n y promoci\u00f3n.\" \/>\n<meta property=\"og:url\" content=\"https:\/\/nahuelproducciones.com.ar\/radioquijano\/se-realizaran-pesquisas-auditivas-neonatales-por-el-dia-dia-mundial-de-la-audicion-en-salta-capital\/\" \/>\n<meta property=\"og:site_name\" content=\"RQ 99.9\" \/>\n<meta property=\"article:publisher\" content=\"https:\/\/www.facebook.com\/nahuelproducciones999\/\" \/>\n<meta property=\"article:published_time\" content=\"2023-03-06T12:33:24+00:00\" \/>\n<meta property=\"og:image\" content=\"https:\/\/nahuelproducciones.com.ar\/radioquijano\/wp-content\/uploads\/2023\/03\/88243-se-realizaran-pesquisas-auditivas-neonatales-por-el-dia-dia-mundial-de-la-audicion.jpg\" \/>\n\t<meta property=\"og:image:width\" content=\"900\" \/>\n\t<meta property=\"og:image:height\" content=\"600\" \/>\n\t<meta property=\"og:image:type\" content=\"image\/jpeg\" \/>\n<meta name=\"author\" content=\"Cecilia Pastrana\" \/>\n<meta name=\"twitter:card\" content=\"summary_large_image\" \/>\n<meta name=\"twitter:creator\" content=\"@nahuproduciones\" \/>\n<meta name=\"twitter:site\" content=\"@nahuproduciones\" \/>\n<meta name=\"twitter:label1\" content=\"Escrito por\" \/>\n\t<meta name=\"twitter:data1\" content=\"Cecilia Pastrana\" \/>\n\t<meta name=\"twitter:label2\" content=\"Tiempo de lectura\" \/>\n\t<meta name=\"twitter:data2\" content=\"3 minutos\" \/>\n<script type=\"application\/ld+json\" class=\"yoast-schema-graph\">{\"@context\":\"https:\/\/schema.org\",\"@graph\":[{\"@type\":\"WebPage\",\"@id\":\"https:\/\/nahuelproducciones.com.ar\/radioquijano\/se-realizaran-pesquisas-auditivas-neonatales-por-el-dia-dia-mundial-de-la-audicion-en-salta-capital\/\",\"url\":\"https:\/\/nahuelproducciones.com.ar\/radioquijano\/se-realizaran-pesquisas-auditivas-neonatales-por-el-dia-dia-mundial-de-la-audicion-en-salta-capital\/\",\"name\":\"Se realizar\u00e1n pesquisas auditivas neonatales por el d\u00eda D\u00eda Mundial de la Audici\u00f3n en Salta -Capital. - RQ 99.9\",\"isPartOf\":{\"@id\":\"https:\/\/nahuelproducciones.com.ar\/radioquijano\/#website\"},\"datePublished\":\"2023-03-06T12:33:24+00:00\",\"dateModified\":\"2023-03-06T12:33:24+00:00\",\"author\":{\"@id\":\"https:\/\/nahuelproducciones.com.ar\/radioquijano\/#\/schema\/person\/e8a4f939e2cb487fe6d0c54042c9d32c\"},\"description\":\"Desde hoy 6 al 10 de marzo se atender\u00e1 a libre demanda en hospitales y centros de salud de la ciudad de Salta. Adem\u00e1s se realizar\u00e1n charlas de prevenci\u00f3n y promoci\u00f3n.\",\"breadcrumb\":{\"@id\":\"https:\/\/nahuelproducciones.com.ar\/radioquijano\/se-realizaran-pesquisas-auditivas-neonatales-por-el-dia-dia-mundial-de-la-audicion-en-salta-capital\/#breadcrumb\"},\"inLanguage\":\"es\",\"potentialAction\":[{\"@type\":\"ReadAction\",\"target\":[\"https:\/\/nahuelproducciones.com.ar\/radioquijano\/se-realizaran-pesquisas-auditivas-neonatales-por-el-dia-dia-mundial-de-la-audicion-en-salta-capital\/\"]}]},{\"@type\":\"BreadcrumbList\",\"@id\":\"https:\/\/nahuelproducciones.com.ar\/radioquijano\/se-realizaran-pesquisas-auditivas-neonatales-por-el-dia-dia-mundial-de-la-audicion-en-salta-capital\/#breadcrumb\",\"itemListElement\":[{\"@type\":\"ListItem\",\"position\":1,\"name\":\"Portada\",\"item\":\"https:\/\/nahuelproducciones.com.ar\/radioquijano\/\"},{\"@type\":\"ListItem\",\"position\":2,\"name\":\"Se realizar\u00e1n pesquisas auditivas neonatales por el d\u00eda D\u00eda Mundial de la Audici\u00f3n en Salta -Capital.\"}]},{\"@type\":\"WebSite\",\"@id\":\"https:\/\/nahuelproducciones.com.ar\/radioquijano\/#website\",\"url\":\"https:\/\/nahuelproducciones.com.ar\/radioquijano\/\",\"name\":\"RQ 99.9\",\"description\":\"Radio Quijano 99.9 MHz\",\"potentialAction\":[{\"@type\":\"SearchAction\",\"target\":{\"@type\":\"EntryPoint\",\"urlTemplate\":\"https:\/\/nahuelproducciones.com.ar\/radioquijano\/?s={search_term_string}\"},\"query-input\":\"required name=search_term_string\"}],\"inLanguage\":\"es\"},{\"@type\":\"Person\",\"@id\":\"https:\/\/nahuelproducciones.com.ar\/radioquijano\/#\/schema\/person\/e8a4f939e2cb487fe6d0c54042c9d32c\",\"name\":\"Cecilia Pastrana\",\"image\":{\"@type\":\"ImageObject\",\"inLanguage\":\"es\",\"@id\":\"https:\/\/nahuelproducciones.com.ar\/radioquijano\/#\/schema\/person\/image\/\",\"url\":\"https:\/\/secure.gravatar.com\/avatar\/661a3ef63a8488d4f2794ed44af8cf71420f7e106f3072c40125114df5157749?s=96&d=mm&r=g\",\"contentUrl\":\"https:\/\/secure.gravatar.com\/avatar\/661a3ef63a8488d4f2794ed44af8cf71420f7e106f3072c40125114df5157749?s=96&d=mm&r=g\",\"caption\":\"Cecilia Pastrana\"},\"sameAs\":[\"cecy\"],\"url\":\"https:\/\/nahuelproducciones.com.ar\/radioquijano\/author\/cecy\/\"}]}<\/script>\n<!-- \/ Yoast SEO plugin. -->","yoast_head_json":{"title":"Se realizar\u00e1n pesquisas auditivas neonatales por el d\u00eda D\u00eda Mundial de la Audici\u00f3n en Salta -Capital. - RQ 99.9","description":"Desde hoy 6 al 10 de marzo se atender\u00e1 a libre demanda en hospitales y centros de salud de la ciudad de Salta. Adem\u00e1s se realizar\u00e1n charlas de prevenci\u00f3n y promoci\u00f3n.","robots":{"index":"index","follow":"follow","max-snippet":"max-snippet:-1","max-image-preview":"max-image-preview:large","max-video-preview":"max-video-preview:-1"},"canonical":"https:\/\/nahuelproducciones.com.ar\/radioquijano\/se-realizaran-pesquisas-auditivas-neonatales-por-el-dia-dia-mundial-de-la-audicion-en-salta-capital\/","og_locale":"es_ES","og_type":"article","og_title":"Se realizar\u00e1n pesquisas auditivas neonatales por el d\u00eda D\u00eda Mundial de la Audici\u00f3n en Salta -Capital. - RQ 99.9","og_description":"Desde hoy 6 al 10 de marzo se atender\u00e1 a libre demanda en hospitales y centros de salud de la ciudad de Salta. Adem\u00e1s se realizar\u00e1n charlas de prevenci\u00f3n y promoci\u00f3n.","og_url":"https:\/\/nahuelproducciones.com.ar\/radioquijano\/se-realizaran-pesquisas-auditivas-neonatales-por-el-dia-dia-mundial-de-la-audicion-en-salta-capital\/","og_site_name":"RQ 99.9","article_publisher":"https:\/\/www.facebook.com\/nahuelproducciones999\/","article_published_time":"2023-03-06T12:33:24+00:00","og_image":[{"width":900,"height":600,"url":"https:\/\/nahuelproducciones.com.ar\/radioquijano\/wp-content\/uploads\/2023\/03\/88243-se-realizaran-pesquisas-auditivas-neonatales-por-el-dia-dia-mundial-de-la-audicion.jpg","type":"image\/jpeg"}],"author":"Cecilia Pastrana","twitter_card":"summary_large_image","twitter_creator":"@nahuproduciones","twitter_site":"@nahuproduciones","twitter_misc":{"Escrito por":"Cecilia Pastrana","Tiempo de lectura":"3 minutos"},"schema":{"@context":"https:\/\/schema.org","@graph":[{"@type":"WebPage","@id":"https:\/\/nahuelproducciones.com.ar\/radioquijano\/se-realizaran-pesquisas-auditivas-neonatales-por-el-dia-dia-mundial-de-la-audicion-en-salta-capital\/","url":"https:\/\/nahuelproducciones.com.ar\/radioquijano\/se-realizaran-pesquisas-auditivas-neonatales-por-el-dia-dia-mundial-de-la-audicion-en-salta-capital\/","name":"Se realizar\u00e1n pesquisas auditivas neonatales por el d\u00eda D\u00eda Mundial de la Audici\u00f3n en Salta -Capital. - RQ 99.9","isPartOf":{"@id":"https:\/\/nahuelproducciones.com.ar\/radioquijano\/#website"},"datePublished":"2023-03-06T12:33:24+00:00","dateModified":"2023-03-06T12:33:24+00:00","author":{"@id":"https:\/\/nahuelproducciones.com.ar\/radioquijano\/#\/schema\/person\/e8a4f939e2cb487fe6d0c54042c9d32c"},"description":"Desde hoy 6 al 10 de marzo se atender\u00e1 a libre demanda en hospitales y centros de salud de la ciudad de Salta. Adem\u00e1s se realizar\u00e1n charlas de prevenci\u00f3n y promoci\u00f3n.","breadcrumb":{"@id":"https:\/\/nahuelproducciones.com.ar\/radioquijano\/se-realizaran-pesquisas-auditivas-neonatales-por-el-dia-dia-mundial-de-la-audicion-en-salta-capital\/#breadcrumb"},"inLanguage":"es","potentialAction":[{"@type":"ReadAction","target":["https:\/\/nahuelproducciones.com.ar\/radioquijano\/se-realizaran-pesquisas-auditivas-neonatales-por-el-dia-dia-mundial-de-la-audicion-en-salta-capital\/"]}]},{"@type":"BreadcrumbList","@id":"https:\/\/nahuelproducciones.com.ar\/radioquijano\/se-realizaran-pesquisas-auditivas-neonatales-por-el-dia-dia-mundial-de-la-audicion-en-salta-capital\/#breadcrumb","itemListElement":[{"@type":"ListItem","position":1,"name":"Portada","item":"https:\/\/nahuelproducciones.com.ar\/radioquijano\/"},{"@type":"ListItem","position":2,"name":"Se realizar\u00e1n pesquisas auditivas neonatales por el d\u00eda D\u00eda Mundial de la Audici\u00f3n en Salta -Capital."}]},{"@type":"WebSite","@id":"https:\/\/nahuelproducciones.com.ar\/radioquijano\/#website","url":"https:\/\/nahuelproducciones.com.ar\/radioquijano\/","name":"RQ 99.9","description":"Radio Quijano 99.9 MHz","potentialAction":[{"@type":"SearchAction","target":{"@type":"EntryPoint","urlTemplate":"https:\/\/nahuelproducciones.com.ar\/radioquijano\/?s={search_term_string}"},"query-input":"required name=search_term_string"}],"inLanguage":"es"},{"@type":"Person","@id":"https:\/\/nahuelproducciones.com.ar\/radioquijano\/#\/schema\/person\/e8a4f939e2cb487fe6d0c54042c9d32c","name":"Cecilia Pastrana","image":{"@type":"ImageObject","inLanguage":"es","@id":"https:\/\/nahuelproducciones.com.ar\/radioquijano\/#\/schema\/person\/image\/","url":"https:\/\/secure.gravatar.com\/avatar\/661a3ef63a8488d4f2794ed44af8cf71420f7e106f3072c40125114df5157749?s=96&d=mm&r=g","contentUrl":"https:\/\/secure.gravatar.com\/avatar\/661a3ef63a8488d4f2794ed44af8cf71420f7e106f3072c40125114df5157749?s=96&d=mm&r=g","caption":"Cecilia Pastrana"},"sameAs":["cecy"],"url":"https:\/\/nahuelproducciones.com.ar\/radioquijano\/author\/cecy\/"}]}},"_links":{"self":[{"href":"https:\/\/nahuelproducciones.com.ar\/radioquijano\/wp-json\/wp\/v2\/posts\/4525","targetHints":{"allow":["GET"]}}],"collection":[{"href":"https:\/\/nahuelproducciones.com.ar\/radioquijano\/wp-json\/wp\/v2\/posts"}],"about":[{"href":"https:\/\/nahuelproducciones.com.ar\/radioquijano\/wp-json\/wp\/v2\/types\/post"}],"author":[{"embeddable":true,"href":"https:\/\/nahuelproducciones.com.ar\/radioquijano\/wp-json\/wp\/v2\/users\/8"}],"replies":[{"embeddable":true,"href":"https:\/\/nahuelproducciones.com.ar\/radioquijano\/wp-json\/wp\/v2\/comments?post=4525"}],"version-history":[{"count":1,"href":"https:\/\/nahuelproducciones.com.ar\/radioquijano\/wp-json\/wp\/v2\/posts\/4525\/revisions"}],"predecessor-version":[{"id":4527,"href":"https:\/\/nahuelproducciones.com.ar\/radioquijano\/wp-json\/wp\/v2\/posts\/4525\/revisions\/4527"}],"wp:featuredmedia":[{"embeddable":true,"href":"https:\/\/nahuelproducciones.com.ar\/radioquijano\/wp-json\/wp\/v2\/media\/4526"}],"wp:attachment":[{"href":"https:\/\/nahuelproducciones.com.ar\/radioquijano\/wp-json\/wp\/v2\/media?parent=4525"}],"wp:term":[{"taxonomy":"category","embeddable":true,"href":"https:\/\/nahuelproducciones.com.ar\/radioquijano\/wp-json\/wp\/v2\/categories?post=4525"},{"taxonomy":"post_tag","embeddable":true,"href":"https:\/\/nahuelproducciones.com.ar\/radioquijano\/wp-json\/wp\/v2\/tags?post=4525"}],"curies":[{"name":"wp","href":"https:\/\/api.w.org\/{rel}","templated":true}]}}