{"id":4531,"date":"2023-03-06T10:35:26","date_gmt":"2023-03-06T13:35:26","guid":{"rendered":"https:\/\/nahuelproducciones.com.ar\/radioquijano\/?p=4531"},"modified":"2023-03-06T10:35:27","modified_gmt":"2023-03-06T13:35:27","slug":"salta-promueve-las-inversiones-mineras-en-la-convencion-mundial-de-exploracion-y-mineria-premier","status":"publish","type":"post","link":"https:\/\/nahuelproducciones.com.ar\/radioquijano\/salta-promueve-las-inversiones-mineras-en-la-convencion-mundial-de-exploracion-y-mineria-premier\/","title":{"rendered":"Salta promueve las inversiones mineras en la Convenci\u00f3n Mundial de Exploraci\u00f3n y Miner\u00eda Premier"},"content":{"rendered":"\n<p>La Convenci\u00f3n Mundial de Exploraci\u00f3n y Miner\u00eda Premier que se realiza anualmente en Toronto es el evento l\u00edder para personas, empresas y organizaciones relacionadas con la exploraci\u00f3n minera.<\/p>\n\n\n\n<p>Funcionarios de la Secretar\u00eda de Miner\u00eda y Energ\u00eda dependiente del Ministerio de Producci\u00f3n y Desarrollo Sustentable participar\u00e1n en la Convenci\u00f3n Mundial de Exploraci\u00f3n y Miner\u00eda Premier PDAC 2023, que se desarrollar\u00e1 en Toronto, Canad\u00e1 hasta el 8 de Marzo.<\/p>\n\n\n\n<p>La comitiva salte\u00f1a, encabezada por la secretaria de Miner\u00eda y Energ\u00eda&nbsp;<strong>Romina Sassarini<\/strong>, participa&nbsp;de una intensa agenda de actividades que incluye conversaciones con inversores mineros, especialistas en desarrollo sustentable y distintos principios de acuerdos de colaboraci\u00f3n.<\/p>\n\n\n\n<p>Adem\u00e1s de promover la pol\u00edtica minera, la Provincia pondr\u00e1 a disposici\u00f3n del p\u00fablico interesado su portfolio de proyectos mineros avanzado, el digesto minero ambiental recientemente publicado y brindar\u00e1 informaci\u00f3n \u00fatil sobre potencial geol\u00f3gico de Salta.<\/p>\n\n\n\n<p><strong>Sobre PDAC<\/strong><\/p>\n\n\n\n<p>La Asociaci\u00f3n de Prospectores y Desarrolladores de Canad\u00e1 (PDAC) es la voz l\u00edder de la comunidad de exploraci\u00f3n y desarrollo de minerales, una industria que apoya a 719,000 personas en empleos directos e indirectos, y contribuye con $ 106 mil millones al PIB de Canad\u00e1 cada a\u00f1o. Representando a m\u00e1s de 6.500 miembros en todo el mundo, el trabajo de PDAC se centra en apoyar un sector minero competitivo, responsable y sostenible.<\/p>\n\n\n\n<p>La delegaci\u00f3n provincial estar\u00e1 integrada adem\u00e1s por el coordinador de la Secretar\u00eda de Miner\u00eda y Energ\u00eda&nbsp;<strong>Juan Jos\u00e9 Mart\u00ednez<\/strong>, el presidente de REMSA,&nbsp;<strong>Alberto Castillo&nbsp;<\/strong>junto a directivos de la empresa.<\/p>\n\n\n\n<p>La iniciativa cuenta con la asistencia financiera y log\u00edstica del Consejo Federal de Inversiones.<\/p>\n\n\n\n<p>Fuente:\u00a0Secretar\u00eda de Prensa y Comunicaci\u00f3n<\/p>\n\n\n\n<p>  <a href=\"https:\/\/nahuelproducciones.com.ar\/index.php\/rq999\" target=\"_blank\" rel=\"noreferrer noopener\">#RQ99.9Mhz<\/a>\u00a0<a href=\"https:\/\/nahuelproducciones.com.ar\/\" target=\"_blank\" rel=\"noreferrer noopener\">#CAMPOQUIJANO<\/a>\u00a0<a href=\"http:\/\/nahuelproducciones.com.ar\/radioquijano\/\" target=\"_blank\" rel=\"noreferrer noopener\">#RadioQuijano<\/a>  <a href=\"https:\/\/www.salta.gob.ar\/public\/images\/noticias\/88253-salta-promueve-las-inversiones-mineras-en-la-convencion-mundial-de-exploracion-y-mineria-premier.jpg\"><\/a><\/p>\n","protected":false},"excerpt":{"rendered":"<p>La Convenci\u00f3n Mundial de Exploraci\u00f3n y Miner\u00eda Premier que se realiza anualmente en Toronto es el evento l\u00edder para personas, empresas y organizaciones relacionadas con la exploraci\u00f3n minera. Funcionarios de la Secretar\u00eda de Miner\u00eda y Energ\u00eda dependiente del Ministerio de Producci\u00f3n y Desarrollo Sustentable participar\u00e1n en la Convenci\u00f3n Mundial de Exploraci\u00f3n y Miner\u00eda Premier PDAC [&hellip;]<\/p>\n","protected":false},"author":8,"featured_media":4532,"comment_status":"open","ping_status":"open","sticky":false,"template":"","format":"standard","meta":{"_monsterinsights_skip_tracking":false,"_monsterinsights_sitenote_active":false,"_monsterinsights_sitenote_note":"","_monsterinsights_sitenote_category":0,"footnotes":""},"categories":[16],"tags":[914,913,912],"class_list":["post-4531","post","type-post","status-publish","format-standard","has-post-thumbnail","hentry","category-noticias","tag-convencion-mundial-de-exploracion-y-mineria-premier","tag-mineria-2","tag-ministerio-de-produccion-y-desarrollo-sustentable"],"yoast_head":"<!-- This site is optimized with the Yoast SEO plugin v20.8 - https:\/\/yoast.com\/wordpress\/plugins\/seo\/ -->\n<title>Salta promueve las inversiones mineras en la Convenci\u00f3n Mundial de Exploraci\u00f3n y Miner\u00eda Premier - RQ 99.9<\/title>\n<meta name=\"description\" content=\"La delegaci\u00f3n provincial estar\u00e1 integrada adem\u00e1s por el coordinador de la Secretar\u00eda de Miner\u00eda y Energ\u00eda\u00a0Juan Jos\u00e9 Mart\u00ednez, el presidente de REMSA,\u00a0Alberto Castillo\u00a0junto a directivos de la empresa.\" \/>\n<meta name=\"robots\" content=\"index, follow, max-snippet:-1, max-image-preview:large, max-video-preview:-1\" \/>\n<link rel=\"canonical\" href=\"https:\/\/nahuelproducciones.com.ar\/radioquijano\/salta-promueve-las-inversiones-mineras-en-la-convencion-mundial-de-exploracion-y-mineria-premier\/\" \/>\n<meta property=\"og:locale\" content=\"es_ES\" \/>\n<meta property=\"og:type\" content=\"article\" \/>\n<meta property=\"og:title\" content=\"Salta promueve las inversiones mineras en la Convenci\u00f3n Mundial de Exploraci\u00f3n y Miner\u00eda Premier - RQ 99.9\" \/>\n<meta property=\"og:description\" content=\"La delegaci\u00f3n provincial estar\u00e1 integrada adem\u00e1s por el coordinador de la Secretar\u00eda de Miner\u00eda y Energ\u00eda\u00a0Juan Jos\u00e9 Mart\u00ednez, el presidente de REMSA,\u00a0Alberto Castillo\u00a0junto a directivos de la empresa.\" \/>\n<meta property=\"og:url\" content=\"https:\/\/nahuelproducciones.com.ar\/radioquijano\/salta-promueve-las-inversiones-mineras-en-la-convencion-mundial-de-exploracion-y-mineria-premier\/\" \/>\n<meta property=\"og:site_name\" content=\"RQ 99.9\" \/>\n<meta property=\"article:publisher\" content=\"https:\/\/www.facebook.com\/nahuelproducciones999\/\" \/>\n<meta property=\"article:published_time\" content=\"2023-03-06T13:35:26+00:00\" \/>\n<meta property=\"article:modified_time\" content=\"2023-03-06T13:35:27+00:00\" \/>\n<meta property=\"og:image\" content=\"https:\/\/nahuelproducciones.com.ar\/radioquijano\/wp-content\/uploads\/2023\/03\/88253-salta-promueve-las-inversiones-mineras-en-la-convencion-mundial-de-exploracion-y-mineria-premier-e1678109686581.jpg\" \/>\n\t<meta property=\"og:image:width\" content=\"700\" \/>\n\t<meta property=\"og:image:height\" content=\"438\" \/>\n\t<meta property=\"og:image:type\" content=\"image\/jpeg\" \/>\n<meta name=\"author\" content=\"Cecilia Pastrana\" \/>\n<meta name=\"twitter:card\" content=\"summary_large_image\" \/>\n<meta name=\"twitter:creator\" content=\"@nahuproduciones\" \/>\n<meta name=\"twitter:site\" content=\"@nahuproduciones\" \/>\n<meta name=\"twitter:label1\" content=\"Escrito por\" \/>\n\t<meta name=\"twitter:data1\" content=\"Cecilia Pastrana\" \/>\n\t<meta name=\"twitter:label2\" content=\"Tiempo de lectura\" \/>\n\t<meta name=\"twitter:data2\" content=\"2 minutos\" \/>\n<script type=\"application\/ld+json\" class=\"yoast-schema-graph\">{\"@context\":\"https:\/\/schema.org\",\"@graph\":[{\"@type\":\"WebPage\",\"@id\":\"https:\/\/nahuelproducciones.com.ar\/radioquijano\/salta-promueve-las-inversiones-mineras-en-la-convencion-mundial-de-exploracion-y-mineria-premier\/\",\"url\":\"https:\/\/nahuelproducciones.com.ar\/radioquijano\/salta-promueve-las-inversiones-mineras-en-la-convencion-mundial-de-exploracion-y-mineria-premier\/\",\"name\":\"Salta promueve las inversiones mineras en la Convenci\u00f3n Mundial de Exploraci\u00f3n y Miner\u00eda Premier - RQ 99.9\",\"isPartOf\":{\"@id\":\"https:\/\/nahuelproducciones.com.ar\/radioquijano\/#website\"},\"datePublished\":\"2023-03-06T13:35:26+00:00\",\"dateModified\":\"2023-03-06T13:35:27+00:00\",\"author\":{\"@id\":\"https:\/\/nahuelproducciones.com.ar\/radioquijano\/#\/schema\/person\/e8a4f939e2cb487fe6d0c54042c9d32c\"},\"description\":\"La delegaci\u00f3n provincial estar\u00e1 integrada adem\u00e1s por el coordinador de la Secretar\u00eda de Miner\u00eda y Energ\u00eda\u00a0Juan Jos\u00e9 Mart\u00ednez, el presidente de REMSA,\u00a0Alberto Castillo\u00a0junto a directivos de la empresa.\",\"breadcrumb\":{\"@id\":\"https:\/\/nahuelproducciones.com.ar\/radioquijano\/salta-promueve-las-inversiones-mineras-en-la-convencion-mundial-de-exploracion-y-mineria-premier\/#breadcrumb\"},\"inLanguage\":\"es\",\"potentialAction\":[{\"@type\":\"ReadAction\",\"target\":[\"https:\/\/nahuelproducciones.com.ar\/radioquijano\/salta-promueve-las-inversiones-mineras-en-la-convencion-mundial-de-exploracion-y-mineria-premier\/\"]}]},{\"@type\":\"BreadcrumbList\",\"@id\":\"https:\/\/nahuelproducciones.com.ar\/radioquijano\/salta-promueve-las-inversiones-mineras-en-la-convencion-mundial-de-exploracion-y-mineria-premier\/#breadcrumb\",\"itemListElement\":[{\"@type\":\"ListItem\",\"position\":1,\"name\":\"Portada\",\"item\":\"https:\/\/nahuelproducciones.com.ar\/radioquijano\/\"},{\"@type\":\"ListItem\",\"position\":2,\"name\":\"Salta promueve las inversiones mineras en la Convenci\u00f3n Mundial de Exploraci\u00f3n y Miner\u00eda Premier\"}]},{\"@type\":\"WebSite\",\"@id\":\"https:\/\/nahuelproducciones.com.ar\/radioquijano\/#website\",\"url\":\"https:\/\/nahuelproducciones.com.ar\/radioquijano\/\",\"name\":\"RQ 99.9\",\"description\":\"Radio Quijano 99.9 MHz\",\"potentialAction\":[{\"@type\":\"SearchAction\",\"target\":{\"@type\":\"EntryPoint\",\"urlTemplate\":\"https:\/\/nahuelproducciones.com.ar\/radioquijano\/?s={search_term_string}\"},\"query-input\":\"required name=search_term_string\"}],\"inLanguage\":\"es\"},{\"@type\":\"Person\",\"@id\":\"https:\/\/nahuelproducciones.com.ar\/radioquijano\/#\/schema\/person\/e8a4f939e2cb487fe6d0c54042c9d32c\",\"name\":\"Cecilia Pastrana\",\"image\":{\"@type\":\"ImageObject\",\"inLanguage\":\"es\",\"@id\":\"https:\/\/nahuelproducciones.com.ar\/radioquijano\/#\/schema\/person\/image\/\",\"url\":\"https:\/\/secure.gravatar.com\/avatar\/661a3ef63a8488d4f2794ed44af8cf71420f7e106f3072c40125114df5157749?s=96&d=mm&r=g\",\"contentUrl\":\"https:\/\/secure.gravatar.com\/avatar\/661a3ef63a8488d4f2794ed44af8cf71420f7e106f3072c40125114df5157749?s=96&d=mm&r=g\",\"caption\":\"Cecilia Pastrana\"},\"sameAs\":[\"cecy\"],\"url\":\"https:\/\/nahuelproducciones.com.ar\/radioquijano\/author\/cecy\/\"}]}<\/script>\n<!-- \/ Yoast SEO plugin. -->","yoast_head_json":{"title":"Salta promueve las inversiones mineras en la Convenci\u00f3n Mundial de Exploraci\u00f3n y Miner\u00eda Premier - RQ 99.9","description":"La delegaci\u00f3n provincial estar\u00e1 integrada adem\u00e1s por el coordinador de la Secretar\u00eda de Miner\u00eda y Energ\u00eda\u00a0Juan Jos\u00e9 Mart\u00ednez, el presidente de REMSA,\u00a0Alberto Castillo\u00a0junto a directivos de la empresa.","robots":{"index":"index","follow":"follow","max-snippet":"max-snippet:-1","max-image-preview":"max-image-preview:large","max-video-preview":"max-video-preview:-1"},"canonical":"https:\/\/nahuelproducciones.com.ar\/radioquijano\/salta-promueve-las-inversiones-mineras-en-la-convencion-mundial-de-exploracion-y-mineria-premier\/","og_locale":"es_ES","og_type":"article","og_title":"Salta promueve las inversiones mineras en la Convenci\u00f3n Mundial de Exploraci\u00f3n y Miner\u00eda Premier - RQ 99.9","og_description":"La delegaci\u00f3n provincial estar\u00e1 integrada adem\u00e1s por el coordinador de la Secretar\u00eda de Miner\u00eda y Energ\u00eda\u00a0Juan Jos\u00e9 Mart\u00ednez, el presidente de REMSA,\u00a0Alberto Castillo\u00a0junto a directivos de la empresa.","og_url":"https:\/\/nahuelproducciones.com.ar\/radioquijano\/salta-promueve-las-inversiones-mineras-en-la-convencion-mundial-de-exploracion-y-mineria-premier\/","og_site_name":"RQ 99.9","article_publisher":"https:\/\/www.facebook.com\/nahuelproducciones999\/","article_published_time":"2023-03-06T13:35:26+00:00","article_modified_time":"2023-03-06T13:35:27+00:00","og_image":[{"width":700,"height":438,"url":"https:\/\/nahuelproducciones.com.ar\/radioquijano\/wp-content\/uploads\/2023\/03\/88253-salta-promueve-las-inversiones-mineras-en-la-convencion-mundial-de-exploracion-y-mineria-premier-e1678109686581.jpg","type":"image\/jpeg"}],"author":"Cecilia Pastrana","twitter_card":"summary_large_image","twitter_creator":"@nahuproduciones","twitter_site":"@nahuproduciones","twitter_misc":{"Escrito por":"Cecilia Pastrana","Tiempo de lectura":"2 minutos"},"schema":{"@context":"https:\/\/schema.org","@graph":[{"@type":"WebPage","@id":"https:\/\/nahuelproducciones.com.ar\/radioquijano\/salta-promueve-las-inversiones-mineras-en-la-convencion-mundial-de-exploracion-y-mineria-premier\/","url":"https:\/\/nahuelproducciones.com.ar\/radioquijano\/salta-promueve-las-inversiones-mineras-en-la-convencion-mundial-de-exploracion-y-mineria-premier\/","name":"Salta promueve las inversiones mineras en la Convenci\u00f3n Mundial de Exploraci\u00f3n y Miner\u00eda Premier - RQ 99.9","isPartOf":{"@id":"https:\/\/nahuelproducciones.com.ar\/radioquijano\/#website"},"datePublished":"2023-03-06T13:35:26+00:00","dateModified":"2023-03-06T13:35:27+00:00","author":{"@id":"https:\/\/nahuelproducciones.com.ar\/radioquijano\/#\/schema\/person\/e8a4f939e2cb487fe6d0c54042c9d32c"},"description":"La delegaci\u00f3n provincial estar\u00e1 integrada adem\u00e1s por el coordinador de la Secretar\u00eda de Miner\u00eda y Energ\u00eda\u00a0Juan Jos\u00e9 Mart\u00ednez, el presidente de REMSA,\u00a0Alberto Castillo\u00a0junto a directivos de la empresa.","breadcrumb":{"@id":"https:\/\/nahuelproducciones.com.ar\/radioquijano\/salta-promueve-las-inversiones-mineras-en-la-convencion-mundial-de-exploracion-y-mineria-premier\/#breadcrumb"},"inLanguage":"es","potentialAction":[{"@type":"ReadAction","target":["https:\/\/nahuelproducciones.com.ar\/radioquijano\/salta-promueve-las-inversiones-mineras-en-la-convencion-mundial-de-exploracion-y-mineria-premier\/"]}]},{"@type":"BreadcrumbList","@id":"https:\/\/nahuelproducciones.com.ar\/radioquijano\/salta-promueve-las-inversiones-mineras-en-la-convencion-mundial-de-exploracion-y-mineria-premier\/#breadcrumb","itemListElement":[{"@type":"ListItem","position":1,"name":"Portada","item":"https:\/\/nahuelproducciones.com.ar\/radioquijano\/"},{"@type":"ListItem","position":2,"name":"Salta promueve las inversiones mineras en la Convenci\u00f3n Mundial de Exploraci\u00f3n y Miner\u00eda Premier"}]},{"@type":"WebSite","@id":"https:\/\/nahuelproducciones.com.ar\/radioquijano\/#website","url":"https:\/\/nahuelproducciones.com.ar\/radioquijano\/","name":"RQ 99.9","description":"Radio Quijano 99.9 MHz","potentialAction":[{"@type":"SearchAction","target":{"@type":"EntryPoint","urlTemplate":"https:\/\/nahuelproducciones.com.ar\/radioquijano\/?s={search_term_string}"},"query-input":"required name=search_term_string"}],"inLanguage":"es"},{"@type":"Person","@id":"https:\/\/nahuelproducciones.com.ar\/radioquijano\/#\/schema\/person\/e8a4f939e2cb487fe6d0c54042c9d32c","name":"Cecilia Pastrana","image":{"@type":"ImageObject","inLanguage":"es","@id":"https:\/\/nahuelproducciones.com.ar\/radioquijano\/#\/schema\/person\/image\/","url":"https:\/\/secure.gravatar.com\/avatar\/661a3ef63a8488d4f2794ed44af8cf71420f7e106f3072c40125114df5157749?s=96&d=mm&r=g","contentUrl":"https:\/\/secure.gravatar.com\/avatar\/661a3ef63a8488d4f2794ed44af8cf71420f7e106f3072c40125114df5157749?s=96&d=mm&r=g","caption":"Cecilia Pastrana"},"sameAs":["cecy"],"url":"https:\/\/nahuelproducciones.com.ar\/radioquijano\/author\/cecy\/"}]}},"_links":{"self":[{"href":"https:\/\/nahuelproducciones.com.ar\/radioquijano\/wp-json\/wp\/v2\/posts\/4531","targetHints":{"allow":["GET"]}}],"collection":[{"href":"https:\/\/nahuelproducciones.com.ar\/radioquijano\/wp-json\/wp\/v2\/posts"}],"about":[{"href":"https:\/\/nahuelproducciones.com.ar\/radioquijano\/wp-json\/wp\/v2\/types\/post"}],"author":[{"embeddable":true,"href":"https:\/\/nahuelproducciones.com.ar\/radioquijano\/wp-json\/wp\/v2\/users\/8"}],"replies":[{"embeddable":true,"href":"https:\/\/nahuelproducciones.com.ar\/radioquijano\/wp-json\/wp\/v2\/comments?post=4531"}],"version-history":[{"count":1,"href":"https:\/\/nahuelproducciones.com.ar\/radioquijano\/wp-json\/wp\/v2\/posts\/4531\/revisions"}],"predecessor-version":[{"id":4533,"href":"https:\/\/nahuelproducciones.com.ar\/radioquijano\/wp-json\/wp\/v2\/posts\/4531\/revisions\/4533"}],"wp:featuredmedia":[{"embeddable":true,"href":"https:\/\/nahuelproducciones.com.ar\/radioquijano\/wp-json\/wp\/v2\/media\/4532"}],"wp:attachment":[{"href":"https:\/\/nahuelproducciones.com.ar\/radioquijano\/wp-json\/wp\/v2\/media?parent=4531"}],"wp:term":[{"taxonomy":"category","embeddable":true,"href":"https:\/\/nahuelproducciones.com.ar\/radioquijano\/wp-json\/wp\/v2\/categories?post=4531"},{"taxonomy":"post_tag","embeddable":true,"href":"https:\/\/nahuelproducciones.com.ar\/radioquijano\/wp-json\/wp\/v2\/tags?post=4531"}],"curies":[{"name":"wp","href":"https:\/\/api.w.org\/{rel}","templated":true}]}}