{"id":550,"date":"2020-08-31T01:56:26","date_gmt":"2020-08-31T04:56:26","guid":{"rendered":"https:\/\/nahuelproducciones.com.ar\/radioquijano\/?p=550"},"modified":"2020-09-01T00:53:15","modified_gmt":"2020-09-01T03:53:15","slug":"no-se-marcho-a-favor-de-haytiquina","status":"publish","type":"post","link":"https:\/\/nahuelproducciones.com.ar\/radioquijano\/no-se-marcho-a-favor-de-haytiquina\/","title":{"rendered":"No se march\u00f3 a favor de Haytiquina."},"content":{"rendered":"\n<p>No se concret\u00f3 la marcha y el abrazo simb\u00f3lico al Club Huaytiquina por las restricciones propias &nbsp;de la pandemia<\/p>\n\n\n\n<p>Para el s\u00e1bado 29 de agosto a las 15:00 Hs, el hincha, Luis Vald\u00e9z invit\u00f3 a todos los simpatizantes y socios a un abrazo simb\u00f3lico al club con una caminata con distanciamiento tanto en el club como en la plaza principal del pueblo. El fin era hacer visible la situaci\u00f3n actual de la instituci\u00f3n, que tiene pedido de embargo.<\/p>\n\n\n\n<p>Valdez hace un a\u00f1o que visita los medios de comunicaci\u00f3n con una historia que los socios desconoc\u00edan. Lleg\u00f3 a <a href=\"https:\/\/nahuelproducciones.com.ar\/radioquijano\/\">RQ 99.9<\/a> y dijo a la audiencia,  que Huaytiquina est\u00e1 frente a un embargo por un litigio que se plante\u00f3 hace muchos a\u00f1os atr\u00e1s, una situaci\u00f3n que enfrent\u00f3 a Jorge Figueroa y a Oscar Francisco Rios (Chochi), cuando ambos disputaban la presidencia del club y con la justicia quer\u00edan dilucidar el tema.<\/p>\n\n\n\n<p>La sentencia resulto favorable a Figueroa. Los letrados de ambas partes quisieron cobrar sus honorarios a la parte perdedora, seg\u00fan dichos de Valdez, le comentaron que tanto Figueroa como R\u00edos hab\u00edan cambiado la titularidad de sus bienes por lo tanto, el cobro recaer\u00e1 en la instituci\u00f3n.<\/p>\n\n\n\n<p>Estoy preocupado porque desde el a\u00f1o pasado que habl\u00e9 con la presidenta del club Huaytiquina de este tema y el 11 de febrero de este a\u00f1o, le mande un mensaje de whatsapp a  Lily, para que hable con R\u00edos y su abogado, hasta me ofrec\u00ed a ayudarla, pero ella dijo que no sab\u00eda nada, que no estaba notificada. Dijo Luis Valdez.<\/p>\n\n\n\n<p>Luis cuenta que el primer embargo entr\u00f3 en abril y se hace efectivo en agosto, que sale a contar cual es la situaci\u00f3n para que los socios se enteren. Y le preocupa  que Lily L\u00f3pez , la presidenta del club, sali\u00f3 por esta radio para desmentirlo.  Yo les traigo la realidad con  la fotocopia de inmueble que dice que esta embargado el club y ahora hay una orden, para que salga el remate.<\/p>\n\n\n\n<p>Estoy preocupado y pido a \u00abChochi\u00bb que reflexione, que hable con sus abogados y su comisi\u00f3n para que lleguen a un arreglo y que no se cobre al club. Pero parece que intenciones no tienen, a pesar que dice ama al club. Tambi\u00e9n Pido a Lily que  llame a elecciones y que gane la persona que crea est\u00e1 m\u00e1s capacitada.<\/p>\n\n\n\n<p>El pueblo tiene que saber, porque las comisiones no cuentan y  algunos ya  est\u00e1n molestos porque yo cont\u00e9 la verdad .<\/p>\n\n\n\n<p>Hay personas que est\u00e1n trabajando para saber si zafamos para aplicar la ley que dice que a los clubes de barrio y de pueblos no se los puede embargar, ley de inembargabilidad de los clubes y espero que el club de huaytiquina se haya adherido a la ley ya que el senador esta averiguado por ese tema.<\/p>\n\n\n\n<p>Creo que ya recibi\u00f3 la presidenta la notificaci\u00f3n del juez de paz y espero que ella no tome mi participaci\u00f3n en esto como algo personal, yo me preocupo por el club. Soy amigo de todos no estoy con nadie en particular, los veteranos, los vecinos est\u00e1n dando el apoyo para sacar al club del embargo. Hasta Folloni se comprometi\u00f3 a ver si puede ayudar.<\/p>\n\n\n\n<p>Yo no estoy tranquilo, estar\u00e9 tranquilo cuando se solucione, finaliz\u00f3.<\/p>\n\n\n\n<p>Desde la Producci\u00f3n de <a href=\"https:\/\/www.facebook.com\/Radio-Quijano-999-102294874524832\">RQ 99.9 Mhz<\/a> nos comunicamos con la Sra Lily L\u00f3pez para que cuente su versi\u00f3n de los hechos, y al no poder salir al aire, envi\u00f3 un comunicado con una foto de la \u00fanica documentaci\u00f3n que recibi\u00f3 el viernes 28 de agosto de este a\u00f1o y que no tiene fecha de ejecuci\u00f3n, ni monto alguno. As\u00ed manifest\u00f3.<\/p>\n\n\n\n<p>\u201cLa comisi\u00f3n directiva del club Uni\u00f3n Huaytiquina quiere llevarle tranquilidad a todos los socios y simpatizantes que estamos haciendo todos los esfuerzos para solucionar el tema de la demanda del Dr. Ulibarri (abogado del sr. Figueroa) contra nuestro institucion todo lo que est\u00e9 a nuestro alcance lo gestionaremos y te env\u00edo foto de lo \u00faltimo y \u00fanico recibido en nuestra instituci\u00f3n saludos .En estos momentos nos encontramos reunidos con la comisi\u00f3n directiva y algunos socios para ir avanzando en la soluci\u00f3n de este conflicto. Gracias\u201d<\/p>\n\n\n\n<figure class=\"wp-block-image size-large\"><img loading=\"lazy\" decoding=\"async\" width=\"585\" height=\"1024\" src=\"https:\/\/nahuelproducciones.com.ar\/radioquijano\/wp-content\/uploads\/2020\/08\/001-585x1024.jpg\" alt=\"\" class=\"wp-image-568\" srcset=\"https:\/\/nahuelproducciones.com.ar\/radioquijano\/wp-content\/uploads\/2020\/08\/001-585x1024.jpg 585w, https:\/\/nahuelproducciones.com.ar\/radioquijano\/wp-content\/uploads\/2020\/08\/001-171x300.jpg 171w, https:\/\/nahuelproducciones.com.ar\/radioquijano\/wp-content\/uploads\/2020\/08\/001-150x263.jpg 150w, https:\/\/nahuelproducciones.com.ar\/radioquijano\/wp-content\/uploads\/2020\/08\/001.jpg 590w\" sizes=\"auto, (max-width: 585px) 100vw, 585px\" \/><\/figure>\n","protected":false},"excerpt":{"rendered":"<p>No se concret\u00f3 la marcha y el abrazo simb\u00f3lico al Club Huaytiquina por las restricciones propias &nbsp;de la pandemia Para el s\u00e1bado 29 de agosto a las 15:00 Hs, el hincha, Luis Vald\u00e9z invit\u00f3 a todos los simpatizantes y socios a un abrazo simb\u00f3lico al club con una caminata con distanciamiento tanto en el club [&hellip;]<\/p>\n","protected":false},"author":8,"featured_media":574,"comment_status":"open","ping_status":"open","sticky":false,"template":"","format":"standard","meta":{"_monsterinsights_skip_tracking":false,"_monsterinsights_sitenote_active":false,"_monsterinsights_sitenote_note":"","_monsterinsights_sitenote_category":0,"footnotes":""},"categories":[16],"tags":[],"class_list":["post-550","post","type-post","status-publish","format-standard","has-post-thumbnail","hentry","category-noticias"],"yoast_head":"<!-- This site is optimized with the Yoast SEO plugin v20.8 - https:\/\/yoast.com\/wordpress\/plugins\/seo\/ -->\n<title>No se march\u00f3 a favor de Haytiquina. - RQ 99.9<\/title>\n<meta name=\"description\" content=\"Luis Vald\u00e9z invit\u00f3 a todos los simpatizantes y socios a un abrazo al club con una caminata. El fin fue visibilizar la situaci\u00f3n de embargo.\" \/>\n<meta name=\"robots\" content=\"index, follow, max-snippet:-1, max-image-preview:large, max-video-preview:-1\" \/>\n<link rel=\"canonical\" href=\"https:\/\/nahuelproducciones.com.ar\/radioquijano\/no-se-marcho-a-favor-de-haytiquina\/\" \/>\n<meta property=\"og:locale\" content=\"es_ES\" \/>\n<meta property=\"og:type\" content=\"article\" \/>\n<meta property=\"og:title\" content=\"No se march\u00f3 a favor de Haytiquina. - RQ 99.9\" \/>\n<meta property=\"og:description\" content=\"Luis Vald\u00e9z invit\u00f3 a todos los simpatizantes y socios a un abrazo al club con una caminata. El fin fue visibilizar la situaci\u00f3n de embargo.\" \/>\n<meta property=\"og:url\" content=\"https:\/\/nahuelproducciones.com.ar\/radioquijano\/no-se-marcho-a-favor-de-haytiquina\/\" \/>\n<meta property=\"og:site_name\" content=\"RQ 99.9\" \/>\n<meta property=\"article:publisher\" content=\"https:\/\/www.facebook.com\/nahuelproducciones999\/\" \/>\n<meta property=\"article:published_time\" content=\"2020-08-31T04:56:26+00:00\" \/>\n<meta property=\"article:modified_time\" content=\"2020-09-01T03:53:15+00:00\" \/>\n<meta property=\"og:image\" content=\"https:\/\/nahuelproducciones.com.ar\/radioquijano\/wp-content\/uploads\/2020\/08\/002-HINCHADA.jpg\" \/>\n\t<meta property=\"og:image:width\" content=\"700\" \/>\n\t<meta property=\"og:image:height\" content=\"400\" \/>\n\t<meta property=\"og:image:type\" content=\"image\/jpeg\" \/>\n<meta name=\"author\" content=\"Cecilia Pastrana\" \/>\n<meta name=\"twitter:card\" content=\"summary_large_image\" \/>\n<meta name=\"twitter:creator\" content=\"@nahuproduciones\" \/>\n<meta name=\"twitter:site\" content=\"@nahuproduciones\" \/>\n<meta name=\"twitter:label1\" content=\"Escrito por\" \/>\n\t<meta name=\"twitter:data1\" content=\"Cecilia Pastrana\" \/>\n\t<meta name=\"twitter:label2\" content=\"Tiempo de lectura\" \/>\n\t<meta name=\"twitter:data2\" content=\"4 minutos\" \/>\n<script type=\"application\/ld+json\" class=\"yoast-schema-graph\">{\"@context\":\"https:\/\/schema.org\",\"@graph\":[{\"@type\":\"WebPage\",\"@id\":\"https:\/\/nahuelproducciones.com.ar\/radioquijano\/no-se-marcho-a-favor-de-haytiquina\/\",\"url\":\"https:\/\/nahuelproducciones.com.ar\/radioquijano\/no-se-marcho-a-favor-de-haytiquina\/\",\"name\":\"No se march\u00f3 a favor de Haytiquina. - RQ 99.9\",\"isPartOf\":{\"@id\":\"https:\/\/nahuelproducciones.com.ar\/radioquijano\/#website\"},\"datePublished\":\"2020-08-31T04:56:26+00:00\",\"dateModified\":\"2020-09-01T03:53:15+00:00\",\"author\":{\"@id\":\"https:\/\/nahuelproducciones.com.ar\/radioquijano\/#\/schema\/person\/e8a4f939e2cb487fe6d0c54042c9d32c\"},\"description\":\"Luis Vald\u00e9z invit\u00f3 a todos los simpatizantes y socios a un abrazo al club con una caminata. El fin fue visibilizar la situaci\u00f3n de embargo.\",\"breadcrumb\":{\"@id\":\"https:\/\/nahuelproducciones.com.ar\/radioquijano\/no-se-marcho-a-favor-de-haytiquina\/#breadcrumb\"},\"inLanguage\":\"es\",\"potentialAction\":[{\"@type\":\"ReadAction\",\"target\":[\"https:\/\/nahuelproducciones.com.ar\/radioquijano\/no-se-marcho-a-favor-de-haytiquina\/\"]}]},{\"@type\":\"BreadcrumbList\",\"@id\":\"https:\/\/nahuelproducciones.com.ar\/radioquijano\/no-se-marcho-a-favor-de-haytiquina\/#breadcrumb\",\"itemListElement\":[{\"@type\":\"ListItem\",\"position\":1,\"name\":\"Portada\",\"item\":\"https:\/\/nahuelproducciones.com.ar\/radioquijano\/\"},{\"@type\":\"ListItem\",\"position\":2,\"name\":\"No se march\u00f3 a favor de Haytiquina.\"}]},{\"@type\":\"WebSite\",\"@id\":\"https:\/\/nahuelproducciones.com.ar\/radioquijano\/#website\",\"url\":\"https:\/\/nahuelproducciones.com.ar\/radioquijano\/\",\"name\":\"RQ 99.9\",\"description\":\"Radio Quijano 99.9 MHz\",\"potentialAction\":[{\"@type\":\"SearchAction\",\"target\":{\"@type\":\"EntryPoint\",\"urlTemplate\":\"https:\/\/nahuelproducciones.com.ar\/radioquijano\/?s={search_term_string}\"},\"query-input\":\"required name=search_term_string\"}],\"inLanguage\":\"es\"},{\"@type\":\"Person\",\"@id\":\"https:\/\/nahuelproducciones.com.ar\/radioquijano\/#\/schema\/person\/e8a4f939e2cb487fe6d0c54042c9d32c\",\"name\":\"Cecilia Pastrana\",\"image\":{\"@type\":\"ImageObject\",\"inLanguage\":\"es\",\"@id\":\"https:\/\/nahuelproducciones.com.ar\/radioquijano\/#\/schema\/person\/image\/\",\"url\":\"https:\/\/secure.gravatar.com\/avatar\/661a3ef63a8488d4f2794ed44af8cf71420f7e106f3072c40125114df5157749?s=96&d=mm&r=g\",\"contentUrl\":\"https:\/\/secure.gravatar.com\/avatar\/661a3ef63a8488d4f2794ed44af8cf71420f7e106f3072c40125114df5157749?s=96&d=mm&r=g\",\"caption\":\"Cecilia Pastrana\"},\"sameAs\":[\"cecy\"],\"url\":\"https:\/\/nahuelproducciones.com.ar\/radioquijano\/author\/cecy\/\"}]}<\/script>\n<!-- \/ Yoast SEO plugin. -->","yoast_head_json":{"title":"No se march\u00f3 a favor de Haytiquina. - RQ 99.9","description":"Luis Vald\u00e9z invit\u00f3 a todos los simpatizantes y socios a un abrazo al club con una caminata. El fin fue visibilizar la situaci\u00f3n de embargo.","robots":{"index":"index","follow":"follow","max-snippet":"max-snippet:-1","max-image-preview":"max-image-preview:large","max-video-preview":"max-video-preview:-1"},"canonical":"https:\/\/nahuelproducciones.com.ar\/radioquijano\/no-se-marcho-a-favor-de-haytiquina\/","og_locale":"es_ES","og_type":"article","og_title":"No se march\u00f3 a favor de Haytiquina. - RQ 99.9","og_description":"Luis Vald\u00e9z invit\u00f3 a todos los simpatizantes y socios a un abrazo al club con una caminata. El fin fue visibilizar la situaci\u00f3n de embargo.","og_url":"https:\/\/nahuelproducciones.com.ar\/radioquijano\/no-se-marcho-a-favor-de-haytiquina\/","og_site_name":"RQ 99.9","article_publisher":"https:\/\/www.facebook.com\/nahuelproducciones999\/","article_published_time":"2020-08-31T04:56:26+00:00","article_modified_time":"2020-09-01T03:53:15+00:00","og_image":[{"width":700,"height":400,"url":"https:\/\/nahuelproducciones.com.ar\/radioquijano\/wp-content\/uploads\/2020\/08\/002-HINCHADA.jpg","type":"image\/jpeg"}],"author":"Cecilia Pastrana","twitter_card":"summary_large_image","twitter_creator":"@nahuproduciones","twitter_site":"@nahuproduciones","twitter_misc":{"Escrito por":"Cecilia Pastrana","Tiempo de lectura":"4 minutos"},"schema":{"@context":"https:\/\/schema.org","@graph":[{"@type":"WebPage","@id":"https:\/\/nahuelproducciones.com.ar\/radioquijano\/no-se-marcho-a-favor-de-haytiquina\/","url":"https:\/\/nahuelproducciones.com.ar\/radioquijano\/no-se-marcho-a-favor-de-haytiquina\/","name":"No se march\u00f3 a favor de Haytiquina. - RQ 99.9","isPartOf":{"@id":"https:\/\/nahuelproducciones.com.ar\/radioquijano\/#website"},"datePublished":"2020-08-31T04:56:26+00:00","dateModified":"2020-09-01T03:53:15+00:00","author":{"@id":"https:\/\/nahuelproducciones.com.ar\/radioquijano\/#\/schema\/person\/e8a4f939e2cb487fe6d0c54042c9d32c"},"description":"Luis Vald\u00e9z invit\u00f3 a todos los simpatizantes y socios a un abrazo al club con una caminata. El fin fue visibilizar la situaci\u00f3n de embargo.","breadcrumb":{"@id":"https:\/\/nahuelproducciones.com.ar\/radioquijano\/no-se-marcho-a-favor-de-haytiquina\/#breadcrumb"},"inLanguage":"es","potentialAction":[{"@type":"ReadAction","target":["https:\/\/nahuelproducciones.com.ar\/radioquijano\/no-se-marcho-a-favor-de-haytiquina\/"]}]},{"@type":"BreadcrumbList","@id":"https:\/\/nahuelproducciones.com.ar\/radioquijano\/no-se-marcho-a-favor-de-haytiquina\/#breadcrumb","itemListElement":[{"@type":"ListItem","position":1,"name":"Portada","item":"https:\/\/nahuelproducciones.com.ar\/radioquijano\/"},{"@type":"ListItem","position":2,"name":"No se march\u00f3 a favor de Haytiquina."}]},{"@type":"WebSite","@id":"https:\/\/nahuelproducciones.com.ar\/radioquijano\/#website","url":"https:\/\/nahuelproducciones.com.ar\/radioquijano\/","name":"RQ 99.9","description":"Radio Quijano 99.9 MHz","potentialAction":[{"@type":"SearchAction","target":{"@type":"EntryPoint","urlTemplate":"https:\/\/nahuelproducciones.com.ar\/radioquijano\/?s={search_term_string}"},"query-input":"required name=search_term_string"}],"inLanguage":"es"},{"@type":"Person","@id":"https:\/\/nahuelproducciones.com.ar\/radioquijano\/#\/schema\/person\/e8a4f939e2cb487fe6d0c54042c9d32c","name":"Cecilia Pastrana","image":{"@type":"ImageObject","inLanguage":"es","@id":"https:\/\/nahuelproducciones.com.ar\/radioquijano\/#\/schema\/person\/image\/","url":"https:\/\/secure.gravatar.com\/avatar\/661a3ef63a8488d4f2794ed44af8cf71420f7e106f3072c40125114df5157749?s=96&d=mm&r=g","contentUrl":"https:\/\/secure.gravatar.com\/avatar\/661a3ef63a8488d4f2794ed44af8cf71420f7e106f3072c40125114df5157749?s=96&d=mm&r=g","caption":"Cecilia Pastrana"},"sameAs":["cecy"],"url":"https:\/\/nahuelproducciones.com.ar\/radioquijano\/author\/cecy\/"}]}},"_links":{"self":[{"href":"https:\/\/nahuelproducciones.com.ar\/radioquijano\/wp-json\/wp\/v2\/posts\/550","targetHints":{"allow":["GET"]}}],"collection":[{"href":"https:\/\/nahuelproducciones.com.ar\/radioquijano\/wp-json\/wp\/v2\/posts"}],"about":[{"href":"https:\/\/nahuelproducciones.com.ar\/radioquijano\/wp-json\/wp\/v2\/types\/post"}],"author":[{"embeddable":true,"href":"https:\/\/nahuelproducciones.com.ar\/radioquijano\/wp-json\/wp\/v2\/users\/8"}],"replies":[{"embeddable":true,"href":"https:\/\/nahuelproducciones.com.ar\/radioquijano\/wp-json\/wp\/v2\/comments?post=550"}],"version-history":[{"count":7,"href":"https:\/\/nahuelproducciones.com.ar\/radioquijano\/wp-json\/wp\/v2\/posts\/550\/revisions"}],"predecessor-version":[{"id":584,"href":"https:\/\/nahuelproducciones.com.ar\/radioquijano\/wp-json\/wp\/v2\/posts\/550\/revisions\/584"}],"wp:featuredmedia":[{"embeddable":true,"href":"https:\/\/nahuelproducciones.com.ar\/radioquijano\/wp-json\/wp\/v2\/media\/574"}],"wp:attachment":[{"href":"https:\/\/nahuelproducciones.com.ar\/radioquijano\/wp-json\/wp\/v2\/media?parent=550"}],"wp:term":[{"taxonomy":"category","embeddable":true,"href":"https:\/\/nahuelproducciones.com.ar\/radioquijano\/wp-json\/wp\/v2\/categories?post=550"},{"taxonomy":"post_tag","embeddable":true,"href":"https:\/\/nahuelproducciones.com.ar\/radioquijano\/wp-json\/wp\/v2\/tags?post=550"}],"curies":[{"name":"wp","href":"https:\/\/api.w.org\/{rel}","templated":true}]}}